{"id":2257,"date":"2020-01-30T14:00:35","date_gmt":"2020-01-30T14:00:35","guid":{"rendered":"https:\/\/jag.se\/opinion\/du-jag-vi-tillsammans-forestallningarna-11-och-12-mars-ar-installda\/"},"modified":"2022-03-18T15:43:02","modified_gmt":"2022-03-18T15:43:02","slug":"du-jag-vi-tillsammans-forestallningarna-11-och-12-mars-ar-installda","status":"publish","type":"post","link":"https:\/\/jag.se\/opinion\/du-jag-vi-tillsammans-forestallningarna-11-och-12-mars-ar-installda\/","title":{"rendered":"Du JAG vi tillsammans \u2013 f\u00f6rest\u00e4llningarna 11 och 12 mars \u00e4r INST\u00c4LLDA!"},"content":{"rendered":"<p>Riksf\u00f6reningen JAGs nya intressepolitiska pj\u00e4s hade premi\u00e4r p\u00e5 Dieselverkstadens stora scen i Nacka fredagen den 24 januari.<\/p>\n<p>Det blev succ\u00e9! Tack alla ni som kom och s\u00e5g f\u00f6rest\u00e4llningen!<a href=\"https:\/\/jag.se\/opinion\/forestallningen-du-jag-vi-tillsammans\/\"> Fler f\u00f6rest\u00e4llningar kommer i mars och april. Mer information om f\u00f6rest\u00e4llningen, spelplan och bokning finner du h\u00e4r.<\/a><\/p>\n<p><strong>F\u00f6rest\u00e4llningarna 11 och 12 mars \u00e4r tyv\u00e4rr inst\u00e4llda.<\/strong><\/p>\n<p>Inl\u00e4gget <a rel=\"nofollow\" href=\"https:\/\/jag.se\/opinion\/du-jag-vi-tillsammanss\/\">Du JAG vi tillsammans \u2013 f\u00f6rest\u00e4llningarna 11 och 12 mars \u00e4r INST\u00c4LLDA!<\/a> d\u00f6k f\u00f6rst upp p\u00e5 <a rel=\"nofollow\" href=\"https:\/\/jag.se\/opinion\">Riksf\u00f6reningen JAG<\/a>.<\/p>\n","protected":false},"excerpt":{"rendered":"<p>Riksf\u00f6reningen JAGs nya intressepolitiska pj\u00e4s hade premi\u00e4r p\u00e5 Dieselverkstadens stora scen i Nacka fredagen den 24 januari. Det blev succ\u00e9! Tack alla ni som kom och s\u00e5g f\u00f6rest\u00e4llningen! Fler f\u00f6rest\u00e4llningar kommer i mars och april. Mer information om f\u00f6rest\u00e4llningen, spelplan och bokning finner du h\u00e4r. F\u00f6rest\u00e4llningarna 11 och 12 mars \u00e4r tyv\u00e4rr inst\u00e4llda. Inl\u00e4gget Du<\/p>\n","protected":false},"author":1,"featured_media":2378,"comment_status":"closed","ping_status":"open","sticky":false,"template":"","format":"standard","meta":{"footnotes":""},"categories":[1],"tags":[],"class_list":["post-2257","post","type-post","status-publish","format-standard","has-post-thumbnail","hentry","category-uncategorized"],"acf":[],"yoast_head":"<!-- This site is optimized with the Yoast SEO plugin v21.3 - https:\/\/yoast.com\/wordpress\/plugins\/seo\/ -->\n<title>Du JAG vi tillsammans \u2013 f\u00f6rest\u00e4llningarna 11 och 12 mars \u00e4r INST\u00c4LLDA! - JAG Opinion<\/title>\n<meta name=\"robots\" content=\"index, follow, max-snippet:-1, max-image-preview:large, max-video-preview:-1\" \/>\n<link rel=\"canonical\" href=\"https:\/\/jag.se\/opinion\/du-jag-vi-tillsammans-forestallningarna-11-och-12-mars-ar-installda\/\" \/>\n<meta property=\"og:locale\" content=\"sv_SE\" \/>\n<meta property=\"og:type\" content=\"article\" \/>\n<meta property=\"og:title\" content=\"Du JAG vi tillsammans \u2013 f\u00f6rest\u00e4llningarna 11 och 12 mars \u00e4r INST\u00c4LLDA! - JAG Opinion\" \/>\n<meta property=\"og:description\" content=\"Riksf\u00f6reningen JAGs nya intressepolitiska pj\u00e4s hade premi\u00e4r p\u00e5 Dieselverkstadens stora scen i Nacka fredagen den 24 januari. Det blev succ\u00e9! Tack alla ni som kom och s\u00e5g f\u00f6rest\u00e4llningen! Fler f\u00f6rest\u00e4llningar kommer i mars och april. Mer information om f\u00f6rest\u00e4llningen, spelplan och bokning finner du h\u00e4r. F\u00f6rest\u00e4llningarna 11 och 12 mars \u00e4r tyv\u00e4rr inst\u00e4llda. Inl\u00e4gget Du\" \/>\n<meta property=\"og:url\" content=\"https:\/\/jag.se\/opinion\/du-jag-vi-tillsammans-forestallningarna-11-och-12-mars-ar-installda\/\" \/>\n<meta property=\"og:site_name\" content=\"JAG Opinion\" \/>\n<meta property=\"article:published_time\" content=\"2020-01-30T14:00:35+00:00\" \/>\n<meta property=\"article:modified_time\" content=\"2022-03-18T15:43:02+00:00\" \/>\n<meta property=\"og:image\" content=\"https:\/\/jag.se\/wp-content\/uploads\/sites\/3\/2020\/01\/dansbild_utvald-1.jpg\" \/>\n\t<meta property=\"og:image:width\" content=\"200\" \/>\n\t<meta property=\"og:image:height\" content=\"122\" \/>\n\t<meta property=\"og:image:type\" content=\"image\/jpeg\" \/>\n<meta name=\"author\" content=\"Alexander Alexandrov\" \/>\n<meta name=\"twitter:card\" content=\"summary_large_image\" \/>\n<meta name=\"twitter:label1\" content=\"Skriven av\" \/>\n\t<meta name=\"twitter:data1\" content=\"Alexander Alexandrov\" \/>\n<script type=\"application\/ld+json\" class=\"yoast-schema-graph\">{\"@context\":\"https:\/\/schema.org\",\"@graph\":[{\"@type\":\"WebPage\",\"@id\":\"https:\/\/jag.se\/opinion\/du-jag-vi-tillsammans-forestallningarna-11-och-12-mars-ar-installda\/\",\"url\":\"https:\/\/jag.se\/opinion\/du-jag-vi-tillsammans-forestallningarna-11-och-12-mars-ar-installda\/\",\"name\":\"Du JAG vi tillsammans \u2013 f\u00f6rest\u00e4llningarna 11 och 12 mars \u00e4r INST\u00c4LLDA! - JAG Opinion\",\"isPartOf\":{\"@id\":\"https:\/\/jag.se\/opinion\/#website\"},\"datePublished\":\"2020-01-30T14:00:35+00:00\",\"dateModified\":\"2022-03-18T15:43:02+00:00\",\"author\":{\"@id\":\"https:\/\/jag.se\/opinion\/#\/schema\/person\/42ca7c4b556b837c35d83ffe97aa92c0\"},\"breadcrumb\":{\"@id\":\"https:\/\/jag.se\/opinion\/du-jag-vi-tillsammans-forestallningarna-11-och-12-mars-ar-installda\/#breadcrumb\"},\"inLanguage\":\"sv-SE\",\"potentialAction\":[{\"@type\":\"ReadAction\",\"target\":[\"https:\/\/jag.se\/opinion\/du-jag-vi-tillsammans-forestallningarna-11-och-12-mars-ar-installda\/\"]}]},{\"@type\":\"BreadcrumbList\",\"@id\":\"https:\/\/jag.se\/opinion\/du-jag-vi-tillsammans-forestallningarna-11-och-12-mars-ar-installda\/#breadcrumb\",\"itemListElement\":[{\"@type\":\"ListItem\",\"position\":1,\"name\":\"JAG start\",\"item\":\"https:\/\/jag.se\"},{\"@type\":\"ListItem\",\"position\":2,\"name\":\"Riksf\u00f6reningen JAG\",\"item\":\"https:\/\/jag.se\/opinion\/\"},{\"@type\":\"ListItem\",\"position\":3,\"name\":\"Du JAG vi tillsammans \u2013 f\u00f6rest\u00e4llningarna 11 och 12 mars \u00e4r INST\u00c4LLDA!\"}]},{\"@type\":\"WebSite\",\"@id\":\"https:\/\/jag.se\/opinion\/#website\",\"url\":\"https:\/\/jag.se\/opinion\/\",\"name\":\"JAG Opinion\",\"description\":\"\",\"potentialAction\":[{\"@type\":\"SearchAction\",\"target\":{\"@type\":\"EntryPoint\",\"urlTemplate\":\"https:\/\/jag.se\/opinion\/?s={search_term_string}\"},\"query-input\":\"required name=search_term_string\"}],\"inLanguage\":\"sv-SE\"},{\"@type\":\"Person\",\"@id\":\"https:\/\/jag.se\/opinion\/#\/schema\/person\/42ca7c4b556b837c35d83ffe97aa92c0\",\"name\":\"Alexander Alexandrov\",\"image\":{\"@type\":\"ImageObject\",\"inLanguage\":\"sv-SE\",\"@id\":\"https:\/\/jag.se\/opinion\/#\/schema\/person\/image\/\",\"url\":\"https:\/\/secure.gravatar.com\/avatar\/39974ed46e3cb66fe6760e4c288a2722aff8b0a328a2802a65dd6f31fe323990?s=96&d=mm&r=g\",\"contentUrl\":\"https:\/\/secure.gravatar.com\/avatar\/39974ed46e3cb66fe6760e4c288a2722aff8b0a328a2802a65dd6f31fe323990?s=96&d=mm&r=g\",\"caption\":\"Alexander Alexandrov\"},\"sameAs\":[\"https:\/\/jag.se\"]}]}<\/script>\n<!-- \/ Yoast SEO plugin. -->","yoast_head_json":{"title":"Du JAG vi tillsammans \u2013 f\u00f6rest\u00e4llningarna 11 och 12 mars \u00e4r INST\u00c4LLDA! - JAG Opinion","robots":{"index":"index","follow":"follow","max-snippet":"max-snippet:-1","max-image-preview":"max-image-preview:large","max-video-preview":"max-video-preview:-1"},"canonical":"https:\/\/jag.se\/opinion\/du-jag-vi-tillsammans-forestallningarna-11-och-12-mars-ar-installda\/","og_locale":"sv_SE","og_type":"article","og_title":"Du JAG vi tillsammans \u2013 f\u00f6rest\u00e4llningarna 11 och 12 mars \u00e4r INST\u00c4LLDA! - JAG Opinion","og_description":"Riksf\u00f6reningen JAGs nya intressepolitiska pj\u00e4s hade premi\u00e4r p\u00e5 Dieselverkstadens stora scen i Nacka fredagen den 24 januari. Det blev succ\u00e9! Tack alla ni som kom och s\u00e5g f\u00f6rest\u00e4llningen! Fler f\u00f6rest\u00e4llningar kommer i mars och april. Mer information om f\u00f6rest\u00e4llningen, spelplan och bokning finner du h\u00e4r. F\u00f6rest\u00e4llningarna 11 och 12 mars \u00e4r tyv\u00e4rr inst\u00e4llda. Inl\u00e4gget Du","og_url":"https:\/\/jag.se\/opinion\/du-jag-vi-tillsammans-forestallningarna-11-och-12-mars-ar-installda\/","og_site_name":"JAG Opinion","article_published_time":"2020-01-30T14:00:35+00:00","article_modified_time":"2022-03-18T15:43:02+00:00","og_image":[{"width":200,"height":122,"url":"https:\/\/jag.se\/wp-content\/uploads\/sites\/3\/2020\/01\/dansbild_utvald-1.jpg","type":"image\/jpeg"}],"author":"Alexander Alexandrov","twitter_card":"summary_large_image","twitter_misc":{"Skriven av":"Alexander Alexandrov"},"schema":{"@context":"https:\/\/schema.org","@graph":[{"@type":"WebPage","@id":"https:\/\/jag.se\/opinion\/du-jag-vi-tillsammans-forestallningarna-11-och-12-mars-ar-installda\/","url":"https:\/\/jag.se\/opinion\/du-jag-vi-tillsammans-forestallningarna-11-och-12-mars-ar-installda\/","name":"Du JAG vi tillsammans \u2013 f\u00f6rest\u00e4llningarna 11 och 12 mars \u00e4r INST\u00c4LLDA! - JAG Opinion","isPartOf":{"@id":"https:\/\/jag.se\/opinion\/#website"},"datePublished":"2020-01-30T14:00:35+00:00","dateModified":"2022-03-18T15:43:02+00:00","author":{"@id":"https:\/\/jag.se\/opinion\/#\/schema\/person\/42ca7c4b556b837c35d83ffe97aa92c0"},"breadcrumb":{"@id":"https:\/\/jag.se\/opinion\/du-jag-vi-tillsammans-forestallningarna-11-och-12-mars-ar-installda\/#breadcrumb"},"inLanguage":"sv-SE","potentialAction":[{"@type":"ReadAction","target":["https:\/\/jag.se\/opinion\/du-jag-vi-tillsammans-forestallningarna-11-och-12-mars-ar-installda\/"]}]},{"@type":"BreadcrumbList","@id":"https:\/\/jag.se\/opinion\/du-jag-vi-tillsammans-forestallningarna-11-och-12-mars-ar-installda\/#breadcrumb","itemListElement":[{"@type":"ListItem","position":1,"name":"JAG start","item":"https:\/\/jag.se"},{"@type":"ListItem","position":2,"name":"Riksf\u00f6reningen JAG","item":"https:\/\/jag.se\/opinion\/"},{"@type":"ListItem","position":3,"name":"Du JAG vi tillsammans \u2013 f\u00f6rest\u00e4llningarna 11 och 12 mars \u00e4r INST\u00c4LLDA!"}]},{"@type":"WebSite","@id":"https:\/\/jag.se\/opinion\/#website","url":"https:\/\/jag.se\/opinion\/","name":"JAG Opinion","description":"","potentialAction":[{"@type":"SearchAction","target":{"@type":"EntryPoint","urlTemplate":"https:\/\/jag.se\/opinion\/?s={search_term_string}"},"query-input":"required name=search_term_string"}],"inLanguage":"sv-SE"},{"@type":"Person","@id":"https:\/\/jag.se\/opinion\/#\/schema\/person\/42ca7c4b556b837c35d83ffe97aa92c0","name":"Alexander Alexandrov","image":{"@type":"ImageObject","inLanguage":"sv-SE","@id":"https:\/\/jag.se\/opinion\/#\/schema\/person\/image\/","url":"https:\/\/secure.gravatar.com\/avatar\/39974ed46e3cb66fe6760e4c288a2722aff8b0a328a2802a65dd6f31fe323990?s=96&d=mm&r=g","contentUrl":"https:\/\/secure.gravatar.com\/avatar\/39974ed46e3cb66fe6760e4c288a2722aff8b0a328a2802a65dd6f31fe323990?s=96&d=mm&r=g","caption":"Alexander Alexandrov"},"sameAs":["https:\/\/jag.se"]}]}},"_links":{"self":[{"href":"https:\/\/jag.se\/opinion\/wp-json\/wp\/v2\/posts\/2257","targetHints":{"allow":["GET"]}}],"collection":[{"href":"https:\/\/jag.se\/opinion\/wp-json\/wp\/v2\/posts"}],"about":[{"href":"https:\/\/jag.se\/opinion\/wp-json\/wp\/v2\/types\/post"}],"author":[{"embeddable":true,"href":"https:\/\/jag.se\/opinion\/wp-json\/wp\/v2\/users\/1"}],"replies":[{"embeddable":true,"href":"https:\/\/jag.se\/opinion\/wp-json\/wp\/v2\/comments?post=2257"}],"version-history":[{"count":1,"href":"https:\/\/jag.se\/opinion\/wp-json\/wp\/v2\/posts\/2257\/revisions"}],"predecessor-version":[{"id":2379,"href":"https:\/\/jag.se\/opinion\/wp-json\/wp\/v2\/posts\/2257\/revisions\/2379"}],"wp:featuredmedia":[{"embeddable":true,"href":"https:\/\/jag.se\/opinion\/wp-json\/wp\/v2\/media\/2378"}],"wp:attachment":[{"href":"https:\/\/jag.se\/opinion\/wp-json\/wp\/v2\/media?parent=2257"}],"wp:term":[{"taxonomy":"category","embeddable":true,"href":"https:\/\/jag.se\/opinion\/wp-json\/wp\/v2\/categories?post=2257"},{"taxonomy":"post_tag","embeddable":true,"href":"https:\/\/jag.se\/opinion\/wp-json\/wp\/v2\/tags?post=2257"}],"curies":[{"name":"wp","href":"https:\/\/api.w.org\/{rel}","templated":true}]}}