{"id":2259,"date":"2019-12-27T10:18:08","date_gmt":"2019-12-27T10:18:08","guid":{"rendered":"https:\/\/jag.se\/opinion\/flerfunktionsnedsattning-vad-innebar-det-egentligen\/"},"modified":"2023-09-12T12:24:39","modified_gmt":"2023-09-12T12:24:39","slug":"flerfunktionsnedsattning-vad-innebar-det-egentligen","status":"publish","type":"post","link":"https:\/\/jag.se\/opinion\/flerfunktionsnedsattning-vad-innebar-det-egentligen\/","title":{"rendered":"Flerfunktionsneds\u00e4ttning \u2013 vad inneb\u00e4r det egentligen?"},"content":{"rendered":"<p><strong>Ibland anv\u00e4nds \u201dflera funktionsneds\u00e4ttningar\u201d synonymt med \u201dflerfunktionsneds\u00e4ttning\u201d. Men betyder det samma sak?<\/strong><\/p>\n<p>I nul\u00e4get finns inte n\u00e5gon etablerad definition av <em>flerfunktionsneds\u00e4ttning<\/em>. Socialstyrelsen, som ansvarar f\u00f6r samordning av terminologin inom v\u00e5rd och omsorg, har d\u00e4rf\u00f6r f\u00f6rs\u00f6kt definiera begreppet. De f\u00f6resl\u00e5r att definitionen av flerfunktionsneds\u00e4ttning ska vara en \u201dkombination av <em>mycket sv\u00e5r<\/em> intellektuell funktionsneds\u00e4ttning och omfattande motorisk funktionsneds\u00e4ttning.\u201d De skriver ocks\u00e5 att \u201dpersoner med flerfunktionsneds\u00e4ttning har omfattande kommunikationssv\u00e5righeter och \u00e4r beroende av andra f\u00f6r att tillgodose sina grundl\u00e4ggande behov. Flerfunktionsneds\u00e4ttning medf\u00f6r vanligen h\u00e4lsoproblem, till exempel sm\u00e4rta, epilepsi eller sv\u00e5righeter att andas, sova eller \u00e4ta. \u00c4ven sv\u00e5righeter att tolka synintryck \u00e4r vanligt.\u201d<\/p>\n<p>Riksf\u00f6reningen JAG h\u00e5ller med om att det \u00e4r viktigt med en definition som avgr\u00e4nsar flerfunktionsneds\u00e4ttning gentemot relaterade begrepp men anser inte att flerfunktionsneds\u00e4ttning ska f\u00f6ruts\u00e4tta fysisk och intellektuell funktionsneds\u00e4ttning av <em>h\u00f6gsta<\/em> sv\u00e5righetsgrad eller omfattning.<\/p>\n<p>\u2013 Den komplexitet och sv\u00e5righetsgrad som avses med begreppet uppst\u00e5r redan n\u00e4r en funktionsneds\u00e4ttning \u00e4r \u201dsv\u00e5r\u201d eller \u201domfattande\u201d och andra funktionsneds\u00e4ttningar tillkommer. F\u00f6r de personer som avses, som ofta har stora kommunikationssv\u00e5righeter, \u00e4r det mycket sv\u00e5rt att \u00f6verhuvudtaget utreda och klassificera den intellektuella funktionsneds\u00e4ttningen. Kopplingen till diagnossystemen \u00e4r i det h\u00e4nseendet av begr\u00e4nsat v\u00e4rde och dessutom otidsenligt, s\u00e4ger Anna Strimbold som samordnar det juridiska st\u00f6det till medlemmarna i JAGs brukarkooperativ.<\/p>\n<p>\u2013 Vi vill allts\u00e5 understryka att en kombination i sig medf\u00f6r en starkare p\u00e5verkan p\u00e5 personens f\u00f6rm\u00e5gor, s\u00e4ger Anna Strimbold. De olika funktionsneds\u00e4ttningarna p\u00e5verkar varandra p\u00e5 ett komplicerat s\u00e4tt. Flera funktionsneds\u00e4ttningar i kombination medf\u00f6r ett sammantaget st\u00f6rre och mer kvalificerat st\u00f6dbehov \u00e4n vad varje funktionsneds\u00e4ttning sedd f\u00f6r sig skulle ge vid handen.<\/p>\n<p>Riksf\u00f6reningen JAG menar att definitionen b\u00f6r inriktas mindre p\u00e5 de enskilda funktionsneds\u00e4ttningarnas djup och omfattning och mer p\u00e5 sj\u00e4lva kombinationen av flera funktionsneds\u00e4ttningar. Enligt f\u00f6reningens uppfattning tr\u00e4ffar begreppet r\u00e4tt om det definieras som \u201dkombination av flera stora funktionsneds\u00e4ttningar varav en avser den intellektuella f\u00f6rm\u00e5gan\u201d.<\/p>\n<p>JAG anser ocks\u00e5 att Socialstyrelsens f\u00f6rklaring ger en lite m\u00e4rklig bild av hur de olika sv\u00e5righeterna h\u00e4nger samman. Det \u00e4r till exempel missvisande att s\u00e4ga att flerfunktionsneds\u00e4ttningen i sig medf\u00f6r h\u00e4lsoproblem och f\u00f6resl\u00e5r att det ist\u00e4llet beskrivs som att grunden vanligen \u00e4r en hj\u00e4rnskada som samtidigt p\u00e5verkar flera olika funktioner s\u00e5som motorik, kognitiv f\u00f6rm\u00e5ga, syn och h\u00f6rsel \u2013 men inte n\u00f6dv\u00e4ndigtvis alla dessa. Hj\u00e4rnskadan kan \u00e4ven leda till olika h\u00e4lsoproblem s\u00e5 som epilepsi, sm\u00e4rta, andningssv\u00e5righeter och s\u00f6mnsv\u00e5righeter \u2013 men inte n\u00f6dv\u00e4ndigtvis alla dessa.<\/p>\n<p>Inl\u00e4gget <a rel=\"nofollow\" href=\"https:\/\/jag.se\/opinion\/flerfunktionsnedsattning-vad-innebar-det-egentligen\/\">Flerfunktionsneds\u00e4ttning \u2013 vad inneb\u00e4r det egentligen?<\/a> d\u00f6k f\u00f6rst upp p\u00e5 <a rel=\"nofollow\" href=\"https:\/\/jag.se\/opinion\">Riksf\u00f6reningen JAG<\/a>.<\/p>\n","protected":false},"excerpt":{"rendered":"<p>Ibland anv\u00e4nds \u201dflera funktionsneds\u00e4ttningar\u201d synonymt med \u201dflerfunktionsneds\u00e4ttning\u201d. Men betyder det samma sak? I nul\u00e4get finns inte n\u00e5gon etablerad definition av flerfunktionsneds\u00e4ttning. Socialstyrelsen, som ansvarar f\u00f6r samordning av terminologin inom v\u00e5rd och omsorg, har d\u00e4rf\u00f6r f\u00f6rs\u00f6kt definiera begreppet. De f\u00f6resl\u00e5r att definitionen av flerfunktionsneds\u00e4ttning ska vara en \u201dkombination av mycket sv\u00e5r intellektuell funktionsneds\u00e4ttning och omfattande motorisk<\/p>\n","protected":false},"author":1,"featured_media":2374,"comment_status":"closed","ping_status":"open","sticky":false,"template":"","format":"standard","meta":{"footnotes":""},"categories":[1],"tags":[],"class_list":["post-2259","post","type-post","status-publish","format-standard","has-post-thumbnail","hentry","category-uncategorized"],"acf":[],"yoast_head":"<!-- This site is optimized with the Yoast SEO plugin v21.3 - https:\/\/yoast.com\/wordpress\/plugins\/seo\/ -->\n<title>Flerfunktionsneds\u00e4ttning \u2013 vad inneb\u00e4r det egentligen? - JAG Opinion<\/title>\n<meta name=\"robots\" content=\"index, follow, max-snippet:-1, max-image-preview:large, max-video-preview:-1\" \/>\n<link rel=\"canonical\" href=\"https:\/\/jag.se\/opinion\/flerfunktionsnedsattning-vad-innebar-det-egentligen\/\" \/>\n<meta property=\"og:locale\" content=\"sv_SE\" \/>\n<meta property=\"og:type\" content=\"article\" \/>\n<meta property=\"og:title\" content=\"Flerfunktionsneds\u00e4ttning \u2013 vad inneb\u00e4r det egentligen? - JAG Opinion\" \/>\n<meta property=\"og:description\" content=\"Ibland anv\u00e4nds \u201dflera funktionsneds\u00e4ttningar\u201d synonymt med \u201dflerfunktionsneds\u00e4ttning\u201d. Men betyder det samma sak? I nul\u00e4get finns inte n\u00e5gon etablerad definition av flerfunktionsneds\u00e4ttning. Socialstyrelsen, som ansvarar f\u00f6r samordning av terminologin inom v\u00e5rd och omsorg, har d\u00e4rf\u00f6r f\u00f6rs\u00f6kt definiera begreppet. De f\u00f6resl\u00e5r att definitionen av flerfunktionsneds\u00e4ttning ska vara en \u201dkombination av mycket sv\u00e5r intellektuell funktionsneds\u00e4ttning och omfattande motorisk\" \/>\n<meta property=\"og:url\" content=\"https:\/\/jag.se\/opinion\/flerfunktionsnedsattning-vad-innebar-det-egentligen\/\" \/>\n<meta property=\"og:site_name\" content=\"JAG Opinion\" \/>\n<meta property=\"article:published_time\" content=\"2019-12-27T10:18:08+00:00\" \/>\n<meta property=\"article:modified_time\" content=\"2023-09-12T12:24:39+00:00\" \/>\n<meta property=\"og:image\" content=\"https:\/\/jag.se\/opinion\/wp-content\/uploads\/sites\/3\/2019\/12\/anna_strimbold-web-1.jpg\" \/>\n\t<meta property=\"og:image:width\" content=\"200\" \/>\n\t<meta property=\"og:image:height\" content=\"200\" \/>\n\t<meta property=\"og:image:type\" content=\"image\/jpeg\" \/>\n<meta name=\"author\" content=\"Alexander Alexandrov\" \/>\n<meta name=\"twitter:card\" content=\"summary_large_image\" \/>\n<meta name=\"twitter:label1\" content=\"Skriven av\" \/>\n\t<meta name=\"twitter:data1\" content=\"Alexander Alexandrov\" \/>\n\t<meta name=\"twitter:label2\" content=\"Ber\u00e4knad l\u00e4stid\" \/>\n\t<meta name=\"twitter:data2\" content=\"2 minuter\" \/>\n<script type=\"application\/ld+json\" class=\"yoast-schema-graph\">{\"@context\":\"https:\/\/schema.org\",\"@graph\":[{\"@type\":\"WebPage\",\"@id\":\"https:\/\/jag.se\/opinion\/flerfunktionsnedsattning-vad-innebar-det-egentligen\/\",\"url\":\"https:\/\/jag.se\/opinion\/flerfunktionsnedsattning-vad-innebar-det-egentligen\/\",\"name\":\"Flerfunktionsneds\u00e4ttning \u2013 vad inneb\u00e4r det egentligen? - JAG Opinion\",\"isPartOf\":{\"@id\":\"https:\/\/jag.se\/opinion\/#website\"},\"datePublished\":\"2019-12-27T10:18:08+00:00\",\"dateModified\":\"2023-09-12T12:24:39+00:00\",\"author\":{\"@id\":\"https:\/\/jag.se\/opinion\/#\/schema\/person\/42ca7c4b556b837c35d83ffe97aa92c0\"},\"breadcrumb\":{\"@id\":\"https:\/\/jag.se\/opinion\/flerfunktionsnedsattning-vad-innebar-det-egentligen\/#breadcrumb\"},\"inLanguage\":\"sv-SE\",\"potentialAction\":[{\"@type\":\"ReadAction\",\"target\":[\"https:\/\/jag.se\/opinion\/flerfunktionsnedsattning-vad-innebar-det-egentligen\/\"]}]},{\"@type\":\"BreadcrumbList\",\"@id\":\"https:\/\/jag.se\/opinion\/flerfunktionsnedsattning-vad-innebar-det-egentligen\/#breadcrumb\",\"itemListElement\":[{\"@type\":\"ListItem\",\"position\":1,\"name\":\"JAG start\",\"item\":\"https:\/\/jag.se\"},{\"@type\":\"ListItem\",\"position\":2,\"name\":\"Riksf\u00f6reningen JAG\",\"item\":\"https:\/\/jag.se\/opinion\/\"},{\"@type\":\"ListItem\",\"position\":3,\"name\":\"Flerfunktionsneds\u00e4ttning \u2013 vad inneb\u00e4r det egentligen?\"}]},{\"@type\":\"WebSite\",\"@id\":\"https:\/\/jag.se\/opinion\/#website\",\"url\":\"https:\/\/jag.se\/opinion\/\",\"name\":\"JAG Opinion\",\"description\":\"\",\"potentialAction\":[{\"@type\":\"SearchAction\",\"target\":{\"@type\":\"EntryPoint\",\"urlTemplate\":\"https:\/\/jag.se\/opinion\/?s={search_term_string}\"},\"query-input\":\"required name=search_term_string\"}],\"inLanguage\":\"sv-SE\"},{\"@type\":\"Person\",\"@id\":\"https:\/\/jag.se\/opinion\/#\/schema\/person\/42ca7c4b556b837c35d83ffe97aa92c0\",\"name\":\"Alexander Alexandrov\",\"image\":{\"@type\":\"ImageObject\",\"inLanguage\":\"sv-SE\",\"@id\":\"https:\/\/jag.se\/opinion\/#\/schema\/person\/image\/\",\"url\":\"https:\/\/secure.gravatar.com\/avatar\/39974ed46e3cb66fe6760e4c288a2722aff8b0a328a2802a65dd6f31fe323990?s=96&d=mm&r=g\",\"contentUrl\":\"https:\/\/secure.gravatar.com\/avatar\/39974ed46e3cb66fe6760e4c288a2722aff8b0a328a2802a65dd6f31fe323990?s=96&d=mm&r=g\",\"caption\":\"Alexander Alexandrov\"},\"sameAs\":[\"https:\/\/jag.se\"]}]}<\/script>\n<!-- \/ Yoast SEO plugin. -->","yoast_head_json":{"title":"Flerfunktionsneds\u00e4ttning \u2013 vad inneb\u00e4r det egentligen? - JAG Opinion","robots":{"index":"index","follow":"follow","max-snippet":"max-snippet:-1","max-image-preview":"max-image-preview:large","max-video-preview":"max-video-preview:-1"},"canonical":"https:\/\/jag.se\/opinion\/flerfunktionsnedsattning-vad-innebar-det-egentligen\/","og_locale":"sv_SE","og_type":"article","og_title":"Flerfunktionsneds\u00e4ttning \u2013 vad inneb\u00e4r det egentligen? - JAG Opinion","og_description":"Ibland anv\u00e4nds \u201dflera funktionsneds\u00e4ttningar\u201d synonymt med \u201dflerfunktionsneds\u00e4ttning\u201d. Men betyder det samma sak? I nul\u00e4get finns inte n\u00e5gon etablerad definition av flerfunktionsneds\u00e4ttning. Socialstyrelsen, som ansvarar f\u00f6r samordning av terminologin inom v\u00e5rd och omsorg, har d\u00e4rf\u00f6r f\u00f6rs\u00f6kt definiera begreppet. De f\u00f6resl\u00e5r att definitionen av flerfunktionsneds\u00e4ttning ska vara en \u201dkombination av mycket sv\u00e5r intellektuell funktionsneds\u00e4ttning och omfattande motorisk","og_url":"https:\/\/jag.se\/opinion\/flerfunktionsnedsattning-vad-innebar-det-egentligen\/","og_site_name":"JAG Opinion","article_published_time":"2019-12-27T10:18:08+00:00","article_modified_time":"2023-09-12T12:24:39+00:00","og_image":[{"width":200,"height":200,"url":"https:\/\/jag.se\/opinion\/wp-content\/uploads\/sites\/3\/2019\/12\/anna_strimbold-web-1.jpg","type":"image\/jpeg"}],"author":"Alexander Alexandrov","twitter_card":"summary_large_image","twitter_misc":{"Skriven av":"Alexander Alexandrov","Ber\u00e4knad l\u00e4stid":"2 minuter"},"schema":{"@context":"https:\/\/schema.org","@graph":[{"@type":"WebPage","@id":"https:\/\/jag.se\/opinion\/flerfunktionsnedsattning-vad-innebar-det-egentligen\/","url":"https:\/\/jag.se\/opinion\/flerfunktionsnedsattning-vad-innebar-det-egentligen\/","name":"Flerfunktionsneds\u00e4ttning \u2013 vad inneb\u00e4r det egentligen? - JAG Opinion","isPartOf":{"@id":"https:\/\/jag.se\/opinion\/#website"},"datePublished":"2019-12-27T10:18:08+00:00","dateModified":"2023-09-12T12:24:39+00:00","author":{"@id":"https:\/\/jag.se\/opinion\/#\/schema\/person\/42ca7c4b556b837c35d83ffe97aa92c0"},"breadcrumb":{"@id":"https:\/\/jag.se\/opinion\/flerfunktionsnedsattning-vad-innebar-det-egentligen\/#breadcrumb"},"inLanguage":"sv-SE","potentialAction":[{"@type":"ReadAction","target":["https:\/\/jag.se\/opinion\/flerfunktionsnedsattning-vad-innebar-det-egentligen\/"]}]},{"@type":"BreadcrumbList","@id":"https:\/\/jag.se\/opinion\/flerfunktionsnedsattning-vad-innebar-det-egentligen\/#breadcrumb","itemListElement":[{"@type":"ListItem","position":1,"name":"JAG start","item":"https:\/\/jag.se"},{"@type":"ListItem","position":2,"name":"Riksf\u00f6reningen JAG","item":"https:\/\/jag.se\/opinion\/"},{"@type":"ListItem","position":3,"name":"Flerfunktionsneds\u00e4ttning \u2013 vad inneb\u00e4r det egentligen?"}]},{"@type":"WebSite","@id":"https:\/\/jag.se\/opinion\/#website","url":"https:\/\/jag.se\/opinion\/","name":"JAG Opinion","description":"","potentialAction":[{"@type":"SearchAction","target":{"@type":"EntryPoint","urlTemplate":"https:\/\/jag.se\/opinion\/?s={search_term_string}"},"query-input":"required name=search_term_string"}],"inLanguage":"sv-SE"},{"@type":"Person","@id":"https:\/\/jag.se\/opinion\/#\/schema\/person\/42ca7c4b556b837c35d83ffe97aa92c0","name":"Alexander Alexandrov","image":{"@type":"ImageObject","inLanguage":"sv-SE","@id":"https:\/\/jag.se\/opinion\/#\/schema\/person\/image\/","url":"https:\/\/secure.gravatar.com\/avatar\/39974ed46e3cb66fe6760e4c288a2722aff8b0a328a2802a65dd6f31fe323990?s=96&d=mm&r=g","contentUrl":"https:\/\/secure.gravatar.com\/avatar\/39974ed46e3cb66fe6760e4c288a2722aff8b0a328a2802a65dd6f31fe323990?s=96&d=mm&r=g","caption":"Alexander Alexandrov"},"sameAs":["https:\/\/jag.se"]}]}},"_links":{"self":[{"href":"https:\/\/jag.se\/opinion\/wp-json\/wp\/v2\/posts\/2259","targetHints":{"allow":["GET"]}}],"collection":[{"href":"https:\/\/jag.se\/opinion\/wp-json\/wp\/v2\/posts"}],"about":[{"href":"https:\/\/jag.se\/opinion\/wp-json\/wp\/v2\/types\/post"}],"author":[{"embeddable":true,"href":"https:\/\/jag.se\/opinion\/wp-json\/wp\/v2\/users\/1"}],"replies":[{"embeddable":true,"href":"https:\/\/jag.se\/opinion\/wp-json\/wp\/v2\/comments?post=2259"}],"version-history":[{"count":4,"href":"https:\/\/jag.se\/opinion\/wp-json\/wp\/v2\/posts\/2259\/revisions"}],"predecessor-version":[{"id":22942,"href":"https:\/\/jag.se\/opinion\/wp-json\/wp\/v2\/posts\/2259\/revisions\/22942"}],"wp:featuredmedia":[{"embeddable":true,"href":"https:\/\/jag.se\/opinion\/wp-json\/wp\/v2\/media\/2374"}],"wp:attachment":[{"href":"https:\/\/jag.se\/opinion\/wp-json\/wp\/v2\/media?parent=2259"}],"wp:term":[{"taxonomy":"category","embeddable":true,"href":"https:\/\/jag.se\/opinion\/wp-json\/wp\/v2\/categories?post=2259"},{"taxonomy":"post_tag","embeddable":true,"href":"https:\/\/jag.se\/opinion\/wp-json\/wp\/v2\/tags?post=2259"}],"curies":[{"name":"wp","href":"https:\/\/api.w.org\/{rel}","templated":true}]}}