{"id":2260,"date":"2019-12-27T08:33:53","date_gmt":"2019-12-27T08:33:53","guid":{"rendered":"https:\/\/jag.se\/opinion\/personlig-assistans-med-andning-och-sondatning\/"},"modified":"2022-03-18T15:43:00","modified_gmt":"2022-03-18T15:43:00","slug":"personlig-assistans-med-andning-och-sondatning","status":"publish","type":"post","link":"https:\/\/jag.se\/opinion\/personlig-assistans-med-andning-och-sondatning\/","title":{"rendered":"Personlig assistans med andning och sond\u00e4tning"},"content":{"rendered":"<p><a href=\"https:\/\/jag-se-dev.azurewebsites.net\/wp-content\/uploads\/sites\/3\/2019\/12\/spruta.jpg\"><img decoding=\"async\" loading=\"lazy\" class=\"size-medium wp-image-190576 alignright\" src=\"https:\/\/jag-se-dev.azurewebsites.net\/wp-content\/uploads\/sites\/3\/2019\/12\/spruta-300x225.jpg\" alt=\"Spruta i plast och slangar f\u00f6r att \u00e4ta via sond\" width=\"300\" height=\"225\" \/><\/a><\/p>\n<p>Den 1 november kom en ny lag om att andning ska utg\u00f6ra ett grundl\u00e4ggande behov. Lag\u00e4ndringen f\u00f6ljdes upp med ett f\u00f6rslag fr\u00e5n regeringen om att samtliga hj\u00e4lpmoment, som avser assistans med andning och m\u00e5ltider i form av sondmatning, ska ge r\u00e4tt till personlig assistans.<\/p>\n<p>Riksf\u00f6reningen JAG, och m\u00e5nga andra som svarade p\u00e5 regeringens f\u00f6rslag, ville inte att det ska skrivas i lagen att grundl\u00e4ggande behov ska vara integritetsk\u00e4nsliga. <a href=\"https:\/\/www.aftonbladet.se\/nyheter\/a\/qL8G1g\/regeringen-backar-om-assistansforslag?fbclid=IwAR2jkZGQCYALeov99k3OOyX_R-PWZiLmC6LowduzBcBFgzXyuohvpVUjGxc\">Redan dagen efter sa socialminister Lena Hallengren att regeringen lyssnar p\u00e5 remissvaren och ska g\u00f6ra om sitt f\u00f6rslag.<\/a><\/p>\n<p>Lag\u00e4ndringen ska b\u00f6rja g\u00e4lla den 1 juli 2020.<\/p>\n<p><strong>Sammanfattning av Riksf\u00f6reningen JAGs remissvar:<\/strong><\/p>\n<p>Sverige har i en rad styrande dokument \u2013 LSS, internationella konventioner och nationella m\u00e5l \u2013 f\u00f6rbundit sig att st\u00e4rka j\u00e4mlikhet, frihet och delaktighet f\u00f6r medborgare med funktionsneds\u00e4ttning. Mot den bakgrunden har vi l\u00e4nge v\u00e4ntat p\u00e5 effektiva \u00e5tg\u00e4rder f\u00f6r att hejda den utveckling i precis motsatt riktning som har p\u00e5g\u00e5tt under de senaste tio \u00e5ren p\u00e5 omr\u00e5det personlig assistans. Riksf\u00f6reningen JAG v\u00e4lkomnar nu initiativet att r\u00e4tta till en del av de o\u00f6nskade effekterna av den nuvarande till\u00e4mpningen av assistansreglerna. Vi delar regeringens uppfattning att barnens situation \u00e4r den mest angel\u00e4gna att \u00e5tg\u00e4rda.<\/p>\n<ul>\n<li>Riksf\u00f6reningen JAG tillstyrker f\u00f6rslaget att behov g\u00e4llande andning och sond\u00e4tande ska r\u00e4knas i sin helhet. Vi bed\u00f6mer att detta kommer att ge m\u00e5nga barn med mycket stort och kvalificerat behov r\u00e4tt till assistans, helt i enlighet med lagens avsikt.<\/li>\n<li>Riksf\u00f6reningen JAG beklagar att vissa grupper av barn med stora behov t.ex. p\u00e5 grund av epilepsi inte skulle tr\u00e4ffas av lag\u00e4ndringen, och allts\u00e5 fortfarande l\u00e4mnas utanf\u00f6r.<\/li>\n<li>Riksf\u00f6reningen JAG oroas av den f\u00f6reslagna utformningen av de aktuella lagrummen i LSS och SFB. Vi har inte n\u00e5gon inv\u00e4ndning mot att principen om f\u00f6r\u00e4ldraansvar inf\u00f6rs i lagen som huvudregel, d\u00e5 den f\u00e5r anses rimlig. Vi \u00e4r d\u00e4remot kritiska mot inf\u00f6rande i lag av ett integritetsk\u00e4nslighetskrav f\u00f6r grundl\u00e4ggande behov som huvudregel, d\u00e5 vi finner att detta krav strider mot lagens intentioner. Vi menar att lagtexten m\u00e5ste utformas s\u00e5 att det \u00f6nskade resultatet att behoven andning och sond\u00e4tande ska tidsber\u00e4knas i sin helhet n\u00e5s utan att assistansr\u00e4tten samtidigt f\u00f6rsvagas i \u00f6vrigt.<\/li>\n<li>Riksf\u00f6reningen JAG anser att ett lagkrav p\u00e5 integritetsk\u00e4nslighet \u00e5tminstone inte ska omfatta behoven Kommunikation och Annan hj\u00e4lp som f\u00f6ruts\u00e4tter ing\u00e5ende kunskap. Det skulle inneb\u00e4ra en inskr\u00e4nkning av assistansr\u00e4tten som riskerar att drabba m\u00e5nga assistansber\u00e4ttigade negativt.<\/li>\n<li>Riksf\u00f6reningen JAG understryker att ompr\u00f6vningsstoppet i den statliga assistansers\u00e4ttningen inte f\u00e5r upph\u00e4vas i samband med denna lag\u00e4ndring. Ompr\u00f6vningsstoppet beh\u00f6vs s\u00e5 l\u00e4nge de andra konstaterade bristerna i till\u00e4mpningen kvarst\u00e5r, annars skulle ytterligare en stor del av de assistansber\u00e4ttigade drabbas av indraget st\u00f6d, tv\u00e4rtemot regeringens intentioner.<\/li>\n<\/ul>\n<p><a href=\"https:\/\/www.regeringen.se\/remisser\/2019\/10\/remiss-av-promemoria-personlig-assistans-for-samtliga-hjalpmoment-som-avser-andning-och-maltider-i-form-av-sondmatning\/\">H\u00e4r kan du l\u00e4sa regeringens promemoria och samtliga remissvar.\u00a0<\/a><\/p>\n<p>Inl\u00e4gget <a rel=\"nofollow\" href=\"https:\/\/jag.se\/opinion\/personlig-assistans-med-andning-och-sondatning\/\">Personlig assistans med andning och sond\u00e4tning<\/a> d\u00f6k f\u00f6rst upp p\u00e5 <a rel=\"nofollow\" href=\"https:\/\/jag.se\/opinion\">Riksf\u00f6reningen JAG<\/a>.<\/p>\n","protected":false},"excerpt":{"rendered":"<p>Den 1 november kom en ny lag om att andning ska utg\u00f6ra ett grundl\u00e4ggande behov. Lag\u00e4ndringen f\u00f6ljdes upp med ett f\u00f6rslag fr\u00e5n regeringen om att samtliga hj\u00e4lpmoment, som avser assistans med andning och m\u00e5ltider i form av sondmatning, ska ge r\u00e4tt till personlig assistans. Riksf\u00f6reningen JAG, och m\u00e5nga andra som svarade p\u00e5 regeringens f\u00f6rslag, ville<\/p>\n","protected":false},"author":1,"featured_media":2372,"comment_status":"closed","ping_status":"open","sticky":false,"template":"","format":"standard","meta":{"footnotes":""},"categories":[1],"tags":[],"class_list":["post-2260","post","type-post","status-publish","format-standard","has-post-thumbnail","hentry","category-uncategorized"],"acf":[],"yoast_head":"<!-- This site is optimized with the Yoast SEO plugin v21.3 - https:\/\/yoast.com\/wordpress\/plugins\/seo\/ -->\n<title>Personlig assistans med andning och sond\u00e4tning - JAG Opinion<\/title>\n<meta name=\"robots\" content=\"index, follow, max-snippet:-1, max-image-preview:large, max-video-preview:-1\" \/>\n<link rel=\"canonical\" href=\"https:\/\/jag.se\/opinion\/personlig-assistans-med-andning-och-sondatning\/\" \/>\n<meta property=\"og:locale\" content=\"sv_SE\" \/>\n<meta property=\"og:type\" content=\"article\" \/>\n<meta property=\"og:title\" content=\"Personlig assistans med andning och sond\u00e4tning - JAG Opinion\" \/>\n<meta property=\"og:description\" content=\"Den 1 november kom en ny lag om att andning ska utg\u00f6ra ett grundl\u00e4ggande behov. Lag\u00e4ndringen f\u00f6ljdes upp med ett f\u00f6rslag fr\u00e5n regeringen om att samtliga hj\u00e4lpmoment, som avser assistans med andning och m\u00e5ltider i form av sondmatning, ska ge r\u00e4tt till personlig assistans. Riksf\u00f6reningen JAG, och m\u00e5nga andra som svarade p\u00e5 regeringens f\u00f6rslag, ville\" \/>\n<meta property=\"og:url\" content=\"https:\/\/jag.se\/opinion\/personlig-assistans-med-andning-och-sondatning\/\" \/>\n<meta property=\"og:site_name\" content=\"JAG Opinion\" \/>\n<meta property=\"article:published_time\" content=\"2019-12-27T08:33:53+00:00\" \/>\n<meta property=\"article:modified_time\" content=\"2022-03-18T15:43:00+00:00\" \/>\n<meta property=\"og:image\" content=\"https:\/\/jag.se\/wp-content\/uploads\/sites\/3\/2019\/12\/spruta-1.jpg\" \/>\n\t<meta property=\"og:image:width\" content=\"370\" \/>\n\t<meta property=\"og:image:height\" content=\"277\" \/>\n\t<meta property=\"og:image:type\" content=\"image\/jpeg\" \/>\n<meta name=\"author\" content=\"Alexander Alexandrov\" \/>\n<meta name=\"twitter:card\" content=\"summary_large_image\" \/>\n<meta name=\"twitter:label1\" content=\"Skriven av\" \/>\n\t<meta name=\"twitter:data1\" content=\"Alexander Alexandrov\" \/>\n\t<meta name=\"twitter:label2\" content=\"Ber\u00e4knad l\u00e4stid\" \/>\n\t<meta name=\"twitter:data2\" content=\"3 minuter\" \/>\n<script type=\"application\/ld+json\" class=\"yoast-schema-graph\">{\"@context\":\"https:\/\/schema.org\",\"@graph\":[{\"@type\":\"WebPage\",\"@id\":\"https:\/\/jag.se\/opinion\/personlig-assistans-med-andning-och-sondatning\/\",\"url\":\"https:\/\/jag.se\/opinion\/personlig-assistans-med-andning-och-sondatning\/\",\"name\":\"Personlig assistans med andning och sond\u00e4tning - JAG Opinion\",\"isPartOf\":{\"@id\":\"https:\/\/jag.se\/opinion\/#website\"},\"datePublished\":\"2019-12-27T08:33:53+00:00\",\"dateModified\":\"2022-03-18T15:43:00+00:00\",\"author\":{\"@id\":\"https:\/\/jag.se\/opinion\/#\/schema\/person\/90dd15a2a47e0c05d666bd8dcc143c05\"},\"breadcrumb\":{\"@id\":\"https:\/\/jag.se\/opinion\/personlig-assistans-med-andning-och-sondatning\/#breadcrumb\"},\"inLanguage\":\"sv-SE\",\"potentialAction\":[{\"@type\":\"ReadAction\",\"target\":[\"https:\/\/jag.se\/opinion\/personlig-assistans-med-andning-och-sondatning\/\"]}]},{\"@type\":\"BreadcrumbList\",\"@id\":\"https:\/\/jag.se\/opinion\/personlig-assistans-med-andning-och-sondatning\/#breadcrumb\",\"itemListElement\":[{\"@type\":\"ListItem\",\"position\":1,\"name\":\"JAG start\",\"item\":\"https:\/\/jag.se\"},{\"@type\":\"ListItem\",\"position\":2,\"name\":\"Riksf\u00f6reningen JAG\",\"item\":\"https:\/\/jag.se\/opinion\/\"},{\"@type\":\"ListItem\",\"position\":3,\"name\":\"Personlig assistans med andning och sond\u00e4tning\"}]},{\"@type\":\"WebSite\",\"@id\":\"https:\/\/jag.se\/opinion\/#website\",\"url\":\"https:\/\/jag.se\/opinion\/\",\"name\":\"JAG Opinion\",\"description\":\"\",\"potentialAction\":[{\"@type\":\"SearchAction\",\"target\":{\"@type\":\"EntryPoint\",\"urlTemplate\":\"https:\/\/jag.se\/opinion\/?s={search_term_string}\"},\"query-input\":\"required name=search_term_string\"}],\"inLanguage\":\"sv-SE\"},{\"@type\":\"Person\",\"@id\":\"https:\/\/jag.se\/opinion\/#\/schema\/person\/90dd15a2a47e0c05d666bd8dcc143c05\",\"name\":\"Alexander Alexandrov\",\"image\":{\"@type\":\"ImageObject\",\"inLanguage\":\"sv-SE\",\"@id\":\"https:\/\/jag.se\/opinion\/#\/schema\/person\/image\/\",\"url\":\"https:\/\/secure.gravatar.com\/avatar\/39974ed46e3cb66fe6760e4c288a2722aff8b0a328a2802a65dd6f31fe323990?s=96&d=mm&r=g\",\"contentUrl\":\"https:\/\/secure.gravatar.com\/avatar\/39974ed46e3cb66fe6760e4c288a2722aff8b0a328a2802a65dd6f31fe323990?s=96&d=mm&r=g\",\"caption\":\"Alexander Alexandrov\"},\"sameAs\":[\"https:\/\/jag.se\"]}]}<\/script>\n<!-- \/ Yoast SEO plugin. -->","yoast_head_json":{"title":"Personlig assistans med andning och sond\u00e4tning - JAG Opinion","robots":{"index":"index","follow":"follow","max-snippet":"max-snippet:-1","max-image-preview":"max-image-preview:large","max-video-preview":"max-video-preview:-1"},"canonical":"https:\/\/jag.se\/opinion\/personlig-assistans-med-andning-och-sondatning\/","og_locale":"sv_SE","og_type":"article","og_title":"Personlig assistans med andning och sond\u00e4tning - JAG Opinion","og_description":"Den 1 november kom en ny lag om att andning ska utg\u00f6ra ett grundl\u00e4ggande behov. Lag\u00e4ndringen f\u00f6ljdes upp med ett f\u00f6rslag fr\u00e5n regeringen om att samtliga hj\u00e4lpmoment, som avser assistans med andning och m\u00e5ltider i form av sondmatning, ska ge r\u00e4tt till personlig assistans. Riksf\u00f6reningen JAG, och m\u00e5nga andra som svarade p\u00e5 regeringens f\u00f6rslag, ville","og_url":"https:\/\/jag.se\/opinion\/personlig-assistans-med-andning-och-sondatning\/","og_site_name":"JAG Opinion","article_published_time":"2019-12-27T08:33:53+00:00","article_modified_time":"2022-03-18T15:43:00+00:00","og_image":[{"width":370,"height":277,"url":"https:\/\/jag.se\/wp-content\/uploads\/sites\/3\/2019\/12\/spruta-1.jpg","type":"image\/jpeg"}],"author":"Alexander Alexandrov","twitter_card":"summary_large_image","twitter_misc":{"Skriven av":"Alexander Alexandrov","Ber\u00e4knad l\u00e4stid":"3 minuter"},"schema":{"@context":"https:\/\/schema.org","@graph":[{"@type":"WebPage","@id":"https:\/\/jag.se\/opinion\/personlig-assistans-med-andning-och-sondatning\/","url":"https:\/\/jag.se\/opinion\/personlig-assistans-med-andning-och-sondatning\/","name":"Personlig assistans med andning och sond\u00e4tning - JAG Opinion","isPartOf":{"@id":"https:\/\/jag.se\/opinion\/#website"},"datePublished":"2019-12-27T08:33:53+00:00","dateModified":"2022-03-18T15:43:00+00:00","author":{"@id":"https:\/\/jag.se\/opinion\/#\/schema\/person\/90dd15a2a47e0c05d666bd8dcc143c05"},"breadcrumb":{"@id":"https:\/\/jag.se\/opinion\/personlig-assistans-med-andning-och-sondatning\/#breadcrumb"},"inLanguage":"sv-SE","potentialAction":[{"@type":"ReadAction","target":["https:\/\/jag.se\/opinion\/personlig-assistans-med-andning-och-sondatning\/"]}]},{"@type":"BreadcrumbList","@id":"https:\/\/jag.se\/opinion\/personlig-assistans-med-andning-och-sondatning\/#breadcrumb","itemListElement":[{"@type":"ListItem","position":1,"name":"JAG start","item":"https:\/\/jag.se"},{"@type":"ListItem","position":2,"name":"Riksf\u00f6reningen JAG","item":"https:\/\/jag.se\/opinion\/"},{"@type":"ListItem","position":3,"name":"Personlig assistans med andning och sond\u00e4tning"}]},{"@type":"WebSite","@id":"https:\/\/jag.se\/opinion\/#website","url":"https:\/\/jag.se\/opinion\/","name":"JAG Opinion","description":"","potentialAction":[{"@type":"SearchAction","target":{"@type":"EntryPoint","urlTemplate":"https:\/\/jag.se\/opinion\/?s={search_term_string}"},"query-input":"required name=search_term_string"}],"inLanguage":"sv-SE"},{"@type":"Person","@id":"https:\/\/jag.se\/opinion\/#\/schema\/person\/90dd15a2a47e0c05d666bd8dcc143c05","name":"Alexander Alexandrov","image":{"@type":"ImageObject","inLanguage":"sv-SE","@id":"https:\/\/jag.se\/opinion\/#\/schema\/person\/image\/","url":"https:\/\/secure.gravatar.com\/avatar\/39974ed46e3cb66fe6760e4c288a2722aff8b0a328a2802a65dd6f31fe323990?s=96&d=mm&r=g","contentUrl":"https:\/\/secure.gravatar.com\/avatar\/39974ed46e3cb66fe6760e4c288a2722aff8b0a328a2802a65dd6f31fe323990?s=96&d=mm&r=g","caption":"Alexander Alexandrov"},"sameAs":["https:\/\/jag.se"]}]}},"_links":{"self":[{"href":"https:\/\/jag.se\/opinion\/wp-json\/wp\/v2\/posts\/2260","targetHints":{"allow":["GET"]}}],"collection":[{"href":"https:\/\/jag.se\/opinion\/wp-json\/wp\/v2\/posts"}],"about":[{"href":"https:\/\/jag.se\/opinion\/wp-json\/wp\/v2\/types\/post"}],"author":[{"embeddable":true,"href":"https:\/\/jag.se\/opinion\/wp-json\/wp\/v2\/users\/1"}],"replies":[{"embeddable":true,"href":"https:\/\/jag.se\/opinion\/wp-json\/wp\/v2\/comments?post=2260"}],"version-history":[{"count":1,"href":"https:\/\/jag.se\/opinion\/wp-json\/wp\/v2\/posts\/2260\/revisions"}],"predecessor-version":[{"id":2373,"href":"https:\/\/jag.se\/opinion\/wp-json\/wp\/v2\/posts\/2260\/revisions\/2373"}],"wp:featuredmedia":[{"embeddable":true,"href":"https:\/\/jag.se\/opinion\/wp-json\/wp\/v2\/media\/2372"}],"wp:attachment":[{"href":"https:\/\/jag.se\/opinion\/wp-json\/wp\/v2\/media?parent=2260"}],"wp:term":[{"taxonomy":"category","embeddable":true,"href":"https:\/\/jag.se\/opinion\/wp-json\/wp\/v2\/categories?post=2260"},{"taxonomy":"post_tag","embeddable":true,"href":"https:\/\/jag.se\/opinion\/wp-json\/wp\/v2\/tags?post=2260"}],"curies":[{"name":"wp","href":"https:\/\/api.w.org\/{rel}","templated":true}]}}