{"id":2276,"date":"2019-04-26T11:53:21","date_gmt":"2019-04-26T11:53:21","guid":{"rendered":"https:\/\/jag.se\/opinion\/arsmote-i-riksforeningen-jag-4-maj-2019\/"},"modified":"2022-03-18T15:42:46","modified_gmt":"2022-03-18T15:42:46","slug":"arsmote-i-riksforeningen-jag-4-maj-2019","status":"publish","type":"post","link":"https:\/\/jag.se\/opinion\/arsmote-i-riksforeningen-jag-4-maj-2019\/","title":{"rendered":"\u00c5rsm\u00f6te i Riksf\u00f6reningen JAG 4 maj 2019"},"content":{"rendered":"<p><strong><a href=\"https:\/\/jag-se-dev.azurewebsites.net\/wp-content\/uploads\/sites\/3\/2019\/04\/Magnus-och-Cecilia-\u00e5rsm\u00f6tet-2018.jpg\"><\/a><\/strong><\/p>\n<p><strong>\u00c5rsm\u00f6tet \u00e4r f\u00f6reningens h\u00f6gsta beslutande organ och d\u00e4rmed \u00e5rets viktigaste m\u00f6te!<\/strong><\/p>\n<p>P\u00e5 \u00e5rsm\u00f6tet f\u00e5r du veta vad som h\u00e4nde f\u00f6rra \u00e5ret och planerna f\u00f6r 2019.<\/p>\n<p>\u00c5rsm\u00f6tet \u00e4r \u00f6ppet f\u00f6r st\u00f6dmedlemmar i f\u00f6reningen men det \u00e4r endast fullv\u00e4rdiga medlemmar (med st\u00f6d av eventuell legal f\u00f6retr\u00e4dare) som f\u00e5r vara med och best\u00e4mma och utse styrelse och valberedning.<\/p>\n<p>Sj\u00e4lva \u00e5rsm\u00f6tet b\u00f6rjar kl 14.30 men innan dess har vi en sp\u00e4nnande politikerutfr\u00e5gning.\u00a0De som deltar i \u00e5r \u00e4r riksdagsledam\u00f6terna Bengt Eliasson (L), Carina St\u00e5hl Herrstedt (SD), Lorena Delgado Varas (V) och Solveig Zander (C) samt Eva Solberg (M), ordf\u00f6rande i servicen\u00e4mnden Stockholm, Kajsa Hellstedt (KD), ledamot i socialn\u00e4mnden i \u00d6ster\u00e5ker och Martin Hansson, gruppledare f\u00f6r MP i Stockholm.<\/p>\n<p>De kommer bland annat f\u00e5 svara p\u00e5 fr\u00e5gor om f\u00f6rslaget att personer som har assistans p\u00e5 grund av det femte grundl\u00e4ggande behovet inte ska ha r\u00e4tt till assistans fram\u00f6ver och hur de ser p\u00e5 att n\u00e4rst\u00e5ende till den assistansber\u00e4ttigade personen arbetar som assistent.<\/p>\n<p><a href=\"https:\/\/jag.se\/opinion\/arsmote\/\" target=\"_blank\" rel=\"noopener noreferrer\">H\u00e4r kan du ladda ner JAGs \u00e5rsbok och valberedningens f\u00f6rslag till ny styrelse och se alla h\u00e5lltider.<\/a><\/p>\n<p>Inl\u00e4gget <a rel=\"nofollow\" href=\"https:\/\/jag.se\/opinion\/arsmote-i-riksforeningen-jag-4-maj-2019\/\">\u00c5rsm\u00f6te i Riksf\u00f6reningen JAG 4 maj 2019<\/a> d\u00f6k f\u00f6rst upp p\u00e5 <a rel=\"nofollow\" href=\"https:\/\/jag.se\/opinion\">Riksf\u00f6reningen JAG<\/a>.<\/p>\n","protected":false},"excerpt":{"rendered":"<p>\u00c5rsm\u00f6tet \u00e4r f\u00f6reningens h\u00f6gsta beslutande organ och d\u00e4rmed \u00e5rets viktigaste m\u00f6te! P\u00e5 \u00e5rsm\u00f6tet f\u00e5r du veta vad som h\u00e4nde f\u00f6rra \u00e5ret och planerna f\u00f6r 2019. \u00c5rsm\u00f6tet \u00e4r \u00f6ppet f\u00f6r st\u00f6dmedlemmar i f\u00f6reningen men det \u00e4r endast fullv\u00e4rdiga medlemmar (med st\u00f6d av eventuell legal f\u00f6retr\u00e4dare) som f\u00e5r vara med och best\u00e4mma och utse styrelse och valberedning.<\/p>\n","protected":false},"author":1,"featured_media":2340,"comment_status":"closed","ping_status":"open","sticky":false,"template":"","format":"standard","meta":{"footnotes":""},"categories":[1],"tags":[],"class_list":["post-2276","post","type-post","status-publish","format-standard","has-post-thumbnail","hentry","category-uncategorized"],"acf":[],"yoast_head":"<!-- This site is optimized with the Yoast SEO plugin v21.3 - https:\/\/yoast.com\/wordpress\/plugins\/seo\/ -->\n<title>\u00c5rsm\u00f6te i Riksf\u00f6reningen JAG 4 maj 2019 - JAG Opinion<\/title>\n<meta name=\"robots\" content=\"index, follow, max-snippet:-1, max-image-preview:large, max-video-preview:-1\" \/>\n<link rel=\"canonical\" href=\"https:\/\/jag.se\/opinion\/arsmote-i-riksforeningen-jag-4-maj-2019\/\" \/>\n<meta property=\"og:locale\" content=\"sv_SE\" \/>\n<meta property=\"og:type\" content=\"article\" \/>\n<meta property=\"og:title\" content=\"\u00c5rsm\u00f6te i Riksf\u00f6reningen JAG 4 maj 2019 - JAG Opinion\" \/>\n<meta property=\"og:description\" content=\"\u00c5rsm\u00f6tet \u00e4r f\u00f6reningens h\u00f6gsta beslutande organ och d\u00e4rmed \u00e5rets viktigaste m\u00f6te! P\u00e5 \u00e5rsm\u00f6tet f\u00e5r du veta vad som h\u00e4nde f\u00f6rra \u00e5ret och planerna f\u00f6r 2019. \u00c5rsm\u00f6tet \u00e4r \u00f6ppet f\u00f6r st\u00f6dmedlemmar i f\u00f6reningen men det \u00e4r endast fullv\u00e4rdiga medlemmar (med st\u00f6d av eventuell legal f\u00f6retr\u00e4dare) som f\u00e5r vara med och best\u00e4mma och utse styrelse och valberedning.\" \/>\n<meta property=\"og:url\" content=\"https:\/\/jag.se\/opinion\/arsmote-i-riksforeningen-jag-4-maj-2019\/\" \/>\n<meta property=\"og:site_name\" content=\"JAG Opinion\" \/>\n<meta property=\"article:published_time\" content=\"2019-04-26T11:53:21+00:00\" \/>\n<meta property=\"article:modified_time\" content=\"2022-03-18T15:42:46+00:00\" \/>\n<meta property=\"og:image\" content=\"https:\/\/jag.se\/wp-content\/uploads\/sites\/3\/2019\/04\/Magnus-och-Cecilia-arsmotet-2018-300x300-2.jpg\" \/>\n\t<meta property=\"og:image:width\" content=\"300\" \/>\n\t<meta property=\"og:image:height\" content=\"300\" \/>\n\t<meta property=\"og:image:type\" content=\"image\/jpeg\" \/>\n<meta name=\"author\" content=\"Alexander Alexandrov\" \/>\n<meta name=\"twitter:card\" content=\"summary_large_image\" \/>\n<meta name=\"twitter:label1\" content=\"Skriven av\" \/>\n\t<meta name=\"twitter:data1\" content=\"Alexander Alexandrov\" \/>\n\t<meta name=\"twitter:label2\" content=\"Ber\u00e4knad l\u00e4stid\" \/>\n\t<meta name=\"twitter:data2\" content=\"1 minut\" \/>\n<script type=\"application\/ld+json\" class=\"yoast-schema-graph\">{\"@context\":\"https:\/\/schema.org\",\"@graph\":[{\"@type\":\"WebPage\",\"@id\":\"https:\/\/jag.se\/opinion\/arsmote-i-riksforeningen-jag-4-maj-2019\/\",\"url\":\"https:\/\/jag.se\/opinion\/arsmote-i-riksforeningen-jag-4-maj-2019\/\",\"name\":\"\u00c5rsm\u00f6te i Riksf\u00f6reningen JAG 4 maj 2019 - JAG Opinion\",\"isPartOf\":{\"@id\":\"https:\/\/jag.se\/opinion\/#website\"},\"datePublished\":\"2019-04-26T11:53:21+00:00\",\"dateModified\":\"2022-03-18T15:42:46+00:00\",\"author\":{\"@id\":\"https:\/\/jag.se\/opinion\/#\/schema\/person\/90dd15a2a47e0c05d666bd8dcc143c05\"},\"breadcrumb\":{\"@id\":\"https:\/\/jag.se\/opinion\/arsmote-i-riksforeningen-jag-4-maj-2019\/#breadcrumb\"},\"inLanguage\":\"sv-SE\",\"potentialAction\":[{\"@type\":\"ReadAction\",\"target\":[\"https:\/\/jag.se\/opinion\/arsmote-i-riksforeningen-jag-4-maj-2019\/\"]}]},{\"@type\":\"BreadcrumbList\",\"@id\":\"https:\/\/jag.se\/opinion\/arsmote-i-riksforeningen-jag-4-maj-2019\/#breadcrumb\",\"itemListElement\":[{\"@type\":\"ListItem\",\"position\":1,\"name\":\"JAG start\",\"item\":\"https:\/\/jag.se\"},{\"@type\":\"ListItem\",\"position\":2,\"name\":\"Riksf\u00f6reningen JAG\",\"item\":\"https:\/\/jag.se\/opinion\/\"},{\"@type\":\"ListItem\",\"position\":3,\"name\":\"\u00c5rsm\u00f6te i Riksf\u00f6reningen JAG 4 maj 2019\"}]},{\"@type\":\"WebSite\",\"@id\":\"https:\/\/jag.se\/opinion\/#website\",\"url\":\"https:\/\/jag.se\/opinion\/\",\"name\":\"JAG Opinion\",\"description\":\"\",\"potentialAction\":[{\"@type\":\"SearchAction\",\"target\":{\"@type\":\"EntryPoint\",\"urlTemplate\":\"https:\/\/jag.se\/opinion\/?s={search_term_string}\"},\"query-input\":\"required name=search_term_string\"}],\"inLanguage\":\"sv-SE\"},{\"@type\":\"Person\",\"@id\":\"https:\/\/jag.se\/opinion\/#\/schema\/person\/90dd15a2a47e0c05d666bd8dcc143c05\",\"name\":\"Alexander Alexandrov\",\"image\":{\"@type\":\"ImageObject\",\"inLanguage\":\"sv-SE\",\"@id\":\"https:\/\/jag.se\/opinion\/#\/schema\/person\/image\/\",\"url\":\"https:\/\/secure.gravatar.com\/avatar\/39974ed46e3cb66fe6760e4c288a2722aff8b0a328a2802a65dd6f31fe323990?s=96&d=mm&r=g\",\"contentUrl\":\"https:\/\/secure.gravatar.com\/avatar\/39974ed46e3cb66fe6760e4c288a2722aff8b0a328a2802a65dd6f31fe323990?s=96&d=mm&r=g\",\"caption\":\"Alexander Alexandrov\"},\"sameAs\":[\"https:\/\/jag.se\"]}]}<\/script>\n<!-- \/ Yoast SEO plugin. -->","yoast_head_json":{"title":"\u00c5rsm\u00f6te i Riksf\u00f6reningen JAG 4 maj 2019 - JAG Opinion","robots":{"index":"index","follow":"follow","max-snippet":"max-snippet:-1","max-image-preview":"max-image-preview:large","max-video-preview":"max-video-preview:-1"},"canonical":"https:\/\/jag.se\/opinion\/arsmote-i-riksforeningen-jag-4-maj-2019\/","og_locale":"sv_SE","og_type":"article","og_title":"\u00c5rsm\u00f6te i Riksf\u00f6reningen JAG 4 maj 2019 - JAG Opinion","og_description":"\u00c5rsm\u00f6tet \u00e4r f\u00f6reningens h\u00f6gsta beslutande organ och d\u00e4rmed \u00e5rets viktigaste m\u00f6te! P\u00e5 \u00e5rsm\u00f6tet f\u00e5r du veta vad som h\u00e4nde f\u00f6rra \u00e5ret och planerna f\u00f6r 2019. \u00c5rsm\u00f6tet \u00e4r \u00f6ppet f\u00f6r st\u00f6dmedlemmar i f\u00f6reningen men det \u00e4r endast fullv\u00e4rdiga medlemmar (med st\u00f6d av eventuell legal f\u00f6retr\u00e4dare) som f\u00e5r vara med och best\u00e4mma och utse styrelse och valberedning.","og_url":"https:\/\/jag.se\/opinion\/arsmote-i-riksforeningen-jag-4-maj-2019\/","og_site_name":"JAG Opinion","article_published_time":"2019-04-26T11:53:21+00:00","article_modified_time":"2022-03-18T15:42:46+00:00","og_image":[{"width":300,"height":300,"url":"https:\/\/jag.se\/wp-content\/uploads\/sites\/3\/2019\/04\/Magnus-och-Cecilia-arsmotet-2018-300x300-2.jpg","type":"image\/jpeg"}],"author":"Alexander Alexandrov","twitter_card":"summary_large_image","twitter_misc":{"Skriven av":"Alexander Alexandrov","Ber\u00e4knad l\u00e4stid":"1 minut"},"schema":{"@context":"https:\/\/schema.org","@graph":[{"@type":"WebPage","@id":"https:\/\/jag.se\/opinion\/arsmote-i-riksforeningen-jag-4-maj-2019\/","url":"https:\/\/jag.se\/opinion\/arsmote-i-riksforeningen-jag-4-maj-2019\/","name":"\u00c5rsm\u00f6te i Riksf\u00f6reningen JAG 4 maj 2019 - JAG Opinion","isPartOf":{"@id":"https:\/\/jag.se\/opinion\/#website"},"datePublished":"2019-04-26T11:53:21+00:00","dateModified":"2022-03-18T15:42:46+00:00","author":{"@id":"https:\/\/jag.se\/opinion\/#\/schema\/person\/90dd15a2a47e0c05d666bd8dcc143c05"},"breadcrumb":{"@id":"https:\/\/jag.se\/opinion\/arsmote-i-riksforeningen-jag-4-maj-2019\/#breadcrumb"},"inLanguage":"sv-SE","potentialAction":[{"@type":"ReadAction","target":["https:\/\/jag.se\/opinion\/arsmote-i-riksforeningen-jag-4-maj-2019\/"]}]},{"@type":"BreadcrumbList","@id":"https:\/\/jag.se\/opinion\/arsmote-i-riksforeningen-jag-4-maj-2019\/#breadcrumb","itemListElement":[{"@type":"ListItem","position":1,"name":"JAG start","item":"https:\/\/jag.se"},{"@type":"ListItem","position":2,"name":"Riksf\u00f6reningen JAG","item":"https:\/\/jag.se\/opinion\/"},{"@type":"ListItem","position":3,"name":"\u00c5rsm\u00f6te i Riksf\u00f6reningen JAG 4 maj 2019"}]},{"@type":"WebSite","@id":"https:\/\/jag.se\/opinion\/#website","url":"https:\/\/jag.se\/opinion\/","name":"JAG Opinion","description":"","potentialAction":[{"@type":"SearchAction","target":{"@type":"EntryPoint","urlTemplate":"https:\/\/jag.se\/opinion\/?s={search_term_string}"},"query-input":"required name=search_term_string"}],"inLanguage":"sv-SE"},{"@type":"Person","@id":"https:\/\/jag.se\/opinion\/#\/schema\/person\/90dd15a2a47e0c05d666bd8dcc143c05","name":"Alexander Alexandrov","image":{"@type":"ImageObject","inLanguage":"sv-SE","@id":"https:\/\/jag.se\/opinion\/#\/schema\/person\/image\/","url":"https:\/\/secure.gravatar.com\/avatar\/39974ed46e3cb66fe6760e4c288a2722aff8b0a328a2802a65dd6f31fe323990?s=96&d=mm&r=g","contentUrl":"https:\/\/secure.gravatar.com\/avatar\/39974ed46e3cb66fe6760e4c288a2722aff8b0a328a2802a65dd6f31fe323990?s=96&d=mm&r=g","caption":"Alexander Alexandrov"},"sameAs":["https:\/\/jag.se"]}]}},"_links":{"self":[{"href":"https:\/\/jag.se\/opinion\/wp-json\/wp\/v2\/posts\/2276","targetHints":{"allow":["GET"]}}],"collection":[{"href":"https:\/\/jag.se\/opinion\/wp-json\/wp\/v2\/posts"}],"about":[{"href":"https:\/\/jag.se\/opinion\/wp-json\/wp\/v2\/types\/post"}],"author":[{"embeddable":true,"href":"https:\/\/jag.se\/opinion\/wp-json\/wp\/v2\/users\/1"}],"replies":[{"embeddable":true,"href":"https:\/\/jag.se\/opinion\/wp-json\/wp\/v2\/comments?post=2276"}],"version-history":[{"count":1,"href":"https:\/\/jag.se\/opinion\/wp-json\/wp\/v2\/posts\/2276\/revisions"}],"predecessor-version":[{"id":2341,"href":"https:\/\/jag.se\/opinion\/wp-json\/wp\/v2\/posts\/2276\/revisions\/2341"}],"wp:featuredmedia":[{"embeddable":true,"href":"https:\/\/jag.se\/opinion\/wp-json\/wp\/v2\/media\/2340"}],"wp:attachment":[{"href":"https:\/\/jag.se\/opinion\/wp-json\/wp\/v2\/media?parent=2276"}],"wp:term":[{"taxonomy":"category","embeddable":true,"href":"https:\/\/jag.se\/opinion\/wp-json\/wp\/v2\/categories?post=2276"},{"taxonomy":"post_tag","embeddable":true,"href":"https:\/\/jag.se\/opinion\/wp-json\/wp\/v2\/tags?post=2276"}],"curies":[{"name":"wp","href":"https:\/\/api.w.org\/{rel}","templated":true}]}}