{"id":2284,"date":"2018-08-24T12:46:56","date_gmt":"2018-08-24T12:46:56","guid":{"rendered":"https:\/\/jag.se\/opinion\/visa-vagen-priset-kan-ga-till-foreningen-jag\/"},"modified":"2022-03-18T15:42:45","modified_gmt":"2022-03-18T15:42:45","slug":"visa-vagen-priset-kan-ga-till-foreningen-jag","status":"publish","type":"post","link":"https:\/\/jag.se\/opinion\/visa-vagen-priset-kan-ga-till-foreningen-jag\/","title":{"rendered":"Visa v\u00e4gen-priset kan g\u00e5 till F\u00f6reningen JAG"},"content":{"rendered":"<p>F\u00f6reningen JAG \u00e4r nominerad till Visa V\u00e4gen-priset i kategorin \u00c5rets arbetsgivare f\u00f6r att ha \u00f6ppnat arbetsmarknaden f\u00f6r personer med funktionsneds\u00e4ttning genom projektet Vi vill bidra.\u00a0\u00a0F\u00f6reningen JAG arbetar genom projektet &#8221;Vi vill bidra&#8221; f\u00f6r att personer med omfattande funktionsneds\u00e4ttningar ska f\u00e5 m\u00f6jlighet att komma ut i arbetslivet och p\u00e5 s\u00e5 s\u00e4tt bidra i samh\u00e4llet utifr\u00e5n sina f\u00f6ruts\u00e4ttningar. I projektet arbetar handledare med att st\u00f6tta deltagarna i att hitta arbetsplatser och sedan i det l\u00f6pande arbetet. De personer som deltar i projektet har tidigare haft daglig verksamhet eller ingen syssels\u00e4ttning alls och har st\u00e5tt l\u00e5ngt ifr\u00e5n arbetsmarknaden. Det \u00e4r personer som inte har m\u00f6jlighet till ett &#8221;vanligt&#8221; l\u00f6nearbete men som genom projektet f\u00e5r meningsfull syssels\u00e4ttning, och blir del av det sammanhang som det inneb\u00e4r att vara p\u00e5 en arbetsplats.\u00a0Den 31 augusti klockan 17.00 st\u00e4nger omr\u00f6stningen och vinnarna utses. Du har v\u00e4l inte missat att r\u00f6sta?<\/p>\n<p><a href=\"https:\/\/visavagen.samhall.se\/nominerade\/foreningen-jag\/\" target=\"_blank\" rel=\"noopener\">Jag vill vet mer om nomineringen och r\u00f6sta\u00a0<\/a><\/p>\n<p><a href=\"https:\/\/jag.se\/opinion\/vi-vill-bidra\/\">Jag vill veta mer om Vi vill bidra-projektet<\/a><\/p>\n<p>Inl\u00e4gget <a rel=\"nofollow\" href=\"https:\/\/jag.se\/opinion\/nominering-till-visa-vagen-priset\/\">Visa v\u00e4gen-priset kan g\u00e5 till F\u00f6reningen JAG<\/a> d\u00f6k f\u00f6rst upp p\u00e5 <a rel=\"nofollow\" href=\"https:\/\/jag.se\/opinion\">Riksf\u00f6reningen JAG<\/a>.<\/p>\n","protected":false},"excerpt":{"rendered":"<p>F\u00f6reningen JAG \u00e4r nominerad till Visa V\u00e4gen-priset i kategorin \u00c5rets arbetsgivare f\u00f6r att ha \u00f6ppnat arbetsmarknaden f\u00f6r personer med funktionsneds\u00e4ttning genom projektet Vi vill bidra.\u00a0\u00a0F\u00f6reningen JAG arbetar genom projektet &#8221;Vi vill bidra&#8221; f\u00f6r att personer med omfattande funktionsneds\u00e4ttningar ska f\u00e5 m\u00f6jlighet att komma ut i arbetslivet och p\u00e5 s\u00e5 s\u00e4tt bidra i samh\u00e4llet utifr\u00e5n sina<\/p>\n","protected":false},"author":1,"featured_media":2331,"comment_status":"closed","ping_status":"open","sticky":false,"template":"","format":"standard","meta":{"footnotes":""},"categories":[1],"tags":[],"class_list":["post-2284","post","type-post","status-publish","format-standard","has-post-thumbnail","hentry","category-uncategorized"],"acf":[],"yoast_head":"<!-- This site is optimized with the Yoast SEO plugin v21.3 - https:\/\/yoast.com\/wordpress\/plugins\/seo\/ -->\n<title>Visa v\u00e4gen-priset kan g\u00e5 till F\u00f6reningen JAG - JAG Opinion<\/title>\n<meta name=\"robots\" content=\"index, follow, max-snippet:-1, max-image-preview:large, max-video-preview:-1\" \/>\n<link rel=\"canonical\" href=\"https:\/\/jag.se\/opinion\/visa-vagen-priset-kan-ga-till-foreningen-jag\/\" \/>\n<meta property=\"og:locale\" content=\"sv_SE\" \/>\n<meta property=\"og:type\" content=\"article\" \/>\n<meta property=\"og:title\" content=\"Visa v\u00e4gen-priset kan g\u00e5 till F\u00f6reningen JAG - JAG Opinion\" \/>\n<meta property=\"og:description\" content=\"F\u00f6reningen JAG \u00e4r nominerad till Visa V\u00e4gen-priset i kategorin \u00c5rets arbetsgivare f\u00f6r att ha \u00f6ppnat arbetsmarknaden f\u00f6r personer med funktionsneds\u00e4ttning genom projektet Vi vill bidra.\u00a0\u00a0F\u00f6reningen JAG arbetar genom projektet &#8221;Vi vill bidra&#8221; f\u00f6r att personer med omfattande funktionsneds\u00e4ttningar ska f\u00e5 m\u00f6jlighet att komma ut i arbetslivet och p\u00e5 s\u00e5 s\u00e4tt bidra i samh\u00e4llet utifr\u00e5n sina\" \/>\n<meta property=\"og:url\" content=\"https:\/\/jag.se\/opinion\/visa-vagen-priset-kan-ga-till-foreningen-jag\/\" \/>\n<meta property=\"og:site_name\" content=\"JAG Opinion\" \/>\n<meta property=\"article:published_time\" content=\"2018-08-24T12:46:56+00:00\" \/>\n<meta property=\"article:modified_time\" content=\"2022-03-18T15:42:45+00:00\" \/>\n<meta property=\"og:image\" content=\"https:\/\/jag.se\/wp-content\/uploads\/sites\/3\/2018\/08\/vivillbidra-arvsfonden-150x150-2.png\" \/>\n\t<meta property=\"og:image:width\" content=\"150\" \/>\n\t<meta property=\"og:image:height\" content=\"150\" \/>\n\t<meta property=\"og:image:type\" content=\"image\/png\" \/>\n<meta name=\"author\" content=\"Alexander Alexandrov\" \/>\n<meta name=\"twitter:card\" content=\"summary_large_image\" \/>\n<meta name=\"twitter:label1\" content=\"Skriven av\" \/>\n\t<meta name=\"twitter:data1\" content=\"Alexander Alexandrov\" \/>\n\t<meta name=\"twitter:label2\" content=\"Ber\u00e4knad l\u00e4stid\" \/>\n\t<meta name=\"twitter:data2\" content=\"1 minut\" \/>\n<script type=\"application\/ld+json\" class=\"yoast-schema-graph\">{\"@context\":\"https:\/\/schema.org\",\"@graph\":[{\"@type\":\"WebPage\",\"@id\":\"https:\/\/jag.se\/opinion\/visa-vagen-priset-kan-ga-till-foreningen-jag\/\",\"url\":\"https:\/\/jag.se\/opinion\/visa-vagen-priset-kan-ga-till-foreningen-jag\/\",\"name\":\"Visa v\u00e4gen-priset kan g\u00e5 till F\u00f6reningen JAG - JAG Opinion\",\"isPartOf\":{\"@id\":\"https:\/\/jag.se\/opinion\/#website\"},\"datePublished\":\"2018-08-24T12:46:56+00:00\",\"dateModified\":\"2022-03-18T15:42:45+00:00\",\"author\":{\"@id\":\"https:\/\/jag.se\/opinion\/#\/schema\/person\/42ca7c4b556b837c35d83ffe97aa92c0\"},\"breadcrumb\":{\"@id\":\"https:\/\/jag.se\/opinion\/visa-vagen-priset-kan-ga-till-foreningen-jag\/#breadcrumb\"},\"inLanguage\":\"sv-SE\",\"potentialAction\":[{\"@type\":\"ReadAction\",\"target\":[\"https:\/\/jag.se\/opinion\/visa-vagen-priset-kan-ga-till-foreningen-jag\/\"]}]},{\"@type\":\"BreadcrumbList\",\"@id\":\"https:\/\/jag.se\/opinion\/visa-vagen-priset-kan-ga-till-foreningen-jag\/#breadcrumb\",\"itemListElement\":[{\"@type\":\"ListItem\",\"position\":1,\"name\":\"JAG start\",\"item\":\"https:\/\/jag.se\"},{\"@type\":\"ListItem\",\"position\":2,\"name\":\"Riksf\u00f6reningen JAG\",\"item\":\"https:\/\/jag.se\/opinion\/\"},{\"@type\":\"ListItem\",\"position\":3,\"name\":\"Visa v\u00e4gen-priset kan g\u00e5 till F\u00f6reningen JAG\"}]},{\"@type\":\"WebSite\",\"@id\":\"https:\/\/jag.se\/opinion\/#website\",\"url\":\"https:\/\/jag.se\/opinion\/\",\"name\":\"JAG Opinion\",\"description\":\"\",\"potentialAction\":[{\"@type\":\"SearchAction\",\"target\":{\"@type\":\"EntryPoint\",\"urlTemplate\":\"https:\/\/jag.se\/opinion\/?s={search_term_string}\"},\"query-input\":\"required name=search_term_string\"}],\"inLanguage\":\"sv-SE\"},{\"@type\":\"Person\",\"@id\":\"https:\/\/jag.se\/opinion\/#\/schema\/person\/42ca7c4b556b837c35d83ffe97aa92c0\",\"name\":\"Alexander Alexandrov\",\"image\":{\"@type\":\"ImageObject\",\"inLanguage\":\"sv-SE\",\"@id\":\"https:\/\/jag.se\/opinion\/#\/schema\/person\/image\/\",\"url\":\"https:\/\/secure.gravatar.com\/avatar\/39974ed46e3cb66fe6760e4c288a2722aff8b0a328a2802a65dd6f31fe323990?s=96&d=mm&r=g\",\"contentUrl\":\"https:\/\/secure.gravatar.com\/avatar\/39974ed46e3cb66fe6760e4c288a2722aff8b0a328a2802a65dd6f31fe323990?s=96&d=mm&r=g\",\"caption\":\"Alexander Alexandrov\"},\"sameAs\":[\"https:\/\/jag.se\"]}]}<\/script>\n<!-- \/ Yoast SEO plugin. -->","yoast_head_json":{"title":"Visa v\u00e4gen-priset kan g\u00e5 till F\u00f6reningen JAG - JAG Opinion","robots":{"index":"index","follow":"follow","max-snippet":"max-snippet:-1","max-image-preview":"max-image-preview:large","max-video-preview":"max-video-preview:-1"},"canonical":"https:\/\/jag.se\/opinion\/visa-vagen-priset-kan-ga-till-foreningen-jag\/","og_locale":"sv_SE","og_type":"article","og_title":"Visa v\u00e4gen-priset kan g\u00e5 till F\u00f6reningen JAG - JAG Opinion","og_description":"F\u00f6reningen JAG \u00e4r nominerad till Visa V\u00e4gen-priset i kategorin \u00c5rets arbetsgivare f\u00f6r att ha \u00f6ppnat arbetsmarknaden f\u00f6r personer med funktionsneds\u00e4ttning genom projektet Vi vill bidra.\u00a0\u00a0F\u00f6reningen JAG arbetar genom projektet &#8221;Vi vill bidra&#8221; f\u00f6r att personer med omfattande funktionsneds\u00e4ttningar ska f\u00e5 m\u00f6jlighet att komma ut i arbetslivet och p\u00e5 s\u00e5 s\u00e4tt bidra i samh\u00e4llet utifr\u00e5n sina","og_url":"https:\/\/jag.se\/opinion\/visa-vagen-priset-kan-ga-till-foreningen-jag\/","og_site_name":"JAG Opinion","article_published_time":"2018-08-24T12:46:56+00:00","article_modified_time":"2022-03-18T15:42:45+00:00","og_image":[{"width":150,"height":150,"url":"https:\/\/jag.se\/wp-content\/uploads\/sites\/3\/2018\/08\/vivillbidra-arvsfonden-150x150-2.png","type":"image\/png"}],"author":"Alexander Alexandrov","twitter_card":"summary_large_image","twitter_misc":{"Skriven av":"Alexander Alexandrov","Ber\u00e4knad l\u00e4stid":"1 minut"},"schema":{"@context":"https:\/\/schema.org","@graph":[{"@type":"WebPage","@id":"https:\/\/jag.se\/opinion\/visa-vagen-priset-kan-ga-till-foreningen-jag\/","url":"https:\/\/jag.se\/opinion\/visa-vagen-priset-kan-ga-till-foreningen-jag\/","name":"Visa v\u00e4gen-priset kan g\u00e5 till F\u00f6reningen JAG - JAG Opinion","isPartOf":{"@id":"https:\/\/jag.se\/opinion\/#website"},"datePublished":"2018-08-24T12:46:56+00:00","dateModified":"2022-03-18T15:42:45+00:00","author":{"@id":"https:\/\/jag.se\/opinion\/#\/schema\/person\/42ca7c4b556b837c35d83ffe97aa92c0"},"breadcrumb":{"@id":"https:\/\/jag.se\/opinion\/visa-vagen-priset-kan-ga-till-foreningen-jag\/#breadcrumb"},"inLanguage":"sv-SE","potentialAction":[{"@type":"ReadAction","target":["https:\/\/jag.se\/opinion\/visa-vagen-priset-kan-ga-till-foreningen-jag\/"]}]},{"@type":"BreadcrumbList","@id":"https:\/\/jag.se\/opinion\/visa-vagen-priset-kan-ga-till-foreningen-jag\/#breadcrumb","itemListElement":[{"@type":"ListItem","position":1,"name":"JAG start","item":"https:\/\/jag.se"},{"@type":"ListItem","position":2,"name":"Riksf\u00f6reningen JAG","item":"https:\/\/jag.se\/opinion\/"},{"@type":"ListItem","position":3,"name":"Visa v\u00e4gen-priset kan g\u00e5 till F\u00f6reningen JAG"}]},{"@type":"WebSite","@id":"https:\/\/jag.se\/opinion\/#website","url":"https:\/\/jag.se\/opinion\/","name":"JAG Opinion","description":"","potentialAction":[{"@type":"SearchAction","target":{"@type":"EntryPoint","urlTemplate":"https:\/\/jag.se\/opinion\/?s={search_term_string}"},"query-input":"required name=search_term_string"}],"inLanguage":"sv-SE"},{"@type":"Person","@id":"https:\/\/jag.se\/opinion\/#\/schema\/person\/42ca7c4b556b837c35d83ffe97aa92c0","name":"Alexander Alexandrov","image":{"@type":"ImageObject","inLanguage":"sv-SE","@id":"https:\/\/jag.se\/opinion\/#\/schema\/person\/image\/","url":"https:\/\/secure.gravatar.com\/avatar\/39974ed46e3cb66fe6760e4c288a2722aff8b0a328a2802a65dd6f31fe323990?s=96&d=mm&r=g","contentUrl":"https:\/\/secure.gravatar.com\/avatar\/39974ed46e3cb66fe6760e4c288a2722aff8b0a328a2802a65dd6f31fe323990?s=96&d=mm&r=g","caption":"Alexander Alexandrov"},"sameAs":["https:\/\/jag.se"]}]}},"_links":{"self":[{"href":"https:\/\/jag.se\/opinion\/wp-json\/wp\/v2\/posts\/2284","targetHints":{"allow":["GET"]}}],"collection":[{"href":"https:\/\/jag.se\/opinion\/wp-json\/wp\/v2\/posts"}],"about":[{"href":"https:\/\/jag.se\/opinion\/wp-json\/wp\/v2\/types\/post"}],"author":[{"embeddable":true,"href":"https:\/\/jag.se\/opinion\/wp-json\/wp\/v2\/users\/1"}],"replies":[{"embeddable":true,"href":"https:\/\/jag.se\/opinion\/wp-json\/wp\/v2\/comments?post=2284"}],"version-history":[{"count":1,"href":"https:\/\/jag.se\/opinion\/wp-json\/wp\/v2\/posts\/2284\/revisions"}],"predecessor-version":[{"id":2332,"href":"https:\/\/jag.se\/opinion\/wp-json\/wp\/v2\/posts\/2284\/revisions\/2332"}],"wp:featuredmedia":[{"embeddable":true,"href":"https:\/\/jag.se\/opinion\/wp-json\/wp\/v2\/media\/2331"}],"wp:attachment":[{"href":"https:\/\/jag.se\/opinion\/wp-json\/wp\/v2\/media?parent=2284"}],"wp:term":[{"taxonomy":"category","embeddable":true,"href":"https:\/\/jag.se\/opinion\/wp-json\/wp\/v2\/categories?post=2284"},{"taxonomy":"post_tag","embeddable":true,"href":"https:\/\/jag.se\/opinion\/wp-json\/wp\/v2\/tags?post=2284"}],"curies":[{"name":"wp","href":"https:\/\/api.w.org\/{rel}","templated":true}]}}