{"id":2285,"date":"2018-05-09T10:10:54","date_gmt":"2018-05-09T10:10:54","guid":{"rendered":"https:\/\/jag.se\/opinion\/din-berattelse-behovs\/"},"modified":"2022-03-18T15:42:45","modified_gmt":"2022-03-18T15:42:45","slug":"din-berattelse-behovs","status":"publish","type":"post","link":"https:\/\/jag.se\/opinion\/din-berattelse-behovs\/","title":{"rendered":"Din ber\u00e4ttelse beh\u00f6vs"},"content":{"rendered":"<p>n#innant\u00e5getg\u00e5r<br \/>n#iam<br \/>nDen 18\/5 genomf\u00f6r vi en manifestation p\u00e5 Centralstationen i\u00a0Stockholm. D\u00e4r f\u00e5r medlemmar i JAG och STIL (och \u00e4ven andra\u00a0assistansanv\u00e4ndare) l\u00e4sa upp en kort ber\u00e4ttelse om vad assistansen\u00a0betyder, \u00e4ven personer som mist sin assistans.<\/p>\n<p>Rubriken p\u00e5 aktionen \u00e4r \u201dinnan t\u00e5get g\u00e5r\u201d och vi genomf\u00f6r den\u00a0tillsammans med STIL. De som inte vill eller kan l\u00e4sa upp sina\u00a0ber\u00e4ttelser sj\u00e4lva (eller med hj\u00e4lp av f\u00f6retr\u00e4dare\/assistent) kommer\u00a0f\u00e5 hj\u00e4lp av professionell sk\u00e5despelare att l\u00e4sa upp sin ber\u00e4ttelse.<br \/>nPlats: Stockholm central (vid rulltrapporna till v\u00e4nster om en g\u00e5r in\u00a0fr\u00e5n Vasagatan)<\/p>\n<p><strong>Tid f\u00f6r uppl\u00e4sning av ber\u00e4ttelser:<\/strong><br \/>n11.15 \u2013 11.30 12.15 \u2013 12.30 13.15 \u2013 13.30<br \/>n14.15 \u2013 14.30 15.15 \u2013 15.30 16.15 \u2013 16.30<br \/>n17.15 \u2013 17.30<\/p>\n<p><strong>Vi beh\u00f6ver din ber\u00e4ttelse!<\/strong><br \/>nMejla din ber\u00e4ttelse till <a href=\"mailto:info@jag.se\">info@jag.se<\/a><br \/>nL\u00e4ngd: 250\u2013300 ord (motsvarar ca 2 minuters tal). Ber\u00e4ttelsen kan\u00a0antingen beskriva vad assistansen m\u00f6jligg\u00f6r \u2013 vem du \u00e4r \u2013 eller vilket\u00a0liv som du har f\u00f6rlorat p\u00e5 grund av indragen assistans. Alla ber\u00e4ttelser\u00a0publiceras p\u00e5 hemsidan.<\/p>\n<p>JAGs lokaler p\u00e5 Klara S\u00f6dra kyrkogata 1 (ca 5 minuter fr\u00e5n Centralstationen)\u00a0\u00e4r \u00f6ppna hela dagen. Det bjuds p\u00e5 enkel f\u00f6rt\u00e4ring och d\u00e4r\u00a0finns tillg\u00e4ngliga toaletter (med lyft och brits) och vilrum vid behov.<br \/>nMedia bjuds in. Alla uppl\u00e4sningar kommer att spelas in och\/eller l\u00e4ggas\u00a0ut p\u00e5 hemsidan\u00a0<a href=\"https:\/\/iamstories.se\/\" target=\"_blank\" rel=\"noopener\">iamstories.se<\/a><\/p>\n<p>Vill du bara vara med och lyssna g\u00e5r det f\u00f6rst\u00e5s ocks\u00e5 bra. Alla \u00e4r v\u00e4lkomna!<br \/>nF\u00f6r mer information, prata med Kerstin Sellin, 08-789 30 00.<\/p>\n<p>Inl\u00e4gget <a rel=\"nofollow\" href=\"https:\/\/jag.se\/opinion\/din-berattelse-behovs\/\">Din ber\u00e4ttelse beh\u00f6vs<\/a> d\u00f6k f\u00f6rst upp p\u00e5 <a rel=\"nofollow\" href=\"https:\/\/jag.se\/opinion\">Riksf\u00f6reningen JAG<\/a>.<\/p>\n","protected":false},"excerpt":{"rendered":"<p>n#innant\u00e5getg\u00e5rn#iamnDen 18\/5 genomf\u00f6r vi en manifestation p\u00e5 Centralstationen i\u00a0Stockholm. D\u00e4r f\u00e5r medlemmar i JAG och STIL (och \u00e4ven andra\u00a0assistansanv\u00e4ndare) l\u00e4sa upp en kort ber\u00e4ttelse om vad assistansen\u00a0betyder, \u00e4ven personer som mist sin assistans. Rubriken p\u00e5 aktionen \u00e4r \u201dinnan t\u00e5get g\u00e5r\u201d och vi genomf\u00f6r den\u00a0tillsammans med STIL. De som inte vill eller kan l\u00e4sa upp sina\u00a0ber\u00e4ttelser<\/p>\n","protected":false},"author":1,"featured_media":2329,"comment_status":"closed","ping_status":"open","sticky":false,"template":"","format":"standard","meta":{"footnotes":""},"categories":[1],"tags":[],"class_list":["post-2285","post","type-post","status-publish","format-standard","has-post-thumbnail","hentry","category-uncategorized"],"acf":[],"yoast_head":"<!-- This site is optimized with the Yoast SEO plugin v21.3 - https:\/\/yoast.com\/wordpress\/plugins\/seo\/ -->\n<title>Din ber\u00e4ttelse beh\u00f6vs - JAG Opinion<\/title>\n<meta name=\"robots\" content=\"index, follow, max-snippet:-1, max-image-preview:large, max-video-preview:-1\" \/>\n<link rel=\"canonical\" href=\"https:\/\/jag.se\/opinion\/din-berattelse-behovs\/\" \/>\n<meta property=\"og:locale\" content=\"sv_SE\" \/>\n<meta property=\"og:type\" content=\"article\" \/>\n<meta property=\"og:title\" content=\"Din ber\u00e4ttelse beh\u00f6vs - JAG Opinion\" \/>\n<meta property=\"og:description\" content=\"n#innant\u00e5getg\u00e5rn#iamnDen 18\/5 genomf\u00f6r vi en manifestation p\u00e5 Centralstationen i\u00a0Stockholm. D\u00e4r f\u00e5r medlemmar i JAG och STIL (och \u00e4ven andra\u00a0assistansanv\u00e4ndare) l\u00e4sa upp en kort ber\u00e4ttelse om vad assistansen\u00a0betyder, \u00e4ven personer som mist sin assistans. Rubriken p\u00e5 aktionen \u00e4r \u201dinnan t\u00e5get g\u00e5r\u201d och vi genomf\u00f6r den\u00a0tillsammans med STIL. De som inte vill eller kan l\u00e4sa upp sina\u00a0ber\u00e4ttelser\" \/>\n<meta property=\"og:url\" content=\"https:\/\/jag.se\/opinion\/din-berattelse-behovs\/\" \/>\n<meta property=\"og:site_name\" content=\"JAG Opinion\" \/>\n<meta property=\"article:published_time\" content=\"2018-05-09T10:10:54+00:00\" \/>\n<meta property=\"article:modified_time\" content=\"2022-03-18T15:42:45+00:00\" \/>\n<meta property=\"og:image\" content=\"https:\/\/jag.se\/wp-content\/uploads\/sites\/3\/2018\/05\/iam-stories-300x104-2.png\" \/>\n\t<meta property=\"og:image:width\" content=\"300\" \/>\n\t<meta property=\"og:image:height\" content=\"104\" \/>\n\t<meta property=\"og:image:type\" content=\"image\/png\" \/>\n<meta name=\"author\" content=\"Alexander Alexandrov\" \/>\n<meta name=\"twitter:card\" content=\"summary_large_image\" \/>\n<meta name=\"twitter:label1\" content=\"Skriven av\" \/>\n\t<meta name=\"twitter:data1\" content=\"Alexander Alexandrov\" \/>\n\t<meta name=\"twitter:label2\" content=\"Ber\u00e4knad l\u00e4stid\" \/>\n\t<meta name=\"twitter:data2\" content=\"1 minut\" \/>\n<script type=\"application\/ld+json\" class=\"yoast-schema-graph\">{\"@context\":\"https:\/\/schema.org\",\"@graph\":[{\"@type\":\"WebPage\",\"@id\":\"https:\/\/jag.se\/opinion\/din-berattelse-behovs\/\",\"url\":\"https:\/\/jag.se\/opinion\/din-berattelse-behovs\/\",\"name\":\"Din ber\u00e4ttelse beh\u00f6vs - JAG Opinion\",\"isPartOf\":{\"@id\":\"https:\/\/jag.se\/opinion\/#website\"},\"datePublished\":\"2018-05-09T10:10:54+00:00\",\"dateModified\":\"2022-03-18T15:42:45+00:00\",\"author\":{\"@id\":\"https:\/\/jag.se\/opinion\/#\/schema\/person\/90dd15a2a47e0c05d666bd8dcc143c05\"},\"breadcrumb\":{\"@id\":\"https:\/\/jag.se\/opinion\/din-berattelse-behovs\/#breadcrumb\"},\"inLanguage\":\"sv-SE\",\"potentialAction\":[{\"@type\":\"ReadAction\",\"target\":[\"https:\/\/jag.se\/opinion\/din-berattelse-behovs\/\"]}]},{\"@type\":\"BreadcrumbList\",\"@id\":\"https:\/\/jag.se\/opinion\/din-berattelse-behovs\/#breadcrumb\",\"itemListElement\":[{\"@type\":\"ListItem\",\"position\":1,\"name\":\"JAG start\",\"item\":\"https:\/\/jag.se\"},{\"@type\":\"ListItem\",\"position\":2,\"name\":\"Riksf\u00f6reningen JAG\",\"item\":\"https:\/\/jag.se\/opinion\/\"},{\"@type\":\"ListItem\",\"position\":3,\"name\":\"Din ber\u00e4ttelse beh\u00f6vs\"}]},{\"@type\":\"WebSite\",\"@id\":\"https:\/\/jag.se\/opinion\/#website\",\"url\":\"https:\/\/jag.se\/opinion\/\",\"name\":\"JAG Opinion\",\"description\":\"\",\"potentialAction\":[{\"@type\":\"SearchAction\",\"target\":{\"@type\":\"EntryPoint\",\"urlTemplate\":\"https:\/\/jag.se\/opinion\/?s={search_term_string}\"},\"query-input\":\"required name=search_term_string\"}],\"inLanguage\":\"sv-SE\"},{\"@type\":\"Person\",\"@id\":\"https:\/\/jag.se\/opinion\/#\/schema\/person\/90dd15a2a47e0c05d666bd8dcc143c05\",\"name\":\"Alexander Alexandrov\",\"image\":{\"@type\":\"ImageObject\",\"inLanguage\":\"sv-SE\",\"@id\":\"https:\/\/jag.se\/opinion\/#\/schema\/person\/image\/\",\"url\":\"https:\/\/secure.gravatar.com\/avatar\/39974ed46e3cb66fe6760e4c288a2722aff8b0a328a2802a65dd6f31fe323990?s=96&d=mm&r=g\",\"contentUrl\":\"https:\/\/secure.gravatar.com\/avatar\/39974ed46e3cb66fe6760e4c288a2722aff8b0a328a2802a65dd6f31fe323990?s=96&d=mm&r=g\",\"caption\":\"Alexander Alexandrov\"},\"sameAs\":[\"https:\/\/jag.se\"]}]}<\/script>\n<!-- \/ Yoast SEO plugin. -->","yoast_head_json":{"title":"Din ber\u00e4ttelse beh\u00f6vs - JAG Opinion","robots":{"index":"index","follow":"follow","max-snippet":"max-snippet:-1","max-image-preview":"max-image-preview:large","max-video-preview":"max-video-preview:-1"},"canonical":"https:\/\/jag.se\/opinion\/din-berattelse-behovs\/","og_locale":"sv_SE","og_type":"article","og_title":"Din ber\u00e4ttelse beh\u00f6vs - JAG Opinion","og_description":"n#innant\u00e5getg\u00e5rn#iamnDen 18\/5 genomf\u00f6r vi en manifestation p\u00e5 Centralstationen i\u00a0Stockholm. D\u00e4r f\u00e5r medlemmar i JAG och STIL (och \u00e4ven andra\u00a0assistansanv\u00e4ndare) l\u00e4sa upp en kort ber\u00e4ttelse om vad assistansen\u00a0betyder, \u00e4ven personer som mist sin assistans. Rubriken p\u00e5 aktionen \u00e4r \u201dinnan t\u00e5get g\u00e5r\u201d och vi genomf\u00f6r den\u00a0tillsammans med STIL. De som inte vill eller kan l\u00e4sa upp sina\u00a0ber\u00e4ttelser","og_url":"https:\/\/jag.se\/opinion\/din-berattelse-behovs\/","og_site_name":"JAG Opinion","article_published_time":"2018-05-09T10:10:54+00:00","article_modified_time":"2022-03-18T15:42:45+00:00","og_image":[{"width":300,"height":104,"url":"https:\/\/jag.se\/wp-content\/uploads\/sites\/3\/2018\/05\/iam-stories-300x104-2.png","type":"image\/png"}],"author":"Alexander Alexandrov","twitter_card":"summary_large_image","twitter_misc":{"Skriven av":"Alexander Alexandrov","Ber\u00e4knad l\u00e4stid":"1 minut"},"schema":{"@context":"https:\/\/schema.org","@graph":[{"@type":"WebPage","@id":"https:\/\/jag.se\/opinion\/din-berattelse-behovs\/","url":"https:\/\/jag.se\/opinion\/din-berattelse-behovs\/","name":"Din ber\u00e4ttelse beh\u00f6vs - JAG Opinion","isPartOf":{"@id":"https:\/\/jag.se\/opinion\/#website"},"datePublished":"2018-05-09T10:10:54+00:00","dateModified":"2022-03-18T15:42:45+00:00","author":{"@id":"https:\/\/jag.se\/opinion\/#\/schema\/person\/90dd15a2a47e0c05d666bd8dcc143c05"},"breadcrumb":{"@id":"https:\/\/jag.se\/opinion\/din-berattelse-behovs\/#breadcrumb"},"inLanguage":"sv-SE","potentialAction":[{"@type":"ReadAction","target":["https:\/\/jag.se\/opinion\/din-berattelse-behovs\/"]}]},{"@type":"BreadcrumbList","@id":"https:\/\/jag.se\/opinion\/din-berattelse-behovs\/#breadcrumb","itemListElement":[{"@type":"ListItem","position":1,"name":"JAG start","item":"https:\/\/jag.se"},{"@type":"ListItem","position":2,"name":"Riksf\u00f6reningen JAG","item":"https:\/\/jag.se\/opinion\/"},{"@type":"ListItem","position":3,"name":"Din ber\u00e4ttelse beh\u00f6vs"}]},{"@type":"WebSite","@id":"https:\/\/jag.se\/opinion\/#website","url":"https:\/\/jag.se\/opinion\/","name":"JAG Opinion","description":"","potentialAction":[{"@type":"SearchAction","target":{"@type":"EntryPoint","urlTemplate":"https:\/\/jag.se\/opinion\/?s={search_term_string}"},"query-input":"required name=search_term_string"}],"inLanguage":"sv-SE"},{"@type":"Person","@id":"https:\/\/jag.se\/opinion\/#\/schema\/person\/90dd15a2a47e0c05d666bd8dcc143c05","name":"Alexander Alexandrov","image":{"@type":"ImageObject","inLanguage":"sv-SE","@id":"https:\/\/jag.se\/opinion\/#\/schema\/person\/image\/","url":"https:\/\/secure.gravatar.com\/avatar\/39974ed46e3cb66fe6760e4c288a2722aff8b0a328a2802a65dd6f31fe323990?s=96&d=mm&r=g","contentUrl":"https:\/\/secure.gravatar.com\/avatar\/39974ed46e3cb66fe6760e4c288a2722aff8b0a328a2802a65dd6f31fe323990?s=96&d=mm&r=g","caption":"Alexander Alexandrov"},"sameAs":["https:\/\/jag.se"]}]}},"_links":{"self":[{"href":"https:\/\/jag.se\/opinion\/wp-json\/wp\/v2\/posts\/2285","targetHints":{"allow":["GET"]}}],"collection":[{"href":"https:\/\/jag.se\/opinion\/wp-json\/wp\/v2\/posts"}],"about":[{"href":"https:\/\/jag.se\/opinion\/wp-json\/wp\/v2\/types\/post"}],"author":[{"embeddable":true,"href":"https:\/\/jag.se\/opinion\/wp-json\/wp\/v2\/users\/1"}],"replies":[{"embeddable":true,"href":"https:\/\/jag.se\/opinion\/wp-json\/wp\/v2\/comments?post=2285"}],"version-history":[{"count":1,"href":"https:\/\/jag.se\/opinion\/wp-json\/wp\/v2\/posts\/2285\/revisions"}],"predecessor-version":[{"id":2330,"href":"https:\/\/jag.se\/opinion\/wp-json\/wp\/v2\/posts\/2285\/revisions\/2330"}],"wp:featuredmedia":[{"embeddable":true,"href":"https:\/\/jag.se\/opinion\/wp-json\/wp\/v2\/media\/2329"}],"wp:attachment":[{"href":"https:\/\/jag.se\/opinion\/wp-json\/wp\/v2\/media?parent=2285"}],"wp:term":[{"taxonomy":"category","embeddable":true,"href":"https:\/\/jag.se\/opinion\/wp-json\/wp\/v2\/categories?post=2285"},{"taxonomy":"post_tag","embeddable":true,"href":"https:\/\/jag.se\/opinion\/wp-json\/wp\/v2\/tags?post=2285"}],"curies":[{"name":"wp","href":"https:\/\/api.w.org\/{rel}","templated":true}]}}