{"id":2286,"date":"2018-05-08T14:08:02","date_gmt":"2018-05-08T14:08:02","guid":{"rendered":"https:\/\/jag.se\/opinion\/vilken-arsmoteshelg\/"},"modified":"2022-03-18T15:42:44","modified_gmt":"2022-03-18T15:42:44","slug":"vilken-arsmoteshelg","status":"publish","type":"post","link":"https:\/\/jag.se\/opinion\/vilken-arsmoteshelg\/","title":{"rendered":"Vilken \u00e5rsm\u00f6teshelg!"},"content":{"rendered":"<p>Riksf\u00f6reningen JAG \u00e4r en f\u00f6rening rik p\u00e5 gl\u00e4dje, kommunikationsvariation, funktionsvariation, k\u00e4mpargl\u00f6d och mycket mera. Klart att \u00e5rsm\u00f6teshelgen blir full av inspirerande m\u00e4nniskom\u00f6ten med k\u00e4nda, ok\u00e4nda och v\u00e4lk\u00e4nda.<br \/>nJag tror ingen kan undg\u00e5 kraften som finns! Den smittar politikerna som kom, personalen p\u00e5 konferensavdelningen, f\u00f6rel\u00e4sare, musiker ja, alla! Pausdans under en politikerdebatt, bara en s\u00e5n sak? Och mitt i detta myller av m\u00e4nniskor sprids en v\u00e4rme s\u00e5 p\u00e5taglig att den k\u00e4nns in p\u00e5 bara huden. \u00c5rsm\u00f6tesv\u00e4rme nej, det \u00e4r JAG-v\u00e4rme, den som f\u00f6ds av det vi har gemensamt och struntar i det som \u00e4r olikt. Den k\u00e4nns d\u00e4r JAGare m\u00f6ts, p\u00e5 f\u00f6reningsm\u00f6ten, manifestationer, Almedalen eller p\u00e5 en vanlig onsdagsfika p\u00e5 Jossans caf\u00e9. Unna dig m\u00e5nga m\u00e4nniskom\u00f6ten, mitt i alla variationer finns massor av m\u00f6jligheter!<\/p>\n<p><a href=\"https:\/\/jag.se\/opinion\/aktuellt-3\/#1488881996416-a473e089-f439\">Uttalanden p\u00e5 F\u00f6reningen JAGs \u00e5rsm\u00f6te<\/a><\/p>\n<img decoding=\"async\" aria-describedby=\"caption-attachment-101936\" loading=\"lazy\" class=\"wp-image-101936\" src=\"https:\/\/jag-se-dev.azurewebsites.net\/wp-content\/uploads\/sites\/3\/2018\/05\/\u00e5rsm\u00f6te2018DSC_8172-300x200.jpg\" alt=\"\" width=\"600\" height=\"400\" \/>\n<p id=\"caption-attachment-101936\" class=\"wp-caption-text\">Ordf\u00f6rande Magnus And\u00e9n och Cecilia Blanck.<\/p>\n<img decoding=\"async\" aria-describedby=\"caption-attachment-101906\" loading=\"lazy\" class=\"wp-image-101906\" src=\"https:\/\/jag-se-dev.azurewebsites.net\/wp-content\/uploads\/sites\/3\/2018\/05\/IMG_1873-1024x768.jpg\" alt=\"\" width=\"600\" height=\"450\" \/>\n<p id=\"caption-attachment-101906\" class=\"wp-caption-text\">JAG-bandets dans innan politikerdebatten. Jag vill, jag kan, jag g\u00f6r skillnad!<\/p>\n<img decoding=\"async\" aria-describedby=\"caption-attachment-101937\" loading=\"lazy\" class=\"wp-image-101937\" src=\"https:\/\/jag-se-dev.azurewebsites.net\/wp-content\/uploads\/sites\/3\/2018\/05\/\u00e5rsm\u00f6te2018DSC_8186-300x200.jpg\" alt=\"\" width=\"600\" height=\"400\" \/>\n<p id=\"caption-attachment-101937\" class=\"wp-caption-text\">Politikerdebattens deltagare, fr\u00e5n v\u00e4nster: Matilda Ekeblad (MUF), Joar Forssell (LUF), Sabina Jansson (KDU), Olle Romlin(CUF), Haroon Bayani (Ungsvenskarna).<\/p>\n<img decoding=\"async\" aria-describedby=\"caption-attachment-101920\" loading=\"lazy\" class=\"wp-image-101920\" src=\"https:\/\/jag-se-dev.azurewebsites.net\/wp-content\/uploads\/sites\/3\/2018\/05\/IMG_1889-300x225.jpg\" alt=\"\" width=\"600\" height=\"450\" \/>\n<p id=\"caption-attachment-101920\" class=\"wp-caption-text\">Mentimeterunders\u00f6kning bland medlemmarna p\u00e5 plats. H\u00e4r svaret p\u00e5 fr\u00e5gan &#8211; vad betyder personlig assistans f\u00f6r dig? Ju fler som svarat samma sak desto st\u00f6rre blir det ordet i ordmolnet.<\/p>\n<img decoding=\"async\" aria-describedby=\"caption-attachment-101905\" loading=\"lazy\" class=\"wp-image-101905\" src=\"https:\/\/jag-se-dev.azurewebsites.net\/wp-content\/uploads\/sites\/3\/2018\/05\/\u00e5rsm\u00f6te2018DSC_8243-300x200.jpg\" alt=\"\" width=\"600\" height=\"400\" \/>\n<p id=\"caption-attachment-101905\" class=\"wp-caption-text\">En h\u00e4lsning fr\u00e5n Finland med Victor och Karl-Johan Lehtinen.<\/p>\n<img decoding=\"async\" aria-describedby=\"caption-attachment-101942\" loading=\"lazy\" class=\"wp-image-101942\" src=\"https:\/\/jag-se-dev.azurewebsites.net\/wp-content\/uploads\/sites\/3\/2018\/05\/\u00e5rsm\u00f6te2018DSC_8246-300x200.jpg\" alt=\"\" width=\"600\" height=\"400\" \/>\n<p id=\"caption-attachment-101942\" class=\"wp-caption-text\">Och en h\u00e4lsning fr\u00e5n Norge med Elin och Anne Frogner.<\/p>\n<img decoding=\"async\" aria-describedby=\"caption-attachment-101946\" loading=\"lazy\" class=\"wp-image-101946\" src=\"https:\/\/jag-se-dev.azurewebsites.net\/wp-content\/uploads\/sites\/3\/2018\/05\/\u00e5rsm\u00f6teDSC_8247-300x200.jpg\" alt=\"\" width=\"600\" height=\"400\" \/>\n<p id=\"caption-attachment-101946\" class=\"wp-caption-text\">Isak Herlitz Ryderg\u00e5rd avtackades eftersom han valt att l\u00e4mna styrelsen.<\/p>\n<img decoding=\"async\" aria-describedby=\"caption-attachment-101948\" loading=\"lazy\" class=\"wp-image-101948\" src=\"https:\/\/jag-se-dev.azurewebsites.net\/wp-content\/uploads\/sites\/3\/2018\/05\/\u00e5rsm\u00f6te2018DSC_8337-300x200.jpg\" alt=\"\" width=\"600\" height=\"400\" \/>\n<p id=\"caption-attachment-101948\" class=\"wp-caption-text\">Matilda Svensson Chowdhury och Hans Knutsson gav hopp &#8211; en hel arm\u00e9 av forskare st\u00e5r upp f\u00f6r den personliga assistansen.<\/p>\n<p>[\/vc_column_text][\/vc_column][\/vc_row]<\/p>\n<p>n\t<\/p>\n<p>n\t\t<\/p>\n<p>n\t\t\tn\t\t\t<\/p>\n<p>Inl\u00e4gget <a rel=\"nofollow\" href=\"https:\/\/jag.se\/opinion\/vilken-armoteshelg\/\">Vilken \u00e5rsm\u00f6teshelg!<\/a> d\u00f6k f\u00f6rst upp p\u00e5 <a rel=\"nofollow\" href=\"https:\/\/jag.se\/opinion\">Riksf\u00f6reningen JAG<\/a>.<\/p>\n","protected":false},"excerpt":{"rendered":"<p>Riksf\u00f6reningen JAG \u00e4r en f\u00f6rening rik p\u00e5 gl\u00e4dje, kommunikationsvariation, funktionsvariation, k\u00e4mpargl\u00f6d och mycket mera. Klart att \u00e5rsm\u00f6teshelgen blir full av inspirerande m\u00e4nniskom\u00f6ten med k\u00e4nda, ok\u00e4nda och v\u00e4lk\u00e4nda.nJag tror ingen kan undg\u00e5 kraften som finns! Den smittar politikerna som kom, personalen p\u00e5 konferensavdelningen, f\u00f6rel\u00e4sare, musiker ja, alla! Pausdans under en politikerdebatt, bara en s\u00e5n sak? Och<\/p>\n","protected":false},"author":1,"featured_media":2327,"comment_status":"closed","ping_status":"open","sticky":false,"template":"","format":"standard","meta":{"footnotes":""},"categories":[1],"tags":[],"class_list":["post-2286","post","type-post","status-publish","format-standard","has-post-thumbnail","hentry","category-uncategorized"],"acf":[],"yoast_head":"<!-- This site is optimized with the Yoast SEO plugin v21.3 - https:\/\/yoast.com\/wordpress\/plugins\/seo\/ -->\n<title>Vilken \u00e5rsm\u00f6teshelg! - JAG Opinion<\/title>\n<meta name=\"robots\" content=\"index, follow, max-snippet:-1, max-image-preview:large, max-video-preview:-1\" \/>\n<link rel=\"canonical\" href=\"https:\/\/jag.se\/opinion\/vilken-arsmoteshelg\/\" \/>\n<meta property=\"og:locale\" content=\"sv_SE\" \/>\n<meta property=\"og:type\" content=\"article\" \/>\n<meta property=\"og:title\" content=\"Vilken \u00e5rsm\u00f6teshelg! - JAG Opinion\" \/>\n<meta property=\"og:description\" content=\"Riksf\u00f6reningen JAG \u00e4r en f\u00f6rening rik p\u00e5 gl\u00e4dje, kommunikationsvariation, funktionsvariation, k\u00e4mpargl\u00f6d och mycket mera. Klart att \u00e5rsm\u00f6teshelgen blir full av inspirerande m\u00e4nniskom\u00f6ten med k\u00e4nda, ok\u00e4nda och v\u00e4lk\u00e4nda.nJag tror ingen kan undg\u00e5 kraften som finns! Den smittar politikerna som kom, personalen p\u00e5 konferensavdelningen, f\u00f6rel\u00e4sare, musiker ja, alla! Pausdans under en politikerdebatt, bara en s\u00e5n sak? Och\" \/>\n<meta property=\"og:url\" content=\"https:\/\/jag.se\/opinion\/vilken-arsmoteshelg\/\" \/>\n<meta property=\"og:site_name\" content=\"JAG Opinion\" \/>\n<meta property=\"article:published_time\" content=\"2018-05-08T14:08:02+00:00\" \/>\n<meta property=\"article:modified_time\" content=\"2022-03-18T15:42:44+00:00\" \/>\n<meta property=\"og:image\" content=\"https:\/\/jag.se\/wp-content\/uploads\/sites\/3\/2018\/05\/styrelsen2018-1024x431-2.jpg\" \/>\n\t<meta property=\"og:image:width\" content=\"1024\" \/>\n\t<meta property=\"og:image:height\" content=\"431\" \/>\n\t<meta property=\"og:image:type\" content=\"image\/jpeg\" \/>\n<meta name=\"author\" content=\"Alexander Alexandrov\" \/>\n<meta name=\"twitter:card\" content=\"summary_large_image\" \/>\n<meta name=\"twitter:label1\" content=\"Skriven av\" \/>\n\t<meta name=\"twitter:data1\" content=\"Alexander Alexandrov\" \/>\n\t<meta name=\"twitter:label2\" content=\"Ber\u00e4knad l\u00e4stid\" \/>\n\t<meta name=\"twitter:data2\" content=\"2 minuter\" \/>\n<script type=\"application\/ld+json\" class=\"yoast-schema-graph\">{\"@context\":\"https:\/\/schema.org\",\"@graph\":[{\"@type\":\"WebPage\",\"@id\":\"https:\/\/jag.se\/opinion\/vilken-arsmoteshelg\/\",\"url\":\"https:\/\/jag.se\/opinion\/vilken-arsmoteshelg\/\",\"name\":\"Vilken \u00e5rsm\u00f6teshelg! - JAG Opinion\",\"isPartOf\":{\"@id\":\"https:\/\/jag.se\/opinion\/#website\"},\"datePublished\":\"2018-05-08T14:08:02+00:00\",\"dateModified\":\"2022-03-18T15:42:44+00:00\",\"author\":{\"@id\":\"https:\/\/jag.se\/opinion\/#\/schema\/person\/42ca7c4b556b837c35d83ffe97aa92c0\"},\"breadcrumb\":{\"@id\":\"https:\/\/jag.se\/opinion\/vilken-arsmoteshelg\/#breadcrumb\"},\"inLanguage\":\"sv-SE\",\"potentialAction\":[{\"@type\":\"ReadAction\",\"target\":[\"https:\/\/jag.se\/opinion\/vilken-arsmoteshelg\/\"]}]},{\"@type\":\"BreadcrumbList\",\"@id\":\"https:\/\/jag.se\/opinion\/vilken-arsmoteshelg\/#breadcrumb\",\"itemListElement\":[{\"@type\":\"ListItem\",\"position\":1,\"name\":\"JAG start\",\"item\":\"https:\/\/jag.se\"},{\"@type\":\"ListItem\",\"position\":2,\"name\":\"Riksf\u00f6reningen JAG\",\"item\":\"https:\/\/jag.se\/opinion\/\"},{\"@type\":\"ListItem\",\"position\":3,\"name\":\"Vilken \u00e5rsm\u00f6teshelg!\"}]},{\"@type\":\"WebSite\",\"@id\":\"https:\/\/jag.se\/opinion\/#website\",\"url\":\"https:\/\/jag.se\/opinion\/\",\"name\":\"JAG Opinion\",\"description\":\"\",\"potentialAction\":[{\"@type\":\"SearchAction\",\"target\":{\"@type\":\"EntryPoint\",\"urlTemplate\":\"https:\/\/jag.se\/opinion\/?s={search_term_string}\"},\"query-input\":\"required name=search_term_string\"}],\"inLanguage\":\"sv-SE\"},{\"@type\":\"Person\",\"@id\":\"https:\/\/jag.se\/opinion\/#\/schema\/person\/42ca7c4b556b837c35d83ffe97aa92c0\",\"name\":\"Alexander Alexandrov\",\"image\":{\"@type\":\"ImageObject\",\"inLanguage\":\"sv-SE\",\"@id\":\"https:\/\/jag.se\/opinion\/#\/schema\/person\/image\/\",\"url\":\"https:\/\/secure.gravatar.com\/avatar\/39974ed46e3cb66fe6760e4c288a2722aff8b0a328a2802a65dd6f31fe323990?s=96&d=mm&r=g\",\"contentUrl\":\"https:\/\/secure.gravatar.com\/avatar\/39974ed46e3cb66fe6760e4c288a2722aff8b0a328a2802a65dd6f31fe323990?s=96&d=mm&r=g\",\"caption\":\"Alexander Alexandrov\"},\"sameAs\":[\"https:\/\/jag.se\"]}]}<\/script>\n<!-- \/ Yoast SEO plugin. -->","yoast_head_json":{"title":"Vilken \u00e5rsm\u00f6teshelg! - JAG Opinion","robots":{"index":"index","follow":"follow","max-snippet":"max-snippet:-1","max-image-preview":"max-image-preview:large","max-video-preview":"max-video-preview:-1"},"canonical":"https:\/\/jag.se\/opinion\/vilken-arsmoteshelg\/","og_locale":"sv_SE","og_type":"article","og_title":"Vilken \u00e5rsm\u00f6teshelg! - JAG Opinion","og_description":"Riksf\u00f6reningen JAG \u00e4r en f\u00f6rening rik p\u00e5 gl\u00e4dje, kommunikationsvariation, funktionsvariation, k\u00e4mpargl\u00f6d och mycket mera. Klart att \u00e5rsm\u00f6teshelgen blir full av inspirerande m\u00e4nniskom\u00f6ten med k\u00e4nda, ok\u00e4nda och v\u00e4lk\u00e4nda.nJag tror ingen kan undg\u00e5 kraften som finns! Den smittar politikerna som kom, personalen p\u00e5 konferensavdelningen, f\u00f6rel\u00e4sare, musiker ja, alla! Pausdans under en politikerdebatt, bara en s\u00e5n sak? Och","og_url":"https:\/\/jag.se\/opinion\/vilken-arsmoteshelg\/","og_site_name":"JAG Opinion","article_published_time":"2018-05-08T14:08:02+00:00","article_modified_time":"2022-03-18T15:42:44+00:00","og_image":[{"width":1024,"height":431,"url":"https:\/\/jag.se\/wp-content\/uploads\/sites\/3\/2018\/05\/styrelsen2018-1024x431-2.jpg","type":"image\/jpeg"}],"author":"Alexander Alexandrov","twitter_card":"summary_large_image","twitter_misc":{"Skriven av":"Alexander Alexandrov","Ber\u00e4knad l\u00e4stid":"2 minuter"},"schema":{"@context":"https:\/\/schema.org","@graph":[{"@type":"WebPage","@id":"https:\/\/jag.se\/opinion\/vilken-arsmoteshelg\/","url":"https:\/\/jag.se\/opinion\/vilken-arsmoteshelg\/","name":"Vilken \u00e5rsm\u00f6teshelg! - JAG Opinion","isPartOf":{"@id":"https:\/\/jag.se\/opinion\/#website"},"datePublished":"2018-05-08T14:08:02+00:00","dateModified":"2022-03-18T15:42:44+00:00","author":{"@id":"https:\/\/jag.se\/opinion\/#\/schema\/person\/42ca7c4b556b837c35d83ffe97aa92c0"},"breadcrumb":{"@id":"https:\/\/jag.se\/opinion\/vilken-arsmoteshelg\/#breadcrumb"},"inLanguage":"sv-SE","potentialAction":[{"@type":"ReadAction","target":["https:\/\/jag.se\/opinion\/vilken-arsmoteshelg\/"]}]},{"@type":"BreadcrumbList","@id":"https:\/\/jag.se\/opinion\/vilken-arsmoteshelg\/#breadcrumb","itemListElement":[{"@type":"ListItem","position":1,"name":"JAG start","item":"https:\/\/jag.se"},{"@type":"ListItem","position":2,"name":"Riksf\u00f6reningen JAG","item":"https:\/\/jag.se\/opinion\/"},{"@type":"ListItem","position":3,"name":"Vilken \u00e5rsm\u00f6teshelg!"}]},{"@type":"WebSite","@id":"https:\/\/jag.se\/opinion\/#website","url":"https:\/\/jag.se\/opinion\/","name":"JAG Opinion","description":"","potentialAction":[{"@type":"SearchAction","target":{"@type":"EntryPoint","urlTemplate":"https:\/\/jag.se\/opinion\/?s={search_term_string}"},"query-input":"required name=search_term_string"}],"inLanguage":"sv-SE"},{"@type":"Person","@id":"https:\/\/jag.se\/opinion\/#\/schema\/person\/42ca7c4b556b837c35d83ffe97aa92c0","name":"Alexander Alexandrov","image":{"@type":"ImageObject","inLanguage":"sv-SE","@id":"https:\/\/jag.se\/opinion\/#\/schema\/person\/image\/","url":"https:\/\/secure.gravatar.com\/avatar\/39974ed46e3cb66fe6760e4c288a2722aff8b0a328a2802a65dd6f31fe323990?s=96&d=mm&r=g","contentUrl":"https:\/\/secure.gravatar.com\/avatar\/39974ed46e3cb66fe6760e4c288a2722aff8b0a328a2802a65dd6f31fe323990?s=96&d=mm&r=g","caption":"Alexander Alexandrov"},"sameAs":["https:\/\/jag.se"]}]}},"_links":{"self":[{"href":"https:\/\/jag.se\/opinion\/wp-json\/wp\/v2\/posts\/2286","targetHints":{"allow":["GET"]}}],"collection":[{"href":"https:\/\/jag.se\/opinion\/wp-json\/wp\/v2\/posts"}],"about":[{"href":"https:\/\/jag.se\/opinion\/wp-json\/wp\/v2\/types\/post"}],"author":[{"embeddable":true,"href":"https:\/\/jag.se\/opinion\/wp-json\/wp\/v2\/users\/1"}],"replies":[{"embeddable":true,"href":"https:\/\/jag.se\/opinion\/wp-json\/wp\/v2\/comments?post=2286"}],"version-history":[{"count":1,"href":"https:\/\/jag.se\/opinion\/wp-json\/wp\/v2\/posts\/2286\/revisions"}],"predecessor-version":[{"id":2328,"href":"https:\/\/jag.se\/opinion\/wp-json\/wp\/v2\/posts\/2286\/revisions\/2328"}],"wp:featuredmedia":[{"embeddable":true,"href":"https:\/\/jag.se\/opinion\/wp-json\/wp\/v2\/media\/2327"}],"wp:attachment":[{"href":"https:\/\/jag.se\/opinion\/wp-json\/wp\/v2\/media?parent=2286"}],"wp:term":[{"taxonomy":"category","embeddable":true,"href":"https:\/\/jag.se\/opinion\/wp-json\/wp\/v2\/categories?post=2286"},{"taxonomy":"post_tag","embeddable":true,"href":"https:\/\/jag.se\/opinion\/wp-json\/wp\/v2\/tags?post=2286"}],"curies":[{"name":"wp","href":"https:\/\/api.w.org\/{rel}","templated":true}]}}