{"id":2289,"date":"2017-12-11T10:28:19","date_gmt":"2017-12-11T10:28:19","guid":{"rendered":"https:\/\/jag.se\/opinion\/starka-manifestationer-okar-trycket-pa-regeringen\/"},"modified":"2022-03-18T15:42:42","modified_gmt":"2022-03-18T15:42:42","slug":"starka-manifestationer-okar-trycket-pa-regeringen","status":"publish","type":"post","link":"https:\/\/jag.se\/opinion\/starka-manifestationer-okar-trycket-pa-regeringen\/","title":{"rendered":"Starka manifestationer \u00f6kar trycket p\u00e5 regeringen"},"content":{"rendered":"<p>21 starka manifestationer runt om i landet \u00f6kade den 3 december trycket p\u00e5 regeringen i assistansfr\u00e5gan. Vi kr\u00e4ver att barn f\u00e5r den assistans som beh\u00f6vs f\u00f6r att de ska kunna v\u00e4xa upp i sina familjer. Och vi accepterar inte besparingskrav p\u00e5 assistansen.<\/p>\n<p>Lag\u00e4ndringarna inneb\u00e4r n\u00e4mligen\u00a0<strong>inte<\/strong><\/p>\n<ul>\n<li>n\u00e5gon f\u00f6r\u00e4ndring alls f\u00f6r personer som redan har f\u00e5tt beslut om indragen eller neddragen assistans p\u00e5 grund av F\u00f6rs\u00e4kringskassans eller kommunens \u00e4ndrade bed\u00f6mning av grundl\u00e4ggande behov (integritetsk\u00e4nslighet, ing\u00e5ende kunskap, egenv\u00e5rd). Att ans\u00f6ka p\u00e5 nytt hj\u00e4lper inte, se nedan.<\/li>\n<\/ul>\n<ul>\n<li>n\u00e5gon f\u00f6r\u00e4ndring f\u00f6r personer som nyans\u00f6ker om assistans, annat \u00e4n att assistans kan ges f\u00f6r v\u00e4ntetid och beredskap. Vid nyans\u00f6kningar kommer F\u00f6rs\u00e4kringskassan i \u00f6vrigt att f\u00f6lja sin tolkning av alla domar i H\u00f6gsta F\u00f6rvaltningsdomstolen. Utifr\u00e5n den senaste HFD-domen kan det betyda begr\u00e4nsning av dubbelassistans och assistans f\u00f6r ink\u00f6p, hush\u00e5llssysslor och andra personliga behov som inte bed\u00f6ms vara tillr\u00e4ckligt kvalificerade.<\/li>\n<\/ul>\n<p>Regeringen g\u00f6r inget \u00e5t dem som redan f\u00f6rlorat assistansen och alla dem som beh\u00f6ver assistans men inte f\u00e5r det, p\u00e5 grund av domarna om egenv\u00e5rd och femte grundl\u00e4ggande. Regeringen har bara stoppat ompr\u00f6vningarna och beh\u00e5ller dagens m\u00f6jlighet till jour och beredskap. Det h\u00e4r inneb\u00e4r att regeringen skjuter n\u00e5gra av\u00a0fr\u00e5gorna\u00a0framf\u00f6r sig till efter valet.\u00a0Det som beh\u00f6vs \u00e4r f\u00f6r\u00e4ndrade direktiv till LSS-utredningen om att ta bort besparingskravet nu.<\/p>\n<p><a href=\"https:\/\/www.tv4.se\/nyheterna\/klipp\/f\u00e5r-ont-i-magen-varje-g\u00e5ng-jag-f\u00e5r-brev-fr\u00e5n-f\u00f6rs\u00e4kringskassan-3947101\" target=\"_blank\" rel=\"noopener\">Nyhetsinslag fr\u00e5n manifestationen i Stockholm, TV4.\u00a0<\/a><\/p>\n<p><a href=\"https:\/\/bigstrongunion.blogspot.se\/2017\/12\/anforande-assistans-ar-frihet-malmo-312.html?spref=fb\" target=\"_blank\" rel=\"noopener\">Statsvetare Niklas Altermans tal fr\u00e5n manifestationen i Malm\u00f6. Om att personlig assistans alltid ang\u00e5r alla.<\/a><\/p>\n<p>F\u00f6reningen JAGs ordf\u00f6rande Magnus And\u00e9ns tal p\u00e5 Norra Bantorget (under filmen hittar du hela talet i skrift):<\/p>\n<p>(function(d, s, id) {  var js, fjs = d.getElementsByTagName(s)[0];  if (d.getElementById(id)) return;  js = d.createElement(s); js.id = id;  js.src = &#8217;https:\/\/connect.facebook.net\/en_US\/sdk.js#xfbml=1&#038;version=v2.11&#8217;;  fjs.parentNode.insertBefore(js, fjs);}(document, &#8217;script&#8217;, &#8217;facebook-jssdk&#8217;));<\/p>\n<blockquote cite=\"https:\/\/www.facebook.com\/JAGforeningen\/videos\/1362937133815978\/\" class=\"fb-xfbml-parse-ignore\">\n<p><a href=\"https:\/\/www.facebook.com\/JAGforeningen\/videos\/1362937133815978\/\"><\/a><\/p>\n<p>Filmklipp fr\u00e5n Magnus And\u00e9ns tal vid manifestationen i Stockholm idag. Cecilia Blanck l\u00e4ser talet.Magnus And\u00e9n heter jag.Jag anv\u00e4nder min gode mans r\u00f6st f\u00f6r att prata h\u00e4r i dag.Hon heter Cecilia och \u00e4r ocks\u00e5 min syster.Utan en god man som k\u00e4nner mig v\u00e4loch f\u00f6rst\u00e5r vad som \u00e4r viktigt f\u00f6r just migskulle jag inte ha n\u00e5gon r\u00f6st h\u00e4r.Det \u00e4r viktigt att alla vi \u00e4r h\u00e4r tillsammans Alla vi som tycker att personlig assistans \u00e4r livsviktigt.Alla vi som k\u00e4nner att det som p\u00e5g\u00e5r \u00e4r en skandal.Att v\u00e5ra m\u00e4nskliga r\u00e4ttigheter hotas.N\u00e5gra som \u00e4r h\u00e4r \u00e4r barn med stora funktionsneds\u00e4ttningar.Ni beh\u00f6ver som alla barn k\u00e4rlek, trygghet och gemenskap.K\u00e4nslan att ni \u00e4r det mest fantastiska som h\u00e4nt f\u00f6r era mammor och pappor.Att ni \u00e4r viktiga, underbara och att livet kommer att bli bra. Men ni beh\u00f6ver personlig assistans f\u00f6r att f\u00e5 v\u00e4xa upp s\u00e5. Och idag f\u00e5r m\u00e5nga av er inte den assistans som beh\u00f6vs.Vill vi verkligen ha ett samh\u00e4lle som tvingar barn att v\u00e4xa upp p\u00e5 institution?Vi vuxna som beh\u00f6ver personlig assistans \u00e4r h\u00e4r tillsammans.Ni som kan f\u00f6ra er egen talan.Ni som tack vare assistansen kanske harm\u00f6jlighet att arbeta och bilda en ny familj.Och s\u00e5 alla vi som beh\u00f6ver st\u00f6d f\u00f6r att uttrycka v\u00e5r vilja.Som tack vare assistansen kan bli f\u00f6rst\u00e5ddaoch leva ett gott liv i gemenskap med v\u00e5ra familjer och v\u00e4nner.Ni som redan drabbats av att regeringen beg\u00e4rt besparingar.Som nu st\u00e5r utanf\u00f6r assistansen, utanf\u00f6r det liv ni levde.Som inte \u00e4r ett dugg hj\u00e4lpta av attregeringen pausat ompr\u00f6vningarna inf\u00f6r valet.F\u00f6r er \u00e4r katastrofen redan ett faktum.Alla som under flera \u00e5r levt i skr\u00e4ckf\u00f6r indragning eller neddragning.F\u00f6r att ni kan f\u00f6ra maten till munnen.Eller f\u00f6r att ni inte kan det och beh\u00f6ver hj\u00e4lpmedel f\u00f6r att \u00e4ta.F\u00f6r att vi beh\u00f6ver hj\u00e4lpmedel f\u00f6r att andas.Som nu f\u00e5tt andrum, men knappast framtidstro.Starka krafter vill spela ut oss mot varandra.De vill normera, gradera, prioriteraoch p\u00e5 s\u00e5 s\u00e4tt tysta v\u00e5ra r\u00f6ster.N\u00e5gra s\u00e4ger att vi som har ett normbrytande intellektegentligen inte \u00e4r lika mycket v\u00e4rda.Kanske inte ska ha samma r\u00e4ttigheter som andra.Kanske b\u00f6r bo p\u00e5 institution.De s\u00e4ger det s\u00e4llan rent ut.Men f\u00f6r oss som lyssnar noga \u00e4r det mycket tydligt. Det kallas IQ-diskriminering.Idag st\u00e5r vi enade h\u00e4r.Vi har ibland genom \u00e5ren varit splittrade.N\u00e4r samh\u00e4llet vill \u00f6verge oss \u00e4r det sv\u00e5rt att h\u00f6ja blicken.Var och en \u00e4r sig sj\u00e4lv n\u00e4rmast.Vi brukar s\u00e4ga i F\u00f6reningen JAG:N\u00e4r som helst kan vem som helst bli en av oss. Och den som redan har en funktionsneds\u00e4ttning kan f\u00e5 \ufb02er.Personlig assistans ska vara ett skyddsn\u00e4t f\u00f6r alla i Sverige.En f\u00f6r alla, alla f\u00f6r en.Er kamp \u00e4r min kamp, och min kamp \u00e4r ocks\u00e5 er.Det \u00e4r s\u00e5 vi ska r\u00e4dda assistansen, och v\u00e5rt liv i frihet.<\/p>\n<p>Posted by <a href=\"https:\/\/www.facebook.com\/JAGforeningen\/\">JAG &#8211; J\u00e4mlikhet Assistans Gemenskap<\/a> on Sunday, December 3, 2017<\/p>\n<\/blockquote>\n<p>Cecilia Blanck l\u00e4ser talet.<\/p>\n<p>Magnus And\u00e9n heter jag.<br \/>nJag anv\u00e4nder min gode mans r\u00f6st f\u00f6r att prata h\u00e4r i dag.<br \/>nHon heter Cecilia och \u00e4r ocks\u00e5 min syster.<br \/>nUtan en god man som k\u00e4nner mig v\u00e4l<br \/>noch f\u00f6rst\u00e5r vad som \u00e4r viktigt f\u00f6r just mig<br \/>nskulle jag inte ha n\u00e5gon r\u00f6st h\u00e4r.<\/p>\n<p>Det \u00e4r viktigt att alla vi \u00e4r h\u00e4r tillsammans<br \/>nAlla vi som tycker att personlig assistans \u00e4r livsviktigt.<br \/>nAlla vi som k\u00e4nner att det som p\u00e5g\u00e5r \u00e4r en skandal.<br \/>nAtt v\u00e5ra m\u00e4nskliga r\u00e4ttigheter hotas.<\/p>\n<p>N\u00e5gra som \u00e4r h\u00e4r \u00e4r barn med stora funktionsneds\u00e4ttningar.<br \/>nNi beh\u00f6ver som alla barn k\u00e4rlek, trygghet och gemenskap.<br \/>nK\u00e4nslan att ni \u00e4r det mest fantastiska som h\u00e4nt f\u00f6r era mammor och pappor.<br \/>nAtt ni \u00e4r viktiga, underbara och att livet kommer att bli bra.<br \/>nMen ni beh\u00f6ver personlig assistans f\u00f6r att f\u00e5 v\u00e4xa upp s\u00e5.<br \/>nOch idag f\u00e5r m\u00e5nga av er inte den assistans som beh\u00f6vs.<br \/>nVill vi verkligen ha ett samh\u00e4lle som tvingar barn att v\u00e4xa upp p\u00e5 institution?<\/p>\n<p>Vi vuxna som beh\u00f6ver personlig assistans \u00e4r h\u00e4r tillsammans.<br \/>nNi som kan f\u00f6ra er egen talan.<br \/>nNi som tack vare assistansen kanske har<br \/>nm\u00f6jlighet att arbeta och bilda en ny familj.<\/p>\n<p>Och s\u00e5 alla vi som beh\u00f6ver st\u00f6d f\u00f6r att uttrycka v\u00e5r vilja.<br \/>nSom tack vare assistansen kan bli f\u00f6rst\u00e5dda<br \/>noch leva ett gott liv i gemenskap med v\u00e5ra familjer och v\u00e4nner.<\/p>\n<p>Ni som redan drabbats av att regeringen beg\u00e4rt besparingar.<br \/>nSom nu st\u00e5r utanf\u00f6r assistansen, utanf\u00f6r det liv ni levde.<br \/>nSom inte \u00e4r ett dugg hj\u00e4lpta av att<br \/>nregeringen pausat ompr\u00f6vningarna inf\u00f6r valet.<br \/>nF\u00f6r er \u00e4r katastrofen redan ett faktum.<\/p>\n<p>Alla som under flera \u00e5r levt i skr\u00e4ck<br \/>nf\u00f6r indragning eller neddragning.<br \/>nF\u00f6r att ni kan f\u00f6ra maten till munnen.<br \/>nEller f\u00f6r att ni inte kan det och beh\u00f6ver hj\u00e4lpmedel f\u00f6r att \u00e4ta.<br \/>nF\u00f6r att vi beh\u00f6ver hj\u00e4lpmedel f\u00f6r att andas.<br \/>nSom nu f\u00e5tt andrum, men knappast framtidstro.<\/p>\n<p>Starka krafter vill spela ut oss mot varandra.<br \/>nDe vill normera, gradera, prioritera<br \/>noch p\u00e5 s\u00e5 s\u00e4tt tysta v\u00e5ra r\u00f6ster.<br \/>nN\u00e5gra s\u00e4ger att vi som har ett normbrytande intellekt<br \/>negentligen inte \u00e4r lika mycket v\u00e4rda.<br \/>nKanske inte ska ha samma r\u00e4ttigheter som andra.<br \/>nKanske b\u00f6r bo p\u00e5 institution.<br \/>nDe s\u00e4ger det s\u00e4llan rent ut.<br \/>nMen f\u00f6r oss som lyssnar noga \u00e4r det mycket tydligt.<br \/>nDet kallas IQ-diskriminering.<\/p>\n<p>Idag st\u00e5r vi enade h\u00e4r.<br \/>nVi har ibland genom \u00e5ren varit splittrade.<br \/>nN\u00e4r samh\u00e4llet vill \u00f6verge oss \u00e4r det sv\u00e5rt att h\u00f6ja blicken.<br \/>nVar och en \u00e4r sig sj\u00e4lv n\u00e4rmast.<\/p>\n<p>Vi brukar s\u00e4ga i F\u00f6reningen JAG:<br \/>nN\u00e4r som helst kan vem som helst bli en av oss.<br \/>nOch den som redan har en funktionsneds\u00e4ttning kan f\u00e5 \ufb02er.<br \/>nPersonlig assistans ska vara ett skyddsn\u00e4t f\u00f6r alla i Sverige.<\/p>\n<p>En f\u00f6r alla, alla f\u00f6r en.<br \/>nEr kamp \u00e4r min kamp,<br \/>noch min kamp \u00e4r ocks\u00e5 er.<br \/>nDet \u00e4r s\u00e5 vi ska r\u00e4dda assistansen,<br \/>noch v\u00e5rt liv i frihet.<\/p>\n<p>Inl\u00e4gget <a rel=\"nofollow\" href=\"https:\/\/jag.se\/opinion\/starka-manifestationer-okade-trycket-pa-regeringen\/\">Starka manifestationer \u00f6kar trycket p\u00e5 regeringen<\/a> d\u00f6k f\u00f6rst upp p\u00e5 <a rel=\"nofollow\" href=\"https:\/\/jag.se\/opinion\">Riksf\u00f6reningen JAG<\/a>.<\/p>\n","protected":false},"excerpt":{"rendered":"<p>21 starka manifestationer runt om i landet \u00f6kade den 3 december trycket p\u00e5 regeringen i assistansfr\u00e5gan. Vi kr\u00e4ver att barn f\u00e5r den assistans som beh\u00f6vs f\u00f6r att de ska kunna v\u00e4xa upp i sina familjer. Och vi accepterar inte besparingskrav p\u00e5 assistansen. Lag\u00e4ndringarna inneb\u00e4r n\u00e4mligen\u00a0inte n\u00e5gon f\u00f6r\u00e4ndring alls f\u00f6r personer som redan har f\u00e5tt beslut<\/p>\n","protected":false},"author":1,"featured_media":0,"comment_status":"closed","ping_status":"open","sticky":false,"template":"","format":"standard","meta":{"footnotes":""},"categories":[1],"tags":[],"class_list":["post-2289","post","type-post","status-publish","format-standard","hentry","category-uncategorized"],"acf":[],"yoast_head":"<!-- This site is optimized with the Yoast SEO plugin v21.3 - https:\/\/yoast.com\/wordpress\/plugins\/seo\/ -->\n<title>Starka manifestationer \u00f6kar trycket p\u00e5 regeringen - JAG Opinion<\/title>\n<meta name=\"robots\" content=\"index, follow, max-snippet:-1, max-image-preview:large, max-video-preview:-1\" \/>\n<link rel=\"canonical\" href=\"https:\/\/jag.se\/opinion\/starka-manifestationer-okar-trycket-pa-regeringen\/\" \/>\n<meta property=\"og:locale\" content=\"sv_SE\" \/>\n<meta property=\"og:type\" content=\"article\" \/>\n<meta property=\"og:title\" content=\"Starka manifestationer \u00f6kar trycket p\u00e5 regeringen - JAG Opinion\" \/>\n<meta property=\"og:description\" content=\"21 starka manifestationer runt om i landet \u00f6kade den 3 december trycket p\u00e5 regeringen i assistansfr\u00e5gan. Vi kr\u00e4ver att barn f\u00e5r den assistans som beh\u00f6vs f\u00f6r att de ska kunna v\u00e4xa upp i sina familjer. Och vi accepterar inte besparingskrav p\u00e5 assistansen. Lag\u00e4ndringarna inneb\u00e4r n\u00e4mligen\u00a0inte n\u00e5gon f\u00f6r\u00e4ndring alls f\u00f6r personer som redan har f\u00e5tt beslut\" \/>\n<meta property=\"og:url\" content=\"https:\/\/jag.se\/opinion\/starka-manifestationer-okar-trycket-pa-regeringen\/\" \/>\n<meta property=\"og:site_name\" content=\"JAG Opinion\" \/>\n<meta property=\"article:published_time\" content=\"2017-12-11T10:28:19+00:00\" \/>\n<meta property=\"article:modified_time\" content=\"2022-03-18T15:42:42+00:00\" \/>\n<meta name=\"author\" content=\"Alexander Alexandrov\" \/>\n<meta name=\"twitter:card\" content=\"summary_large_image\" \/>\n<meta name=\"twitter:label1\" content=\"Skriven av\" \/>\n\t<meta name=\"twitter:data1\" content=\"Alexander Alexandrov\" \/>\n\t<meta name=\"twitter:label2\" content=\"Ber\u00e4knad l\u00e4stid\" \/>\n\t<meta name=\"twitter:data2\" content=\"8 minuter\" \/>\n<script type=\"application\/ld+json\" class=\"yoast-schema-graph\">{\"@context\":\"https:\/\/schema.org\",\"@graph\":[{\"@type\":\"WebPage\",\"@id\":\"https:\/\/jag.se\/opinion\/starka-manifestationer-okar-trycket-pa-regeringen\/\",\"url\":\"https:\/\/jag.se\/opinion\/starka-manifestationer-okar-trycket-pa-regeringen\/\",\"name\":\"Starka manifestationer \u00f6kar trycket p\u00e5 regeringen - JAG Opinion\",\"isPartOf\":{\"@id\":\"https:\/\/jag.se\/opinion\/#website\"},\"datePublished\":\"2017-12-11T10:28:19+00:00\",\"dateModified\":\"2022-03-18T15:42:42+00:00\",\"author\":{\"@id\":\"https:\/\/jag.se\/opinion\/#\/schema\/person\/42ca7c4b556b837c35d83ffe97aa92c0\"},\"breadcrumb\":{\"@id\":\"https:\/\/jag.se\/opinion\/starka-manifestationer-okar-trycket-pa-regeringen\/#breadcrumb\"},\"inLanguage\":\"sv-SE\",\"potentialAction\":[{\"@type\":\"ReadAction\",\"target\":[\"https:\/\/jag.se\/opinion\/starka-manifestationer-okar-trycket-pa-regeringen\/\"]}]},{\"@type\":\"BreadcrumbList\",\"@id\":\"https:\/\/jag.se\/opinion\/starka-manifestationer-okar-trycket-pa-regeringen\/#breadcrumb\",\"itemListElement\":[{\"@type\":\"ListItem\",\"position\":1,\"name\":\"JAG start\",\"item\":\"https:\/\/jag.se\"},{\"@type\":\"ListItem\",\"position\":2,\"name\":\"Riksf\u00f6reningen JAG\",\"item\":\"https:\/\/jag.se\/opinion\/\"},{\"@type\":\"ListItem\",\"position\":3,\"name\":\"Starka manifestationer \u00f6kar trycket p\u00e5 regeringen\"}]},{\"@type\":\"WebSite\",\"@id\":\"https:\/\/jag.se\/opinion\/#website\",\"url\":\"https:\/\/jag.se\/opinion\/\",\"name\":\"JAG Opinion\",\"description\":\"\",\"potentialAction\":[{\"@type\":\"SearchAction\",\"target\":{\"@type\":\"EntryPoint\",\"urlTemplate\":\"https:\/\/jag.se\/opinion\/?s={search_term_string}\"},\"query-input\":\"required name=search_term_string\"}],\"inLanguage\":\"sv-SE\"},{\"@type\":\"Person\",\"@id\":\"https:\/\/jag.se\/opinion\/#\/schema\/person\/42ca7c4b556b837c35d83ffe97aa92c0\",\"name\":\"Alexander Alexandrov\",\"image\":{\"@type\":\"ImageObject\",\"inLanguage\":\"sv-SE\",\"@id\":\"https:\/\/jag.se\/opinion\/#\/schema\/person\/image\/\",\"url\":\"https:\/\/secure.gravatar.com\/avatar\/39974ed46e3cb66fe6760e4c288a2722aff8b0a328a2802a65dd6f31fe323990?s=96&d=mm&r=g\",\"contentUrl\":\"https:\/\/secure.gravatar.com\/avatar\/39974ed46e3cb66fe6760e4c288a2722aff8b0a328a2802a65dd6f31fe323990?s=96&d=mm&r=g\",\"caption\":\"Alexander Alexandrov\"},\"sameAs\":[\"https:\/\/jag.se\"]}]}<\/script>\n<!-- \/ Yoast SEO plugin. -->","yoast_head_json":{"title":"Starka manifestationer \u00f6kar trycket p\u00e5 regeringen - JAG Opinion","robots":{"index":"index","follow":"follow","max-snippet":"max-snippet:-1","max-image-preview":"max-image-preview:large","max-video-preview":"max-video-preview:-1"},"canonical":"https:\/\/jag.se\/opinion\/starka-manifestationer-okar-trycket-pa-regeringen\/","og_locale":"sv_SE","og_type":"article","og_title":"Starka manifestationer \u00f6kar trycket p\u00e5 regeringen - JAG Opinion","og_description":"21 starka manifestationer runt om i landet \u00f6kade den 3 december trycket p\u00e5 regeringen i assistansfr\u00e5gan. Vi kr\u00e4ver att barn f\u00e5r den assistans som beh\u00f6vs f\u00f6r att de ska kunna v\u00e4xa upp i sina familjer. Och vi accepterar inte besparingskrav p\u00e5 assistansen. Lag\u00e4ndringarna inneb\u00e4r n\u00e4mligen\u00a0inte n\u00e5gon f\u00f6r\u00e4ndring alls f\u00f6r personer som redan har f\u00e5tt beslut","og_url":"https:\/\/jag.se\/opinion\/starka-manifestationer-okar-trycket-pa-regeringen\/","og_site_name":"JAG Opinion","article_published_time":"2017-12-11T10:28:19+00:00","article_modified_time":"2022-03-18T15:42:42+00:00","author":"Alexander Alexandrov","twitter_card":"summary_large_image","twitter_misc":{"Skriven av":"Alexander Alexandrov","Ber\u00e4knad l\u00e4stid":"8 minuter"},"schema":{"@context":"https:\/\/schema.org","@graph":[{"@type":"WebPage","@id":"https:\/\/jag.se\/opinion\/starka-manifestationer-okar-trycket-pa-regeringen\/","url":"https:\/\/jag.se\/opinion\/starka-manifestationer-okar-trycket-pa-regeringen\/","name":"Starka manifestationer \u00f6kar trycket p\u00e5 regeringen - JAG Opinion","isPartOf":{"@id":"https:\/\/jag.se\/opinion\/#website"},"datePublished":"2017-12-11T10:28:19+00:00","dateModified":"2022-03-18T15:42:42+00:00","author":{"@id":"https:\/\/jag.se\/opinion\/#\/schema\/person\/42ca7c4b556b837c35d83ffe97aa92c0"},"breadcrumb":{"@id":"https:\/\/jag.se\/opinion\/starka-manifestationer-okar-trycket-pa-regeringen\/#breadcrumb"},"inLanguage":"sv-SE","potentialAction":[{"@type":"ReadAction","target":["https:\/\/jag.se\/opinion\/starka-manifestationer-okar-trycket-pa-regeringen\/"]}]},{"@type":"BreadcrumbList","@id":"https:\/\/jag.se\/opinion\/starka-manifestationer-okar-trycket-pa-regeringen\/#breadcrumb","itemListElement":[{"@type":"ListItem","position":1,"name":"JAG start","item":"https:\/\/jag.se"},{"@type":"ListItem","position":2,"name":"Riksf\u00f6reningen JAG","item":"https:\/\/jag.se\/opinion\/"},{"@type":"ListItem","position":3,"name":"Starka manifestationer \u00f6kar trycket p\u00e5 regeringen"}]},{"@type":"WebSite","@id":"https:\/\/jag.se\/opinion\/#website","url":"https:\/\/jag.se\/opinion\/","name":"JAG Opinion","description":"","potentialAction":[{"@type":"SearchAction","target":{"@type":"EntryPoint","urlTemplate":"https:\/\/jag.se\/opinion\/?s={search_term_string}"},"query-input":"required name=search_term_string"}],"inLanguage":"sv-SE"},{"@type":"Person","@id":"https:\/\/jag.se\/opinion\/#\/schema\/person\/42ca7c4b556b837c35d83ffe97aa92c0","name":"Alexander Alexandrov","image":{"@type":"ImageObject","inLanguage":"sv-SE","@id":"https:\/\/jag.se\/opinion\/#\/schema\/person\/image\/","url":"https:\/\/secure.gravatar.com\/avatar\/39974ed46e3cb66fe6760e4c288a2722aff8b0a328a2802a65dd6f31fe323990?s=96&d=mm&r=g","contentUrl":"https:\/\/secure.gravatar.com\/avatar\/39974ed46e3cb66fe6760e4c288a2722aff8b0a328a2802a65dd6f31fe323990?s=96&d=mm&r=g","caption":"Alexander Alexandrov"},"sameAs":["https:\/\/jag.se"]}]}},"_links":{"self":[{"href":"https:\/\/jag.se\/opinion\/wp-json\/wp\/v2\/posts\/2289","targetHints":{"allow":["GET"]}}],"collection":[{"href":"https:\/\/jag.se\/opinion\/wp-json\/wp\/v2\/posts"}],"about":[{"href":"https:\/\/jag.se\/opinion\/wp-json\/wp\/v2\/types\/post"}],"author":[{"embeddable":true,"href":"https:\/\/jag.se\/opinion\/wp-json\/wp\/v2\/users\/1"}],"replies":[{"embeddable":true,"href":"https:\/\/jag.se\/opinion\/wp-json\/wp\/v2\/comments?post=2289"}],"version-history":[{"count":1,"href":"https:\/\/jag.se\/opinion\/wp-json\/wp\/v2\/posts\/2289\/revisions"}],"predecessor-version":[{"id":2324,"href":"https:\/\/jag.se\/opinion\/wp-json\/wp\/v2\/posts\/2289\/revisions\/2324"}],"wp:attachment":[{"href":"https:\/\/jag.se\/opinion\/wp-json\/wp\/v2\/media?parent=2289"}],"wp:term":[{"taxonomy":"category","embeddable":true,"href":"https:\/\/jag.se\/opinion\/wp-json\/wp\/v2\/categories?post=2289"},{"taxonomy":"post_tag","embeddable":true,"href":"https:\/\/jag.se\/opinion\/wp-json\/wp\/v2\/tags?post=2289"}],"curies":[{"name":"wp","href":"https:\/\/api.w.org\/{rel}","templated":true}]}}