{"id":2290,"date":"2017-11-07T08:36:21","date_gmt":"2017-11-07T08:36:21","guid":{"rendered":"https:\/\/jag.se\/opinion\/glom-inte-bort-barnen\/"},"modified":"2022-03-18T15:42:42","modified_gmt":"2022-03-18T15:42:42","slug":"glom-inte-bort-barnen","status":"publish","type":"post","link":"https:\/\/jag.se\/opinion\/glom-inte-bort-barnen\/","title":{"rendered":"Gl\u00f6m inte bort barnen!"},"content":{"rendered":"<p><strong>Regeringens \u00e5tg\u00e4rder \u00e4r n\u00f6dv\u00e4ndiga f\u00f6r den grupp som nu riskerade stora neddragningar i sin assistans. Men vi undrar varf\u00f6r inte de andra grupperna som r\u00e5kat minst lika illa ut, av tidigare domar, behandlas p\u00e5 samma s\u00e4tt?<\/strong><\/p>\n<p>Varf\u00f6r bryr regeringen sig exempelvis inte om barnen med stora behov, som sedan \u00f6ver ett \u00e5r tillbaka i princip helt utest\u00e4ngts fr\u00e5n m\u00f6jligheten till assistans. Deras familjer g\u00e5r p\u00e5 kn\u00e4na. Kommun efter kommun bygger nya barnhem. M\u00e5nga av de barn som f\u00f6ds med sv\u00e5ra skador idag f\u00e5r inte v\u00e4xa upp i sina familjer. Katastrofen \u00e4r redan ett faktum.\u00a0Om inget g\u00f6rs snabbt \u00e4r vi snart tillbaka p\u00e5 sextiotalet, n\u00e4r barn \u00f6vergavs, tynade bort och dog p\u00e5 institutionerna.<\/p>\n<p>F\u00f6reningen JAG v\u00e4djar till regeringen &#8211; l\u00f6s \u00e4ven denna kris i den snabba lag\u00e4ndringen! Tillr\u00e4cklig kunskap om problemet och konsekvenserna f\u00f6r barnen och deras familjer finns redan &#8211; det handlar bara om att i lagen f\u00f6rtydliga att egenv\u00e5rd med de grundl\u00e4ggande behoven ocks\u00e5 utg\u00f6r grundl\u00e4ggande behov.<\/p>\n<p>Inl\u00e4gget <a rel=\"nofollow\" href=\"https:\/\/jag.se\/opinion\/glom-inte-bort-barnen\/\">Gl\u00f6m inte bort barnen!<\/a> d\u00f6k f\u00f6rst upp p\u00e5 <a rel=\"nofollow\" href=\"https:\/\/jag.se\/opinion\">Riksf\u00f6reningen JAG<\/a>.<\/p>\n","protected":false},"excerpt":{"rendered":"<p>Regeringens \u00e5tg\u00e4rder \u00e4r n\u00f6dv\u00e4ndiga f\u00f6r den grupp som nu riskerade stora neddragningar i sin assistans. Men vi undrar varf\u00f6r inte de andra grupperna som r\u00e5kat minst lika illa ut, av tidigare domar, behandlas p\u00e5 samma s\u00e4tt? Varf\u00f6r bryr regeringen sig exempelvis inte om barnen med stora behov, som sedan \u00f6ver ett \u00e5r tillbaka i princip<\/p>\n","protected":false},"author":1,"featured_media":0,"comment_status":"closed","ping_status":"open","sticky":false,"template":"","format":"standard","meta":{"footnotes":""},"categories":[1],"tags":[],"class_list":["post-2290","post","type-post","status-publish","format-standard","hentry","category-uncategorized"],"acf":[],"yoast_head":"<!-- This site is optimized with the Yoast SEO plugin v21.3 - https:\/\/yoast.com\/wordpress\/plugins\/seo\/ -->\n<title>Gl\u00f6m inte bort barnen! - JAG Opinion<\/title>\n<meta name=\"robots\" content=\"index, follow, max-snippet:-1, max-image-preview:large, max-video-preview:-1\" \/>\n<link rel=\"canonical\" href=\"https:\/\/jag.se\/opinion\/glom-inte-bort-barnen\/\" \/>\n<meta property=\"og:locale\" content=\"sv_SE\" \/>\n<meta property=\"og:type\" content=\"article\" \/>\n<meta property=\"og:title\" content=\"Gl\u00f6m inte bort barnen! - JAG Opinion\" \/>\n<meta property=\"og:description\" content=\"Regeringens \u00e5tg\u00e4rder \u00e4r n\u00f6dv\u00e4ndiga f\u00f6r den grupp som nu riskerade stora neddragningar i sin assistans. Men vi undrar varf\u00f6r inte de andra grupperna som r\u00e5kat minst lika illa ut, av tidigare domar, behandlas p\u00e5 samma s\u00e4tt? Varf\u00f6r bryr regeringen sig exempelvis inte om barnen med stora behov, som sedan \u00f6ver ett \u00e5r tillbaka i princip\" \/>\n<meta property=\"og:url\" content=\"https:\/\/jag.se\/opinion\/glom-inte-bort-barnen\/\" \/>\n<meta property=\"og:site_name\" content=\"JAG Opinion\" \/>\n<meta property=\"article:published_time\" content=\"2017-11-07T08:36:21+00:00\" \/>\n<meta property=\"article:modified_time\" content=\"2022-03-18T15:42:42+00:00\" \/>\n<meta name=\"author\" content=\"Alexander Alexandrov\" \/>\n<meta name=\"twitter:card\" content=\"summary_large_image\" \/>\n<meta name=\"twitter:label1\" content=\"Skriven av\" \/>\n\t<meta name=\"twitter:data1\" content=\"Alexander Alexandrov\" \/>\n\t<meta name=\"twitter:label2\" content=\"Ber\u00e4knad l\u00e4stid\" \/>\n\t<meta name=\"twitter:data2\" content=\"1 minut\" \/>\n<script type=\"application\/ld+json\" class=\"yoast-schema-graph\">{\"@context\":\"https:\/\/schema.org\",\"@graph\":[{\"@type\":\"WebPage\",\"@id\":\"https:\/\/jag.se\/opinion\/glom-inte-bort-barnen\/\",\"url\":\"https:\/\/jag.se\/opinion\/glom-inte-bort-barnen\/\",\"name\":\"Gl\u00f6m inte bort barnen! - JAG Opinion\",\"isPartOf\":{\"@id\":\"https:\/\/jag.se\/opinion\/#website\"},\"datePublished\":\"2017-11-07T08:36:21+00:00\",\"dateModified\":\"2022-03-18T15:42:42+00:00\",\"author\":{\"@id\":\"https:\/\/jag.se\/opinion\/#\/schema\/person\/42ca7c4b556b837c35d83ffe97aa92c0\"},\"breadcrumb\":{\"@id\":\"https:\/\/jag.se\/opinion\/glom-inte-bort-barnen\/#breadcrumb\"},\"inLanguage\":\"sv-SE\",\"potentialAction\":[{\"@type\":\"ReadAction\",\"target\":[\"https:\/\/jag.se\/opinion\/glom-inte-bort-barnen\/\"]}]},{\"@type\":\"BreadcrumbList\",\"@id\":\"https:\/\/jag.se\/opinion\/glom-inte-bort-barnen\/#breadcrumb\",\"itemListElement\":[{\"@type\":\"ListItem\",\"position\":1,\"name\":\"JAG start\",\"item\":\"https:\/\/jag.se\"},{\"@type\":\"ListItem\",\"position\":2,\"name\":\"Riksf\u00f6reningen JAG\",\"item\":\"https:\/\/jag.se\/opinion\/\"},{\"@type\":\"ListItem\",\"position\":3,\"name\":\"Gl\u00f6m inte bort barnen!\"}]},{\"@type\":\"WebSite\",\"@id\":\"https:\/\/jag.se\/opinion\/#website\",\"url\":\"https:\/\/jag.se\/opinion\/\",\"name\":\"JAG Opinion\",\"description\":\"\",\"potentialAction\":[{\"@type\":\"SearchAction\",\"target\":{\"@type\":\"EntryPoint\",\"urlTemplate\":\"https:\/\/jag.se\/opinion\/?s={search_term_string}\"},\"query-input\":\"required name=search_term_string\"}],\"inLanguage\":\"sv-SE\"},{\"@type\":\"Person\",\"@id\":\"https:\/\/jag.se\/opinion\/#\/schema\/person\/42ca7c4b556b837c35d83ffe97aa92c0\",\"name\":\"Alexander Alexandrov\",\"image\":{\"@type\":\"ImageObject\",\"inLanguage\":\"sv-SE\",\"@id\":\"https:\/\/jag.se\/opinion\/#\/schema\/person\/image\/\",\"url\":\"https:\/\/secure.gravatar.com\/avatar\/39974ed46e3cb66fe6760e4c288a2722aff8b0a328a2802a65dd6f31fe323990?s=96&d=mm&r=g\",\"contentUrl\":\"https:\/\/secure.gravatar.com\/avatar\/39974ed46e3cb66fe6760e4c288a2722aff8b0a328a2802a65dd6f31fe323990?s=96&d=mm&r=g\",\"caption\":\"Alexander Alexandrov\"},\"sameAs\":[\"https:\/\/jag.se\"]}]}<\/script>\n<!-- \/ Yoast SEO plugin. -->","yoast_head_json":{"title":"Gl\u00f6m inte bort barnen! - JAG Opinion","robots":{"index":"index","follow":"follow","max-snippet":"max-snippet:-1","max-image-preview":"max-image-preview:large","max-video-preview":"max-video-preview:-1"},"canonical":"https:\/\/jag.se\/opinion\/glom-inte-bort-barnen\/","og_locale":"sv_SE","og_type":"article","og_title":"Gl\u00f6m inte bort barnen! - JAG Opinion","og_description":"Regeringens \u00e5tg\u00e4rder \u00e4r n\u00f6dv\u00e4ndiga f\u00f6r den grupp som nu riskerade stora neddragningar i sin assistans. Men vi undrar varf\u00f6r inte de andra grupperna som r\u00e5kat minst lika illa ut, av tidigare domar, behandlas p\u00e5 samma s\u00e4tt? Varf\u00f6r bryr regeringen sig exempelvis inte om barnen med stora behov, som sedan \u00f6ver ett \u00e5r tillbaka i princip","og_url":"https:\/\/jag.se\/opinion\/glom-inte-bort-barnen\/","og_site_name":"JAG Opinion","article_published_time":"2017-11-07T08:36:21+00:00","article_modified_time":"2022-03-18T15:42:42+00:00","author":"Alexander Alexandrov","twitter_card":"summary_large_image","twitter_misc":{"Skriven av":"Alexander Alexandrov","Ber\u00e4knad l\u00e4stid":"1 minut"},"schema":{"@context":"https:\/\/schema.org","@graph":[{"@type":"WebPage","@id":"https:\/\/jag.se\/opinion\/glom-inte-bort-barnen\/","url":"https:\/\/jag.se\/opinion\/glom-inte-bort-barnen\/","name":"Gl\u00f6m inte bort barnen! - JAG Opinion","isPartOf":{"@id":"https:\/\/jag.se\/opinion\/#website"},"datePublished":"2017-11-07T08:36:21+00:00","dateModified":"2022-03-18T15:42:42+00:00","author":{"@id":"https:\/\/jag.se\/opinion\/#\/schema\/person\/42ca7c4b556b837c35d83ffe97aa92c0"},"breadcrumb":{"@id":"https:\/\/jag.se\/opinion\/glom-inte-bort-barnen\/#breadcrumb"},"inLanguage":"sv-SE","potentialAction":[{"@type":"ReadAction","target":["https:\/\/jag.se\/opinion\/glom-inte-bort-barnen\/"]}]},{"@type":"BreadcrumbList","@id":"https:\/\/jag.se\/opinion\/glom-inte-bort-barnen\/#breadcrumb","itemListElement":[{"@type":"ListItem","position":1,"name":"JAG start","item":"https:\/\/jag.se"},{"@type":"ListItem","position":2,"name":"Riksf\u00f6reningen JAG","item":"https:\/\/jag.se\/opinion\/"},{"@type":"ListItem","position":3,"name":"Gl\u00f6m inte bort barnen!"}]},{"@type":"WebSite","@id":"https:\/\/jag.se\/opinion\/#website","url":"https:\/\/jag.se\/opinion\/","name":"JAG Opinion","description":"","potentialAction":[{"@type":"SearchAction","target":{"@type":"EntryPoint","urlTemplate":"https:\/\/jag.se\/opinion\/?s={search_term_string}"},"query-input":"required name=search_term_string"}],"inLanguage":"sv-SE"},{"@type":"Person","@id":"https:\/\/jag.se\/opinion\/#\/schema\/person\/42ca7c4b556b837c35d83ffe97aa92c0","name":"Alexander Alexandrov","image":{"@type":"ImageObject","inLanguage":"sv-SE","@id":"https:\/\/jag.se\/opinion\/#\/schema\/person\/image\/","url":"https:\/\/secure.gravatar.com\/avatar\/39974ed46e3cb66fe6760e4c288a2722aff8b0a328a2802a65dd6f31fe323990?s=96&d=mm&r=g","contentUrl":"https:\/\/secure.gravatar.com\/avatar\/39974ed46e3cb66fe6760e4c288a2722aff8b0a328a2802a65dd6f31fe323990?s=96&d=mm&r=g","caption":"Alexander Alexandrov"},"sameAs":["https:\/\/jag.se"]}]}},"_links":{"self":[{"href":"https:\/\/jag.se\/opinion\/wp-json\/wp\/v2\/posts\/2290","targetHints":{"allow":["GET"]}}],"collection":[{"href":"https:\/\/jag.se\/opinion\/wp-json\/wp\/v2\/posts"}],"about":[{"href":"https:\/\/jag.se\/opinion\/wp-json\/wp\/v2\/types\/post"}],"author":[{"embeddable":true,"href":"https:\/\/jag.se\/opinion\/wp-json\/wp\/v2\/users\/1"}],"replies":[{"embeddable":true,"href":"https:\/\/jag.se\/opinion\/wp-json\/wp\/v2\/comments?post=2290"}],"version-history":[{"count":1,"href":"https:\/\/jag.se\/opinion\/wp-json\/wp\/v2\/posts\/2290\/revisions"}],"predecessor-version":[{"id":2323,"href":"https:\/\/jag.se\/opinion\/wp-json\/wp\/v2\/posts\/2290\/revisions\/2323"}],"wp:attachment":[{"href":"https:\/\/jag.se\/opinion\/wp-json\/wp\/v2\/media?parent=2290"}],"wp:term":[{"taxonomy":"category","embeddable":true,"href":"https:\/\/jag.se\/opinion\/wp-json\/wp\/v2\/categories?post=2290"},{"taxonomy":"post_tag","embeddable":true,"href":"https:\/\/jag.se\/opinion\/wp-json\/wp\/v2\/tags?post=2290"}],"curies":[{"name":"wp","href":"https:\/\/api.w.org\/{rel}","templated":true}]}}