{"id":2291,"date":"2017-10-27T14:28:54","date_gmt":"2017-10-27T14:28:54","guid":{"rendered":"https:\/\/jag.se\/opinion\/det-ar-brattom-nu-asa-regner\/"},"modified":"2022-03-18T15:42:42","modified_gmt":"2022-03-18T15:42:42","slug":"det-ar-brattom-nu-asa-regner","status":"publish","type":"post","link":"https:\/\/jag.se\/opinion\/det-ar-brattom-nu-asa-regner\/","title":{"rendered":"Det \u00e4r br\u00e5ttom nu \u00c5sa Regn\u00e9r"},"content":{"rendered":"<p><strong>F\u00f6rs\u00e4kringskassan inf\u00f6r nya begr\u00e4nsningar i assistansr\u00e4tten efter ytterligare en ny dom. F\u00f6reningen JAG anser att regeringen m\u00e5ste ingripa nu genom att stoppa F\u00f6rs\u00e4kringskassans ompr\u00f6vningar i v\u00e4ntan p\u00e5 en lag\u00e4ndring som \u00e5terst\u00e4ller LSS. <\/strong><\/p>\n<p>I juni kom en ny v\u00e4gledande dom om personlig assistans fr\u00e5n H\u00f6gsta F\u00f6rvaltningsdomstolen. Den h\u00e4r g\u00e5ngen \u00e4r det inte de grundl\u00e4ggande behoven som \u00e4r i fokus. Nu handlar det om r\u00e4tten till assistans f\u00f6r andra personliga behov i det dagliga livet. Hittills har g\u00e4llt att den som har mer \u00e4n 20 timmar grundl\u00e4ggande behov per vecka ska beviljas assistansers\u00e4ttning ocks\u00e5 f\u00f6r alla andra behov i vardagen som orsakas av funktionsneds\u00e4ttningarna. M\u00e5let \u00e4r att en ska kunna styra sin egen tillvaro i lika h\u00f6g grad som m\u00e4nniskor utan funktionsvariation kan. Sj\u00e4lva tillg\u00e5ngen till assistans \u00e4r en f\u00f6ruts\u00e4ttning f\u00f6r att en ska kunna leva fritt, oberoende och som andra. Men nu menar domstolen att endast kvalificerade personliga behov ska ge r\u00e4tt till assistanstid. Genom sitt s\u00e4tt att till\u00e4mpa lagens f\u00f6rarbeten har HFD helt frikopplat sig fr\u00e5n LSS grundl\u00e4ggande syfte och principer. Domstolens r\u00e4ttstill\u00e4mpning \u00e4r minst sagt obegriplig f\u00f6r den som k\u00e4nner LSS.<\/p>\n<p>Vi har med stor oro v\u00e4ntat p\u00e5 besked om hur F\u00f6rs\u00e4kringskassan ska tolka och till\u00e4mpa domen. Nu vet vi. F\u00f6rs\u00e4kringskassans ledning har i ett brev till regeringen h\u00e4romdagen varslat om att domen kommer att inneb\u00e4ra \u201dsv\u00e5r\u00f6versk\u00e5dliga\u201d konsekvenser f\u00f6r enskilda och \u00f6kade kostnader f\u00f6r kommunerna. Enligt kassan m\u00e5ste domen tolkas s\u00e5 att r\u00e4tt till assistansers\u00e4ttning endast finns f\u00f6r preciserade hj\u00e4lpbehov, inte f\u00f6r tiden d\u00e4remellan. Assistansers\u00e4ttning ska d\u00e4rf\u00f6r inte l\u00e4ngre beviljas f\u00f6r v\u00e4ntetid (jour) eller beredskap. D\u00e4remot ska \u201datt \u00f6vervaka en f\u00f6rs\u00e4krad som beh\u00f6ver tillsyn och d\u00e4r assistenten beh\u00f6ver vara beredd att g\u00f6ra n\u00e5got\u201d fortfarande r\u00e4knas som ett assistansbehov. Behov som kan tillgodoses av annat samh\u00e4llsst\u00f6d ska inte r\u00e4knas, t.ex. kan hemtj\u00e4nst komma ifr\u00e5ga d\u00e5 hush\u00e5llssysslor och ink\u00f6p inte bed\u00f6ms kr\u00e4va ett kvalificerat st\u00f6d.\u00a0 Det \u00e4r \u00e4nnu os\u00e4kert vad som kommer att anses vara kvalificerat st\u00f6d. \u00d6verhuvudtaget kommer assistans att beviljas mer som punktinsatser f\u00f6r behov i avgr\u00e4nsade situationer. F\u00f6rs\u00e4kringskassan kommer att b\u00f6rja dra bort assistanstid vid de ompr\u00f6vningar som g\u00f6rs fr\u00e5n och med nu.<\/p>\n<p>Vi ser nu en \u00f6verh\u00e4ngande risk f\u00f6r att den \u00e4ndrade till\u00e4mpningen ska g\u00f6ra den beviljade assistanstiden oanv\u00e4ndbar. Det g\u00e5r inte att leva med tidsluckor mellan punktvisa assistansinsatser, eftersom assistansbehov uppst\u00e5r n\u00e4r som helst. Hur ska behov som uppst\u00e5r under tidsluckorna tillgodoses? Hur ska den klara sig som beh\u00f6ver ha n\u00e5gon hos sig varje stund, t.ex. p\u00e5 natten? Det \u00e4r mycket os\u00e4kert om kommunerna kommer att skjuta till den tid som beh\u00f6vs f\u00f6r att m\u00e4nniskor ska kunna forts\u00e4tta leva sina liv. F\u00f6r de drabbade \u00e5terst\u00e5r tv\u00e5 alternativ, ett \u00f6kat beroende av anh\u00f6riga och flytt till institution. Den som saknar ett n\u00e4ra n\u00e4tverk har bara ett av dessa alternativ.<\/p>\n<p>Det \u00e4r en dyster bild som m\u00e5las upp av F\u00f6rs\u00e4kringskassan. F\u00f6reningen JAG anser att regeringen m\u00e5ste ingripa genom att stoppa F\u00f6rs\u00e4kringskassans ompr\u00f6vningar tills en lag\u00e4ndring som \u00e5terst\u00e4ller LSS tr\u00e4der ikraft.<\/p>\n<p><strong>N\u00f6dbromsen m\u00e5ste dras nu, inte om ett halv\u00e5r f\u00f6r d\u00e5 \u00e4r katastrofen ett faktum.<\/strong><\/p>\n<p><a href=\"https:\/\/www.forsakringskassan.se\/wps\/wcm\/connect\/18284a16-290d-4899-ae41-894080d15405\/2017-skrivelse-till-departementet.pdf?MOD=AJPERES&#038;CVID=\" target=\"_blank\" rel=\"noopener\">F\u00f6rs\u00e4kringskassans brev till regeringen<\/a><\/p>\n<p><a href=\"https:\/\/www.hogstaforvaltningsdomstolen.se\/Domstolar\/regeringsratten\/R{0c268eb502c5eecad9a9eda098ac97ba9ab92d04b8cb0671e178fa1c2d191886}C3{0c268eb502c5eecad9a9eda098ac97ba9ab92d04b8cb0671e178fa1c2d191886}A4ttsfall\/HFD{0c268eb502c5eecad9a9eda098ac97ba9ab92d04b8cb0671e178fa1c2d191886}202017{0c268eb502c5eecad9a9eda098ac97ba9ab92d04b8cb0671e178fa1c2d191886}20ref.{0c268eb502c5eecad9a9eda098ac97ba9ab92d04b8cb0671e178fa1c2d191886}2027.pdf\" target=\"_blank\" rel=\"noopener\">Domen fr\u00e5n H\u00f6gsta F\u00f6rvaltningsdomstolen (HFD 2017 ref 27.)<\/a><\/p>\n<p>Inl\u00e4gget <a rel=\"nofollow\" href=\"https:\/\/jag.se\/opinion\/det-ar-brattom-nu-asa-regner\/\">Det \u00e4r br\u00e5ttom nu \u00c5sa Regn\u00e9r<\/a> d\u00f6k f\u00f6rst upp p\u00e5 <a rel=\"nofollow\" href=\"https:\/\/jag.se\/opinion\">Riksf\u00f6reningen JAG<\/a>.<\/p>\n","protected":false},"excerpt":{"rendered":"<p>F\u00f6rs\u00e4kringskassan inf\u00f6r nya begr\u00e4nsningar i assistansr\u00e4tten efter ytterligare en ny dom. F\u00f6reningen JAG anser att regeringen m\u00e5ste ingripa nu genom att stoppa F\u00f6rs\u00e4kringskassans ompr\u00f6vningar i v\u00e4ntan p\u00e5 en lag\u00e4ndring som \u00e5terst\u00e4ller LSS. I juni kom en ny v\u00e4gledande dom om personlig assistans fr\u00e5n H\u00f6gsta F\u00f6rvaltningsdomstolen. Den h\u00e4r g\u00e5ngen \u00e4r det inte de grundl\u00e4ggande behoven som<\/p>\n","protected":false},"author":1,"featured_media":0,"comment_status":"closed","ping_status":"open","sticky":false,"template":"","format":"standard","meta":{"footnotes":""},"categories":[1],"tags":[],"class_list":["post-2291","post","type-post","status-publish","format-standard","hentry","category-uncategorized"],"acf":[],"yoast_head":"<!-- This site is optimized with the Yoast SEO plugin v21.3 - https:\/\/yoast.com\/wordpress\/plugins\/seo\/ -->\n<title>Det \u00e4r br\u00e5ttom nu \u00c5sa Regn\u00e9r - JAG Opinion<\/title>\n<meta name=\"robots\" content=\"index, follow, max-snippet:-1, max-image-preview:large, max-video-preview:-1\" \/>\n<link rel=\"canonical\" href=\"https:\/\/jag.se\/opinion\/det-ar-brattom-nu-asa-regner\/\" \/>\n<meta property=\"og:locale\" content=\"sv_SE\" \/>\n<meta property=\"og:type\" content=\"article\" \/>\n<meta property=\"og:title\" content=\"Det \u00e4r br\u00e5ttom nu \u00c5sa Regn\u00e9r - JAG Opinion\" \/>\n<meta property=\"og:description\" content=\"F\u00f6rs\u00e4kringskassan inf\u00f6r nya begr\u00e4nsningar i assistansr\u00e4tten efter ytterligare en ny dom. F\u00f6reningen JAG anser att regeringen m\u00e5ste ingripa nu genom att stoppa F\u00f6rs\u00e4kringskassans ompr\u00f6vningar i v\u00e4ntan p\u00e5 en lag\u00e4ndring som \u00e5terst\u00e4ller LSS. I juni kom en ny v\u00e4gledande dom om personlig assistans fr\u00e5n H\u00f6gsta F\u00f6rvaltningsdomstolen. Den h\u00e4r g\u00e5ngen \u00e4r det inte de grundl\u00e4ggande behoven som\" \/>\n<meta property=\"og:url\" content=\"https:\/\/jag.se\/opinion\/det-ar-brattom-nu-asa-regner\/\" \/>\n<meta property=\"og:site_name\" content=\"JAG Opinion\" \/>\n<meta property=\"article:published_time\" content=\"2017-10-27T14:28:54+00:00\" \/>\n<meta property=\"article:modified_time\" content=\"2022-03-18T15:42:42+00:00\" \/>\n<meta name=\"author\" content=\"Alexander Alexandrov\" \/>\n<meta name=\"twitter:card\" content=\"summary_large_image\" \/>\n<meta name=\"twitter:label1\" content=\"Skriven av\" \/>\n\t<meta name=\"twitter:data1\" content=\"Alexander Alexandrov\" \/>\n\t<meta name=\"twitter:label2\" content=\"Ber\u00e4knad l\u00e4stid\" \/>\n\t<meta name=\"twitter:data2\" content=\"3 minuter\" \/>\n<script type=\"application\/ld+json\" class=\"yoast-schema-graph\">{\"@context\":\"https:\/\/schema.org\",\"@graph\":[{\"@type\":\"WebPage\",\"@id\":\"https:\/\/jag.se\/opinion\/det-ar-brattom-nu-asa-regner\/\",\"url\":\"https:\/\/jag.se\/opinion\/det-ar-brattom-nu-asa-regner\/\",\"name\":\"Det \u00e4r br\u00e5ttom nu \u00c5sa Regn\u00e9r - JAG Opinion\",\"isPartOf\":{\"@id\":\"https:\/\/jag.se\/opinion\/#website\"},\"datePublished\":\"2017-10-27T14:28:54+00:00\",\"dateModified\":\"2022-03-18T15:42:42+00:00\",\"author\":{\"@id\":\"https:\/\/jag.se\/opinion\/#\/schema\/person\/42ca7c4b556b837c35d83ffe97aa92c0\"},\"breadcrumb\":{\"@id\":\"https:\/\/jag.se\/opinion\/det-ar-brattom-nu-asa-regner\/#breadcrumb\"},\"inLanguage\":\"sv-SE\",\"potentialAction\":[{\"@type\":\"ReadAction\",\"target\":[\"https:\/\/jag.se\/opinion\/det-ar-brattom-nu-asa-regner\/\"]}]},{\"@type\":\"BreadcrumbList\",\"@id\":\"https:\/\/jag.se\/opinion\/det-ar-brattom-nu-asa-regner\/#breadcrumb\",\"itemListElement\":[{\"@type\":\"ListItem\",\"position\":1,\"name\":\"JAG start\",\"item\":\"https:\/\/jag.se\"},{\"@type\":\"ListItem\",\"position\":2,\"name\":\"Riksf\u00f6reningen JAG\",\"item\":\"https:\/\/jag.se\/opinion\/\"},{\"@type\":\"ListItem\",\"position\":3,\"name\":\"Det \u00e4r br\u00e5ttom nu \u00c5sa Regn\u00e9r\"}]},{\"@type\":\"WebSite\",\"@id\":\"https:\/\/jag.se\/opinion\/#website\",\"url\":\"https:\/\/jag.se\/opinion\/\",\"name\":\"JAG Opinion\",\"description\":\"\",\"potentialAction\":[{\"@type\":\"SearchAction\",\"target\":{\"@type\":\"EntryPoint\",\"urlTemplate\":\"https:\/\/jag.se\/opinion\/?s={search_term_string}\"},\"query-input\":\"required name=search_term_string\"}],\"inLanguage\":\"sv-SE\"},{\"@type\":\"Person\",\"@id\":\"https:\/\/jag.se\/opinion\/#\/schema\/person\/42ca7c4b556b837c35d83ffe97aa92c0\",\"name\":\"Alexander Alexandrov\",\"image\":{\"@type\":\"ImageObject\",\"inLanguage\":\"sv-SE\",\"@id\":\"https:\/\/jag.se\/opinion\/#\/schema\/person\/image\/\",\"url\":\"https:\/\/secure.gravatar.com\/avatar\/39974ed46e3cb66fe6760e4c288a2722aff8b0a328a2802a65dd6f31fe323990?s=96&d=mm&r=g\",\"contentUrl\":\"https:\/\/secure.gravatar.com\/avatar\/39974ed46e3cb66fe6760e4c288a2722aff8b0a328a2802a65dd6f31fe323990?s=96&d=mm&r=g\",\"caption\":\"Alexander Alexandrov\"},\"sameAs\":[\"https:\/\/jag.se\"]}]}<\/script>\n<!-- \/ Yoast SEO plugin. -->","yoast_head_json":{"title":"Det \u00e4r br\u00e5ttom nu \u00c5sa Regn\u00e9r - JAG Opinion","robots":{"index":"index","follow":"follow","max-snippet":"max-snippet:-1","max-image-preview":"max-image-preview:large","max-video-preview":"max-video-preview:-1"},"canonical":"https:\/\/jag.se\/opinion\/det-ar-brattom-nu-asa-regner\/","og_locale":"sv_SE","og_type":"article","og_title":"Det \u00e4r br\u00e5ttom nu \u00c5sa Regn\u00e9r - JAG Opinion","og_description":"F\u00f6rs\u00e4kringskassan inf\u00f6r nya begr\u00e4nsningar i assistansr\u00e4tten efter ytterligare en ny dom. F\u00f6reningen JAG anser att regeringen m\u00e5ste ingripa nu genom att stoppa F\u00f6rs\u00e4kringskassans ompr\u00f6vningar i v\u00e4ntan p\u00e5 en lag\u00e4ndring som \u00e5terst\u00e4ller LSS. I juni kom en ny v\u00e4gledande dom om personlig assistans fr\u00e5n H\u00f6gsta F\u00f6rvaltningsdomstolen. Den h\u00e4r g\u00e5ngen \u00e4r det inte de grundl\u00e4ggande behoven som","og_url":"https:\/\/jag.se\/opinion\/det-ar-brattom-nu-asa-regner\/","og_site_name":"JAG Opinion","article_published_time":"2017-10-27T14:28:54+00:00","article_modified_time":"2022-03-18T15:42:42+00:00","author":"Alexander Alexandrov","twitter_card":"summary_large_image","twitter_misc":{"Skriven av":"Alexander Alexandrov","Ber\u00e4knad l\u00e4stid":"3 minuter"},"schema":{"@context":"https:\/\/schema.org","@graph":[{"@type":"WebPage","@id":"https:\/\/jag.se\/opinion\/det-ar-brattom-nu-asa-regner\/","url":"https:\/\/jag.se\/opinion\/det-ar-brattom-nu-asa-regner\/","name":"Det \u00e4r br\u00e5ttom nu \u00c5sa Regn\u00e9r - JAG Opinion","isPartOf":{"@id":"https:\/\/jag.se\/opinion\/#website"},"datePublished":"2017-10-27T14:28:54+00:00","dateModified":"2022-03-18T15:42:42+00:00","author":{"@id":"https:\/\/jag.se\/opinion\/#\/schema\/person\/42ca7c4b556b837c35d83ffe97aa92c0"},"breadcrumb":{"@id":"https:\/\/jag.se\/opinion\/det-ar-brattom-nu-asa-regner\/#breadcrumb"},"inLanguage":"sv-SE","potentialAction":[{"@type":"ReadAction","target":["https:\/\/jag.se\/opinion\/det-ar-brattom-nu-asa-regner\/"]}]},{"@type":"BreadcrumbList","@id":"https:\/\/jag.se\/opinion\/det-ar-brattom-nu-asa-regner\/#breadcrumb","itemListElement":[{"@type":"ListItem","position":1,"name":"JAG start","item":"https:\/\/jag.se"},{"@type":"ListItem","position":2,"name":"Riksf\u00f6reningen JAG","item":"https:\/\/jag.se\/opinion\/"},{"@type":"ListItem","position":3,"name":"Det \u00e4r br\u00e5ttom nu \u00c5sa Regn\u00e9r"}]},{"@type":"WebSite","@id":"https:\/\/jag.se\/opinion\/#website","url":"https:\/\/jag.se\/opinion\/","name":"JAG Opinion","description":"","potentialAction":[{"@type":"SearchAction","target":{"@type":"EntryPoint","urlTemplate":"https:\/\/jag.se\/opinion\/?s={search_term_string}"},"query-input":"required name=search_term_string"}],"inLanguage":"sv-SE"},{"@type":"Person","@id":"https:\/\/jag.se\/opinion\/#\/schema\/person\/42ca7c4b556b837c35d83ffe97aa92c0","name":"Alexander Alexandrov","image":{"@type":"ImageObject","inLanguage":"sv-SE","@id":"https:\/\/jag.se\/opinion\/#\/schema\/person\/image\/","url":"https:\/\/secure.gravatar.com\/avatar\/39974ed46e3cb66fe6760e4c288a2722aff8b0a328a2802a65dd6f31fe323990?s=96&d=mm&r=g","contentUrl":"https:\/\/secure.gravatar.com\/avatar\/39974ed46e3cb66fe6760e4c288a2722aff8b0a328a2802a65dd6f31fe323990?s=96&d=mm&r=g","caption":"Alexander Alexandrov"},"sameAs":["https:\/\/jag.se"]}]}},"_links":{"self":[{"href":"https:\/\/jag.se\/opinion\/wp-json\/wp\/v2\/posts\/2291","targetHints":{"allow":["GET"]}}],"collection":[{"href":"https:\/\/jag.se\/opinion\/wp-json\/wp\/v2\/posts"}],"about":[{"href":"https:\/\/jag.se\/opinion\/wp-json\/wp\/v2\/types\/post"}],"author":[{"embeddable":true,"href":"https:\/\/jag.se\/opinion\/wp-json\/wp\/v2\/users\/1"}],"replies":[{"embeddable":true,"href":"https:\/\/jag.se\/opinion\/wp-json\/wp\/v2\/comments?post=2291"}],"version-history":[{"count":1,"href":"https:\/\/jag.se\/opinion\/wp-json\/wp\/v2\/posts\/2291\/revisions"}],"predecessor-version":[{"id":2322,"href":"https:\/\/jag.se\/opinion\/wp-json\/wp\/v2\/posts\/2291\/revisions\/2322"}],"wp:attachment":[{"href":"https:\/\/jag.se\/opinion\/wp-json\/wp\/v2\/media?parent=2291"}],"wp:term":[{"taxonomy":"category","embeddable":true,"href":"https:\/\/jag.se\/opinion\/wp-json\/wp\/v2\/categories?post=2291"},{"taxonomy":"post_tag","embeddable":true,"href":"https:\/\/jag.se\/opinion\/wp-json\/wp\/v2\/tags?post=2291"}],"curies":[{"name":"wp","href":"https:\/\/api.w.org\/{rel}","templated":true}]}}