{"id":2293,"date":"2017-06-29T09:37:43","date_gmt":"2017-06-29T09:37:43","guid":{"rendered":"https:\/\/jag.se\/opinion\/brukarkooperativet-jag-har-jo-anmalt-forsakringskassan\/"},"modified":"2022-03-18T15:42:39","modified_gmt":"2022-03-18T15:42:39","slug":"brukarkooperativet-jag-har-jo-anmalt-forsakringskassan","status":"publish","type":"post","link":"https:\/\/jag.se\/opinion\/brukarkooperativet-jag-har-jo-anmalt-forsakringskassan\/","title":{"rendered":"Brukarkooperativet JAG har JO-anm\u00e4lt F\u00f6rs\u00e4kringskassan"},"content":{"rendered":"<p><strong><a href=\"https:\/\/162.144.85.28\/~jagse\/opinion\/wp-content\/uploads\/2017\/06\/lagbook.jpg\"><img decoding=\"async\" loading=\"lazy\" class=\"size-medium wp-image-22401 alignleft\" src=\"https:\/\/162.144.85.28\/~jagse\/opinion\/wp-content\/uploads\/2017\/06\/lagbook-300x225.jpg\" alt=\"Lagbok\" width=\"300\" height=\"225\" \/><\/a>Brukarkooperativet JAG anm\u00e4lde ig\u00e5r F\u00f6rs\u00e4kringskassan till Justitieombudsmannen p\u00e5 grund av att de inte t\u00e4nker betala ut\u00a0assistansers\u00e4ttning om anordnaren inte l\u00e4mnar uppgifter om assistenter.<\/strong><\/p>\n<p>Brukarkooperativet JAG anser att F\u00f6rs\u00e4kringskassan inte kan\u00a0kr\u00e4va att assistansanordnaren ska l\u00e4mna uppgifter om assistenter \u00e4r n\u00e4rst\u00e5ende eller lever i hush\u00e5llsgemenskap med personen som har assistans. Det borde r\u00e4cka att anordnaren l\u00e4mnar uppgift om assistentens namn, adress och personnummer.<\/p>\n<h4><\/h4>\n<h4>Den assistansber\u00e4ttigade personen drabbas<\/h4>\n<p>Assistansanordnare kan inte veta\u00a0om en anst\u00e4lld personlig assistent \u00e4r n\u00e4rst\u00e5ende eller bor ihop med personen som har assistans. Anordnaren kan st\u00e4lla fr\u00e5gan men inte kontrollera om svaret \u00e4r korrekt.<\/p>\n<p>Assistansers\u00e4ttning \u00e4r dessutom den assistansber\u00e4ttigade personens, inte assistansanordnarens. Det \u00e4r hen som drabbas av utebliven ers\u00e4ttning vilket \u00e4r mycket anm\u00e4rkningsv\u00e4rt ur r\u00e4ttss\u00e4kerhetssynpunkt.<\/p>\n<p>Inl\u00e4gget <a rel=\"nofollow\" href=\"https:\/\/jag.se\/opinion\/brukarkooperativet-jag-har-jo-anmalt-forsakringskassan\/\">Brukarkooperativet JAG har JO-anm\u00e4lt F\u00f6rs\u00e4kringskassan<\/a> d\u00f6k f\u00f6rst upp p\u00e5 <a rel=\"nofollow\" href=\"https:\/\/jag.se\/opinion\">Riksf\u00f6reningen JAG<\/a>.<\/p>\n","protected":false},"excerpt":{"rendered":"<p>Brukarkooperativet JAG anm\u00e4lde ig\u00e5r F\u00f6rs\u00e4kringskassan till Justitieombudsmannen p\u00e5 grund av att de inte t\u00e4nker betala ut\u00a0assistansers\u00e4ttning om anordnaren inte l\u00e4mnar uppgifter om assistenter. Brukarkooperativet JAG anser att F\u00f6rs\u00e4kringskassan inte kan\u00a0kr\u00e4va att assistansanordnaren ska l\u00e4mna uppgifter om assistenter \u00e4r n\u00e4rst\u00e5ende eller lever i hush\u00e5llsgemenskap med personen som har assistans. Det borde r\u00e4cka att anordnaren l\u00e4mnar uppgift<\/p>\n","protected":false},"author":1,"featured_media":2318,"comment_status":"closed","ping_status":"open","sticky":false,"template":"","format":"standard","meta":{"footnotes":""},"categories":[1],"tags":[],"class_list":["post-2293","post","type-post","status-publish","format-standard","has-post-thumbnail","hentry","category-uncategorized"],"acf":[],"yoast_head":"<!-- This site is optimized with the Yoast SEO plugin v21.3 - https:\/\/yoast.com\/wordpress\/plugins\/seo\/ -->\n<title>Brukarkooperativet JAG har JO-anm\u00e4lt F\u00f6rs\u00e4kringskassan - JAG Opinion<\/title>\n<meta name=\"robots\" content=\"index, follow, max-snippet:-1, max-image-preview:large, max-video-preview:-1\" \/>\n<link rel=\"canonical\" href=\"https:\/\/jag.se\/opinion\/brukarkooperativet-jag-har-jo-anmalt-forsakringskassan\/\" \/>\n<meta property=\"og:locale\" content=\"sv_SE\" \/>\n<meta property=\"og:type\" content=\"article\" \/>\n<meta property=\"og:title\" content=\"Brukarkooperativet JAG har JO-anm\u00e4lt F\u00f6rs\u00e4kringskassan - JAG Opinion\" \/>\n<meta property=\"og:description\" content=\"Brukarkooperativet JAG anm\u00e4lde ig\u00e5r F\u00f6rs\u00e4kringskassan till Justitieombudsmannen p\u00e5 grund av att de inte t\u00e4nker betala ut\u00a0assistansers\u00e4ttning om anordnaren inte l\u00e4mnar uppgifter om assistenter. Brukarkooperativet JAG anser att F\u00f6rs\u00e4kringskassan inte kan\u00a0kr\u00e4va att assistansanordnaren ska l\u00e4mna uppgifter om assistenter \u00e4r n\u00e4rst\u00e5ende eller lever i hush\u00e5llsgemenskap med personen som har assistans. Det borde r\u00e4cka att anordnaren l\u00e4mnar uppgift\" \/>\n<meta property=\"og:url\" content=\"https:\/\/jag.se\/opinion\/brukarkooperativet-jag-har-jo-anmalt-forsakringskassan\/\" \/>\n<meta property=\"og:site_name\" content=\"JAG Opinion\" \/>\n<meta property=\"article:published_time\" content=\"2017-06-29T09:37:43+00:00\" \/>\n<meta property=\"article:modified_time\" content=\"2022-03-18T15:42:39+00:00\" \/>\n<meta property=\"og:image\" content=\"https:\/\/jag.se\/wp-content\/uploads\/sites\/3\/2017\/06\/lagbook-1.jpg\" \/>\n\t<meta property=\"og:image:width\" content=\"900\" \/>\n\t<meta property=\"og:image:height\" content=\"675\" \/>\n\t<meta property=\"og:image:type\" content=\"image\/jpeg\" \/>\n<meta name=\"author\" content=\"Alexander Alexandrov\" \/>\n<meta name=\"twitter:card\" content=\"summary_large_image\" \/>\n<meta name=\"twitter:label1\" content=\"Skriven av\" \/>\n\t<meta name=\"twitter:data1\" content=\"Alexander Alexandrov\" \/>\n\t<meta name=\"twitter:label2\" content=\"Ber\u00e4knad l\u00e4stid\" \/>\n\t<meta name=\"twitter:data2\" content=\"1 minut\" \/>\n<script type=\"application\/ld+json\" class=\"yoast-schema-graph\">{\"@context\":\"https:\/\/schema.org\",\"@graph\":[{\"@type\":\"WebPage\",\"@id\":\"https:\/\/jag.se\/opinion\/brukarkooperativet-jag-har-jo-anmalt-forsakringskassan\/\",\"url\":\"https:\/\/jag.se\/opinion\/brukarkooperativet-jag-har-jo-anmalt-forsakringskassan\/\",\"name\":\"Brukarkooperativet JAG har JO-anm\u00e4lt F\u00f6rs\u00e4kringskassan - JAG Opinion\",\"isPartOf\":{\"@id\":\"https:\/\/jag.se\/opinion\/#website\"},\"datePublished\":\"2017-06-29T09:37:43+00:00\",\"dateModified\":\"2022-03-18T15:42:39+00:00\",\"author\":{\"@id\":\"https:\/\/jag.se\/opinion\/#\/schema\/person\/90dd15a2a47e0c05d666bd8dcc143c05\"},\"breadcrumb\":{\"@id\":\"https:\/\/jag.se\/opinion\/brukarkooperativet-jag-har-jo-anmalt-forsakringskassan\/#breadcrumb\"},\"inLanguage\":\"sv-SE\",\"potentialAction\":[{\"@type\":\"ReadAction\",\"target\":[\"https:\/\/jag.se\/opinion\/brukarkooperativet-jag-har-jo-anmalt-forsakringskassan\/\"]}]},{\"@type\":\"BreadcrumbList\",\"@id\":\"https:\/\/jag.se\/opinion\/brukarkooperativet-jag-har-jo-anmalt-forsakringskassan\/#breadcrumb\",\"itemListElement\":[{\"@type\":\"ListItem\",\"position\":1,\"name\":\"JAG start\",\"item\":\"https:\/\/jag.se\"},{\"@type\":\"ListItem\",\"position\":2,\"name\":\"Riksf\u00f6reningen JAG\",\"item\":\"https:\/\/jag.se\/opinion\/\"},{\"@type\":\"ListItem\",\"position\":3,\"name\":\"Brukarkooperativet JAG har JO-anm\u00e4lt F\u00f6rs\u00e4kringskassan\"}]},{\"@type\":\"WebSite\",\"@id\":\"https:\/\/jag.se\/opinion\/#website\",\"url\":\"https:\/\/jag.se\/opinion\/\",\"name\":\"JAG Opinion\",\"description\":\"\",\"potentialAction\":[{\"@type\":\"SearchAction\",\"target\":{\"@type\":\"EntryPoint\",\"urlTemplate\":\"https:\/\/jag.se\/opinion\/?s={search_term_string}\"},\"query-input\":\"required name=search_term_string\"}],\"inLanguage\":\"sv-SE\"},{\"@type\":\"Person\",\"@id\":\"https:\/\/jag.se\/opinion\/#\/schema\/person\/90dd15a2a47e0c05d666bd8dcc143c05\",\"name\":\"Alexander Alexandrov\",\"image\":{\"@type\":\"ImageObject\",\"inLanguage\":\"sv-SE\",\"@id\":\"https:\/\/jag.se\/opinion\/#\/schema\/person\/image\/\",\"url\":\"https:\/\/secure.gravatar.com\/avatar\/39974ed46e3cb66fe6760e4c288a2722aff8b0a328a2802a65dd6f31fe323990?s=96&d=mm&r=g\",\"contentUrl\":\"https:\/\/secure.gravatar.com\/avatar\/39974ed46e3cb66fe6760e4c288a2722aff8b0a328a2802a65dd6f31fe323990?s=96&d=mm&r=g\",\"caption\":\"Alexander Alexandrov\"},\"sameAs\":[\"https:\/\/jag.se\"]}]}<\/script>\n<!-- \/ Yoast SEO plugin. -->","yoast_head_json":{"title":"Brukarkooperativet JAG har JO-anm\u00e4lt F\u00f6rs\u00e4kringskassan - JAG Opinion","robots":{"index":"index","follow":"follow","max-snippet":"max-snippet:-1","max-image-preview":"max-image-preview:large","max-video-preview":"max-video-preview:-1"},"canonical":"https:\/\/jag.se\/opinion\/brukarkooperativet-jag-har-jo-anmalt-forsakringskassan\/","og_locale":"sv_SE","og_type":"article","og_title":"Brukarkooperativet JAG har JO-anm\u00e4lt F\u00f6rs\u00e4kringskassan - JAG Opinion","og_description":"Brukarkooperativet JAG anm\u00e4lde ig\u00e5r F\u00f6rs\u00e4kringskassan till Justitieombudsmannen p\u00e5 grund av att de inte t\u00e4nker betala ut\u00a0assistansers\u00e4ttning om anordnaren inte l\u00e4mnar uppgifter om assistenter. Brukarkooperativet JAG anser att F\u00f6rs\u00e4kringskassan inte kan\u00a0kr\u00e4va att assistansanordnaren ska l\u00e4mna uppgifter om assistenter \u00e4r n\u00e4rst\u00e5ende eller lever i hush\u00e5llsgemenskap med personen som har assistans. Det borde r\u00e4cka att anordnaren l\u00e4mnar uppgift","og_url":"https:\/\/jag.se\/opinion\/brukarkooperativet-jag-har-jo-anmalt-forsakringskassan\/","og_site_name":"JAG Opinion","article_published_time":"2017-06-29T09:37:43+00:00","article_modified_time":"2022-03-18T15:42:39+00:00","og_image":[{"width":900,"height":675,"url":"https:\/\/jag.se\/wp-content\/uploads\/sites\/3\/2017\/06\/lagbook-1.jpg","type":"image\/jpeg"}],"author":"Alexander Alexandrov","twitter_card":"summary_large_image","twitter_misc":{"Skriven av":"Alexander Alexandrov","Ber\u00e4knad l\u00e4stid":"1 minut"},"schema":{"@context":"https:\/\/schema.org","@graph":[{"@type":"WebPage","@id":"https:\/\/jag.se\/opinion\/brukarkooperativet-jag-har-jo-anmalt-forsakringskassan\/","url":"https:\/\/jag.se\/opinion\/brukarkooperativet-jag-har-jo-anmalt-forsakringskassan\/","name":"Brukarkooperativet JAG har JO-anm\u00e4lt F\u00f6rs\u00e4kringskassan - JAG Opinion","isPartOf":{"@id":"https:\/\/jag.se\/opinion\/#website"},"datePublished":"2017-06-29T09:37:43+00:00","dateModified":"2022-03-18T15:42:39+00:00","author":{"@id":"https:\/\/jag.se\/opinion\/#\/schema\/person\/90dd15a2a47e0c05d666bd8dcc143c05"},"breadcrumb":{"@id":"https:\/\/jag.se\/opinion\/brukarkooperativet-jag-har-jo-anmalt-forsakringskassan\/#breadcrumb"},"inLanguage":"sv-SE","potentialAction":[{"@type":"ReadAction","target":["https:\/\/jag.se\/opinion\/brukarkooperativet-jag-har-jo-anmalt-forsakringskassan\/"]}]},{"@type":"BreadcrumbList","@id":"https:\/\/jag.se\/opinion\/brukarkooperativet-jag-har-jo-anmalt-forsakringskassan\/#breadcrumb","itemListElement":[{"@type":"ListItem","position":1,"name":"JAG start","item":"https:\/\/jag.se"},{"@type":"ListItem","position":2,"name":"Riksf\u00f6reningen JAG","item":"https:\/\/jag.se\/opinion\/"},{"@type":"ListItem","position":3,"name":"Brukarkooperativet JAG har JO-anm\u00e4lt F\u00f6rs\u00e4kringskassan"}]},{"@type":"WebSite","@id":"https:\/\/jag.se\/opinion\/#website","url":"https:\/\/jag.se\/opinion\/","name":"JAG Opinion","description":"","potentialAction":[{"@type":"SearchAction","target":{"@type":"EntryPoint","urlTemplate":"https:\/\/jag.se\/opinion\/?s={search_term_string}"},"query-input":"required name=search_term_string"}],"inLanguage":"sv-SE"},{"@type":"Person","@id":"https:\/\/jag.se\/opinion\/#\/schema\/person\/90dd15a2a47e0c05d666bd8dcc143c05","name":"Alexander Alexandrov","image":{"@type":"ImageObject","inLanguage":"sv-SE","@id":"https:\/\/jag.se\/opinion\/#\/schema\/person\/image\/","url":"https:\/\/secure.gravatar.com\/avatar\/39974ed46e3cb66fe6760e4c288a2722aff8b0a328a2802a65dd6f31fe323990?s=96&d=mm&r=g","contentUrl":"https:\/\/secure.gravatar.com\/avatar\/39974ed46e3cb66fe6760e4c288a2722aff8b0a328a2802a65dd6f31fe323990?s=96&d=mm&r=g","caption":"Alexander Alexandrov"},"sameAs":["https:\/\/jag.se"]}]}},"_links":{"self":[{"href":"https:\/\/jag.se\/opinion\/wp-json\/wp\/v2\/posts\/2293","targetHints":{"allow":["GET"]}}],"collection":[{"href":"https:\/\/jag.se\/opinion\/wp-json\/wp\/v2\/posts"}],"about":[{"href":"https:\/\/jag.se\/opinion\/wp-json\/wp\/v2\/types\/post"}],"author":[{"embeddable":true,"href":"https:\/\/jag.se\/opinion\/wp-json\/wp\/v2\/users\/1"}],"replies":[{"embeddable":true,"href":"https:\/\/jag.se\/opinion\/wp-json\/wp\/v2\/comments?post=2293"}],"version-history":[{"count":1,"href":"https:\/\/jag.se\/opinion\/wp-json\/wp\/v2\/posts\/2293\/revisions"}],"predecessor-version":[{"id":2319,"href":"https:\/\/jag.se\/opinion\/wp-json\/wp\/v2\/posts\/2293\/revisions\/2319"}],"wp:featuredmedia":[{"embeddable":true,"href":"https:\/\/jag.se\/opinion\/wp-json\/wp\/v2\/media\/2318"}],"wp:attachment":[{"href":"https:\/\/jag.se\/opinion\/wp-json\/wp\/v2\/media?parent=2293"}],"wp:term":[{"taxonomy":"category","embeddable":true,"href":"https:\/\/jag.se\/opinion\/wp-json\/wp\/v2\/categories?post=2293"},{"taxonomy":"post_tag","embeddable":true,"href":"https:\/\/jag.se\/opinion\/wp-json\/wp\/v2\/tags?post=2293"}],"curies":[{"name":"wp","href":"https:\/\/api.w.org\/{rel}","templated":true}]}}