{"id":2294,"date":"2017-06-29T08:56:45","date_gmt":"2017-06-29T08:56:45","guid":{"rendered":"https:\/\/jag.se\/opinion\/bengt-westerberg-kritiserar-regeringens-direktiv-till-lss-utredningen\/"},"modified":"2022-03-18T15:42:38","modified_gmt":"2022-03-18T15:42:38","slug":"bengt-westerberg-kritiserar-regeringens-direktiv-till-lss-utredningen","status":"publish","type":"post","link":"https:\/\/jag.se\/opinion\/bengt-westerberg-kritiserar-regeringens-direktiv-till-lss-utredningen\/","title":{"rendered":"Bengt Westerberg kritiserar regeringens direktiv till LSS-utredningen"},"content":{"rendered":"<p><strong><a href=\"https:\/\/162.144.85.28\/~jagse\/opinion\/wp-content\/uploads\/2017\/06\/Karin-Thern-ocg-Bengt-W-ljusare.jpg\"><img decoding=\"async\" loading=\"lazy\" class=\"size-medium wp-image-22232 alignleft\" src=\"https:\/\/162.144.85.28\/~jagse\/opinion\/wp-content\/uploads\/2017\/06\/Karin-Thern-ocg-Bengt-W-ljusare-300x172.jpg\" alt=\"Bengt Westerberg och Karin Thern\" width=\"300\" height=\"172\" \/><\/a>Bengt Westerberg, socialminister 1994 och \u201dpappa\u201d till assistansreformen, ger i en ny rapport alternativa direktiv till LSS-utredningen. Han har ocks\u00e5 r\u00e4knat p\u00e5 kostnaderna om personlig assistans skulle ers\u00e4ttas med hemtj\u00e4nst och gruppbost\u00e4der.<\/strong><\/p>\n<p>I en rapport som kom f\u00f6rra \u00e5ret h\u00e4vdade Bengt Westerberg att regeringen avvecklar assistansen i smyg. P\u00e5st\u00e5endet baserades p\u00e5 att regeringen hade fattat flera beslut som f\u00f6rsvagade r\u00e4ttighetslagen. Man hade i ett regleringsbrev gett F\u00f6rs\u00e4kringskassan i uppdrag att bryta utvecklingen av antalet timmar och motverka \u00f6verutnyttjande av assistansers\u00e4ttningen, man r\u00e4knade inte upp schablonbeloppet i takt med kostnadsutvecklingen och man gav F\u00f6rs\u00e4kringskassan r\u00e4tt att \u00f6verg\u00e5 fr\u00e5n f\u00f6rskotts- till efterskottsbetalning av assistansers\u00e4ttningen.<br \/>nDirektiven till LSS-utredningen bekr\u00e4ftade regeringens intentioner att sk\u00e4ra ned p\u00e5 assistansers\u00e4ttningen.<\/p>\n<p>\u2013 Dock har det senaste \u00e5rets debatt gjort att man inte l\u00e4ngre kan tala om smygavveckling. Det som nu sker, sker i full \u00f6ppenhet, skriver Bengt Westerberg i den nya rapporten som kom i juni i \u00e5r.<br \/>nSlutsatsen i rapporten \u00e4r att andra insatser inte \u00e4r billigare men s\u00e4mre. Bengt Westerberg vill d\u00e4rf\u00f6r att LSS-utredningen ska g\u00f6ra en samh\u00e4llsekonomisk analys av insatserna enligt LSS och assistansers\u00e4ttningen d\u00e4r \u00e4ven standard och kostnader f\u00f6r brukare och anh\u00f6riga beaktas.<br \/>n<a href=\"https:\/\/www.kfo.se\/globalassets\/kfo\/relaterad-information\/rapporter-mm\/bengt-westerberg---personlig-assistans-rapport-2017.pdf\" target=\"_blank\" rel=\"noopener noreferrer\">Rapporten Personlig assistans \u2013 en kritisk granskning av regeringens direktiv till LSS-utredningen\u00a0<\/a><br \/>n<a href=\"https:\/\/www.youtube.com\/watch?v=MeBStUb54Jg\" target=\"_blank\" rel=\"noopener noreferrer\">Seminariet d\u00e4r rapporten presenterades<\/a><\/p>\n<p>Inl\u00e4gget <a rel=\"nofollow\" href=\"https:\/\/jag.se\/opinion\/bengt-westerberg-kritiserar-regeringens-direktiv-till-lss-utredningen\/\">Bengt Westerberg kritiserar regeringens direktiv till LSS-utredningen<\/a> d\u00f6k f\u00f6rst upp p\u00e5 <a rel=\"nofollow\" href=\"https:\/\/jag.se\/opinion\">Riksf\u00f6reningen JAG<\/a>.<\/p>\n","protected":false},"excerpt":{"rendered":"<p>Bengt Westerberg, socialminister 1994 och \u201dpappa\u201d till assistansreformen, ger i en ny rapport alternativa direktiv till LSS-utredningen. Han har ocks\u00e5 r\u00e4knat p\u00e5 kostnaderna om personlig assistans skulle ers\u00e4ttas med hemtj\u00e4nst och gruppbost\u00e4der. I en rapport som kom f\u00f6rra \u00e5ret h\u00e4vdade Bengt Westerberg att regeringen avvecklar assistansen i smyg. P\u00e5st\u00e5endet baserades p\u00e5 att regeringen hade fattat<\/p>\n","protected":false},"author":1,"featured_media":2316,"comment_status":"closed","ping_status":"open","sticky":false,"template":"","format":"standard","meta":{"footnotes":""},"categories":[1],"tags":[],"class_list":["post-2294","post","type-post","status-publish","format-standard","has-post-thumbnail","hentry","category-uncategorized"],"acf":[],"yoast_head":"<!-- This site is optimized with the Yoast SEO plugin v21.3 - https:\/\/yoast.com\/wordpress\/plugins\/seo\/ -->\n<title>Bengt Westerberg kritiserar regeringens direktiv till LSS-utredningen - JAG Opinion<\/title>\n<meta name=\"robots\" content=\"index, follow, max-snippet:-1, max-image-preview:large, max-video-preview:-1\" \/>\n<link rel=\"canonical\" href=\"https:\/\/jag.se\/opinion\/bengt-westerberg-kritiserar-regeringens-direktiv-till-lss-utredningen\/\" \/>\n<meta property=\"og:locale\" content=\"sv_SE\" \/>\n<meta property=\"og:type\" content=\"article\" \/>\n<meta property=\"og:title\" content=\"Bengt Westerberg kritiserar regeringens direktiv till LSS-utredningen - JAG Opinion\" \/>\n<meta property=\"og:description\" content=\"Bengt Westerberg, socialminister 1994 och \u201dpappa\u201d till assistansreformen, ger i en ny rapport alternativa direktiv till LSS-utredningen. Han har ocks\u00e5 r\u00e4knat p\u00e5 kostnaderna om personlig assistans skulle ers\u00e4ttas med hemtj\u00e4nst och gruppbost\u00e4der. I en rapport som kom f\u00f6rra \u00e5ret h\u00e4vdade Bengt Westerberg att regeringen avvecklar assistansen i smyg. P\u00e5st\u00e5endet baserades p\u00e5 att regeringen hade fattat\" \/>\n<meta property=\"og:url\" content=\"https:\/\/jag.se\/opinion\/bengt-westerberg-kritiserar-regeringens-direktiv-till-lss-utredningen\/\" \/>\n<meta property=\"og:site_name\" content=\"JAG Opinion\" \/>\n<meta property=\"article:published_time\" content=\"2017-06-29T08:56:45+00:00\" \/>\n<meta property=\"article:modified_time\" content=\"2022-03-18T15:42:38+00:00\" \/>\n<meta property=\"og:image\" content=\"https:\/\/jag.se\/wp-content\/uploads\/sites\/3\/2017\/06\/Karin-Thern-ocg-Bengt-W-ljusare-1.jpg\" \/>\n\t<meta property=\"og:image:width\" content=\"1848\" \/>\n\t<meta property=\"og:image:height\" content=\"1060\" \/>\n\t<meta property=\"og:image:type\" content=\"image\/jpeg\" \/>\n<meta name=\"author\" content=\"Alexander Alexandrov\" \/>\n<meta name=\"twitter:card\" content=\"summary_large_image\" \/>\n<meta name=\"twitter:label1\" content=\"Skriven av\" \/>\n\t<meta name=\"twitter:data1\" content=\"Alexander Alexandrov\" \/>\n\t<meta name=\"twitter:label2\" content=\"Ber\u00e4knad l\u00e4stid\" \/>\n\t<meta name=\"twitter:data2\" content=\"1 minut\" \/>\n<script type=\"application\/ld+json\" class=\"yoast-schema-graph\">{\"@context\":\"https:\/\/schema.org\",\"@graph\":[{\"@type\":\"WebPage\",\"@id\":\"https:\/\/jag.se\/opinion\/bengt-westerberg-kritiserar-regeringens-direktiv-till-lss-utredningen\/\",\"url\":\"https:\/\/jag.se\/opinion\/bengt-westerberg-kritiserar-regeringens-direktiv-till-lss-utredningen\/\",\"name\":\"Bengt Westerberg kritiserar regeringens direktiv till LSS-utredningen - JAG Opinion\",\"isPartOf\":{\"@id\":\"https:\/\/jag.se\/opinion\/#website\"},\"datePublished\":\"2017-06-29T08:56:45+00:00\",\"dateModified\":\"2022-03-18T15:42:38+00:00\",\"author\":{\"@id\":\"https:\/\/jag.se\/opinion\/#\/schema\/person\/42ca7c4b556b837c35d83ffe97aa92c0\"},\"breadcrumb\":{\"@id\":\"https:\/\/jag.se\/opinion\/bengt-westerberg-kritiserar-regeringens-direktiv-till-lss-utredningen\/#breadcrumb\"},\"inLanguage\":\"sv-SE\",\"potentialAction\":[{\"@type\":\"ReadAction\",\"target\":[\"https:\/\/jag.se\/opinion\/bengt-westerberg-kritiserar-regeringens-direktiv-till-lss-utredningen\/\"]}]},{\"@type\":\"BreadcrumbList\",\"@id\":\"https:\/\/jag.se\/opinion\/bengt-westerberg-kritiserar-regeringens-direktiv-till-lss-utredningen\/#breadcrumb\",\"itemListElement\":[{\"@type\":\"ListItem\",\"position\":1,\"name\":\"JAG start\",\"item\":\"https:\/\/jag.se\"},{\"@type\":\"ListItem\",\"position\":2,\"name\":\"Riksf\u00f6reningen JAG\",\"item\":\"https:\/\/jag.se\/opinion\/\"},{\"@type\":\"ListItem\",\"position\":3,\"name\":\"Bengt Westerberg kritiserar regeringens direktiv till LSS-utredningen\"}]},{\"@type\":\"WebSite\",\"@id\":\"https:\/\/jag.se\/opinion\/#website\",\"url\":\"https:\/\/jag.se\/opinion\/\",\"name\":\"JAG Opinion\",\"description\":\"\",\"potentialAction\":[{\"@type\":\"SearchAction\",\"target\":{\"@type\":\"EntryPoint\",\"urlTemplate\":\"https:\/\/jag.se\/opinion\/?s={search_term_string}\"},\"query-input\":\"required name=search_term_string\"}],\"inLanguage\":\"sv-SE\"},{\"@type\":\"Person\",\"@id\":\"https:\/\/jag.se\/opinion\/#\/schema\/person\/42ca7c4b556b837c35d83ffe97aa92c0\",\"name\":\"Alexander Alexandrov\",\"image\":{\"@type\":\"ImageObject\",\"inLanguage\":\"sv-SE\",\"@id\":\"https:\/\/jag.se\/opinion\/#\/schema\/person\/image\/\",\"url\":\"https:\/\/secure.gravatar.com\/avatar\/39974ed46e3cb66fe6760e4c288a2722aff8b0a328a2802a65dd6f31fe323990?s=96&d=mm&r=g\",\"contentUrl\":\"https:\/\/secure.gravatar.com\/avatar\/39974ed46e3cb66fe6760e4c288a2722aff8b0a328a2802a65dd6f31fe323990?s=96&d=mm&r=g\",\"caption\":\"Alexander Alexandrov\"},\"sameAs\":[\"https:\/\/jag.se\"]}]}<\/script>\n<!-- \/ Yoast SEO plugin. -->","yoast_head_json":{"title":"Bengt Westerberg kritiserar regeringens direktiv till LSS-utredningen - JAG Opinion","robots":{"index":"index","follow":"follow","max-snippet":"max-snippet:-1","max-image-preview":"max-image-preview:large","max-video-preview":"max-video-preview:-1"},"canonical":"https:\/\/jag.se\/opinion\/bengt-westerberg-kritiserar-regeringens-direktiv-till-lss-utredningen\/","og_locale":"sv_SE","og_type":"article","og_title":"Bengt Westerberg kritiserar regeringens direktiv till LSS-utredningen - JAG Opinion","og_description":"Bengt Westerberg, socialminister 1994 och \u201dpappa\u201d till assistansreformen, ger i en ny rapport alternativa direktiv till LSS-utredningen. Han har ocks\u00e5 r\u00e4knat p\u00e5 kostnaderna om personlig assistans skulle ers\u00e4ttas med hemtj\u00e4nst och gruppbost\u00e4der. I en rapport som kom f\u00f6rra \u00e5ret h\u00e4vdade Bengt Westerberg att regeringen avvecklar assistansen i smyg. P\u00e5st\u00e5endet baserades p\u00e5 att regeringen hade fattat","og_url":"https:\/\/jag.se\/opinion\/bengt-westerberg-kritiserar-regeringens-direktiv-till-lss-utredningen\/","og_site_name":"JAG Opinion","article_published_time":"2017-06-29T08:56:45+00:00","article_modified_time":"2022-03-18T15:42:38+00:00","og_image":[{"width":1848,"height":1060,"url":"https:\/\/jag.se\/wp-content\/uploads\/sites\/3\/2017\/06\/Karin-Thern-ocg-Bengt-W-ljusare-1.jpg","type":"image\/jpeg"}],"author":"Alexander Alexandrov","twitter_card":"summary_large_image","twitter_misc":{"Skriven av":"Alexander Alexandrov","Ber\u00e4knad l\u00e4stid":"1 minut"},"schema":{"@context":"https:\/\/schema.org","@graph":[{"@type":"WebPage","@id":"https:\/\/jag.se\/opinion\/bengt-westerberg-kritiserar-regeringens-direktiv-till-lss-utredningen\/","url":"https:\/\/jag.se\/opinion\/bengt-westerberg-kritiserar-regeringens-direktiv-till-lss-utredningen\/","name":"Bengt Westerberg kritiserar regeringens direktiv till LSS-utredningen - JAG Opinion","isPartOf":{"@id":"https:\/\/jag.se\/opinion\/#website"},"datePublished":"2017-06-29T08:56:45+00:00","dateModified":"2022-03-18T15:42:38+00:00","author":{"@id":"https:\/\/jag.se\/opinion\/#\/schema\/person\/42ca7c4b556b837c35d83ffe97aa92c0"},"breadcrumb":{"@id":"https:\/\/jag.se\/opinion\/bengt-westerberg-kritiserar-regeringens-direktiv-till-lss-utredningen\/#breadcrumb"},"inLanguage":"sv-SE","potentialAction":[{"@type":"ReadAction","target":["https:\/\/jag.se\/opinion\/bengt-westerberg-kritiserar-regeringens-direktiv-till-lss-utredningen\/"]}]},{"@type":"BreadcrumbList","@id":"https:\/\/jag.se\/opinion\/bengt-westerberg-kritiserar-regeringens-direktiv-till-lss-utredningen\/#breadcrumb","itemListElement":[{"@type":"ListItem","position":1,"name":"JAG start","item":"https:\/\/jag.se"},{"@type":"ListItem","position":2,"name":"Riksf\u00f6reningen JAG","item":"https:\/\/jag.se\/opinion\/"},{"@type":"ListItem","position":3,"name":"Bengt Westerberg kritiserar regeringens direktiv till LSS-utredningen"}]},{"@type":"WebSite","@id":"https:\/\/jag.se\/opinion\/#website","url":"https:\/\/jag.se\/opinion\/","name":"JAG Opinion","description":"","potentialAction":[{"@type":"SearchAction","target":{"@type":"EntryPoint","urlTemplate":"https:\/\/jag.se\/opinion\/?s={search_term_string}"},"query-input":"required name=search_term_string"}],"inLanguage":"sv-SE"},{"@type":"Person","@id":"https:\/\/jag.se\/opinion\/#\/schema\/person\/42ca7c4b556b837c35d83ffe97aa92c0","name":"Alexander Alexandrov","image":{"@type":"ImageObject","inLanguage":"sv-SE","@id":"https:\/\/jag.se\/opinion\/#\/schema\/person\/image\/","url":"https:\/\/secure.gravatar.com\/avatar\/39974ed46e3cb66fe6760e4c288a2722aff8b0a328a2802a65dd6f31fe323990?s=96&d=mm&r=g","contentUrl":"https:\/\/secure.gravatar.com\/avatar\/39974ed46e3cb66fe6760e4c288a2722aff8b0a328a2802a65dd6f31fe323990?s=96&d=mm&r=g","caption":"Alexander Alexandrov"},"sameAs":["https:\/\/jag.se"]}]}},"_links":{"self":[{"href":"https:\/\/jag.se\/opinion\/wp-json\/wp\/v2\/posts\/2294","targetHints":{"allow":["GET"]}}],"collection":[{"href":"https:\/\/jag.se\/opinion\/wp-json\/wp\/v2\/posts"}],"about":[{"href":"https:\/\/jag.se\/opinion\/wp-json\/wp\/v2\/types\/post"}],"author":[{"embeddable":true,"href":"https:\/\/jag.se\/opinion\/wp-json\/wp\/v2\/users\/1"}],"replies":[{"embeddable":true,"href":"https:\/\/jag.se\/opinion\/wp-json\/wp\/v2\/comments?post=2294"}],"version-history":[{"count":1,"href":"https:\/\/jag.se\/opinion\/wp-json\/wp\/v2\/posts\/2294\/revisions"}],"predecessor-version":[{"id":2317,"href":"https:\/\/jag.se\/opinion\/wp-json\/wp\/v2\/posts\/2294\/revisions\/2317"}],"wp:featuredmedia":[{"embeddable":true,"href":"https:\/\/jag.se\/opinion\/wp-json\/wp\/v2\/media\/2316"}],"wp:attachment":[{"href":"https:\/\/jag.se\/opinion\/wp-json\/wp\/v2\/media?parent=2294"}],"wp:term":[{"taxonomy":"category","embeddable":true,"href":"https:\/\/jag.se\/opinion\/wp-json\/wp\/v2\/categories?post=2294"},{"taxonomy":"post_tag","embeddable":true,"href":"https:\/\/jag.se\/opinion\/wp-json\/wp\/v2\/tags?post=2294"}],"curies":[{"name":"wp","href":"https:\/\/api.w.org\/{rel}","templated":true}]}}