{"id":2295,"date":"2017-03-14T15:56:49","date_gmt":"2017-03-14T15:56:49","guid":{"rendered":"https:\/\/jag.se\/opinion\/valkommen-pa-jags-arsmotesdagar\/"},"modified":"2022-03-18T15:42:35","modified_gmt":"2022-03-18T15:42:35","slug":"valkommen-pa-jags-arsmotesdagar","status":"publish","type":"post","link":"https:\/\/jag.se\/opinion\/valkommen-pa-jags-arsmotesdagar\/","title":{"rendered":"V\u00e4lkommen p\u00e5 JAGs \u00e5rsm\u00f6tesdagar!"},"content":{"rendered":"<p>I \u00e5r \u00e4r vi tillbaka p\u00e5 Clarion hotell p\u00e5 Arlanda.<\/p>\n<p>Vi inleder programmet kl 10.30 p\u00e5 l\u00f6rdag 21\/5 med politikerdebatt. Alla riksdagspartier \u00e4r inbjudna. S\u00f6ndagens program b\u00f6rjar med \u00e5rsm\u00f6tesf\u00f6rhandlingar kl 9 och avslutas efter lunch, ca kl 14.<\/p>\n<p>Medlemmar i Brukarkooperativet JAG anm\u00e4ler sig p\u00e5<a href=\"https:\/\/www.trippus.net\/kooparsmote17\" target=\"_blank\" rel=\"noopener\"> den h\u00e4r l\u00e4nken<\/a><\/p>\n<p>Ange om du \u00f6nskar \u00f6vernatta p\u00e5 hotellet och vilka m\u00e5ltider du vill vara med p\u00e5.\u00a0Sista anm\u00e4lningsdag \u00e4r den 1\/4.<\/p>\n<p>Kallelse till \u00e5rsm\u00f6tena uts\u00e4ndes senare. Verksamhetsber\u00e4ttelse och \u00e5rsm\u00f6tesprotokoll skickas ut per e-post. H\u00f6r av dig med din e-postadress om du \u00f6nskar dessa handlingar!<\/p>\n<p>Varmt v\u00e4lkommen p\u00e5 \u00e5rsm\u00f6tet!<\/p>\n<p>Bilden visar styrelsen i F\u00f6reningen JAG som valdes av \u00e5rsm\u00f6tet 2016. Fr\u00e5n v\u00e4nster Mattias B\u00f6rjesson, Mia Ek, Lotta Fallgren, Richard Kostenius, Kristina Edvall, Simon Storm och Magnus And\u00e9n.<\/p>\n<p><strong>L\u00e4nkar:<\/strong><\/p>\n<p>Mer information om \u00e5rsm\u00f6tet <a href=\"https:\/\/162.144.85.28\/~jagse\/opinion\/events\/arsmoten-i-foreningen-jag-och-brukarkooperativet-jag\/\">hittar du h\u00e4r<\/a><\/p>\n<p>Inl\u00e4gget <a rel=\"nofollow\" href=\"https:\/\/jag.se\/opinion\/valkommen-pa-jags-arsmotesdagar\/\">V\u00e4lkommen p\u00e5 JAGs \u00e5rsm\u00f6tesdagar!<\/a> d\u00f6k f\u00f6rst upp p\u00e5 <a rel=\"nofollow\" href=\"https:\/\/jag.se\/opinion\">Riksf\u00f6reningen JAG<\/a>.<\/p>\n","protected":false},"excerpt":{"rendered":"<p>I \u00e5r \u00e4r vi tillbaka p\u00e5 Clarion hotell p\u00e5 Arlanda. Vi inleder programmet kl 10.30 p\u00e5 l\u00f6rdag 21\/5 med politikerdebatt. Alla riksdagspartier \u00e4r inbjudna. S\u00f6ndagens program b\u00f6rjar med \u00e5rsm\u00f6tesf\u00f6rhandlingar kl 9 och avslutas efter lunch, ca kl 14. Medlemmar i Brukarkooperativet JAG anm\u00e4ler sig p\u00e5 den h\u00e4r l\u00e4nken Ange om du \u00f6nskar \u00f6vernatta p\u00e5 hotellet<\/p>\n","protected":false},"author":1,"featured_media":2314,"comment_status":"closed","ping_status":"open","sticky":false,"template":"","format":"standard","meta":{"footnotes":""},"categories":[1],"tags":[],"class_list":["post-2295","post","type-post","status-publish","format-standard","has-post-thumbnail","hentry","category-uncategorized"],"acf":[],"yoast_head":"<!-- This site is optimized with the Yoast SEO plugin v21.3 - https:\/\/yoast.com\/wordpress\/plugins\/seo\/ -->\n<title>V\u00e4lkommen p\u00e5 JAGs \u00e5rsm\u00f6tesdagar! - JAG Opinion<\/title>\n<meta name=\"robots\" content=\"index, follow, max-snippet:-1, max-image-preview:large, max-video-preview:-1\" \/>\n<link rel=\"canonical\" href=\"https:\/\/jag.se\/opinion\/valkommen-pa-jags-arsmotesdagar\/\" \/>\n<meta property=\"og:locale\" content=\"sv_SE\" \/>\n<meta property=\"og:type\" content=\"article\" \/>\n<meta property=\"og:title\" content=\"V\u00e4lkommen p\u00e5 JAGs \u00e5rsm\u00f6tesdagar! - JAG Opinion\" \/>\n<meta property=\"og:description\" content=\"I \u00e5r \u00e4r vi tillbaka p\u00e5 Clarion hotell p\u00e5 Arlanda. Vi inleder programmet kl 10.30 p\u00e5 l\u00f6rdag 21\/5 med politikerdebatt. Alla riksdagspartier \u00e4r inbjudna. S\u00f6ndagens program b\u00f6rjar med \u00e5rsm\u00f6tesf\u00f6rhandlingar kl 9 och avslutas efter lunch, ca kl 14. Medlemmar i Brukarkooperativet JAG anm\u00e4ler sig p\u00e5 den h\u00e4r l\u00e4nken Ange om du \u00f6nskar \u00f6vernatta p\u00e5 hotellet\" \/>\n<meta property=\"og:url\" content=\"https:\/\/jag.se\/opinion\/valkommen-pa-jags-arsmotesdagar\/\" \/>\n<meta property=\"og:site_name\" content=\"JAG Opinion\" \/>\n<meta property=\"article:published_time\" content=\"2017-03-14T15:56:49+00:00\" \/>\n<meta property=\"article:modified_time\" content=\"2022-03-18T15:42:35+00:00\" \/>\n<meta property=\"og:image\" content=\"https:\/\/jag.se\/wp-content\/uploads\/sites\/3\/2017\/03\/arsmote-1.jpg\" \/>\n\t<meta property=\"og:image:width\" content=\"541\" \/>\n\t<meta property=\"og:image:height\" content=\"244\" \/>\n\t<meta property=\"og:image:type\" content=\"image\/jpeg\" \/>\n<meta name=\"author\" content=\"Alexander Alexandrov\" \/>\n<meta name=\"twitter:card\" content=\"summary_large_image\" \/>\n<meta name=\"twitter:label1\" content=\"Skriven av\" \/>\n\t<meta name=\"twitter:data1\" content=\"Alexander Alexandrov\" \/>\n\t<meta name=\"twitter:label2\" content=\"Ber\u00e4knad l\u00e4stid\" \/>\n\t<meta name=\"twitter:data2\" content=\"1 minut\" \/>\n<script type=\"application\/ld+json\" class=\"yoast-schema-graph\">{\"@context\":\"https:\/\/schema.org\",\"@graph\":[{\"@type\":\"WebPage\",\"@id\":\"https:\/\/jag.se\/opinion\/valkommen-pa-jags-arsmotesdagar\/\",\"url\":\"https:\/\/jag.se\/opinion\/valkommen-pa-jags-arsmotesdagar\/\",\"name\":\"V\u00e4lkommen p\u00e5 JAGs \u00e5rsm\u00f6tesdagar! - JAG Opinion\",\"isPartOf\":{\"@id\":\"https:\/\/jag.se\/opinion\/#website\"},\"datePublished\":\"2017-03-14T15:56:49+00:00\",\"dateModified\":\"2022-03-18T15:42:35+00:00\",\"author\":{\"@id\":\"https:\/\/jag.se\/opinion\/#\/schema\/person\/42ca7c4b556b837c35d83ffe97aa92c0\"},\"breadcrumb\":{\"@id\":\"https:\/\/jag.se\/opinion\/valkommen-pa-jags-arsmotesdagar\/#breadcrumb\"},\"inLanguage\":\"sv-SE\",\"potentialAction\":[{\"@type\":\"ReadAction\",\"target\":[\"https:\/\/jag.se\/opinion\/valkommen-pa-jags-arsmotesdagar\/\"]}]},{\"@type\":\"BreadcrumbList\",\"@id\":\"https:\/\/jag.se\/opinion\/valkommen-pa-jags-arsmotesdagar\/#breadcrumb\",\"itemListElement\":[{\"@type\":\"ListItem\",\"position\":1,\"name\":\"JAG start\",\"item\":\"https:\/\/jag.se\"},{\"@type\":\"ListItem\",\"position\":2,\"name\":\"Riksf\u00f6reningen JAG\",\"item\":\"https:\/\/jag.se\/opinion\/\"},{\"@type\":\"ListItem\",\"position\":3,\"name\":\"V\u00e4lkommen p\u00e5 JAGs \u00e5rsm\u00f6tesdagar!\"}]},{\"@type\":\"WebSite\",\"@id\":\"https:\/\/jag.se\/opinion\/#website\",\"url\":\"https:\/\/jag.se\/opinion\/\",\"name\":\"JAG Opinion\",\"description\":\"\",\"potentialAction\":[{\"@type\":\"SearchAction\",\"target\":{\"@type\":\"EntryPoint\",\"urlTemplate\":\"https:\/\/jag.se\/opinion\/?s={search_term_string}\"},\"query-input\":\"required name=search_term_string\"}],\"inLanguage\":\"sv-SE\"},{\"@type\":\"Person\",\"@id\":\"https:\/\/jag.se\/opinion\/#\/schema\/person\/42ca7c4b556b837c35d83ffe97aa92c0\",\"name\":\"Alexander Alexandrov\",\"image\":{\"@type\":\"ImageObject\",\"inLanguage\":\"sv-SE\",\"@id\":\"https:\/\/jag.se\/opinion\/#\/schema\/person\/image\/\",\"url\":\"https:\/\/secure.gravatar.com\/avatar\/39974ed46e3cb66fe6760e4c288a2722aff8b0a328a2802a65dd6f31fe323990?s=96&d=mm&r=g\",\"contentUrl\":\"https:\/\/secure.gravatar.com\/avatar\/39974ed46e3cb66fe6760e4c288a2722aff8b0a328a2802a65dd6f31fe323990?s=96&d=mm&r=g\",\"caption\":\"Alexander Alexandrov\"},\"sameAs\":[\"https:\/\/jag.se\"]}]}<\/script>\n<!-- \/ Yoast SEO plugin. -->","yoast_head_json":{"title":"V\u00e4lkommen p\u00e5 JAGs \u00e5rsm\u00f6tesdagar! - JAG Opinion","robots":{"index":"index","follow":"follow","max-snippet":"max-snippet:-1","max-image-preview":"max-image-preview:large","max-video-preview":"max-video-preview:-1"},"canonical":"https:\/\/jag.se\/opinion\/valkommen-pa-jags-arsmotesdagar\/","og_locale":"sv_SE","og_type":"article","og_title":"V\u00e4lkommen p\u00e5 JAGs \u00e5rsm\u00f6tesdagar! - JAG Opinion","og_description":"I \u00e5r \u00e4r vi tillbaka p\u00e5 Clarion hotell p\u00e5 Arlanda. Vi inleder programmet kl 10.30 p\u00e5 l\u00f6rdag 21\/5 med politikerdebatt. Alla riksdagspartier \u00e4r inbjudna. S\u00f6ndagens program b\u00f6rjar med \u00e5rsm\u00f6tesf\u00f6rhandlingar kl 9 och avslutas efter lunch, ca kl 14. Medlemmar i Brukarkooperativet JAG anm\u00e4ler sig p\u00e5 den h\u00e4r l\u00e4nken Ange om du \u00f6nskar \u00f6vernatta p\u00e5 hotellet","og_url":"https:\/\/jag.se\/opinion\/valkommen-pa-jags-arsmotesdagar\/","og_site_name":"JAG Opinion","article_published_time":"2017-03-14T15:56:49+00:00","article_modified_time":"2022-03-18T15:42:35+00:00","og_image":[{"width":541,"height":244,"url":"https:\/\/jag.se\/wp-content\/uploads\/sites\/3\/2017\/03\/arsmote-1.jpg","type":"image\/jpeg"}],"author":"Alexander Alexandrov","twitter_card":"summary_large_image","twitter_misc":{"Skriven av":"Alexander Alexandrov","Ber\u00e4knad l\u00e4stid":"1 minut"},"schema":{"@context":"https:\/\/schema.org","@graph":[{"@type":"WebPage","@id":"https:\/\/jag.se\/opinion\/valkommen-pa-jags-arsmotesdagar\/","url":"https:\/\/jag.se\/opinion\/valkommen-pa-jags-arsmotesdagar\/","name":"V\u00e4lkommen p\u00e5 JAGs \u00e5rsm\u00f6tesdagar! - JAG Opinion","isPartOf":{"@id":"https:\/\/jag.se\/opinion\/#website"},"datePublished":"2017-03-14T15:56:49+00:00","dateModified":"2022-03-18T15:42:35+00:00","author":{"@id":"https:\/\/jag.se\/opinion\/#\/schema\/person\/42ca7c4b556b837c35d83ffe97aa92c0"},"breadcrumb":{"@id":"https:\/\/jag.se\/opinion\/valkommen-pa-jags-arsmotesdagar\/#breadcrumb"},"inLanguage":"sv-SE","potentialAction":[{"@type":"ReadAction","target":["https:\/\/jag.se\/opinion\/valkommen-pa-jags-arsmotesdagar\/"]}]},{"@type":"BreadcrumbList","@id":"https:\/\/jag.se\/opinion\/valkommen-pa-jags-arsmotesdagar\/#breadcrumb","itemListElement":[{"@type":"ListItem","position":1,"name":"JAG start","item":"https:\/\/jag.se"},{"@type":"ListItem","position":2,"name":"Riksf\u00f6reningen JAG","item":"https:\/\/jag.se\/opinion\/"},{"@type":"ListItem","position":3,"name":"V\u00e4lkommen p\u00e5 JAGs \u00e5rsm\u00f6tesdagar!"}]},{"@type":"WebSite","@id":"https:\/\/jag.se\/opinion\/#website","url":"https:\/\/jag.se\/opinion\/","name":"JAG Opinion","description":"","potentialAction":[{"@type":"SearchAction","target":{"@type":"EntryPoint","urlTemplate":"https:\/\/jag.se\/opinion\/?s={search_term_string}"},"query-input":"required name=search_term_string"}],"inLanguage":"sv-SE"},{"@type":"Person","@id":"https:\/\/jag.se\/opinion\/#\/schema\/person\/42ca7c4b556b837c35d83ffe97aa92c0","name":"Alexander Alexandrov","image":{"@type":"ImageObject","inLanguage":"sv-SE","@id":"https:\/\/jag.se\/opinion\/#\/schema\/person\/image\/","url":"https:\/\/secure.gravatar.com\/avatar\/39974ed46e3cb66fe6760e4c288a2722aff8b0a328a2802a65dd6f31fe323990?s=96&d=mm&r=g","contentUrl":"https:\/\/secure.gravatar.com\/avatar\/39974ed46e3cb66fe6760e4c288a2722aff8b0a328a2802a65dd6f31fe323990?s=96&d=mm&r=g","caption":"Alexander Alexandrov"},"sameAs":["https:\/\/jag.se"]}]}},"_links":{"self":[{"href":"https:\/\/jag.se\/opinion\/wp-json\/wp\/v2\/posts\/2295","targetHints":{"allow":["GET"]}}],"collection":[{"href":"https:\/\/jag.se\/opinion\/wp-json\/wp\/v2\/posts"}],"about":[{"href":"https:\/\/jag.se\/opinion\/wp-json\/wp\/v2\/types\/post"}],"author":[{"embeddable":true,"href":"https:\/\/jag.se\/opinion\/wp-json\/wp\/v2\/users\/1"}],"replies":[{"embeddable":true,"href":"https:\/\/jag.se\/opinion\/wp-json\/wp\/v2\/comments?post=2295"}],"version-history":[{"count":1,"href":"https:\/\/jag.se\/opinion\/wp-json\/wp\/v2\/posts\/2295\/revisions"}],"predecessor-version":[{"id":2315,"href":"https:\/\/jag.se\/opinion\/wp-json\/wp\/v2\/posts\/2295\/revisions\/2315"}],"wp:featuredmedia":[{"embeddable":true,"href":"https:\/\/jag.se\/opinion\/wp-json\/wp\/v2\/media\/2314"}],"wp:attachment":[{"href":"https:\/\/jag.se\/opinion\/wp-json\/wp\/v2\/media?parent=2295"}],"wp:term":[{"taxonomy":"category","embeddable":true,"href":"https:\/\/jag.se\/opinion\/wp-json\/wp\/v2\/categories?post=2295"},{"taxonomy":"post_tag","embeddable":true,"href":"https:\/\/jag.se\/opinion\/wp-json\/wp\/v2\/tags?post=2295"}],"curies":[{"name":"wp","href":"https:\/\/api.w.org\/{rel}","templated":true}]}}