{"id":2296,"date":"2017-02-24T12:32:30","date_gmt":"2017-02-24T12:32:30","guid":{"rendered":"https:\/\/jag.se\/opinion\/varmland-forst-ut-med-lokalforening\/"},"modified":"2022-03-18T15:42:35","modified_gmt":"2022-03-18T15:42:35","slug":"varmland-forst-ut-med-lokalforening","status":"publish","type":"post","link":"https:\/\/jag.se\/opinion\/varmland-forst-ut-med-lokalforening\/","title":{"rendered":"V\u00e4rmland f\u00f6rst ut med lokalf\u00f6rening"},"content":{"rendered":"<p>Carita Mattsson valdes till ordf\u00f6rande och Josefine Abrahamsson till vice ordf\u00f6rande. Mirna Marjanovic, Malin B\u00e4cklund och Andrea Jarl valdes till ordinarie ledam\u00f6ter i styrelsen och Birgitta Nilsson till suppleant.<\/p>\n<p>F\u00f6reningen har f\u00e5tt namnet F\u00f6reningen JAG V\u00e4rmland och f\u00e5r f\u00f6rhoppningsvis efterf\u00f6ljare runt om i landet. M\u00f6ten \u00e4r planerade p\u00e5 JAGs tr\u00e4ffpunkter i Visby 9\/3 kl 16, Tibro 18\/3 kl 13.30, Sundsvall 21\/3 kl 16, Stockholm 23\/3 kl 17, Boden 21\/4 och Malm\u00f6 27\/4 (prel datum). \u00c4r inte din ort med? H\u00f6r av dig till Johanna p\u00e5 JAGs kansli, tel 08-789 30 53.<\/p>\n<p><em>Bilden fr\u00e5n v\u00e4nster: Carita Mattsson, Birgitta Nilsson, Andrea Jarl, Malin B\u00e4cklund, Josefine Abrahamsson och Simon Storm.<\/em><\/p>\n<p>Inl\u00e4gget <a rel=\"nofollow\" href=\"https:\/\/jag.se\/opinion\/varmland-forst-ut-med-lokalforening\/\">V\u00e4rmland f\u00f6rst ut med lokalf\u00f6rening<\/a> d\u00f6k f\u00f6rst upp p\u00e5 <a rel=\"nofollow\" href=\"https:\/\/jag.se\/opinion\">Riksf\u00f6reningen JAG<\/a>.<\/p>\n","protected":false},"excerpt":{"rendered":"<p>Carita Mattsson valdes till ordf\u00f6rande och Josefine Abrahamsson till vice ordf\u00f6rande. Mirna Marjanovic, Malin B\u00e4cklund och Andrea Jarl valdes till ordinarie ledam\u00f6ter i styrelsen och Birgitta Nilsson till suppleant. F\u00f6reningen har f\u00e5tt namnet F\u00f6reningen JAG V\u00e4rmland och f\u00e5r f\u00f6rhoppningsvis efterf\u00f6ljare runt om i landet. M\u00f6ten \u00e4r planerade p\u00e5 JAGs tr\u00e4ffpunkter i Visby 9\/3 kl 16,<\/p>\n","protected":false},"author":1,"featured_media":2312,"comment_status":"closed","ping_status":"open","sticky":false,"template":"","format":"standard","meta":{"footnotes":""},"categories":[1],"tags":[],"class_list":["post-2296","post","type-post","status-publish","format-standard","has-post-thumbnail","hentry","category-uncategorized"],"acf":[],"yoast_head":"<!-- This site is optimized with the Yoast SEO plugin v21.3 - https:\/\/yoast.com\/wordpress\/plugins\/seo\/ -->\n<title>V\u00e4rmland f\u00f6rst ut med lokalf\u00f6rening - JAG Opinion<\/title>\n<meta name=\"robots\" content=\"index, follow, max-snippet:-1, max-image-preview:large, max-video-preview:-1\" \/>\n<link rel=\"canonical\" href=\"https:\/\/jag.se\/opinion\/varmland-forst-ut-med-lokalforening\/\" \/>\n<meta property=\"og:locale\" content=\"sv_SE\" \/>\n<meta property=\"og:type\" content=\"article\" \/>\n<meta property=\"og:title\" content=\"V\u00e4rmland f\u00f6rst ut med lokalf\u00f6rening - JAG Opinion\" \/>\n<meta property=\"og:description\" content=\"Carita Mattsson valdes till ordf\u00f6rande och Josefine Abrahamsson till vice ordf\u00f6rande. Mirna Marjanovic, Malin B\u00e4cklund och Andrea Jarl valdes till ordinarie ledam\u00f6ter i styrelsen och Birgitta Nilsson till suppleant. F\u00f6reningen har f\u00e5tt namnet F\u00f6reningen JAG V\u00e4rmland och f\u00e5r f\u00f6rhoppningsvis efterf\u00f6ljare runt om i landet. M\u00f6ten \u00e4r planerade p\u00e5 JAGs tr\u00e4ffpunkter i Visby 9\/3 kl 16,\" \/>\n<meta property=\"og:url\" content=\"https:\/\/jag.se\/opinion\/varmland-forst-ut-med-lokalforening\/\" \/>\n<meta property=\"og:site_name\" content=\"JAG Opinion\" \/>\n<meta property=\"article:published_time\" content=\"2017-02-24T12:32:30+00:00\" \/>\n<meta property=\"article:modified_time\" content=\"2022-03-18T15:42:35+00:00\" \/>\n<meta property=\"og:image\" content=\"https:\/\/jag.se\/wp-content\/uploads\/sites\/3\/2017\/02\/artikel2-1.jpg\" \/>\n\t<meta property=\"og:image:width\" content=\"541\" \/>\n\t<meta property=\"og:image:height\" content=\"244\" \/>\n\t<meta property=\"og:image:type\" content=\"image\/jpeg\" \/>\n<meta name=\"author\" content=\"Alexander Alexandrov\" \/>\n<meta name=\"twitter:card\" content=\"summary_large_image\" \/>\n<meta name=\"twitter:label1\" content=\"Skriven av\" \/>\n\t<meta name=\"twitter:data1\" content=\"Alexander Alexandrov\" \/>\n\t<meta name=\"twitter:label2\" content=\"Ber\u00e4knad l\u00e4stid\" \/>\n\t<meta name=\"twitter:data2\" content=\"1 minut\" \/>\n<script type=\"application\/ld+json\" class=\"yoast-schema-graph\">{\"@context\":\"https:\/\/schema.org\",\"@graph\":[{\"@type\":\"WebPage\",\"@id\":\"https:\/\/jag.se\/opinion\/varmland-forst-ut-med-lokalforening\/\",\"url\":\"https:\/\/jag.se\/opinion\/varmland-forst-ut-med-lokalforening\/\",\"name\":\"V\u00e4rmland f\u00f6rst ut med lokalf\u00f6rening - JAG Opinion\",\"isPartOf\":{\"@id\":\"https:\/\/jag.se\/opinion\/#website\"},\"datePublished\":\"2017-02-24T12:32:30+00:00\",\"dateModified\":\"2022-03-18T15:42:35+00:00\",\"author\":{\"@id\":\"https:\/\/jag.se\/opinion\/#\/schema\/person\/42ca7c4b556b837c35d83ffe97aa92c0\"},\"breadcrumb\":{\"@id\":\"https:\/\/jag.se\/opinion\/varmland-forst-ut-med-lokalforening\/#breadcrumb\"},\"inLanguage\":\"sv-SE\",\"potentialAction\":[{\"@type\":\"ReadAction\",\"target\":[\"https:\/\/jag.se\/opinion\/varmland-forst-ut-med-lokalforening\/\"]}]},{\"@type\":\"BreadcrumbList\",\"@id\":\"https:\/\/jag.se\/opinion\/varmland-forst-ut-med-lokalforening\/#breadcrumb\",\"itemListElement\":[{\"@type\":\"ListItem\",\"position\":1,\"name\":\"JAG start\",\"item\":\"https:\/\/jag.se\"},{\"@type\":\"ListItem\",\"position\":2,\"name\":\"Riksf\u00f6reningen JAG\",\"item\":\"https:\/\/jag.se\/opinion\/\"},{\"@type\":\"ListItem\",\"position\":3,\"name\":\"V\u00e4rmland f\u00f6rst ut med lokalf\u00f6rening\"}]},{\"@type\":\"WebSite\",\"@id\":\"https:\/\/jag.se\/opinion\/#website\",\"url\":\"https:\/\/jag.se\/opinion\/\",\"name\":\"JAG Opinion\",\"description\":\"\",\"potentialAction\":[{\"@type\":\"SearchAction\",\"target\":{\"@type\":\"EntryPoint\",\"urlTemplate\":\"https:\/\/jag.se\/opinion\/?s={search_term_string}\"},\"query-input\":\"required name=search_term_string\"}],\"inLanguage\":\"sv-SE\"},{\"@type\":\"Person\",\"@id\":\"https:\/\/jag.se\/opinion\/#\/schema\/person\/42ca7c4b556b837c35d83ffe97aa92c0\",\"name\":\"Alexander Alexandrov\",\"image\":{\"@type\":\"ImageObject\",\"inLanguage\":\"sv-SE\",\"@id\":\"https:\/\/jag.se\/opinion\/#\/schema\/person\/image\/\",\"url\":\"https:\/\/secure.gravatar.com\/avatar\/39974ed46e3cb66fe6760e4c288a2722aff8b0a328a2802a65dd6f31fe323990?s=96&d=mm&r=g\",\"contentUrl\":\"https:\/\/secure.gravatar.com\/avatar\/39974ed46e3cb66fe6760e4c288a2722aff8b0a328a2802a65dd6f31fe323990?s=96&d=mm&r=g\",\"caption\":\"Alexander Alexandrov\"},\"sameAs\":[\"https:\/\/jag.se\"]}]}<\/script>\n<!-- \/ Yoast SEO plugin. -->","yoast_head_json":{"title":"V\u00e4rmland f\u00f6rst ut med lokalf\u00f6rening - JAG Opinion","robots":{"index":"index","follow":"follow","max-snippet":"max-snippet:-1","max-image-preview":"max-image-preview:large","max-video-preview":"max-video-preview:-1"},"canonical":"https:\/\/jag.se\/opinion\/varmland-forst-ut-med-lokalforening\/","og_locale":"sv_SE","og_type":"article","og_title":"V\u00e4rmland f\u00f6rst ut med lokalf\u00f6rening - JAG Opinion","og_description":"Carita Mattsson valdes till ordf\u00f6rande och Josefine Abrahamsson till vice ordf\u00f6rande. Mirna Marjanovic, Malin B\u00e4cklund och Andrea Jarl valdes till ordinarie ledam\u00f6ter i styrelsen och Birgitta Nilsson till suppleant. F\u00f6reningen har f\u00e5tt namnet F\u00f6reningen JAG V\u00e4rmland och f\u00e5r f\u00f6rhoppningsvis efterf\u00f6ljare runt om i landet. M\u00f6ten \u00e4r planerade p\u00e5 JAGs tr\u00e4ffpunkter i Visby 9\/3 kl 16,","og_url":"https:\/\/jag.se\/opinion\/varmland-forst-ut-med-lokalforening\/","og_site_name":"JAG Opinion","article_published_time":"2017-02-24T12:32:30+00:00","article_modified_time":"2022-03-18T15:42:35+00:00","og_image":[{"width":541,"height":244,"url":"https:\/\/jag.se\/wp-content\/uploads\/sites\/3\/2017\/02\/artikel2-1.jpg","type":"image\/jpeg"}],"author":"Alexander Alexandrov","twitter_card":"summary_large_image","twitter_misc":{"Skriven av":"Alexander Alexandrov","Ber\u00e4knad l\u00e4stid":"1 minut"},"schema":{"@context":"https:\/\/schema.org","@graph":[{"@type":"WebPage","@id":"https:\/\/jag.se\/opinion\/varmland-forst-ut-med-lokalforening\/","url":"https:\/\/jag.se\/opinion\/varmland-forst-ut-med-lokalforening\/","name":"V\u00e4rmland f\u00f6rst ut med lokalf\u00f6rening - JAG Opinion","isPartOf":{"@id":"https:\/\/jag.se\/opinion\/#website"},"datePublished":"2017-02-24T12:32:30+00:00","dateModified":"2022-03-18T15:42:35+00:00","author":{"@id":"https:\/\/jag.se\/opinion\/#\/schema\/person\/42ca7c4b556b837c35d83ffe97aa92c0"},"breadcrumb":{"@id":"https:\/\/jag.se\/opinion\/varmland-forst-ut-med-lokalforening\/#breadcrumb"},"inLanguage":"sv-SE","potentialAction":[{"@type":"ReadAction","target":["https:\/\/jag.se\/opinion\/varmland-forst-ut-med-lokalforening\/"]}]},{"@type":"BreadcrumbList","@id":"https:\/\/jag.se\/opinion\/varmland-forst-ut-med-lokalforening\/#breadcrumb","itemListElement":[{"@type":"ListItem","position":1,"name":"JAG start","item":"https:\/\/jag.se"},{"@type":"ListItem","position":2,"name":"Riksf\u00f6reningen JAG","item":"https:\/\/jag.se\/opinion\/"},{"@type":"ListItem","position":3,"name":"V\u00e4rmland f\u00f6rst ut med lokalf\u00f6rening"}]},{"@type":"WebSite","@id":"https:\/\/jag.se\/opinion\/#website","url":"https:\/\/jag.se\/opinion\/","name":"JAG Opinion","description":"","potentialAction":[{"@type":"SearchAction","target":{"@type":"EntryPoint","urlTemplate":"https:\/\/jag.se\/opinion\/?s={search_term_string}"},"query-input":"required name=search_term_string"}],"inLanguage":"sv-SE"},{"@type":"Person","@id":"https:\/\/jag.se\/opinion\/#\/schema\/person\/42ca7c4b556b837c35d83ffe97aa92c0","name":"Alexander Alexandrov","image":{"@type":"ImageObject","inLanguage":"sv-SE","@id":"https:\/\/jag.se\/opinion\/#\/schema\/person\/image\/","url":"https:\/\/secure.gravatar.com\/avatar\/39974ed46e3cb66fe6760e4c288a2722aff8b0a328a2802a65dd6f31fe323990?s=96&d=mm&r=g","contentUrl":"https:\/\/secure.gravatar.com\/avatar\/39974ed46e3cb66fe6760e4c288a2722aff8b0a328a2802a65dd6f31fe323990?s=96&d=mm&r=g","caption":"Alexander Alexandrov"},"sameAs":["https:\/\/jag.se"]}]}},"_links":{"self":[{"href":"https:\/\/jag.se\/opinion\/wp-json\/wp\/v2\/posts\/2296","targetHints":{"allow":["GET"]}}],"collection":[{"href":"https:\/\/jag.se\/opinion\/wp-json\/wp\/v2\/posts"}],"about":[{"href":"https:\/\/jag.se\/opinion\/wp-json\/wp\/v2\/types\/post"}],"author":[{"embeddable":true,"href":"https:\/\/jag.se\/opinion\/wp-json\/wp\/v2\/users\/1"}],"replies":[{"embeddable":true,"href":"https:\/\/jag.se\/opinion\/wp-json\/wp\/v2\/comments?post=2296"}],"version-history":[{"count":1,"href":"https:\/\/jag.se\/opinion\/wp-json\/wp\/v2\/posts\/2296\/revisions"}],"predecessor-version":[{"id":2313,"href":"https:\/\/jag.se\/opinion\/wp-json\/wp\/v2\/posts\/2296\/revisions\/2313"}],"wp:featuredmedia":[{"embeddable":true,"href":"https:\/\/jag.se\/opinion\/wp-json\/wp\/v2\/media\/2312"}],"wp:attachment":[{"href":"https:\/\/jag.se\/opinion\/wp-json\/wp\/v2\/media?parent=2296"}],"wp:term":[{"taxonomy":"category","embeddable":true,"href":"https:\/\/jag.se\/opinion\/wp-json\/wp\/v2\/categories?post=2296"},{"taxonomy":"post_tag","embeddable":true,"href":"https:\/\/jag.se\/opinion\/wp-json\/wp\/v2\/tags?post=2296"}],"curies":[{"name":"wp","href":"https:\/\/api.w.org\/{rel}","templated":true}]}}