{"id":2298,"date":"2017-01-29T07:25:03","date_gmt":"2017-01-29T07:25:03","guid":{"rendered":"https:\/\/jag.se\/opinion\/2017-fyller-foreningen-jag-25-ar\/"},"modified":"2022-03-18T15:42:32","modified_gmt":"2022-03-18T15:42:32","slug":"2017-fyller-foreningen-jag-25-ar","status":"publish","type":"post","link":"https:\/\/jag.se\/opinion\/2017-fyller-foreningen-jag-25-ar\/","title":{"rendered":"2017 fyller F\u00f6reningen JAG 25 \u00e5r!"},"content":{"rendered":"<p>Det vill vi naturligtvis fira tillsammans! \u00c5rsm\u00f6tet blev extra festligt och sommarveckan ett superpartaj! Medlemsfester och tr\u00e4ffar kommer att h\u00e5lls i olika delar i landet under \u00e5ret. H\u00e5ll utkik p\u00e5 Facebook och h\u00e4r p\u00e5 hemsidan s\u00e5 ser du vad som \u00e4r p\u00e5 g\u00e5ng.<\/p>\n<p>Inl\u00e4gget <a rel=\"nofollow\" href=\"https:\/\/jag.se\/opinion\/2017-fyller-foreningen-jag-25-ar\/\">2017 fyller F\u00f6reningen JAG 25 \u00e5r!<\/a> d\u00f6k f\u00f6rst upp p\u00e5 <a rel=\"nofollow\" href=\"https:\/\/jag.se\/opinion\">Riksf\u00f6reningen JAG<\/a>.<\/p>\n","protected":false},"excerpt":{"rendered":"<p>Det vill vi naturligtvis fira tillsammans! \u00c5rsm\u00f6tet blev extra festligt och sommarveckan ett superpartaj! Medlemsfester och tr\u00e4ffar kommer att h\u00e5lls i olika delar i landet under \u00e5ret. H\u00e5ll utkik p\u00e5 Facebook och h\u00e4r p\u00e5 hemsidan s\u00e5 ser du vad som \u00e4r p\u00e5 g\u00e5ng. Inl\u00e4gget 2017 fyller F\u00f6reningen JAG 25 \u00e5r! d\u00f6k f\u00f6rst upp p\u00e5 Riksf\u00f6reningen<\/p>\n","protected":false},"author":1,"featured_media":2308,"comment_status":"closed","ping_status":"open","sticky":false,"template":"","format":"standard","meta":{"footnotes":""},"categories":[1],"tags":[],"class_list":["post-2298","post","type-post","status-publish","format-standard","has-post-thumbnail","hentry","category-uncategorized"],"acf":[],"yoast_head":"<!-- This site is optimized with the Yoast SEO plugin v21.3 - https:\/\/yoast.com\/wordpress\/plugins\/seo\/ -->\n<title>2017 fyller F\u00f6reningen JAG 25 \u00e5r! - JAG Opinion<\/title>\n<meta name=\"robots\" content=\"index, follow, max-snippet:-1, max-image-preview:large, max-video-preview:-1\" \/>\n<link rel=\"canonical\" href=\"https:\/\/jag.se\/opinion\/2017-fyller-foreningen-jag-25-ar\/\" \/>\n<meta property=\"og:locale\" content=\"sv_SE\" \/>\n<meta property=\"og:type\" content=\"article\" \/>\n<meta property=\"og:title\" content=\"2017 fyller F\u00f6reningen JAG 25 \u00e5r! - JAG Opinion\" \/>\n<meta property=\"og:description\" content=\"Det vill vi naturligtvis fira tillsammans! \u00c5rsm\u00f6tet blev extra festligt och sommarveckan ett superpartaj! Medlemsfester och tr\u00e4ffar kommer att h\u00e5lls i olika delar i landet under \u00e5ret. H\u00e5ll utkik p\u00e5 Facebook och h\u00e4r p\u00e5 hemsidan s\u00e5 ser du vad som \u00e4r p\u00e5 g\u00e5ng. Inl\u00e4gget 2017 fyller F\u00f6reningen JAG 25 \u00e5r! d\u00f6k f\u00f6rst upp p\u00e5 Riksf\u00f6reningen\" \/>\n<meta property=\"og:url\" content=\"https:\/\/jag.se\/opinion\/2017-fyller-foreningen-jag-25-ar\/\" \/>\n<meta property=\"og:site_name\" content=\"JAG Opinion\" \/>\n<meta property=\"article:published_time\" content=\"2017-01-29T07:25:03+00:00\" \/>\n<meta property=\"article:modified_time\" content=\"2022-03-18T15:42:32+00:00\" \/>\n<meta property=\"og:image\" content=\"https:\/\/jag.se\/wp-content\/uploads\/sites\/3\/2017\/01\/fest-1.jpg\" \/>\n\t<meta property=\"og:image:width\" content=\"541\" \/>\n\t<meta property=\"og:image:height\" content=\"244\" \/>\n\t<meta property=\"og:image:type\" content=\"image\/jpeg\" \/>\n<meta name=\"author\" content=\"Alexander Alexandrov\" \/>\n<meta name=\"twitter:card\" content=\"summary_large_image\" \/>\n<meta name=\"twitter:label1\" content=\"Skriven av\" \/>\n\t<meta name=\"twitter:data1\" content=\"Alexander Alexandrov\" \/>\n<script type=\"application\/ld+json\" class=\"yoast-schema-graph\">{\"@context\":\"https:\/\/schema.org\",\"@graph\":[{\"@type\":\"WebPage\",\"@id\":\"https:\/\/jag.se\/opinion\/2017-fyller-foreningen-jag-25-ar\/\",\"url\":\"https:\/\/jag.se\/opinion\/2017-fyller-foreningen-jag-25-ar\/\",\"name\":\"2017 fyller F\u00f6reningen JAG 25 \u00e5r! - JAG Opinion\",\"isPartOf\":{\"@id\":\"https:\/\/jag.se\/opinion\/#website\"},\"datePublished\":\"2017-01-29T07:25:03+00:00\",\"dateModified\":\"2022-03-18T15:42:32+00:00\",\"author\":{\"@id\":\"https:\/\/jag.se\/opinion\/#\/schema\/person\/42ca7c4b556b837c35d83ffe97aa92c0\"},\"breadcrumb\":{\"@id\":\"https:\/\/jag.se\/opinion\/2017-fyller-foreningen-jag-25-ar\/#breadcrumb\"},\"inLanguage\":\"sv-SE\",\"potentialAction\":[{\"@type\":\"ReadAction\",\"target\":[\"https:\/\/jag.se\/opinion\/2017-fyller-foreningen-jag-25-ar\/\"]}]},{\"@type\":\"BreadcrumbList\",\"@id\":\"https:\/\/jag.se\/opinion\/2017-fyller-foreningen-jag-25-ar\/#breadcrumb\",\"itemListElement\":[{\"@type\":\"ListItem\",\"position\":1,\"name\":\"JAG start\",\"item\":\"https:\/\/jag.se\"},{\"@type\":\"ListItem\",\"position\":2,\"name\":\"Riksf\u00f6reningen JAG\",\"item\":\"https:\/\/jag.se\/opinion\/\"},{\"@type\":\"ListItem\",\"position\":3,\"name\":\"2017 fyller F\u00f6reningen JAG 25 \u00e5r!\"}]},{\"@type\":\"WebSite\",\"@id\":\"https:\/\/jag.se\/opinion\/#website\",\"url\":\"https:\/\/jag.se\/opinion\/\",\"name\":\"JAG Opinion\",\"description\":\"\",\"potentialAction\":[{\"@type\":\"SearchAction\",\"target\":{\"@type\":\"EntryPoint\",\"urlTemplate\":\"https:\/\/jag.se\/opinion\/?s={search_term_string}\"},\"query-input\":\"required name=search_term_string\"}],\"inLanguage\":\"sv-SE\"},{\"@type\":\"Person\",\"@id\":\"https:\/\/jag.se\/opinion\/#\/schema\/person\/42ca7c4b556b837c35d83ffe97aa92c0\",\"name\":\"Alexander Alexandrov\",\"image\":{\"@type\":\"ImageObject\",\"inLanguage\":\"sv-SE\",\"@id\":\"https:\/\/jag.se\/opinion\/#\/schema\/person\/image\/\",\"url\":\"https:\/\/secure.gravatar.com\/avatar\/39974ed46e3cb66fe6760e4c288a2722aff8b0a328a2802a65dd6f31fe323990?s=96&d=mm&r=g\",\"contentUrl\":\"https:\/\/secure.gravatar.com\/avatar\/39974ed46e3cb66fe6760e4c288a2722aff8b0a328a2802a65dd6f31fe323990?s=96&d=mm&r=g\",\"caption\":\"Alexander Alexandrov\"},\"sameAs\":[\"https:\/\/jag.se\"]}]}<\/script>\n<!-- \/ Yoast SEO plugin. -->","yoast_head_json":{"title":"2017 fyller F\u00f6reningen JAG 25 \u00e5r! - JAG Opinion","robots":{"index":"index","follow":"follow","max-snippet":"max-snippet:-1","max-image-preview":"max-image-preview:large","max-video-preview":"max-video-preview:-1"},"canonical":"https:\/\/jag.se\/opinion\/2017-fyller-foreningen-jag-25-ar\/","og_locale":"sv_SE","og_type":"article","og_title":"2017 fyller F\u00f6reningen JAG 25 \u00e5r! - JAG Opinion","og_description":"Det vill vi naturligtvis fira tillsammans! \u00c5rsm\u00f6tet blev extra festligt och sommarveckan ett superpartaj! Medlemsfester och tr\u00e4ffar kommer att h\u00e5lls i olika delar i landet under \u00e5ret. H\u00e5ll utkik p\u00e5 Facebook och h\u00e4r p\u00e5 hemsidan s\u00e5 ser du vad som \u00e4r p\u00e5 g\u00e5ng. Inl\u00e4gget 2017 fyller F\u00f6reningen JAG 25 \u00e5r! d\u00f6k f\u00f6rst upp p\u00e5 Riksf\u00f6reningen","og_url":"https:\/\/jag.se\/opinion\/2017-fyller-foreningen-jag-25-ar\/","og_site_name":"JAG Opinion","article_published_time":"2017-01-29T07:25:03+00:00","article_modified_time":"2022-03-18T15:42:32+00:00","og_image":[{"width":541,"height":244,"url":"https:\/\/jag.se\/wp-content\/uploads\/sites\/3\/2017\/01\/fest-1.jpg","type":"image\/jpeg"}],"author":"Alexander Alexandrov","twitter_card":"summary_large_image","twitter_misc":{"Skriven av":"Alexander Alexandrov"},"schema":{"@context":"https:\/\/schema.org","@graph":[{"@type":"WebPage","@id":"https:\/\/jag.se\/opinion\/2017-fyller-foreningen-jag-25-ar\/","url":"https:\/\/jag.se\/opinion\/2017-fyller-foreningen-jag-25-ar\/","name":"2017 fyller F\u00f6reningen JAG 25 \u00e5r! - JAG Opinion","isPartOf":{"@id":"https:\/\/jag.se\/opinion\/#website"},"datePublished":"2017-01-29T07:25:03+00:00","dateModified":"2022-03-18T15:42:32+00:00","author":{"@id":"https:\/\/jag.se\/opinion\/#\/schema\/person\/42ca7c4b556b837c35d83ffe97aa92c0"},"breadcrumb":{"@id":"https:\/\/jag.se\/opinion\/2017-fyller-foreningen-jag-25-ar\/#breadcrumb"},"inLanguage":"sv-SE","potentialAction":[{"@type":"ReadAction","target":["https:\/\/jag.se\/opinion\/2017-fyller-foreningen-jag-25-ar\/"]}]},{"@type":"BreadcrumbList","@id":"https:\/\/jag.se\/opinion\/2017-fyller-foreningen-jag-25-ar\/#breadcrumb","itemListElement":[{"@type":"ListItem","position":1,"name":"JAG start","item":"https:\/\/jag.se"},{"@type":"ListItem","position":2,"name":"Riksf\u00f6reningen JAG","item":"https:\/\/jag.se\/opinion\/"},{"@type":"ListItem","position":3,"name":"2017 fyller F\u00f6reningen JAG 25 \u00e5r!"}]},{"@type":"WebSite","@id":"https:\/\/jag.se\/opinion\/#website","url":"https:\/\/jag.se\/opinion\/","name":"JAG Opinion","description":"","potentialAction":[{"@type":"SearchAction","target":{"@type":"EntryPoint","urlTemplate":"https:\/\/jag.se\/opinion\/?s={search_term_string}"},"query-input":"required name=search_term_string"}],"inLanguage":"sv-SE"},{"@type":"Person","@id":"https:\/\/jag.se\/opinion\/#\/schema\/person\/42ca7c4b556b837c35d83ffe97aa92c0","name":"Alexander Alexandrov","image":{"@type":"ImageObject","inLanguage":"sv-SE","@id":"https:\/\/jag.se\/opinion\/#\/schema\/person\/image\/","url":"https:\/\/secure.gravatar.com\/avatar\/39974ed46e3cb66fe6760e4c288a2722aff8b0a328a2802a65dd6f31fe323990?s=96&d=mm&r=g","contentUrl":"https:\/\/secure.gravatar.com\/avatar\/39974ed46e3cb66fe6760e4c288a2722aff8b0a328a2802a65dd6f31fe323990?s=96&d=mm&r=g","caption":"Alexander Alexandrov"},"sameAs":["https:\/\/jag.se"]}]}},"_links":{"self":[{"href":"https:\/\/jag.se\/opinion\/wp-json\/wp\/v2\/posts\/2298","targetHints":{"allow":["GET"]}}],"collection":[{"href":"https:\/\/jag.se\/opinion\/wp-json\/wp\/v2\/posts"}],"about":[{"href":"https:\/\/jag.se\/opinion\/wp-json\/wp\/v2\/types\/post"}],"author":[{"embeddable":true,"href":"https:\/\/jag.se\/opinion\/wp-json\/wp\/v2\/users\/1"}],"replies":[{"embeddable":true,"href":"https:\/\/jag.se\/opinion\/wp-json\/wp\/v2\/comments?post=2298"}],"version-history":[{"count":1,"href":"https:\/\/jag.se\/opinion\/wp-json\/wp\/v2\/posts\/2298\/revisions"}],"predecessor-version":[{"id":2309,"href":"https:\/\/jag.se\/opinion\/wp-json\/wp\/v2\/posts\/2298\/revisions\/2309"}],"wp:featuredmedia":[{"embeddable":true,"href":"https:\/\/jag.se\/opinion\/wp-json\/wp\/v2\/media\/2308"}],"wp:attachment":[{"href":"https:\/\/jag.se\/opinion\/wp-json\/wp\/v2\/media?parent=2298"}],"wp:term":[{"taxonomy":"category","embeddable":true,"href":"https:\/\/jag.se\/opinion\/wp-json\/wp\/v2\/categories?post=2298"},{"taxonomy":"post_tag","embeddable":true,"href":"https:\/\/jag.se\/opinion\/wp-json\/wp\/v2\/tags?post=2298"}],"curies":[{"name":"wp","href":"https:\/\/api.w.org\/{rel}","templated":true}]}}