{"id":2300,"date":"2017-01-11T12:27:01","date_gmt":"2017-01-11T12:27:01","guid":{"rendered":"https:\/\/jag.se\/opinion\/foreningen-jag-samarbetade-med-guldbaggegalan\/"},"modified":"2022-03-18T15:42:31","modified_gmt":"2022-03-18T15:42:31","slug":"foreningen-jag-samarbetade-med-guldbaggegalan","status":"publish","type":"post","link":"https:\/\/jag.se\/opinion\/foreningen-jag-samarbetade-med-guldbaggegalan\/","title":{"rendered":"F\u00f6reningen JAG samarbetade med Guldbaggegalan"},"content":{"rendered":"<p>F\u00f6reningen JAG hade blivit inbjuden fr\u00e5n Svenska Filminstitutet att ta plats p\u00e5 \u00e5rets Guldbaggegala den 23 januari. Samarbetet gav en unik m\u00f6jlighet att rikta fokus mot personlig assistans och alla m\u00e4nniskors lika v\u00e4rde.<\/p>\n<p>Stefan Nilsson representerade F\u00f6reningen JAG p\u00e5 galan och vimlade med de andra ca 1400 g\u00e4sterna.\u00a0Stefan deltog \u00e4ven p\u00e5 presskonferensen inf\u00f6r galan och fick d\u00e5 en pratstund med Petra Mede som var\u00a0konferencier.<\/p>\n<p><a href=\"https:\/\/guldbaggen.se\/guldbaggen-samarbetar-med-jag\/\" target=\"_blank\" rel=\"noopener noreferrer\">Se inl\u00e4gget om JAG p\u00e5 Guldbaggens hemsida<\/a><\/p>\n<p><a href=\"https:\/\/www.youtube.com\/watch?v=9I1d_EQYZms\" target=\"_blank\" rel=\"noopener noreferrer\">Se klippet fr\u00e5n presskonferensen med Stefan Nilsson och Petra Mede.<\/a><\/p>\n<p>Inl\u00e4gget <a rel=\"nofollow\" href=\"https:\/\/jag.se\/opinion\/foreningen-jag-samarbetar-med-guldbaggegalan\/\">F\u00f6reningen JAG samarbetade med Guldbaggegalan<\/a> d\u00f6k f\u00f6rst upp p\u00e5 <a rel=\"nofollow\" href=\"https:\/\/jag.se\/opinion\">Riksf\u00f6reningen JAG<\/a>.<\/p>\n","protected":false},"excerpt":{"rendered":"<p>F\u00f6reningen JAG hade blivit inbjuden fr\u00e5n Svenska Filminstitutet att ta plats p\u00e5 \u00e5rets Guldbaggegala den 23 januari. Samarbetet gav en unik m\u00f6jlighet att rikta fokus mot personlig assistans och alla m\u00e4nniskors lika v\u00e4rde. Stefan Nilsson representerade F\u00f6reningen JAG p\u00e5 galan och vimlade med de andra ca 1400 g\u00e4sterna.\u00a0Stefan deltog \u00e4ven p\u00e5 presskonferensen inf\u00f6r galan och<\/p>\n","protected":false},"author":1,"featured_media":2304,"comment_status":"closed","ping_status":"open","sticky":false,"template":"","format":"standard","meta":{"footnotes":""},"categories":[1],"tags":[],"class_list":["post-2300","post","type-post","status-publish","format-standard","has-post-thumbnail","hentry","category-uncategorized"],"acf":[],"yoast_head":"<!-- This site is optimized with the Yoast SEO plugin v21.3 - https:\/\/yoast.com\/wordpress\/plugins\/seo\/ -->\n<title>F\u00f6reningen JAG samarbetade med Guldbaggegalan - JAG Opinion<\/title>\n<meta name=\"robots\" content=\"index, follow, max-snippet:-1, max-image-preview:large, max-video-preview:-1\" \/>\n<link rel=\"canonical\" href=\"https:\/\/jag.se\/opinion\/foreningen-jag-samarbetade-med-guldbaggegalan\/\" \/>\n<meta property=\"og:locale\" content=\"sv_SE\" \/>\n<meta property=\"og:type\" content=\"article\" \/>\n<meta property=\"og:title\" content=\"F\u00f6reningen JAG samarbetade med Guldbaggegalan - JAG Opinion\" \/>\n<meta property=\"og:description\" content=\"F\u00f6reningen JAG hade blivit inbjuden fr\u00e5n Svenska Filminstitutet att ta plats p\u00e5 \u00e5rets Guldbaggegala den 23 januari. Samarbetet gav en unik m\u00f6jlighet att rikta fokus mot personlig assistans och alla m\u00e4nniskors lika v\u00e4rde. Stefan Nilsson representerade F\u00f6reningen JAG p\u00e5 galan och vimlade med de andra ca 1400 g\u00e4sterna.\u00a0Stefan deltog \u00e4ven p\u00e5 presskonferensen inf\u00f6r galan och\" \/>\n<meta property=\"og:url\" content=\"https:\/\/jag.se\/opinion\/foreningen-jag-samarbetade-med-guldbaggegalan\/\" \/>\n<meta property=\"og:site_name\" content=\"JAG Opinion\" \/>\n<meta property=\"article:published_time\" content=\"2017-01-11T12:27:01+00:00\" \/>\n<meta property=\"article:modified_time\" content=\"2022-03-18T15:42:31+00:00\" \/>\n<meta property=\"og:image\" content=\"https:\/\/jag.se\/wp-content\/uploads\/sites\/3\/2017\/01\/artikel4-1.jpg\" \/>\n\t<meta property=\"og:image:width\" content=\"541\" \/>\n\t<meta property=\"og:image:height\" content=\"244\" \/>\n\t<meta property=\"og:image:type\" content=\"image\/jpeg\" \/>\n<meta name=\"author\" content=\"Alexander Alexandrov\" \/>\n<meta name=\"twitter:card\" content=\"summary_large_image\" \/>\n<meta name=\"twitter:label1\" content=\"Skriven av\" \/>\n\t<meta name=\"twitter:data1\" content=\"Alexander Alexandrov\" \/>\n\t<meta name=\"twitter:label2\" content=\"Ber\u00e4knad l\u00e4stid\" \/>\n\t<meta name=\"twitter:data2\" content=\"1 minut\" \/>\n<script type=\"application\/ld+json\" class=\"yoast-schema-graph\">{\"@context\":\"https:\/\/schema.org\",\"@graph\":[{\"@type\":\"WebPage\",\"@id\":\"https:\/\/jag.se\/opinion\/foreningen-jag-samarbetade-med-guldbaggegalan\/\",\"url\":\"https:\/\/jag.se\/opinion\/foreningen-jag-samarbetade-med-guldbaggegalan\/\",\"name\":\"F\u00f6reningen JAG samarbetade med Guldbaggegalan - JAG Opinion\",\"isPartOf\":{\"@id\":\"https:\/\/jag.se\/opinion\/#website\"},\"datePublished\":\"2017-01-11T12:27:01+00:00\",\"dateModified\":\"2022-03-18T15:42:31+00:00\",\"author\":{\"@id\":\"https:\/\/jag.se\/opinion\/#\/schema\/person\/90dd15a2a47e0c05d666bd8dcc143c05\"},\"breadcrumb\":{\"@id\":\"https:\/\/jag.se\/opinion\/foreningen-jag-samarbetade-med-guldbaggegalan\/#breadcrumb\"},\"inLanguage\":\"sv-SE\",\"potentialAction\":[{\"@type\":\"ReadAction\",\"target\":[\"https:\/\/jag.se\/opinion\/foreningen-jag-samarbetade-med-guldbaggegalan\/\"]}]},{\"@type\":\"BreadcrumbList\",\"@id\":\"https:\/\/jag.se\/opinion\/foreningen-jag-samarbetade-med-guldbaggegalan\/#breadcrumb\",\"itemListElement\":[{\"@type\":\"ListItem\",\"position\":1,\"name\":\"JAG start\",\"item\":\"https:\/\/jag.se\"},{\"@type\":\"ListItem\",\"position\":2,\"name\":\"Riksf\u00f6reningen JAG\",\"item\":\"https:\/\/jag.se\/opinion\/\"},{\"@type\":\"ListItem\",\"position\":3,\"name\":\"F\u00f6reningen JAG samarbetade med Guldbaggegalan\"}]},{\"@type\":\"WebSite\",\"@id\":\"https:\/\/jag.se\/opinion\/#website\",\"url\":\"https:\/\/jag.se\/opinion\/\",\"name\":\"JAG Opinion\",\"description\":\"\",\"potentialAction\":[{\"@type\":\"SearchAction\",\"target\":{\"@type\":\"EntryPoint\",\"urlTemplate\":\"https:\/\/jag.se\/opinion\/?s={search_term_string}\"},\"query-input\":\"required name=search_term_string\"}],\"inLanguage\":\"sv-SE\"},{\"@type\":\"Person\",\"@id\":\"https:\/\/jag.se\/opinion\/#\/schema\/person\/90dd15a2a47e0c05d666bd8dcc143c05\",\"name\":\"Alexander Alexandrov\",\"image\":{\"@type\":\"ImageObject\",\"inLanguage\":\"sv-SE\",\"@id\":\"https:\/\/jag.se\/opinion\/#\/schema\/person\/image\/\",\"url\":\"https:\/\/secure.gravatar.com\/avatar\/39974ed46e3cb66fe6760e4c288a2722aff8b0a328a2802a65dd6f31fe323990?s=96&d=mm&r=g\",\"contentUrl\":\"https:\/\/secure.gravatar.com\/avatar\/39974ed46e3cb66fe6760e4c288a2722aff8b0a328a2802a65dd6f31fe323990?s=96&d=mm&r=g\",\"caption\":\"Alexander Alexandrov\"},\"sameAs\":[\"https:\/\/jag.se\"]}]}<\/script>\n<!-- \/ Yoast SEO plugin. -->","yoast_head_json":{"title":"F\u00f6reningen JAG samarbetade med Guldbaggegalan - JAG Opinion","robots":{"index":"index","follow":"follow","max-snippet":"max-snippet:-1","max-image-preview":"max-image-preview:large","max-video-preview":"max-video-preview:-1"},"canonical":"https:\/\/jag.se\/opinion\/foreningen-jag-samarbetade-med-guldbaggegalan\/","og_locale":"sv_SE","og_type":"article","og_title":"F\u00f6reningen JAG samarbetade med Guldbaggegalan - JAG Opinion","og_description":"F\u00f6reningen JAG hade blivit inbjuden fr\u00e5n Svenska Filminstitutet att ta plats p\u00e5 \u00e5rets Guldbaggegala den 23 januari. Samarbetet gav en unik m\u00f6jlighet att rikta fokus mot personlig assistans och alla m\u00e4nniskors lika v\u00e4rde. Stefan Nilsson representerade F\u00f6reningen JAG p\u00e5 galan och vimlade med de andra ca 1400 g\u00e4sterna.\u00a0Stefan deltog \u00e4ven p\u00e5 presskonferensen inf\u00f6r galan och","og_url":"https:\/\/jag.se\/opinion\/foreningen-jag-samarbetade-med-guldbaggegalan\/","og_site_name":"JAG Opinion","article_published_time":"2017-01-11T12:27:01+00:00","article_modified_time":"2022-03-18T15:42:31+00:00","og_image":[{"width":541,"height":244,"url":"https:\/\/jag.se\/wp-content\/uploads\/sites\/3\/2017\/01\/artikel4-1.jpg","type":"image\/jpeg"}],"author":"Alexander Alexandrov","twitter_card":"summary_large_image","twitter_misc":{"Skriven av":"Alexander Alexandrov","Ber\u00e4knad l\u00e4stid":"1 minut"},"schema":{"@context":"https:\/\/schema.org","@graph":[{"@type":"WebPage","@id":"https:\/\/jag.se\/opinion\/foreningen-jag-samarbetade-med-guldbaggegalan\/","url":"https:\/\/jag.se\/opinion\/foreningen-jag-samarbetade-med-guldbaggegalan\/","name":"F\u00f6reningen JAG samarbetade med Guldbaggegalan - JAG Opinion","isPartOf":{"@id":"https:\/\/jag.se\/opinion\/#website"},"datePublished":"2017-01-11T12:27:01+00:00","dateModified":"2022-03-18T15:42:31+00:00","author":{"@id":"https:\/\/jag.se\/opinion\/#\/schema\/person\/90dd15a2a47e0c05d666bd8dcc143c05"},"breadcrumb":{"@id":"https:\/\/jag.se\/opinion\/foreningen-jag-samarbetade-med-guldbaggegalan\/#breadcrumb"},"inLanguage":"sv-SE","potentialAction":[{"@type":"ReadAction","target":["https:\/\/jag.se\/opinion\/foreningen-jag-samarbetade-med-guldbaggegalan\/"]}]},{"@type":"BreadcrumbList","@id":"https:\/\/jag.se\/opinion\/foreningen-jag-samarbetade-med-guldbaggegalan\/#breadcrumb","itemListElement":[{"@type":"ListItem","position":1,"name":"JAG start","item":"https:\/\/jag.se"},{"@type":"ListItem","position":2,"name":"Riksf\u00f6reningen JAG","item":"https:\/\/jag.se\/opinion\/"},{"@type":"ListItem","position":3,"name":"F\u00f6reningen JAG samarbetade med Guldbaggegalan"}]},{"@type":"WebSite","@id":"https:\/\/jag.se\/opinion\/#website","url":"https:\/\/jag.se\/opinion\/","name":"JAG Opinion","description":"","potentialAction":[{"@type":"SearchAction","target":{"@type":"EntryPoint","urlTemplate":"https:\/\/jag.se\/opinion\/?s={search_term_string}"},"query-input":"required name=search_term_string"}],"inLanguage":"sv-SE"},{"@type":"Person","@id":"https:\/\/jag.se\/opinion\/#\/schema\/person\/90dd15a2a47e0c05d666bd8dcc143c05","name":"Alexander Alexandrov","image":{"@type":"ImageObject","inLanguage":"sv-SE","@id":"https:\/\/jag.se\/opinion\/#\/schema\/person\/image\/","url":"https:\/\/secure.gravatar.com\/avatar\/39974ed46e3cb66fe6760e4c288a2722aff8b0a328a2802a65dd6f31fe323990?s=96&d=mm&r=g","contentUrl":"https:\/\/secure.gravatar.com\/avatar\/39974ed46e3cb66fe6760e4c288a2722aff8b0a328a2802a65dd6f31fe323990?s=96&d=mm&r=g","caption":"Alexander Alexandrov"},"sameAs":["https:\/\/jag.se"]}]}},"_links":{"self":[{"href":"https:\/\/jag.se\/opinion\/wp-json\/wp\/v2\/posts\/2300","targetHints":{"allow":["GET"]}}],"collection":[{"href":"https:\/\/jag.se\/opinion\/wp-json\/wp\/v2\/posts"}],"about":[{"href":"https:\/\/jag.se\/opinion\/wp-json\/wp\/v2\/types\/post"}],"author":[{"embeddable":true,"href":"https:\/\/jag.se\/opinion\/wp-json\/wp\/v2\/users\/1"}],"replies":[{"embeddable":true,"href":"https:\/\/jag.se\/opinion\/wp-json\/wp\/v2\/comments?post=2300"}],"version-history":[{"count":1,"href":"https:\/\/jag.se\/opinion\/wp-json\/wp\/v2\/posts\/2300\/revisions"}],"predecessor-version":[{"id":2305,"href":"https:\/\/jag.se\/opinion\/wp-json\/wp\/v2\/posts\/2300\/revisions\/2305"}],"wp:featuredmedia":[{"embeddable":true,"href":"https:\/\/jag.se\/opinion\/wp-json\/wp\/v2\/media\/2304"}],"wp:attachment":[{"href":"https:\/\/jag.se\/opinion\/wp-json\/wp\/v2\/media?parent=2300"}],"wp:term":[{"taxonomy":"category","embeddable":true,"href":"https:\/\/jag.se\/opinion\/wp-json\/wp\/v2\/categories?post=2300"},{"taxonomy":"post_tag","embeddable":true,"href":"https:\/\/jag.se\/opinion\/wp-json\/wp\/v2\/tags?post=2300"}],"curies":[{"name":"wp","href":"https:\/\/api.w.org\/{rel}","templated":true}]}}