{"id":2301,"date":"2017-01-04T12:34:21","date_gmt":"2017-01-04T12:34:21","guid":{"rendered":"https:\/\/jag.se\/opinion\/forsakringskassan-sprider-felaktigheter-om-personlig-assistans\/"},"modified":"2022-03-18T15:42:30","modified_gmt":"2022-03-18T15:42:30","slug":"forsakringskassan-sprider-felaktigheter-om-personlig-assistans","status":"publish","type":"post","link":"https:\/\/jag.se\/opinion\/forsakringskassan-sprider-felaktigheter-om-personlig-assistans\/","title":{"rendered":"F\u00f6rs\u00e4kringskassan sprider felaktigheter om personlig assistans"},"content":{"rendered":"<p>Ann-Marie Begler \u00a0framh\u00e4rdar i attityden att problemet \u00e4r \u201doron\u201d kring assistansen, inte den verkliga katastrof som drabbat de hundratals personer som pl\u00f6tsligt st\u00e5r utan st\u00f6d i sitt dagliga liv. Hon blottar dessutom en avgrundsdjup okunskap om sjuk- respektive egenv\u00e5rd och det regelverk hon s\u00e4ger sig f\u00f6lja. Hon skriver att sjukv\u00e5rd inte ska delegeras utan utf\u00f6ras av utbildad personal. Nu \u00e4r det s\u00e5 att en delegation av sjukv\u00e5rdsuppgifter inneb\u00e4r just att utbildad personal ska utf\u00f6ra dem. D\u00e4remot kan sjukv\u00e5rden g\u00f6ra bed\u00f6mningen att en uppgift inte utg\u00f6r sjukv\u00e5rd. D\u00e5 \u00e4r det den enskilde, med eller utan assistans, som utf\u00f6r uppgiften sj\u00e4lv \u2013 som egenv\u00e5rd.<\/p>\n<p>Men ingenting i regelverket s\u00e4ger att f\u00f6rekomsten av vare sig sjuk- eller egenv\u00e5rd i en persons vardag p\u00e5verkar huruvida hen har r\u00e4tt till assistansers\u00e4ttning. De barn och personer med andningssv\u00e5righeter som Ann-Marie refererar till har inte alls f\u00f6rlorat sin assistans p\u00e5 grund av sitt sjukv\u00e5rdsbehov, som hon antyder. Nej, de har nekats assistans p\u00e5 grund av att F\u00f6rs\u00e4kringskassan pl\u00f6tsligt bed\u00f6mt att deras grundl\u00e4ggande behov inte uppg\u00e5r till 20 timmar i veckan.<\/p>\n<p>F\u00f6rs\u00e4kringskassan h\u00e4vdar g\u00e5ng p\u00e5 g\u00e5ng att den m\u00e5ste f\u00f6lja H\u00f6gsta f\u00f6rvaltningsdomstolens domar. Ur ett juridiskt perspektiv st\u00e5r det klart att domar fr\u00e5n h\u00f6gsta instans \u00e4r v\u00e4gledande, men att h\u00f6gst i rang st\u00e5r lagen. R\u00e4ttsfall m\u00e5ste d\u00e4rf\u00f6r alltid tolkas med utg\u00e5ngspunkt i g\u00e4llande lag och vad som var syftet med lagen som det beskrivs i lagens f\u00f6rarbeten. Vi ser allt fler exempel p\u00e5 att F\u00f6rs\u00e4kringskassan i sin till\u00e4mpning ser enskilda r\u00e4ttsfall som frist\u00e5ende fr\u00e5n lagen och i sin tolkning hamnar l\u00e5ngt utanf\u00f6r det rimliga tolkningsomr\u00e5det.<\/p>\n<p>Ett exempel \u00e4r just de sm\u00e5 barnen med omfattande funktionsneds\u00e4ttningar. Deras indragna assistansers\u00e4ttning sammanfaller ofta med att barnen har sv\u00e4ljsv\u00e5righeter och \u00e4ter genom en sond. H\u00e4r h\u00e4vdar F\u00f6rs\u00e4kringskassan n\u00e4mligen, efter en vidlyftig tolkning av en flera \u00e5r gammal HFD-dom om n\u00e5got helt annat (HFD 2012 ref 41), att det d\u00e5 inte kan r\u00e4knas som en m\u00e5ltid och d\u00e4rmed inte kan r\u00e4knas in i de grundl\u00e4ggande behoven.<\/p>\n<p>Kammarr\u00e4tten i G\u00f6teborg gjorde nyligen en helt annan bed\u00f6mning (KR G\u00f6teborg m\u00e5l nr 3208-16) och ans\u00e5g att en sondm\u00e5ltid naturligtvis \u00e4r att r\u00e4kna som en m\u00e5ltid och d\u00e4rmed ett grundl\u00e4ggande behov f\u00f6r assistansers\u00e4ttning. Om F\u00f6rs\u00e4kringskassans bed\u00f6mningar verkligen ska h\u00e5lla \u201dh\u00f6g kvalitet och r\u00e4ttss\u00e4kerhet\u201d som det st\u00e5r i det nya regleringsbrevet b\u00f6r F\u00f6rs\u00e4kringskassan omg\u00e5ende ompr\u00f6va sin tolkning och ist\u00e4llet leva upp till lagens syfte.<\/p>\n<p>L\u00e4nk till artikeln p\u00e5 SvD Debatt: <a href=\"https:\/\/www.svd.se\/generaldirektor-skapa-inte-onodig-oro-om-assistans\/om\/debatten-om-assistans\">https:\/\/www.svd.se\/generaldirektor-skapa-inte-onodig-oro-om-assistans\/om\/debatten-om-assistans<\/a><\/p>\n<p>Inl\u00e4gget <a rel=\"nofollow\" href=\"https:\/\/jag.se\/opinion\/forsakringskassan-sprider-felaktigheter-om-personlig-assistans\/\">F\u00f6rs\u00e4kringskassan sprider felaktigheter om personlig assistans<\/a> d\u00f6k f\u00f6rst upp p\u00e5 <a rel=\"nofollow\" href=\"https:\/\/jag.se\/opinion\">Riksf\u00f6reningen JAG<\/a>.<\/p>\n","protected":false},"excerpt":{"rendered":"<p>Ann-Marie Begler \u00a0framh\u00e4rdar i attityden att problemet \u00e4r \u201doron\u201d kring assistansen, inte den verkliga katastrof som drabbat de hundratals personer som pl\u00f6tsligt st\u00e5r utan st\u00f6d i sitt dagliga liv. Hon blottar dessutom en avgrundsdjup okunskap om sjuk- respektive egenv\u00e5rd och det regelverk hon s\u00e4ger sig f\u00f6lja. Hon skriver att sjukv\u00e5rd inte ska delegeras utan utf\u00f6ras<\/p>\n","protected":false},"author":1,"featured_media":2302,"comment_status":"closed","ping_status":"open","sticky":false,"template":"","format":"standard","meta":{"footnotes":""},"categories":[1],"tags":[],"class_list":["post-2301","post","type-post","status-publish","format-standard","has-post-thumbnail","hentry","category-uncategorized"],"acf":[],"yoast_head":"<!-- This site is optimized with the Yoast SEO plugin v21.3 - https:\/\/yoast.com\/wordpress\/plugins\/seo\/ -->\n<title>F\u00f6rs\u00e4kringskassan sprider felaktigheter om personlig assistans - JAG Opinion<\/title>\n<meta name=\"robots\" content=\"index, follow, max-snippet:-1, max-image-preview:large, max-video-preview:-1\" \/>\n<link rel=\"canonical\" href=\"https:\/\/jag.se\/opinion\/forsakringskassan-sprider-felaktigheter-om-personlig-assistans\/\" \/>\n<meta property=\"og:locale\" content=\"sv_SE\" \/>\n<meta property=\"og:type\" content=\"article\" \/>\n<meta property=\"og:title\" content=\"F\u00f6rs\u00e4kringskassan sprider felaktigheter om personlig assistans - JAG Opinion\" \/>\n<meta property=\"og:description\" content=\"Ann-Marie Begler \u00a0framh\u00e4rdar i attityden att problemet \u00e4r \u201doron\u201d kring assistansen, inte den verkliga katastrof som drabbat de hundratals personer som pl\u00f6tsligt st\u00e5r utan st\u00f6d i sitt dagliga liv. Hon blottar dessutom en avgrundsdjup okunskap om sjuk- respektive egenv\u00e5rd och det regelverk hon s\u00e4ger sig f\u00f6lja. Hon skriver att sjukv\u00e5rd inte ska delegeras utan utf\u00f6ras\" \/>\n<meta property=\"og:url\" content=\"https:\/\/jag.se\/opinion\/forsakringskassan-sprider-felaktigheter-om-personlig-assistans\/\" \/>\n<meta property=\"og:site_name\" content=\"JAG Opinion\" \/>\n<meta property=\"article:published_time\" content=\"2017-01-04T12:34:21+00:00\" \/>\n<meta property=\"article:modified_time\" content=\"2022-03-18T15:42:30+00:00\" \/>\n<meta property=\"og:image\" content=\"https:\/\/jag.se\/wp-content\/uploads\/sites\/3\/2017\/01\/Fk1-1.jpg\" \/>\n\t<meta property=\"og:image:width\" content=\"541\" \/>\n\t<meta property=\"og:image:height\" content=\"244\" \/>\n\t<meta property=\"og:image:type\" content=\"image\/jpeg\" \/>\n<meta name=\"author\" content=\"Alexander Alexandrov\" \/>\n<meta name=\"twitter:card\" content=\"summary_large_image\" \/>\n<meta name=\"twitter:label1\" content=\"Skriven av\" \/>\n\t<meta name=\"twitter:data1\" content=\"Alexander Alexandrov\" \/>\n\t<meta name=\"twitter:label2\" content=\"Ber\u00e4knad l\u00e4stid\" \/>\n\t<meta name=\"twitter:data2\" content=\"3 minuter\" \/>\n<script type=\"application\/ld+json\" class=\"yoast-schema-graph\">{\"@context\":\"https:\/\/schema.org\",\"@graph\":[{\"@type\":\"WebPage\",\"@id\":\"https:\/\/jag.se\/opinion\/forsakringskassan-sprider-felaktigheter-om-personlig-assistans\/\",\"url\":\"https:\/\/jag.se\/opinion\/forsakringskassan-sprider-felaktigheter-om-personlig-assistans\/\",\"name\":\"F\u00f6rs\u00e4kringskassan sprider felaktigheter om personlig assistans - JAG Opinion\",\"isPartOf\":{\"@id\":\"https:\/\/jag.se\/opinion\/#website\"},\"datePublished\":\"2017-01-04T12:34:21+00:00\",\"dateModified\":\"2022-03-18T15:42:30+00:00\",\"author\":{\"@id\":\"https:\/\/jag.se\/opinion\/#\/schema\/person\/90dd15a2a47e0c05d666bd8dcc143c05\"},\"breadcrumb\":{\"@id\":\"https:\/\/jag.se\/opinion\/forsakringskassan-sprider-felaktigheter-om-personlig-assistans\/#breadcrumb\"},\"inLanguage\":\"sv-SE\",\"potentialAction\":[{\"@type\":\"ReadAction\",\"target\":[\"https:\/\/jag.se\/opinion\/forsakringskassan-sprider-felaktigheter-om-personlig-assistans\/\"]}]},{\"@type\":\"BreadcrumbList\",\"@id\":\"https:\/\/jag.se\/opinion\/forsakringskassan-sprider-felaktigheter-om-personlig-assistans\/#breadcrumb\",\"itemListElement\":[{\"@type\":\"ListItem\",\"position\":1,\"name\":\"JAG start\",\"item\":\"https:\/\/jag.se\"},{\"@type\":\"ListItem\",\"position\":2,\"name\":\"Riksf\u00f6reningen JAG\",\"item\":\"https:\/\/jag.se\/opinion\/\"},{\"@type\":\"ListItem\",\"position\":3,\"name\":\"F\u00f6rs\u00e4kringskassan sprider felaktigheter om personlig assistans\"}]},{\"@type\":\"WebSite\",\"@id\":\"https:\/\/jag.se\/opinion\/#website\",\"url\":\"https:\/\/jag.se\/opinion\/\",\"name\":\"JAG Opinion\",\"description\":\"\",\"potentialAction\":[{\"@type\":\"SearchAction\",\"target\":{\"@type\":\"EntryPoint\",\"urlTemplate\":\"https:\/\/jag.se\/opinion\/?s={search_term_string}\"},\"query-input\":\"required name=search_term_string\"}],\"inLanguage\":\"sv-SE\"},{\"@type\":\"Person\",\"@id\":\"https:\/\/jag.se\/opinion\/#\/schema\/person\/90dd15a2a47e0c05d666bd8dcc143c05\",\"name\":\"Alexander Alexandrov\",\"image\":{\"@type\":\"ImageObject\",\"inLanguage\":\"sv-SE\",\"@id\":\"https:\/\/jag.se\/opinion\/#\/schema\/person\/image\/\",\"url\":\"https:\/\/secure.gravatar.com\/avatar\/39974ed46e3cb66fe6760e4c288a2722aff8b0a328a2802a65dd6f31fe323990?s=96&d=mm&r=g\",\"contentUrl\":\"https:\/\/secure.gravatar.com\/avatar\/39974ed46e3cb66fe6760e4c288a2722aff8b0a328a2802a65dd6f31fe323990?s=96&d=mm&r=g\",\"caption\":\"Alexander Alexandrov\"},\"sameAs\":[\"https:\/\/jag.se\"]}]}<\/script>\n<!-- \/ Yoast SEO plugin. -->","yoast_head_json":{"title":"F\u00f6rs\u00e4kringskassan sprider felaktigheter om personlig assistans - JAG Opinion","robots":{"index":"index","follow":"follow","max-snippet":"max-snippet:-1","max-image-preview":"max-image-preview:large","max-video-preview":"max-video-preview:-1"},"canonical":"https:\/\/jag.se\/opinion\/forsakringskassan-sprider-felaktigheter-om-personlig-assistans\/","og_locale":"sv_SE","og_type":"article","og_title":"F\u00f6rs\u00e4kringskassan sprider felaktigheter om personlig assistans - JAG Opinion","og_description":"Ann-Marie Begler \u00a0framh\u00e4rdar i attityden att problemet \u00e4r \u201doron\u201d kring assistansen, inte den verkliga katastrof som drabbat de hundratals personer som pl\u00f6tsligt st\u00e5r utan st\u00f6d i sitt dagliga liv. Hon blottar dessutom en avgrundsdjup okunskap om sjuk- respektive egenv\u00e5rd och det regelverk hon s\u00e4ger sig f\u00f6lja. Hon skriver att sjukv\u00e5rd inte ska delegeras utan utf\u00f6ras","og_url":"https:\/\/jag.se\/opinion\/forsakringskassan-sprider-felaktigheter-om-personlig-assistans\/","og_site_name":"JAG Opinion","article_published_time":"2017-01-04T12:34:21+00:00","article_modified_time":"2022-03-18T15:42:30+00:00","og_image":[{"width":541,"height":244,"url":"https:\/\/jag.se\/wp-content\/uploads\/sites\/3\/2017\/01\/Fk1-1.jpg","type":"image\/jpeg"}],"author":"Alexander Alexandrov","twitter_card":"summary_large_image","twitter_misc":{"Skriven av":"Alexander Alexandrov","Ber\u00e4knad l\u00e4stid":"3 minuter"},"schema":{"@context":"https:\/\/schema.org","@graph":[{"@type":"WebPage","@id":"https:\/\/jag.se\/opinion\/forsakringskassan-sprider-felaktigheter-om-personlig-assistans\/","url":"https:\/\/jag.se\/opinion\/forsakringskassan-sprider-felaktigheter-om-personlig-assistans\/","name":"F\u00f6rs\u00e4kringskassan sprider felaktigheter om personlig assistans - JAG Opinion","isPartOf":{"@id":"https:\/\/jag.se\/opinion\/#website"},"datePublished":"2017-01-04T12:34:21+00:00","dateModified":"2022-03-18T15:42:30+00:00","author":{"@id":"https:\/\/jag.se\/opinion\/#\/schema\/person\/90dd15a2a47e0c05d666bd8dcc143c05"},"breadcrumb":{"@id":"https:\/\/jag.se\/opinion\/forsakringskassan-sprider-felaktigheter-om-personlig-assistans\/#breadcrumb"},"inLanguage":"sv-SE","potentialAction":[{"@type":"ReadAction","target":["https:\/\/jag.se\/opinion\/forsakringskassan-sprider-felaktigheter-om-personlig-assistans\/"]}]},{"@type":"BreadcrumbList","@id":"https:\/\/jag.se\/opinion\/forsakringskassan-sprider-felaktigheter-om-personlig-assistans\/#breadcrumb","itemListElement":[{"@type":"ListItem","position":1,"name":"JAG start","item":"https:\/\/jag.se"},{"@type":"ListItem","position":2,"name":"Riksf\u00f6reningen JAG","item":"https:\/\/jag.se\/opinion\/"},{"@type":"ListItem","position":3,"name":"F\u00f6rs\u00e4kringskassan sprider felaktigheter om personlig assistans"}]},{"@type":"WebSite","@id":"https:\/\/jag.se\/opinion\/#website","url":"https:\/\/jag.se\/opinion\/","name":"JAG Opinion","description":"","potentialAction":[{"@type":"SearchAction","target":{"@type":"EntryPoint","urlTemplate":"https:\/\/jag.se\/opinion\/?s={search_term_string}"},"query-input":"required name=search_term_string"}],"inLanguage":"sv-SE"},{"@type":"Person","@id":"https:\/\/jag.se\/opinion\/#\/schema\/person\/90dd15a2a47e0c05d666bd8dcc143c05","name":"Alexander Alexandrov","image":{"@type":"ImageObject","inLanguage":"sv-SE","@id":"https:\/\/jag.se\/opinion\/#\/schema\/person\/image\/","url":"https:\/\/secure.gravatar.com\/avatar\/39974ed46e3cb66fe6760e4c288a2722aff8b0a328a2802a65dd6f31fe323990?s=96&d=mm&r=g","contentUrl":"https:\/\/secure.gravatar.com\/avatar\/39974ed46e3cb66fe6760e4c288a2722aff8b0a328a2802a65dd6f31fe323990?s=96&d=mm&r=g","caption":"Alexander Alexandrov"},"sameAs":["https:\/\/jag.se"]}]}},"_links":{"self":[{"href":"https:\/\/jag.se\/opinion\/wp-json\/wp\/v2\/posts\/2301","targetHints":{"allow":["GET"]}}],"collection":[{"href":"https:\/\/jag.se\/opinion\/wp-json\/wp\/v2\/posts"}],"about":[{"href":"https:\/\/jag.se\/opinion\/wp-json\/wp\/v2\/types\/post"}],"author":[{"embeddable":true,"href":"https:\/\/jag.se\/opinion\/wp-json\/wp\/v2\/users\/1"}],"replies":[{"embeddable":true,"href":"https:\/\/jag.se\/opinion\/wp-json\/wp\/v2\/comments?post=2301"}],"version-history":[{"count":1,"href":"https:\/\/jag.se\/opinion\/wp-json\/wp\/v2\/posts\/2301\/revisions"}],"predecessor-version":[{"id":2303,"href":"https:\/\/jag.se\/opinion\/wp-json\/wp\/v2\/posts\/2301\/revisions\/2303"}],"wp:featuredmedia":[{"embeddable":true,"href":"https:\/\/jag.se\/opinion\/wp-json\/wp\/v2\/media\/2302"}],"wp:attachment":[{"href":"https:\/\/jag.se\/opinion\/wp-json\/wp\/v2\/media?parent=2301"}],"wp:term":[{"taxonomy":"category","embeddable":true,"href":"https:\/\/jag.se\/opinion\/wp-json\/wp\/v2\/categories?post=2301"},{"taxonomy":"post_tag","embeddable":true,"href":"https:\/\/jag.se\/opinion\/wp-json\/wp\/v2\/tags?post=2301"}],"curies":[{"name":"wp","href":"https:\/\/api.w.org\/{rel}","templated":true}]}}