{"id":23550,"date":"2024-04-16T13:55:15","date_gmt":"2024-04-16T13:55:15","guid":{"rendered":"https:\/\/jag.se\/opinion\/?p=23550"},"modified":"2024-04-16T13:55:17","modified_gmt":"2024-04-16T13:55:17","slug":"i-morris-lagermans-beslut-star-det-svart-pa-vitt-forsakringskassan-gor-dubbla-foraldraavdrag","status":"publish","type":"post","link":"https:\/\/jag.se\/opinion\/i-morris-lagermans-beslut-star-det-svart-pa-vitt-forsakringskassan-gor-dubbla-foraldraavdrag\/","title":{"rendered":"I Morris Lagermans beslut st\u00e5r det svart p\u00e5 vitt, F\u00f6rs\u00e4kringskassan g\u00f6r dubbla f\u00f6r\u00e4ldraavdrag"},"content":{"rendered":"\n<p><strong>F\u00f6rs\u00e4kringskassan v\u00e4grar uttala sig men h\u00e4r st\u00e5r det svar p\u00e5 vitt: f\u00f6r\u00e4ldrars ansvar dras bort tv\u00e5 g\u00e5nger. <br><\/strong><br>Morris Lagermans beslut om assistansers\u00e4ttning \u00e4r unikt. Det \u00e4r n\u00e4mligen tv\u00e5 beslut givna i ett och samma dokument. Det ena beslutet f\u00f6ljer gamla lagstiftningen och det andra \u00e4r givet efter att reformen St\u00e4rkt r\u00e4tt till personlig assistans tr\u00e4dde i kraft 1 januari 2023. Besluten togs med bara n\u00e5gra m\u00e5naders mellanrum p\u00e5 identiskt underlag, bara lagen har \u00e4ndrats mellan de tv\u00e5 besluten. <\/p>\n\n\n\n<p>H\u00f6sten 2022 fick Morris 83 timmar och 47 minuters assistansers\u00e4ttning, efter \u00e5rsskiftet&nbsp;<em>sj\u00f6nk<\/em>&nbsp;veckoers\u00e4ttningen till 77 timmar och 51 minuter. <\/p>\n\n\n\n<p>Det \u00e4r en utmaning att djupdyka i F\u00f6rs\u00e4kringskassans minututr\u00e4kningar och fragmenterade behovsbed\u00f6mningar, men det \u00e4r v\u00e4rt besv\u00e4ret. H\u00e4r st\u00e5r det svart p\u00e5 vitt, f\u00f6r\u00e4ldrars ansvar dras bort tv\u00e5 g\u00e5nger. Dubbla avdrag. <\/p>\n\n\n\n<p>Reformen St\u00e4rkt r\u00e4tt till personlig assistans utlovade att cirka 2000 fler skulle beviljas assistans, men statistiken talar klarspr\u00e5k; antalet assistansber\u00e4ttigade minskar nu, b\u00e5de inom stat och kommun. V\u00e5ra politiker \u00e4r v\u00e4l medvetna om de dubbla avdragen \u2013 \u00e4nd\u00e5 r\u00f6stade Tid\u00f6partierna nyligen ner en motion i Socialutskottet som kr\u00e4vde snabba \u00e5tg\u00e4rder mot f\u00f6r\u00e4ldraavdraget. I st\u00e4llet framh\u00e5lls att regeringskansliet ska g\u00f6ra en egen analys f\u00f6r att belysa effekten av f\u00f6r\u00e4ldraavdraget. Oklart n\u00e4r den analysen \u00e4r klar, kanske hinner f\u00f6rs\u00e4kringskassan f\u00f6re med sin utredning om f\u00f6r\u00e4ldraavdraget \u2013 den ska presenteras den 2 september.<\/p>\n\n\n\n<p>Se Bo \u00d6hl\u00e9ns film som gjordes under v\u00e5ren 2024.<\/p>\n\n\n\n<figure class=\"wp-block-embed is-type-video is-provider-youtube wp-block-embed-youtube wp-embed-aspect-16-9 wp-has-aspect-ratio\"><div class=\"wp-block-embed__wrapper\">\n<iframe loading=\"lazy\" title=\"Morris Lagerman \u2013 F\u00f6rs\u00e4kringskassan g\u00f6r dubbla f\u00f6r\u00e4ldraavdrag\" width=\"500\" height=\"281\" src=\"https:\/\/www.youtube.com\/embed\/c2QUy2drCc8?feature=oembed\" frameborder=\"0\" allow=\"accelerometer; autoplay; clipboard-write; encrypted-media; gyroscope; picture-in-picture; web-share\" referrerpolicy=\"strict-origin-when-cross-origin\" allowfullscreen><\/iframe>\n<\/div><\/figure>\n","protected":false},"excerpt":{"rendered":"<p>F\u00f6rs\u00e4kringskassan v\u00e4grar uttala sig men h\u00e4r st\u00e5r det svar p\u00e5 vitt: f\u00f6r\u00e4ldrars ansvar dras bort tv\u00e5 g\u00e5nger. Morris Lagermans beslut om assistansers\u00e4ttning \u00e4r unikt. Det \u00e4r n\u00e4mligen tv\u00e5 beslut givna i ett och samma dokument. Det ena beslutet f\u00f6ljer gamla lagstiftningen och det andra \u00e4r givet efter att reformen St\u00e4rkt r\u00e4tt till personlig assistans tr\u00e4dde<\/p>\n","protected":false},"author":9,"featured_media":23558,"comment_status":"open","ping_status":"open","sticky":false,"template":"","format":"standard","meta":{"footnotes":""},"categories":[1],"tags":[],"class_list":["post-23550","post","type-post","status-publish","format-standard","has-post-thumbnail","hentry","category-uncategorized"],"acf":[],"yoast_head":"<!-- This site is optimized with the Yoast SEO plugin v21.3 - https:\/\/yoast.com\/wordpress\/plugins\/seo\/ -->\n<title>I Morris Lagermans beslut st\u00e5r det svart p\u00e5 vitt, F\u00f6rs\u00e4kringskassan g\u00f6r dubbla f\u00f6r\u00e4ldraavdrag - JAG Opinion<\/title>\n<meta name=\"robots\" content=\"index, follow, max-snippet:-1, max-image-preview:large, max-video-preview:-1\" \/>\n<link rel=\"canonical\" href=\"https:\/\/jag.se\/opinion\/i-morris-lagermans-beslut-star-det-svart-pa-vitt-forsakringskassan-gor-dubbla-foraldraavdrag\/\" \/>\n<meta property=\"og:locale\" content=\"sv_SE\" \/>\n<meta property=\"og:type\" content=\"article\" \/>\n<meta property=\"og:title\" content=\"I Morris Lagermans beslut st\u00e5r det svart p\u00e5 vitt, F\u00f6rs\u00e4kringskassan g\u00f6r dubbla f\u00f6r\u00e4ldraavdrag - JAG Opinion\" \/>\n<meta property=\"og:description\" content=\"F\u00f6rs\u00e4kringskassan v\u00e4grar uttala sig men h\u00e4r st\u00e5r det svar p\u00e5 vitt: f\u00f6r\u00e4ldrars ansvar dras bort tv\u00e5 g\u00e5nger. Morris Lagermans beslut om assistansers\u00e4ttning \u00e4r unikt. Det \u00e4r n\u00e4mligen tv\u00e5 beslut givna i ett och samma dokument. Det ena beslutet f\u00f6ljer gamla lagstiftningen och det andra \u00e4r givet efter att reformen St\u00e4rkt r\u00e4tt till personlig assistans tr\u00e4dde\" \/>\n<meta property=\"og:url\" content=\"https:\/\/jag.se\/opinion\/i-morris-lagermans-beslut-star-det-svart-pa-vitt-forsakringskassan-gor-dubbla-foraldraavdrag\/\" \/>\n<meta property=\"og:site_name\" content=\"JAG Opinion\" \/>\n<meta property=\"article:published_time\" content=\"2024-04-16T13:55:15+00:00\" \/>\n<meta property=\"article:modified_time\" content=\"2024-04-16T13:55:17+00:00\" \/>\n<meta property=\"og:image\" content=\"https:\/\/jag.se\/opinion\/wp-content\/uploads\/sites\/3\/2024\/04\/Morris-mini.jpg\" \/>\n\t<meta property=\"og:image:width\" content=\"793\" \/>\n\t<meta property=\"og:image:height\" content=\"742\" \/>\n\t<meta property=\"og:image:type\" content=\"image\/jpeg\" \/>\n<meta name=\"author\" content=\"Asa Emtelin\" \/>\n<meta name=\"twitter:card\" content=\"summary_large_image\" \/>\n<meta name=\"twitter:label1\" content=\"Skriven av\" \/>\n\t<meta name=\"twitter:data1\" content=\"Asa Emtelin\" \/>\n\t<meta name=\"twitter:label2\" content=\"Ber\u00e4knad l\u00e4stid\" \/>\n\t<meta name=\"twitter:data2\" content=\"2 minuter\" \/>\n<script type=\"application\/ld+json\" class=\"yoast-schema-graph\">{\"@context\":\"https:\/\/schema.org\",\"@graph\":[{\"@type\":\"WebPage\",\"@id\":\"https:\/\/jag.se\/opinion\/i-morris-lagermans-beslut-star-det-svart-pa-vitt-forsakringskassan-gor-dubbla-foraldraavdrag\/\",\"url\":\"https:\/\/jag.se\/opinion\/i-morris-lagermans-beslut-star-det-svart-pa-vitt-forsakringskassan-gor-dubbla-foraldraavdrag\/\",\"name\":\"I Morris Lagermans beslut st\u00e5r det svart p\u00e5 vitt, F\u00f6rs\u00e4kringskassan g\u00f6r dubbla f\u00f6r\u00e4ldraavdrag - JAG Opinion\",\"isPartOf\":{\"@id\":\"https:\/\/jag.se\/opinion\/#website\"},\"datePublished\":\"2024-04-16T13:55:15+00:00\",\"dateModified\":\"2024-04-16T13:55:17+00:00\",\"author\":{\"@id\":\"https:\/\/jag.se\/opinion\/#\/schema\/person\/4cde5b355d0fc01b846bac45df068e22\"},\"breadcrumb\":{\"@id\":\"https:\/\/jag.se\/opinion\/i-morris-lagermans-beslut-star-det-svart-pa-vitt-forsakringskassan-gor-dubbla-foraldraavdrag\/#breadcrumb\"},\"inLanguage\":\"sv-SE\",\"potentialAction\":[{\"@type\":\"ReadAction\",\"target\":[\"https:\/\/jag.se\/opinion\/i-morris-lagermans-beslut-star-det-svart-pa-vitt-forsakringskassan-gor-dubbla-foraldraavdrag\/\"]}]},{\"@type\":\"BreadcrumbList\",\"@id\":\"https:\/\/jag.se\/opinion\/i-morris-lagermans-beslut-star-det-svart-pa-vitt-forsakringskassan-gor-dubbla-foraldraavdrag\/#breadcrumb\",\"itemListElement\":[{\"@type\":\"ListItem\",\"position\":1,\"name\":\"JAG start\",\"item\":\"https:\/\/jag.se\"},{\"@type\":\"ListItem\",\"position\":2,\"name\":\"Riksf\u00f6reningen JAG\",\"item\":\"https:\/\/jag.se\/opinion\/\"},{\"@type\":\"ListItem\",\"position\":3,\"name\":\"I Morris Lagermans beslut st\u00e5r det svart p\u00e5 vitt, F\u00f6rs\u00e4kringskassan g\u00f6r dubbla f\u00f6r\u00e4ldraavdrag\"}]},{\"@type\":\"WebSite\",\"@id\":\"https:\/\/jag.se\/opinion\/#website\",\"url\":\"https:\/\/jag.se\/opinion\/\",\"name\":\"JAG Opinion\",\"description\":\"\",\"potentialAction\":[{\"@type\":\"SearchAction\",\"target\":{\"@type\":\"EntryPoint\",\"urlTemplate\":\"https:\/\/jag.se\/opinion\/?s={search_term_string}\"},\"query-input\":\"required name=search_term_string\"}],\"inLanguage\":\"sv-SE\"},{\"@type\":\"Person\",\"@id\":\"https:\/\/jag.se\/opinion\/#\/schema\/person\/4cde5b355d0fc01b846bac45df068e22\",\"name\":\"Asa Emtelin\",\"image\":{\"@type\":\"ImageObject\",\"inLanguage\":\"sv-SE\",\"@id\":\"https:\/\/jag.se\/opinion\/#\/schema\/person\/image\/\",\"url\":\"https:\/\/secure.gravatar.com\/avatar\/73fad270be25e2762b83219f26f69b57ac5c8122d333e45e7cdce054f17f3ce3?s=96&d=mm&r=g\",\"contentUrl\":\"https:\/\/secure.gravatar.com\/avatar\/73fad270be25e2762b83219f26f69b57ac5c8122d333e45e7cdce054f17f3ce3?s=96&d=mm&r=g\",\"caption\":\"Asa Emtelin\"}}]}<\/script>\n<!-- \/ Yoast SEO plugin. -->","yoast_head_json":{"title":"I Morris Lagermans beslut st\u00e5r det svart p\u00e5 vitt, F\u00f6rs\u00e4kringskassan g\u00f6r dubbla f\u00f6r\u00e4ldraavdrag - JAG Opinion","robots":{"index":"index","follow":"follow","max-snippet":"max-snippet:-1","max-image-preview":"max-image-preview:large","max-video-preview":"max-video-preview:-1"},"canonical":"https:\/\/jag.se\/opinion\/i-morris-lagermans-beslut-star-det-svart-pa-vitt-forsakringskassan-gor-dubbla-foraldraavdrag\/","og_locale":"sv_SE","og_type":"article","og_title":"I Morris Lagermans beslut st\u00e5r det svart p\u00e5 vitt, F\u00f6rs\u00e4kringskassan g\u00f6r dubbla f\u00f6r\u00e4ldraavdrag - JAG Opinion","og_description":"F\u00f6rs\u00e4kringskassan v\u00e4grar uttala sig men h\u00e4r st\u00e5r det svar p\u00e5 vitt: f\u00f6r\u00e4ldrars ansvar dras bort tv\u00e5 g\u00e5nger. Morris Lagermans beslut om assistansers\u00e4ttning \u00e4r unikt. Det \u00e4r n\u00e4mligen tv\u00e5 beslut givna i ett och samma dokument. Det ena beslutet f\u00f6ljer gamla lagstiftningen och det andra \u00e4r givet efter att reformen St\u00e4rkt r\u00e4tt till personlig assistans tr\u00e4dde","og_url":"https:\/\/jag.se\/opinion\/i-morris-lagermans-beslut-star-det-svart-pa-vitt-forsakringskassan-gor-dubbla-foraldraavdrag\/","og_site_name":"JAG Opinion","article_published_time":"2024-04-16T13:55:15+00:00","article_modified_time":"2024-04-16T13:55:17+00:00","og_image":[{"width":793,"height":742,"url":"https:\/\/jag.se\/opinion\/wp-content\/uploads\/sites\/3\/2024\/04\/Morris-mini.jpg","type":"image\/jpeg"}],"author":"Asa Emtelin","twitter_card":"summary_large_image","twitter_misc":{"Skriven av":"Asa Emtelin","Ber\u00e4knad l\u00e4stid":"2 minuter"},"schema":{"@context":"https:\/\/schema.org","@graph":[{"@type":"WebPage","@id":"https:\/\/jag.se\/opinion\/i-morris-lagermans-beslut-star-det-svart-pa-vitt-forsakringskassan-gor-dubbla-foraldraavdrag\/","url":"https:\/\/jag.se\/opinion\/i-morris-lagermans-beslut-star-det-svart-pa-vitt-forsakringskassan-gor-dubbla-foraldraavdrag\/","name":"I Morris Lagermans beslut st\u00e5r det svart p\u00e5 vitt, F\u00f6rs\u00e4kringskassan g\u00f6r dubbla f\u00f6r\u00e4ldraavdrag - JAG Opinion","isPartOf":{"@id":"https:\/\/jag.se\/opinion\/#website"},"datePublished":"2024-04-16T13:55:15+00:00","dateModified":"2024-04-16T13:55:17+00:00","author":{"@id":"https:\/\/jag.se\/opinion\/#\/schema\/person\/4cde5b355d0fc01b846bac45df068e22"},"breadcrumb":{"@id":"https:\/\/jag.se\/opinion\/i-morris-lagermans-beslut-star-det-svart-pa-vitt-forsakringskassan-gor-dubbla-foraldraavdrag\/#breadcrumb"},"inLanguage":"sv-SE","potentialAction":[{"@type":"ReadAction","target":["https:\/\/jag.se\/opinion\/i-morris-lagermans-beslut-star-det-svart-pa-vitt-forsakringskassan-gor-dubbla-foraldraavdrag\/"]}]},{"@type":"BreadcrumbList","@id":"https:\/\/jag.se\/opinion\/i-morris-lagermans-beslut-star-det-svart-pa-vitt-forsakringskassan-gor-dubbla-foraldraavdrag\/#breadcrumb","itemListElement":[{"@type":"ListItem","position":1,"name":"JAG start","item":"https:\/\/jag.se"},{"@type":"ListItem","position":2,"name":"Riksf\u00f6reningen JAG","item":"https:\/\/jag.se\/opinion\/"},{"@type":"ListItem","position":3,"name":"I Morris Lagermans beslut st\u00e5r det svart p\u00e5 vitt, F\u00f6rs\u00e4kringskassan g\u00f6r dubbla f\u00f6r\u00e4ldraavdrag"}]},{"@type":"WebSite","@id":"https:\/\/jag.se\/opinion\/#website","url":"https:\/\/jag.se\/opinion\/","name":"JAG Opinion","description":"","potentialAction":[{"@type":"SearchAction","target":{"@type":"EntryPoint","urlTemplate":"https:\/\/jag.se\/opinion\/?s={search_term_string}"},"query-input":"required name=search_term_string"}],"inLanguage":"sv-SE"},{"@type":"Person","@id":"https:\/\/jag.se\/opinion\/#\/schema\/person\/4cde5b355d0fc01b846bac45df068e22","name":"Asa Emtelin","image":{"@type":"ImageObject","inLanguage":"sv-SE","@id":"https:\/\/jag.se\/opinion\/#\/schema\/person\/image\/","url":"https:\/\/secure.gravatar.com\/avatar\/73fad270be25e2762b83219f26f69b57ac5c8122d333e45e7cdce054f17f3ce3?s=96&d=mm&r=g","contentUrl":"https:\/\/secure.gravatar.com\/avatar\/73fad270be25e2762b83219f26f69b57ac5c8122d333e45e7cdce054f17f3ce3?s=96&d=mm&r=g","caption":"Asa Emtelin"}}]}},"_links":{"self":[{"href":"https:\/\/jag.se\/opinion\/wp-json\/wp\/v2\/posts\/23550","targetHints":{"allow":["GET"]}}],"collection":[{"href":"https:\/\/jag.se\/opinion\/wp-json\/wp\/v2\/posts"}],"about":[{"href":"https:\/\/jag.se\/opinion\/wp-json\/wp\/v2\/types\/post"}],"author":[{"embeddable":true,"href":"https:\/\/jag.se\/opinion\/wp-json\/wp\/v2\/users\/9"}],"replies":[{"embeddable":true,"href":"https:\/\/jag.se\/opinion\/wp-json\/wp\/v2\/comments?post=23550"}],"version-history":[{"count":7,"href":"https:\/\/jag.se\/opinion\/wp-json\/wp\/v2\/posts\/23550\/revisions"}],"predecessor-version":[{"id":23560,"href":"https:\/\/jag.se\/opinion\/wp-json\/wp\/v2\/posts\/23550\/revisions\/23560"}],"wp:featuredmedia":[{"embeddable":true,"href":"https:\/\/jag.se\/opinion\/wp-json\/wp\/v2\/media\/23558"}],"wp:attachment":[{"href":"https:\/\/jag.se\/opinion\/wp-json\/wp\/v2\/media?parent=23550"}],"wp:term":[{"taxonomy":"category","embeddable":true,"href":"https:\/\/jag.se\/opinion\/wp-json\/wp\/v2\/categories?post=23550"},{"taxonomy":"post_tag","embeddable":true,"href":"https:\/\/jag.se\/opinion\/wp-json\/wp\/v2\/tags?post=23550"}],"curies":[{"name":"wp","href":"https:\/\/api.w.org\/{rel}","templated":true}]}}