{"id":23581,"date":"2024-05-07T14:06:30","date_gmt":"2024-05-07T14:06:30","guid":{"rendered":"https:\/\/jag.se\/opinion\/?p=23581"},"modified":"2024-05-07T14:20:22","modified_gmt":"2024-05-07T14:20:22","slug":"aven-om-de-ar-sma-ska-vi-inte-ha-institutioner","status":"publish","type":"post","link":"https:\/\/jag.se\/opinion\/aven-om-de-ar-sma-ska-vi-inte-ha-institutioner\/","title":{"rendered":"&#8221;\u00c4ven om de \u00e4r sm\u00e5 ska vi inte ha institutioner&#8221;"},"content":{"rendered":"\n<p>Inger Claesson W\u00e4stberg, sakkunnig p\u00e5 Socialdepartementet 1991\u20131994 d\u00e4r hon var med och utarbetade LSS \u2013 och s\u00e5g till att personkrets 1 och 2 och barnen omfattades av r\u00e4tten till personlig assistans \u2013 och Sveriges f\u00f6rsta Handikappombudsman, g\u00e4sttalade \u00a0p\u00e5 Brukarkooperativet JAGs \u00e5rsm\u00f6te. Hon tog bland annat upp den tidens mansdominerade syns\u00e4tt, hur det var l\u00e5ngt ifr\u00e5n sj\u00e4lvklart att barnen skulle f\u00e5 assistans och kvinnornas obetalda dygnet runt-arbete var det ingen som s\u00e5g.<\/p>\n\n\n\n<p>N\u00e4r en kollega p\u00e5 Socialdepartementet sa till Inger att f\u00f6r\u00e4ldrar \u201df\u00e5r all hj\u00e4lp hela tiden. De f\u00f6rs\u00f6rjer sig p\u00e5 att arbeta hos sitt barn med funktionsneds\u00e4ttning\u201d svarade hon: \u201dB\u00e5de du och jag f\u00f6rs\u00f6rjer oss p\u00e5 att arbeta med personer med funktionsneds\u00e4ttning\u201d.<\/p>\n\n\n\n<p>Hon p\u00e5minner om hur viktigt det \u00e4r att sl\u00e5 vakt om sina r\u00e4ttigheter och att vi m\u00e5ste se upp.<\/p>\n\n\n\n<p>\u2013 Jag ser tendenser till att man bygger sm\u00e5 institutioner igen. Det var absolut inte tanken. M\u00e4nsklig omv\u00e5rdnad m\u00e5ste f\u00e5 kosta. Det g\u00e5r inte att rationalisera bort. Hade vi r\u00e5d i b\u00f6rjan av 1990-talet att prioritera de h\u00e4r fr\u00e5gorna n\u00e4r det var kris, har vi r\u00e5d nu ocks\u00e5. Institutioner \u00e4r alltid det i s\u00e4rklass dyraste, det kan vi utg\u00e5 fr\u00e5n.<\/p>\n\n\n\n<p>Den svenska sj\u00e4lvbilden \u00e4r att vi \u00e4r b\u00e4st i v\u00e4rlden p\u00e5 funktionsr\u00e4tt.<\/p>\n\n\n\n<p>\u2013 LSS \u00e4r en stark reform men inom m\u00e5nga andra omr\u00e5den ligger vi l\u00e5ngt bakom, framf\u00f6rallt p\u00e5 tillg\u00e4nglighetsomr\u00e5det. Det blir en chock f\u00f6r m\u00e5nga n\u00e4r man f\u00e5r en mer realistisk bild av hur det \u00e4r st\u00e4llt, s\u00e4ger Inger. Kommunerna har ett ansvar att erbjuda goda levnadsvillkor. Men ist\u00e4llet erbjuder de minsta m\u00f6jliga och s\u00e4ger \u201dvi ses i domstolen\u201d.<\/p>\n\n\n\n<p>Sverige f\u00e5r kritik f\u00f6r att vi inte efterlever FN-konventionens artikel 19 och inte har n\u00e5gon plan f\u00f6r avveckling av de \u00e5terst\u00e5ende institutionerna (gruppbost\u00e4derna).<\/p>\n\n\n\n<p>\u2013 \u00c4ven om de \u00e4r sm\u00e5 ska vi inte ha institutioner. F\u00f6r det h\u00e4r kr\u00e4vs ledarskap, vi saknar en Karl Grunewald idag.<\/p>\n","protected":false},"excerpt":{"rendered":"<p>Inger Claesson W\u00e4stberg, sakkunnig p\u00e5 Socialdepartementet 1991\u20131994 d\u00e4r hon var med och utarbetade LSS \u2013 och s\u00e5g till att personkrets 1 och 2 och barnen omfattades av r\u00e4tten till personlig assistans \u2013 och Sveriges f\u00f6rsta Handikappombudsman, g\u00e4sttalade \u00a0p\u00e5 Brukarkooperativet JAGs \u00e5rsm\u00f6te. Hon tog bland annat upp den tidens mansdominerade syns\u00e4tt, hur det var l\u00e5ngt ifr\u00e5n<\/p>\n","protected":false},"author":7,"featured_media":23586,"comment_status":"open","ping_status":"open","sticky":false,"template":"","format":"standard","meta":{"footnotes":""},"categories":[1],"tags":[],"class_list":["post-23581","post","type-post","status-publish","format-standard","has-post-thumbnail","hentry","category-uncategorized"],"acf":[],"yoast_head":"<!-- This site is optimized with the Yoast SEO plugin v21.3 - https:\/\/yoast.com\/wordpress\/plugins\/seo\/ -->\n<title>&quot;\u00c4ven om de \u00e4r sm\u00e5 ska vi inte ha institutioner&quot; - JAG Opinion<\/title>\n<meta name=\"robots\" content=\"index, follow, max-snippet:-1, max-image-preview:large, max-video-preview:-1\" \/>\n<link rel=\"canonical\" href=\"https:\/\/jag.se\/opinion\/aven-om-de-ar-sma-ska-vi-inte-ha-institutioner\/\" \/>\n<meta property=\"og:locale\" content=\"sv_SE\" \/>\n<meta property=\"og:type\" content=\"article\" \/>\n<meta property=\"og:title\" content=\"&quot;\u00c4ven om de \u00e4r sm\u00e5 ska vi inte ha institutioner&quot; - JAG Opinion\" \/>\n<meta property=\"og:description\" content=\"Inger Claesson W\u00e4stberg, sakkunnig p\u00e5 Socialdepartementet 1991\u20131994 d\u00e4r hon var med och utarbetade LSS \u2013 och s\u00e5g till att personkrets 1 och 2 och barnen omfattades av r\u00e4tten till personlig assistans \u2013 och Sveriges f\u00f6rsta Handikappombudsman, g\u00e4sttalade \u00a0p\u00e5 Brukarkooperativet JAGs \u00e5rsm\u00f6te. Hon tog bland annat upp den tidens mansdominerade syns\u00e4tt, hur det var l\u00e5ngt ifr\u00e5n\" \/>\n<meta property=\"og:url\" content=\"https:\/\/jag.se\/opinion\/aven-om-de-ar-sma-ska-vi-inte-ha-institutioner\/\" \/>\n<meta property=\"og:site_name\" content=\"JAG Opinion\" \/>\n<meta property=\"article:published_time\" content=\"2024-05-07T14:06:30+00:00\" \/>\n<meta property=\"article:modified_time\" content=\"2024-05-07T14:20:22+00:00\" \/>\n<meta property=\"og:image\" content=\"https:\/\/jag.se\/opinion\/wp-content\/uploads\/sites\/3\/2024\/05\/Inger-Claesson-Wastberg-webb-1.jpg\" \/>\n\t<meta property=\"og:image:width\" content=\"425\" \/>\n\t<meta property=\"og:image:height\" content=\"291\" \/>\n\t<meta property=\"og:image:type\" content=\"image\/jpeg\" \/>\n<meta name=\"author\" content=\"Kerstin Sellin\" \/>\n<meta name=\"twitter:card\" content=\"summary_large_image\" \/>\n<meta name=\"twitter:label1\" content=\"Skriven av\" \/>\n\t<meta name=\"twitter:data1\" content=\"Kerstin Sellin\" \/>\n\t<meta name=\"twitter:label2\" content=\"Ber\u00e4knad l\u00e4stid\" \/>\n\t<meta name=\"twitter:data2\" content=\"2 minuter\" \/>\n<script type=\"application\/ld+json\" class=\"yoast-schema-graph\">{\"@context\":\"https:\/\/schema.org\",\"@graph\":[{\"@type\":\"WebPage\",\"@id\":\"https:\/\/jag.se\/opinion\/aven-om-de-ar-sma-ska-vi-inte-ha-institutioner\/\",\"url\":\"https:\/\/jag.se\/opinion\/aven-om-de-ar-sma-ska-vi-inte-ha-institutioner\/\",\"name\":\"\\\"\u00c4ven om de \u00e4r sm\u00e5 ska vi inte ha institutioner\\\" - JAG Opinion\",\"isPartOf\":{\"@id\":\"https:\/\/jag.se\/opinion\/#website\"},\"datePublished\":\"2024-05-07T14:06:30+00:00\",\"dateModified\":\"2024-05-07T14:20:22+00:00\",\"author\":{\"@id\":\"https:\/\/jag.se\/opinion\/#\/schema\/person\/5b968ceec568a6aae87bd2b04b5d995b\"},\"breadcrumb\":{\"@id\":\"https:\/\/jag.se\/opinion\/aven-om-de-ar-sma-ska-vi-inte-ha-institutioner\/#breadcrumb\"},\"inLanguage\":\"sv-SE\",\"potentialAction\":[{\"@type\":\"ReadAction\",\"target\":[\"https:\/\/jag.se\/opinion\/aven-om-de-ar-sma-ska-vi-inte-ha-institutioner\/\"]}]},{\"@type\":\"BreadcrumbList\",\"@id\":\"https:\/\/jag.se\/opinion\/aven-om-de-ar-sma-ska-vi-inte-ha-institutioner\/#breadcrumb\",\"itemListElement\":[{\"@type\":\"ListItem\",\"position\":1,\"name\":\"JAG start\",\"item\":\"https:\/\/jag.se\"},{\"@type\":\"ListItem\",\"position\":2,\"name\":\"Riksf\u00f6reningen JAG\",\"item\":\"https:\/\/jag.se\/opinion\/\"},{\"@type\":\"ListItem\",\"position\":3,\"name\":\"&#8221;\u00c4ven om de \u00e4r sm\u00e5 ska vi inte ha institutioner&#8221;\"}]},{\"@type\":\"WebSite\",\"@id\":\"https:\/\/jag.se\/opinion\/#website\",\"url\":\"https:\/\/jag.se\/opinion\/\",\"name\":\"JAG Opinion\",\"description\":\"\",\"potentialAction\":[{\"@type\":\"SearchAction\",\"target\":{\"@type\":\"EntryPoint\",\"urlTemplate\":\"https:\/\/jag.se\/opinion\/?s={search_term_string}\"},\"query-input\":\"required name=search_term_string\"}],\"inLanguage\":\"sv-SE\"},{\"@type\":\"Person\",\"@id\":\"https:\/\/jag.se\/opinion\/#\/schema\/person\/5b968ceec568a6aae87bd2b04b5d995b\",\"name\":\"Kerstin Sellin\",\"image\":{\"@type\":\"ImageObject\",\"inLanguage\":\"sv-SE\",\"@id\":\"https:\/\/jag.se\/opinion\/#\/schema\/person\/image\/\",\"url\":\"https:\/\/secure.gravatar.com\/avatar\/8186ebe5b7809ff59c7d59f361424f7bbdb039cd25b26fa93e861f6ee8e199b6?s=96&d=mm&r=g\",\"contentUrl\":\"https:\/\/secure.gravatar.com\/avatar\/8186ebe5b7809ff59c7d59f361424f7bbdb039cd25b26fa93e861f6ee8e199b6?s=96&d=mm&r=g\",\"caption\":\"Kerstin Sellin\"}}]}<\/script>\n<!-- \/ Yoast SEO plugin. -->","yoast_head_json":{"title":"\"\u00c4ven om de \u00e4r sm\u00e5 ska vi inte ha institutioner\" - JAG Opinion","robots":{"index":"index","follow":"follow","max-snippet":"max-snippet:-1","max-image-preview":"max-image-preview:large","max-video-preview":"max-video-preview:-1"},"canonical":"https:\/\/jag.se\/opinion\/aven-om-de-ar-sma-ska-vi-inte-ha-institutioner\/","og_locale":"sv_SE","og_type":"article","og_title":"\"\u00c4ven om de \u00e4r sm\u00e5 ska vi inte ha institutioner\" - JAG Opinion","og_description":"Inger Claesson W\u00e4stberg, sakkunnig p\u00e5 Socialdepartementet 1991\u20131994 d\u00e4r hon var med och utarbetade LSS \u2013 och s\u00e5g till att personkrets 1 och 2 och barnen omfattades av r\u00e4tten till personlig assistans \u2013 och Sveriges f\u00f6rsta Handikappombudsman, g\u00e4sttalade \u00a0p\u00e5 Brukarkooperativet JAGs \u00e5rsm\u00f6te. Hon tog bland annat upp den tidens mansdominerade syns\u00e4tt, hur det var l\u00e5ngt ifr\u00e5n","og_url":"https:\/\/jag.se\/opinion\/aven-om-de-ar-sma-ska-vi-inte-ha-institutioner\/","og_site_name":"JAG Opinion","article_published_time":"2024-05-07T14:06:30+00:00","article_modified_time":"2024-05-07T14:20:22+00:00","og_image":[{"width":425,"height":291,"url":"https:\/\/jag.se\/opinion\/wp-content\/uploads\/sites\/3\/2024\/05\/Inger-Claesson-Wastberg-webb-1.jpg","type":"image\/jpeg"}],"author":"Kerstin Sellin","twitter_card":"summary_large_image","twitter_misc":{"Skriven av":"Kerstin Sellin","Ber\u00e4knad l\u00e4stid":"2 minuter"},"schema":{"@context":"https:\/\/schema.org","@graph":[{"@type":"WebPage","@id":"https:\/\/jag.se\/opinion\/aven-om-de-ar-sma-ska-vi-inte-ha-institutioner\/","url":"https:\/\/jag.se\/opinion\/aven-om-de-ar-sma-ska-vi-inte-ha-institutioner\/","name":"\"\u00c4ven om de \u00e4r sm\u00e5 ska vi inte ha institutioner\" - JAG Opinion","isPartOf":{"@id":"https:\/\/jag.se\/opinion\/#website"},"datePublished":"2024-05-07T14:06:30+00:00","dateModified":"2024-05-07T14:20:22+00:00","author":{"@id":"https:\/\/jag.se\/opinion\/#\/schema\/person\/5b968ceec568a6aae87bd2b04b5d995b"},"breadcrumb":{"@id":"https:\/\/jag.se\/opinion\/aven-om-de-ar-sma-ska-vi-inte-ha-institutioner\/#breadcrumb"},"inLanguage":"sv-SE","potentialAction":[{"@type":"ReadAction","target":["https:\/\/jag.se\/opinion\/aven-om-de-ar-sma-ska-vi-inte-ha-institutioner\/"]}]},{"@type":"BreadcrumbList","@id":"https:\/\/jag.se\/opinion\/aven-om-de-ar-sma-ska-vi-inte-ha-institutioner\/#breadcrumb","itemListElement":[{"@type":"ListItem","position":1,"name":"JAG start","item":"https:\/\/jag.se"},{"@type":"ListItem","position":2,"name":"Riksf\u00f6reningen JAG","item":"https:\/\/jag.se\/opinion\/"},{"@type":"ListItem","position":3,"name":"&#8221;\u00c4ven om de \u00e4r sm\u00e5 ska vi inte ha institutioner&#8221;"}]},{"@type":"WebSite","@id":"https:\/\/jag.se\/opinion\/#website","url":"https:\/\/jag.se\/opinion\/","name":"JAG Opinion","description":"","potentialAction":[{"@type":"SearchAction","target":{"@type":"EntryPoint","urlTemplate":"https:\/\/jag.se\/opinion\/?s={search_term_string}"},"query-input":"required name=search_term_string"}],"inLanguage":"sv-SE"},{"@type":"Person","@id":"https:\/\/jag.se\/opinion\/#\/schema\/person\/5b968ceec568a6aae87bd2b04b5d995b","name":"Kerstin Sellin","image":{"@type":"ImageObject","inLanguage":"sv-SE","@id":"https:\/\/jag.se\/opinion\/#\/schema\/person\/image\/","url":"https:\/\/secure.gravatar.com\/avatar\/8186ebe5b7809ff59c7d59f361424f7bbdb039cd25b26fa93e861f6ee8e199b6?s=96&d=mm&r=g","contentUrl":"https:\/\/secure.gravatar.com\/avatar\/8186ebe5b7809ff59c7d59f361424f7bbdb039cd25b26fa93e861f6ee8e199b6?s=96&d=mm&r=g","caption":"Kerstin Sellin"}}]}},"_links":{"self":[{"href":"https:\/\/jag.se\/opinion\/wp-json\/wp\/v2\/posts\/23581","targetHints":{"allow":["GET"]}}],"collection":[{"href":"https:\/\/jag.se\/opinion\/wp-json\/wp\/v2\/posts"}],"about":[{"href":"https:\/\/jag.se\/opinion\/wp-json\/wp\/v2\/types\/post"}],"author":[{"embeddable":true,"href":"https:\/\/jag.se\/opinion\/wp-json\/wp\/v2\/users\/7"}],"replies":[{"embeddable":true,"href":"https:\/\/jag.se\/opinion\/wp-json\/wp\/v2\/comments?post=23581"}],"version-history":[{"count":8,"href":"https:\/\/jag.se\/opinion\/wp-json\/wp\/v2\/posts\/23581\/revisions"}],"predecessor-version":[{"id":23593,"href":"https:\/\/jag.se\/opinion\/wp-json\/wp\/v2\/posts\/23581\/revisions\/23593"}],"wp:featuredmedia":[{"embeddable":true,"href":"https:\/\/jag.se\/opinion\/wp-json\/wp\/v2\/media\/23586"}],"wp:attachment":[{"href":"https:\/\/jag.se\/opinion\/wp-json\/wp\/v2\/media?parent=23581"}],"wp:term":[{"taxonomy":"category","embeddable":true,"href":"https:\/\/jag.se\/opinion\/wp-json\/wp\/v2\/categories?post=23581"},{"taxonomy":"post_tag","embeddable":true,"href":"https:\/\/jag.se\/opinion\/wp-json\/wp\/v2\/tags?post=23581"}],"curies":[{"name":"wp","href":"https:\/\/api.w.org\/{rel}","templated":true}]}}