{"id":25664,"date":"2024-09-13T08:19:17","date_gmt":"2024-09-13T08:19:17","guid":{"rendered":"https:\/\/jag.se\/opinion\/?p=25664"},"modified":"2024-09-13T08:22:02","modified_gmt":"2024-09-13T08:22:02","slug":"sverige-lever-inte-upp-till-fns-konvention-om-manskliga-rattigheter-for-personer-med-funktionsnedsattning","status":"publish","type":"post","link":"https:\/\/jag.se\/opinion\/sverige-lever-inte-upp-till-fns-konvention-om-manskliga-rattigheter-for-personer-med-funktionsnedsattning\/","title":{"rendered":"Sverige lever inte upp till FNs konvention om m\u00e4nskliga r\u00e4ttigheter f\u00f6r personer med funktionsneds\u00e4ttning"},"content":{"rendered":"\n<p>Institutet f\u00f6r m\u00e4nskliga r\u00e4ttigheter har unders\u00f6kt m\u00e4nskliga r\u00e4ttigheter f\u00f6r personer med funktionsneds\u00e4ttning. De har tittat p\u00e5 vad m\u00e4nniskor k\u00e4nner till om r\u00e4ttigheterna och om man upplever att de \u00e4r uppfyllda. Unders\u00f6kningen visar tydligt att konventionen om r\u00e4ttigheter f\u00f6r personer med funktionsneds\u00e4ttning inte \u00e4r genomf\u00f6rd i Sverige. Livsvillkoren f\u00f6r personer med funktionsneds\u00e4ttning \u00e4r inte j\u00e4mlika med personer utan funktionsneds\u00e4ttning och r\u00e4ttigheterna kr\u00e4nks kontinuerligt.<\/p>\n\n\n\n<p>Institutet f\u00f6r m\u00e4nskliga r\u00e4ttigheter vill att<\/p>\n\n\n\n<p>&#8211; myndigheter och politiker, personer med funktionsneds\u00e4ttning och befolkningen i stort ska f\u00e5 \u00f6kad kunskap om m\u00e4nskliga r\u00e4ttigheter f\u00f6r personer med funktionsneds\u00e4ttning<\/p>\n\n\n\n<p>&#8211; f\u00f6ruts\u00e4ttningar skapas f\u00f6r j\u00e4mlika levnadsvillkor, oavsett funktionalitet,<\/p>\n\n\n\n<p>&#8211; m\u00f6jligheterna f\u00f6r alla att utkr\u00e4va sina m\u00e4nskliga r\u00e4ttigheter st\u00e4rks<\/p>\n\n\n\n<p><a href=\"https:\/\/mrinstitutet.se\/wp-content\/uploads\/2022\/01\/Rapport-Allt_ifragasatts_2024.pdf\">L\u00e4s hela rapporten h\u00e4r.<\/a><\/p>\n","protected":false},"excerpt":{"rendered":"<p>Institutet f\u00f6r m\u00e4nskliga r\u00e4ttigheter har unders\u00f6kt m\u00e4nskliga r\u00e4ttigheter f\u00f6r personer med funktionsneds\u00e4ttning. De har tittat p\u00e5 vad m\u00e4nniskor k\u00e4nner till om r\u00e4ttigheterna och om man upplever att de \u00e4r uppfyllda. Unders\u00f6kningen visar tydligt att konventionen om r\u00e4ttigheter f\u00f6r personer med funktionsneds\u00e4ttning inte \u00e4r genomf\u00f6rd i Sverige. Livsvillkoren f\u00f6r personer med funktionsneds\u00e4ttning \u00e4r inte j\u00e4mlika med<\/p>\n","protected":false},"author":7,"featured_media":25553,"comment_status":"open","ping_status":"open","sticky":false,"template":"","format":"standard","meta":{"footnotes":""},"categories":[1],"tags":[],"class_list":["post-25664","post","type-post","status-publish","format-standard","has-post-thumbnail","hentry","category-uncategorized"],"acf":[],"yoast_head":"<!-- This site is optimized with the Yoast SEO plugin v21.3 - https:\/\/yoast.com\/wordpress\/plugins\/seo\/ -->\n<title>Sverige lever inte upp till FNs konvention om m\u00e4nskliga r\u00e4ttigheter f\u00f6r personer med funktionsneds\u00e4ttning - JAG Opinion<\/title>\n<meta name=\"robots\" content=\"index, follow, max-snippet:-1, max-image-preview:large, max-video-preview:-1\" \/>\n<link rel=\"canonical\" href=\"https:\/\/jag.se\/opinion\/sverige-lever-inte-upp-till-fns-konvention-om-manskliga-rattigheter-for-personer-med-funktionsnedsattning\/\" \/>\n<meta property=\"og:locale\" content=\"sv_SE\" \/>\n<meta property=\"og:type\" content=\"article\" \/>\n<meta property=\"og:title\" content=\"Sverige lever inte upp till FNs konvention om m\u00e4nskliga r\u00e4ttigheter f\u00f6r personer med funktionsneds\u00e4ttning - JAG Opinion\" \/>\n<meta property=\"og:description\" content=\"Institutet f\u00f6r m\u00e4nskliga r\u00e4ttigheter har unders\u00f6kt m\u00e4nskliga r\u00e4ttigheter f\u00f6r personer med funktionsneds\u00e4ttning. De har tittat p\u00e5 vad m\u00e4nniskor k\u00e4nner till om r\u00e4ttigheterna och om man upplever att de \u00e4r uppfyllda. Unders\u00f6kningen visar tydligt att konventionen om r\u00e4ttigheter f\u00f6r personer med funktionsneds\u00e4ttning inte \u00e4r genomf\u00f6rd i Sverige. Livsvillkoren f\u00f6r personer med funktionsneds\u00e4ttning \u00e4r inte j\u00e4mlika med\" \/>\n<meta property=\"og:url\" content=\"https:\/\/jag.se\/opinion\/sverige-lever-inte-upp-till-fns-konvention-om-manskliga-rattigheter-for-personer-med-funktionsnedsattning\/\" \/>\n<meta property=\"og:site_name\" content=\"JAG Opinion\" \/>\n<meta property=\"article:published_time\" content=\"2024-09-13T08:19:17+00:00\" \/>\n<meta property=\"article:modified_time\" content=\"2024-09-13T08:22:02+00:00\" \/>\n<meta property=\"og:image\" content=\"https:\/\/jag.se\/opinion\/wp-content\/uploads\/sites\/3\/2016\/05\/9785fbbf26f88fc2_org-9.jpg\" \/>\n\t<meta property=\"og:image:width\" content=\"960\" \/>\n\t<meta property=\"og:image:height\" content=\"540\" \/>\n\t<meta property=\"og:image:type\" content=\"image\/jpeg\" \/>\n<meta name=\"author\" content=\"Kerstin Sellin\" \/>\n<meta name=\"twitter:card\" content=\"summary_large_image\" \/>\n<meta name=\"twitter:label1\" content=\"Skriven av\" \/>\n\t<meta name=\"twitter:data1\" content=\"Kerstin Sellin\" \/>\n\t<meta name=\"twitter:label2\" content=\"Ber\u00e4knad l\u00e4stid\" \/>\n\t<meta name=\"twitter:data2\" content=\"1 minut\" \/>\n<script type=\"application\/ld+json\" class=\"yoast-schema-graph\">{\"@context\":\"https:\/\/schema.org\",\"@graph\":[{\"@type\":\"WebPage\",\"@id\":\"https:\/\/jag.se\/opinion\/sverige-lever-inte-upp-till-fns-konvention-om-manskliga-rattigheter-for-personer-med-funktionsnedsattning\/\",\"url\":\"https:\/\/jag.se\/opinion\/sverige-lever-inte-upp-till-fns-konvention-om-manskliga-rattigheter-for-personer-med-funktionsnedsattning\/\",\"name\":\"Sverige lever inte upp till FNs konvention om m\u00e4nskliga r\u00e4ttigheter f\u00f6r personer med funktionsneds\u00e4ttning - JAG Opinion\",\"isPartOf\":{\"@id\":\"https:\/\/jag.se\/opinion\/#website\"},\"datePublished\":\"2024-09-13T08:19:17+00:00\",\"dateModified\":\"2024-09-13T08:22:02+00:00\",\"author\":{\"@id\":\"https:\/\/jag.se\/opinion\/#\/schema\/person\/5b968ceec568a6aae87bd2b04b5d995b\"},\"breadcrumb\":{\"@id\":\"https:\/\/jag.se\/opinion\/sverige-lever-inte-upp-till-fns-konvention-om-manskliga-rattigheter-for-personer-med-funktionsnedsattning\/#breadcrumb\"},\"inLanguage\":\"sv-SE\",\"potentialAction\":[{\"@type\":\"ReadAction\",\"target\":[\"https:\/\/jag.se\/opinion\/sverige-lever-inte-upp-till-fns-konvention-om-manskliga-rattigheter-for-personer-med-funktionsnedsattning\/\"]}]},{\"@type\":\"BreadcrumbList\",\"@id\":\"https:\/\/jag.se\/opinion\/sverige-lever-inte-upp-till-fns-konvention-om-manskliga-rattigheter-for-personer-med-funktionsnedsattning\/#breadcrumb\",\"itemListElement\":[{\"@type\":\"ListItem\",\"position\":1,\"name\":\"JAG start\",\"item\":\"https:\/\/jag.se\"},{\"@type\":\"ListItem\",\"position\":2,\"name\":\"Riksf\u00f6reningen JAG\",\"item\":\"https:\/\/jag.se\/opinion\/\"},{\"@type\":\"ListItem\",\"position\":3,\"name\":\"Sverige lever inte upp till FNs konvention om m\u00e4nskliga r\u00e4ttigheter f\u00f6r personer med funktionsneds\u00e4ttning\"}]},{\"@type\":\"WebSite\",\"@id\":\"https:\/\/jag.se\/opinion\/#website\",\"url\":\"https:\/\/jag.se\/opinion\/\",\"name\":\"JAG Opinion\",\"description\":\"\",\"potentialAction\":[{\"@type\":\"SearchAction\",\"target\":{\"@type\":\"EntryPoint\",\"urlTemplate\":\"https:\/\/jag.se\/opinion\/?s={search_term_string}\"},\"query-input\":\"required name=search_term_string\"}],\"inLanguage\":\"sv-SE\"},{\"@type\":\"Person\",\"@id\":\"https:\/\/jag.se\/opinion\/#\/schema\/person\/5b968ceec568a6aae87bd2b04b5d995b\",\"name\":\"Kerstin Sellin\",\"image\":{\"@type\":\"ImageObject\",\"inLanguage\":\"sv-SE\",\"@id\":\"https:\/\/jag.se\/opinion\/#\/schema\/person\/image\/\",\"url\":\"https:\/\/secure.gravatar.com\/avatar\/8186ebe5b7809ff59c7d59f361424f7bbdb039cd25b26fa93e861f6ee8e199b6?s=96&d=mm&r=g\",\"contentUrl\":\"https:\/\/secure.gravatar.com\/avatar\/8186ebe5b7809ff59c7d59f361424f7bbdb039cd25b26fa93e861f6ee8e199b6?s=96&d=mm&r=g\",\"caption\":\"Kerstin Sellin\"}}]}<\/script>\n<!-- \/ Yoast SEO plugin. -->","yoast_head_json":{"title":"Sverige lever inte upp till FNs konvention om m\u00e4nskliga r\u00e4ttigheter f\u00f6r personer med funktionsneds\u00e4ttning - JAG Opinion","robots":{"index":"index","follow":"follow","max-snippet":"max-snippet:-1","max-image-preview":"max-image-preview:large","max-video-preview":"max-video-preview:-1"},"canonical":"https:\/\/jag.se\/opinion\/sverige-lever-inte-upp-till-fns-konvention-om-manskliga-rattigheter-for-personer-med-funktionsnedsattning\/","og_locale":"sv_SE","og_type":"article","og_title":"Sverige lever inte upp till FNs konvention om m\u00e4nskliga r\u00e4ttigheter f\u00f6r personer med funktionsneds\u00e4ttning - JAG Opinion","og_description":"Institutet f\u00f6r m\u00e4nskliga r\u00e4ttigheter har unders\u00f6kt m\u00e4nskliga r\u00e4ttigheter f\u00f6r personer med funktionsneds\u00e4ttning. De har tittat p\u00e5 vad m\u00e4nniskor k\u00e4nner till om r\u00e4ttigheterna och om man upplever att de \u00e4r uppfyllda. Unders\u00f6kningen visar tydligt att konventionen om r\u00e4ttigheter f\u00f6r personer med funktionsneds\u00e4ttning inte \u00e4r genomf\u00f6rd i Sverige. Livsvillkoren f\u00f6r personer med funktionsneds\u00e4ttning \u00e4r inte j\u00e4mlika med","og_url":"https:\/\/jag.se\/opinion\/sverige-lever-inte-upp-till-fns-konvention-om-manskliga-rattigheter-for-personer-med-funktionsnedsattning\/","og_site_name":"JAG Opinion","article_published_time":"2024-09-13T08:19:17+00:00","article_modified_time":"2024-09-13T08:22:02+00:00","og_image":[{"width":960,"height":540,"url":"https:\/\/jag.se\/opinion\/wp-content\/uploads\/sites\/3\/2016\/05\/9785fbbf26f88fc2_org-9.jpg","type":"image\/jpeg"}],"author":"Kerstin Sellin","twitter_card":"summary_large_image","twitter_misc":{"Skriven av":"Kerstin Sellin","Ber\u00e4knad l\u00e4stid":"1 minut"},"schema":{"@context":"https:\/\/schema.org","@graph":[{"@type":"WebPage","@id":"https:\/\/jag.se\/opinion\/sverige-lever-inte-upp-till-fns-konvention-om-manskliga-rattigheter-for-personer-med-funktionsnedsattning\/","url":"https:\/\/jag.se\/opinion\/sverige-lever-inte-upp-till-fns-konvention-om-manskliga-rattigheter-for-personer-med-funktionsnedsattning\/","name":"Sverige lever inte upp till FNs konvention om m\u00e4nskliga r\u00e4ttigheter f\u00f6r personer med funktionsneds\u00e4ttning - JAG Opinion","isPartOf":{"@id":"https:\/\/jag.se\/opinion\/#website"},"datePublished":"2024-09-13T08:19:17+00:00","dateModified":"2024-09-13T08:22:02+00:00","author":{"@id":"https:\/\/jag.se\/opinion\/#\/schema\/person\/5b968ceec568a6aae87bd2b04b5d995b"},"breadcrumb":{"@id":"https:\/\/jag.se\/opinion\/sverige-lever-inte-upp-till-fns-konvention-om-manskliga-rattigheter-for-personer-med-funktionsnedsattning\/#breadcrumb"},"inLanguage":"sv-SE","potentialAction":[{"@type":"ReadAction","target":["https:\/\/jag.se\/opinion\/sverige-lever-inte-upp-till-fns-konvention-om-manskliga-rattigheter-for-personer-med-funktionsnedsattning\/"]}]},{"@type":"BreadcrumbList","@id":"https:\/\/jag.se\/opinion\/sverige-lever-inte-upp-till-fns-konvention-om-manskliga-rattigheter-for-personer-med-funktionsnedsattning\/#breadcrumb","itemListElement":[{"@type":"ListItem","position":1,"name":"JAG start","item":"https:\/\/jag.se"},{"@type":"ListItem","position":2,"name":"Riksf\u00f6reningen JAG","item":"https:\/\/jag.se\/opinion\/"},{"@type":"ListItem","position":3,"name":"Sverige lever inte upp till FNs konvention om m\u00e4nskliga r\u00e4ttigheter f\u00f6r personer med funktionsneds\u00e4ttning"}]},{"@type":"WebSite","@id":"https:\/\/jag.se\/opinion\/#website","url":"https:\/\/jag.se\/opinion\/","name":"JAG Opinion","description":"","potentialAction":[{"@type":"SearchAction","target":{"@type":"EntryPoint","urlTemplate":"https:\/\/jag.se\/opinion\/?s={search_term_string}"},"query-input":"required name=search_term_string"}],"inLanguage":"sv-SE"},{"@type":"Person","@id":"https:\/\/jag.se\/opinion\/#\/schema\/person\/5b968ceec568a6aae87bd2b04b5d995b","name":"Kerstin Sellin","image":{"@type":"ImageObject","inLanguage":"sv-SE","@id":"https:\/\/jag.se\/opinion\/#\/schema\/person\/image\/","url":"https:\/\/secure.gravatar.com\/avatar\/8186ebe5b7809ff59c7d59f361424f7bbdb039cd25b26fa93e861f6ee8e199b6?s=96&d=mm&r=g","contentUrl":"https:\/\/secure.gravatar.com\/avatar\/8186ebe5b7809ff59c7d59f361424f7bbdb039cd25b26fa93e861f6ee8e199b6?s=96&d=mm&r=g","caption":"Kerstin Sellin"}}]}},"_links":{"self":[{"href":"https:\/\/jag.se\/opinion\/wp-json\/wp\/v2\/posts\/25664","targetHints":{"allow":["GET"]}}],"collection":[{"href":"https:\/\/jag.se\/opinion\/wp-json\/wp\/v2\/posts"}],"about":[{"href":"https:\/\/jag.se\/opinion\/wp-json\/wp\/v2\/types\/post"}],"author":[{"embeddable":true,"href":"https:\/\/jag.se\/opinion\/wp-json\/wp\/v2\/users\/7"}],"replies":[{"embeddable":true,"href":"https:\/\/jag.se\/opinion\/wp-json\/wp\/v2\/comments?post=25664"}],"version-history":[{"count":2,"href":"https:\/\/jag.se\/opinion\/wp-json\/wp\/v2\/posts\/25664\/revisions"}],"predecessor-version":[{"id":25667,"href":"https:\/\/jag.se\/opinion\/wp-json\/wp\/v2\/posts\/25664\/revisions\/25667"}],"wp:featuredmedia":[{"embeddable":true,"href":"https:\/\/jag.se\/opinion\/wp-json\/wp\/v2\/media\/25553"}],"wp:attachment":[{"href":"https:\/\/jag.se\/opinion\/wp-json\/wp\/v2\/media?parent=25664"}],"wp:term":[{"taxonomy":"category","embeddable":true,"href":"https:\/\/jag.se\/opinion\/wp-json\/wp\/v2\/categories?post=25664"},{"taxonomy":"post_tag","embeddable":true,"href":"https:\/\/jag.se\/opinion\/wp-json\/wp\/v2\/tags?post=25664"}],"curies":[{"name":"wp","href":"https:\/\/api.w.org\/{rel}","templated":true}]}}