{"id":25675,"date":"2024-09-18T12:22:03","date_gmt":"2024-09-18T12:22:03","guid":{"rendered":"https:\/\/jag.se\/opinion\/?p=25675"},"modified":"2024-09-18T12:22:08","modified_gmt":"2024-09-18T12:22:08","slug":"regeringen-har-lyssnat-pa-oss-och-indexerar-assistansersattningen","status":"publish","type":"post","link":"https:\/\/jag.se\/opinion\/regeringen-har-lyssnat-pa-oss-och-indexerar-assistansersattningen\/","title":{"rendered":"Regeringen har lyssnat p\u00e5 oss och indexerar assistansers\u00e4ttningen"},"content":{"rendered":"<section class=\"text-block white  \">\n    <div class=\"block-icon\"><\/div>\n\t<div class=\"inner\">\n\t\t<div class=\"text-block-content\">\n\t\t\t\t<p><strong>Regeringen har presenterat statens budget f\u00f6r 2025 och Riksf\u00f6reningen JAG v\u00e4lkomnar regeringens initiativ till att indexera assistansers\u00e4ttningen. Det ger en efterl\u00e4ngtad f\u00f6ruts\u00e4gbarhet f\u00f6r den personliga assistansen. Dessutom h\u00f6js assistansers\u00e4ttningen med 3 procent. Ett steg i r\u00e4tt riktning men tyv\u00e4rr inte tillr\u00e4ckligt. F\u00f6r\u00e4ldraavdraget halveras men det verkliga problemet \u00e4r F\u00f6rs\u00e4kringskassans lagtolkning.<\/strong><\/p>\n<p>\u2013 Det \u00e4r en stor l\u00e4ttnad att regeringen lyssnat p\u00e5 Sveriges funktionsr\u00e4ttsorganisationer, s\u00e4ger Magnus And\u00e9n, ordf\u00f6rande i Riksf\u00f6reningen JAG, genom god man, Cecilia Blanck.<\/p>\n<p>Med en indexering kommer det finnas en s\u00e4kerhet i vad pengen kommer r\u00e4cka till och nu \u00e5terst\u00e5r att se hur och n\u00e4r en indexering tr\u00e4der i kraft. Och till vilket l\u00f6negrundande index som ers\u00e4ttningen kommer kopplas.<\/p>\n<p>En h\u00f6jning av assistansers\u00e4ttningen med 3 procent \u00e4r ett steg i r\u00e4tt riktning. Tyv\u00e4rr \u00e4r det fortfarande l\u00e5ngt kvar till en rimlig niv\u00e5 f\u00f6r att ligga i fas med l\u00f6ne\u00f6kningar och inflation. Pengen r\u00e4cker inte till f\u00f6r allt som beh\u00f6vs f\u00f6r en s\u00e4ker och kvalitativ assistans.<\/p>\n<p>Regeringen halverar ocks\u00e5 f\u00f6r\u00e4ldraavdraget, som en reaktion p\u00e5 kritiken mot effekterna av reformen St\u00e4rkt assistans. Riksf\u00f6reningen JAG ser inte att \u00e5tg\u00e4rden \u00e4r tillr\u00e4cklig, och efterlyser fler initiativ f\u00f6r att s\u00e4kra r\u00e4tten till personlig assistans f\u00f6r barn.<\/p>\n<p>V\u00e5r f\u00f6rhoppning st\u00e5r till att regeringen ser \u00f6ver lag\u00e4ndringen St\u00e4rkt r\u00e4tt till assistans. Tid\u00f6partierna pekar sj\u00e4lva p\u00e5 att lag\u00e4ndringen inte fick det genomslag som var t\u00e4nkt och att det \u00e4r F\u00f6rs\u00e4kringskassans tolkning av lag\u00e4ndringen som st\u00e4ller till problem.<\/p>\n<p><a href=\"https:\/\/news.cision.com\/se\/jag-personlig-assistans\/r\/regeringen-har-lyssnat-pa-oss-och-indexerar-assistansersattningen,c4039278\">Klicka h\u00e4r f\u00f6r att l\u00e4sa pressmeddelandet fr\u00e5n Riksf\u00f6reningen JAG i sin helhet.<\/a><\/p>\n<p>&nbsp;<\/p>\n\t\t<\/div>\n<\/section>\n","protected":false},"excerpt":{"rendered":"","protected":false},"author":9,"featured_media":25676,"comment_status":"open","ping_status":"open","sticky":false,"template":"","format":"standard","meta":{"footnotes":""},"categories":[1],"tags":[],"class_list":["post-25675","post","type-post","status-publish","format-standard","has-post-thumbnail","hentry","category-uncategorized"],"acf":[],"yoast_head":"<!-- This site is optimized with the Yoast SEO plugin v21.3 - https:\/\/yoast.com\/wordpress\/plugins\/seo\/ -->\n<title>Regeringen har lyssnat p\u00e5 oss och indexerar assistansers\u00e4ttningen - JAG Opinion<\/title>\n<meta name=\"robots\" content=\"index, follow, max-snippet:-1, max-image-preview:large, max-video-preview:-1\" \/>\n<link rel=\"canonical\" href=\"https:\/\/jag.se\/opinion\/regeringen-har-lyssnat-pa-oss-och-indexerar-assistansersattningen\/\" \/>\n<meta property=\"og:locale\" content=\"sv_SE\" \/>\n<meta property=\"og:type\" content=\"article\" \/>\n<meta property=\"og:title\" content=\"Regeringen har lyssnat p\u00e5 oss och indexerar assistansers\u00e4ttningen - JAG Opinion\" \/>\n<meta property=\"og:url\" content=\"https:\/\/jag.se\/opinion\/regeringen-har-lyssnat-pa-oss-och-indexerar-assistansersattningen\/\" \/>\n<meta property=\"og:site_name\" content=\"JAG Opinion\" \/>\n<meta property=\"article:published_time\" content=\"2024-09-18T12:22:03+00:00\" \/>\n<meta property=\"article:modified_time\" content=\"2024-09-18T12:22:08+00:00\" \/>\n<meta property=\"og:image\" content=\"https:\/\/jag.se\/opinion\/wp-content\/uploads\/sites\/3\/2024\/09\/JAG_Visby_2024-scaled.jpg\" \/>\n\t<meta property=\"og:image:width\" content=\"2560\" \/>\n\t<meta property=\"og:image:height\" content=\"1657\" \/>\n\t<meta property=\"og:image:type\" content=\"image\/jpeg\" \/>\n<meta name=\"author\" content=\"Asa Emtelin\" \/>\n<meta name=\"twitter:card\" content=\"summary_large_image\" \/>\n<meta name=\"twitter:label1\" content=\"Skriven av\" \/>\n\t<meta name=\"twitter:data1\" content=\"Asa Emtelin\" \/>\n<script type=\"application\/ld+json\" class=\"yoast-schema-graph\">{\"@context\":\"https:\/\/schema.org\",\"@graph\":[{\"@type\":\"WebPage\",\"@id\":\"https:\/\/jag.se\/opinion\/regeringen-har-lyssnat-pa-oss-och-indexerar-assistansersattningen\/\",\"url\":\"https:\/\/jag.se\/opinion\/regeringen-har-lyssnat-pa-oss-och-indexerar-assistansersattningen\/\",\"name\":\"Regeringen har lyssnat p\u00e5 oss och indexerar assistansers\u00e4ttningen - JAG Opinion\",\"isPartOf\":{\"@id\":\"https:\/\/jag.se\/opinion\/#website\"},\"datePublished\":\"2024-09-18T12:22:03+00:00\",\"dateModified\":\"2024-09-18T12:22:08+00:00\",\"author\":{\"@id\":\"https:\/\/jag.se\/opinion\/#\/schema\/person\/4cde5b355d0fc01b846bac45df068e22\"},\"breadcrumb\":{\"@id\":\"https:\/\/jag.se\/opinion\/regeringen-har-lyssnat-pa-oss-och-indexerar-assistansersattningen\/#breadcrumb\"},\"inLanguage\":\"sv-SE\",\"potentialAction\":[{\"@type\":\"ReadAction\",\"target\":[\"https:\/\/jag.se\/opinion\/regeringen-har-lyssnat-pa-oss-och-indexerar-assistansersattningen\/\"]}]},{\"@type\":\"BreadcrumbList\",\"@id\":\"https:\/\/jag.se\/opinion\/regeringen-har-lyssnat-pa-oss-och-indexerar-assistansersattningen\/#breadcrumb\",\"itemListElement\":[{\"@type\":\"ListItem\",\"position\":1,\"name\":\"JAG start\",\"item\":\"https:\/\/jag.se\"},{\"@type\":\"ListItem\",\"position\":2,\"name\":\"Riksf\u00f6reningen JAG\",\"item\":\"https:\/\/jag.se\/opinion\/\"},{\"@type\":\"ListItem\",\"position\":3,\"name\":\"Regeringen har lyssnat p\u00e5 oss och indexerar assistansers\u00e4ttningen\"}]},{\"@type\":\"WebSite\",\"@id\":\"https:\/\/jag.se\/opinion\/#website\",\"url\":\"https:\/\/jag.se\/opinion\/\",\"name\":\"JAG Opinion\",\"description\":\"\",\"potentialAction\":[{\"@type\":\"SearchAction\",\"target\":{\"@type\":\"EntryPoint\",\"urlTemplate\":\"https:\/\/jag.se\/opinion\/?s={search_term_string}\"},\"query-input\":\"required name=search_term_string\"}],\"inLanguage\":\"sv-SE\"},{\"@type\":\"Person\",\"@id\":\"https:\/\/jag.se\/opinion\/#\/schema\/person\/4cde5b355d0fc01b846bac45df068e22\",\"name\":\"Asa Emtelin\",\"image\":{\"@type\":\"ImageObject\",\"inLanguage\":\"sv-SE\",\"@id\":\"https:\/\/jag.se\/opinion\/#\/schema\/person\/image\/\",\"url\":\"https:\/\/secure.gravatar.com\/avatar\/73fad270be25e2762b83219f26f69b57ac5c8122d333e45e7cdce054f17f3ce3?s=96&d=mm&r=g\",\"contentUrl\":\"https:\/\/secure.gravatar.com\/avatar\/73fad270be25e2762b83219f26f69b57ac5c8122d333e45e7cdce054f17f3ce3?s=96&d=mm&r=g\",\"caption\":\"Asa Emtelin\"}}]}<\/script>\n<!-- \/ Yoast SEO plugin. -->","yoast_head_json":{"title":"Regeringen har lyssnat p\u00e5 oss och indexerar assistansers\u00e4ttningen - JAG Opinion","robots":{"index":"index","follow":"follow","max-snippet":"max-snippet:-1","max-image-preview":"max-image-preview:large","max-video-preview":"max-video-preview:-1"},"canonical":"https:\/\/jag.se\/opinion\/regeringen-har-lyssnat-pa-oss-och-indexerar-assistansersattningen\/","og_locale":"sv_SE","og_type":"article","og_title":"Regeringen har lyssnat p\u00e5 oss och indexerar assistansers\u00e4ttningen - JAG Opinion","og_url":"https:\/\/jag.se\/opinion\/regeringen-har-lyssnat-pa-oss-och-indexerar-assistansersattningen\/","og_site_name":"JAG Opinion","article_published_time":"2024-09-18T12:22:03+00:00","article_modified_time":"2024-09-18T12:22:08+00:00","og_image":[{"width":2560,"height":1657,"url":"https:\/\/jag.se\/opinion\/wp-content\/uploads\/sites\/3\/2024\/09\/JAG_Visby_2024-scaled.jpg","type":"image\/jpeg"}],"author":"Asa Emtelin","twitter_card":"summary_large_image","twitter_misc":{"Skriven av":"Asa Emtelin"},"schema":{"@context":"https:\/\/schema.org","@graph":[{"@type":"WebPage","@id":"https:\/\/jag.se\/opinion\/regeringen-har-lyssnat-pa-oss-och-indexerar-assistansersattningen\/","url":"https:\/\/jag.se\/opinion\/regeringen-har-lyssnat-pa-oss-och-indexerar-assistansersattningen\/","name":"Regeringen har lyssnat p\u00e5 oss och indexerar assistansers\u00e4ttningen - JAG Opinion","isPartOf":{"@id":"https:\/\/jag.se\/opinion\/#website"},"datePublished":"2024-09-18T12:22:03+00:00","dateModified":"2024-09-18T12:22:08+00:00","author":{"@id":"https:\/\/jag.se\/opinion\/#\/schema\/person\/4cde5b355d0fc01b846bac45df068e22"},"breadcrumb":{"@id":"https:\/\/jag.se\/opinion\/regeringen-har-lyssnat-pa-oss-och-indexerar-assistansersattningen\/#breadcrumb"},"inLanguage":"sv-SE","potentialAction":[{"@type":"ReadAction","target":["https:\/\/jag.se\/opinion\/regeringen-har-lyssnat-pa-oss-och-indexerar-assistansersattningen\/"]}]},{"@type":"BreadcrumbList","@id":"https:\/\/jag.se\/opinion\/regeringen-har-lyssnat-pa-oss-och-indexerar-assistansersattningen\/#breadcrumb","itemListElement":[{"@type":"ListItem","position":1,"name":"JAG start","item":"https:\/\/jag.se"},{"@type":"ListItem","position":2,"name":"Riksf\u00f6reningen JAG","item":"https:\/\/jag.se\/opinion\/"},{"@type":"ListItem","position":3,"name":"Regeringen har lyssnat p\u00e5 oss och indexerar assistansers\u00e4ttningen"}]},{"@type":"WebSite","@id":"https:\/\/jag.se\/opinion\/#website","url":"https:\/\/jag.se\/opinion\/","name":"JAG Opinion","description":"","potentialAction":[{"@type":"SearchAction","target":{"@type":"EntryPoint","urlTemplate":"https:\/\/jag.se\/opinion\/?s={search_term_string}"},"query-input":"required name=search_term_string"}],"inLanguage":"sv-SE"},{"@type":"Person","@id":"https:\/\/jag.se\/opinion\/#\/schema\/person\/4cde5b355d0fc01b846bac45df068e22","name":"Asa Emtelin","image":{"@type":"ImageObject","inLanguage":"sv-SE","@id":"https:\/\/jag.se\/opinion\/#\/schema\/person\/image\/","url":"https:\/\/secure.gravatar.com\/avatar\/73fad270be25e2762b83219f26f69b57ac5c8122d333e45e7cdce054f17f3ce3?s=96&d=mm&r=g","contentUrl":"https:\/\/secure.gravatar.com\/avatar\/73fad270be25e2762b83219f26f69b57ac5c8122d333e45e7cdce054f17f3ce3?s=96&d=mm&r=g","caption":"Asa Emtelin"}}]}},"_links":{"self":[{"href":"https:\/\/jag.se\/opinion\/wp-json\/wp\/v2\/posts\/25675","targetHints":{"allow":["GET"]}}],"collection":[{"href":"https:\/\/jag.se\/opinion\/wp-json\/wp\/v2\/posts"}],"about":[{"href":"https:\/\/jag.se\/opinion\/wp-json\/wp\/v2\/types\/post"}],"author":[{"embeddable":true,"href":"https:\/\/jag.se\/opinion\/wp-json\/wp\/v2\/users\/9"}],"replies":[{"embeddable":true,"href":"https:\/\/jag.se\/opinion\/wp-json\/wp\/v2\/comments?post=25675"}],"version-history":[{"count":4,"href":"https:\/\/jag.se\/opinion\/wp-json\/wp\/v2\/posts\/25675\/revisions"}],"predecessor-version":[{"id":25682,"href":"https:\/\/jag.se\/opinion\/wp-json\/wp\/v2\/posts\/25675\/revisions\/25682"}],"wp:featuredmedia":[{"embeddable":true,"href":"https:\/\/jag.se\/opinion\/wp-json\/wp\/v2\/media\/25676"}],"wp:attachment":[{"href":"https:\/\/jag.se\/opinion\/wp-json\/wp\/v2\/media?parent=25675"}],"wp:term":[{"taxonomy":"category","embeddable":true,"href":"https:\/\/jag.se\/opinion\/wp-json\/wp\/v2\/categories?post=25675"},{"taxonomy":"post_tag","embeddable":true,"href":"https:\/\/jag.se\/opinion\/wp-json\/wp\/v2\/tags?post=25675"}],"curies":[{"name":"wp","href":"https:\/\/api.w.org\/{rel}","templated":true}]}}