{"id":25791,"date":"2024-12-19T12:42:55","date_gmt":"2024-12-19T12:42:55","guid":{"rendered":"https:\/\/jag.se\/opinion\/?p=25791"},"modified":"2024-12-19T12:42:57","modified_gmt":"2024-12-19T12:42:57","slug":"riksforeningen-jags-samarbete-med-elisabeth-ohlson-fotokonst-och-aktivism","status":"publish","type":"post","link":"https:\/\/jag.se\/opinion\/riksforeningen-jags-samarbete-med-elisabeth-ohlson-fotokonst-och-aktivism\/","title":{"rendered":"Riksf\u00f6reningen JAGs samarbete med Elisabeth Ohlson \u2013 fotokonst och aktivism"},"content":{"rendered":"<section class=\"text-block white  \">\n    <div class=\"block-icon\"><\/div>\n\t<div class=\"inner\">\n\t\t<div class=\"text-block-content\">\n\t\t\t\t\t\t<\/div>\n<\/section>\n\n\n<section class=\"text-block ocean  \">\n    <div class=\"block-icon\"><\/div>\n\t<div class=\"inner\">\n\t\t<div class=\"text-block-content\">\n\t\t\t\t<p>Konstn\u00e4ren och fotografen Elisabeth Ohlson, som gick bort f\u00f6r en tid sedan, samarbetade med Riksf\u00f6reningen JAG i flera fotoprojekt och utst\u00e4llningar.<\/p>\n\t\t<\/div>\n<\/section>\n\n\n<div class=\"wp-block-image\">\n<figure class=\"aligncenter size-large is-resized\"><img decoding=\"async\" src=\"https:\/\/jag.se\/opinion\/wp-content\/uploads\/sites\/3\/2024\/11\/IMG_2506-1024x768.jpg\" alt=\"\" class=\"wp-image-25797\" style=\"width:441px;height:auto\"\/><\/figure>\n<\/div>\n\n<section class=\"text-block white  \">\n    <div class=\"block-icon\"><\/div>\n\t<div class=\"inner\">\n\t\t<div class=\"text-block-content\">\n\t\t\t\t<p>F\u00f6rsta m\u00f6tet med medlemmarna i Riksf\u00f6reningen JAG var 2009 d\u00e5 Elisabeth anlitades i en kampanj f\u00f6r Civil Rights Defenders (d\u00e5varande Svenska Helsingforskommitt\u00e9n). Bilderna som togs d\u00e5 trycktes bland annat upp p\u00e5 en stor matta, som senare visades upp p\u00e5 en rikst\u00e4ckande turn\u00e9. Det blev b\u00f6rjan p\u00e5 en rad betydelsefulla fotografier med JAG-medlemmar.<\/p>\n<p>2011 arbetade Elisabeth med konstprojektet \u201cHetero &amp; Etno Norm\u201d som bland annat visades f\u00f6r tusentals svenska gymnasieelever. Bland annat ingick en bild med Stefan Nilsson i en iscensatt k\u00e4rleksscen. Bilden v\u00e4ckte m\u00e5nga \u00e5sikter och ans\u00e5gs b\u00e5de modig och normbrytande.<\/p>\n\t\t<\/div>\n<\/section>\n\n\n<div class=\"wp-block-image\">\n<figure class=\"aligncenter size-full is-resized\"><img loading=\"lazy\" decoding=\"async\" width=\"394\" height=\"362\" src=\"https:\/\/jag.se\/opinion\/wp-content\/uploads\/sites\/3\/2024\/11\/DSC_0047_besk.jpg\" alt=\"\" class=\"wp-image-25810\" style=\"width:442px;height:auto\" srcset=\"https:\/\/jag.se\/opinion\/wp-content\/uploads\/sites\/3\/2024\/11\/DSC_0047_besk.jpg 394w, https:\/\/jag.se\/opinion\/wp-content\/uploads\/sites\/3\/2024\/11\/DSC_0047_besk-300x276.jpg 300w, https:\/\/jag.se\/opinion\/wp-content\/uploads\/sites\/3\/2024\/11\/DSC_0047_besk-109x100.jpg 109w, https:\/\/jag.se\/opinion\/wp-content\/uploads\/sites\/3\/2024\/11\/DSC_0047_besk-120x110.jpg 120w, https:\/\/jag.se\/opinion\/wp-content\/uploads\/sites\/3\/2024\/11\/DSC_0047_besk-150x138.jpg 150w, https:\/\/jag.se\/opinion\/wp-content\/uploads\/sites\/3\/2024\/11\/DSC_0047_besk-311x286.jpg 311w, https:\/\/jag.se\/opinion\/wp-content\/uploads\/sites\/3\/2024\/11\/DSC_0047_besk-369x339.jpg 369w, https:\/\/jag.se\/opinion\/wp-content\/uploads\/sites\/3\/2024\/11\/DSC_0047_besk-374x344.jpg 374w, https:\/\/jag.se\/opinion\/wp-content\/uploads\/sites\/3\/2024\/11\/DSC_0047_besk-54x50.jpg 54w\" sizes=\"auto, (max-width: 394px) 100vw, 394px\" \/><\/figure>\n<\/div>\n\n<section class=\"text-block white  \">\n    <div class=\"block-icon\"><\/div>\n\t<div class=\"inner\">\n\t\t<div class=\"text-block-content\">\n\t\t\t\t<p>\u00c5ret d\u00e4rp\u00e5 f\u00f6ddes id\u00e9n till en serie historiska portr\u00e4tt, \u201cPortr\u00e4tten som aldrig blev m\u00e5lade\u201d. Elisabeth Ohlson fotograferade JAG-medlemmar i kunglig hovmilj\u00f6 fr\u00e5n 1600-talet.<\/p>\n<p>Det blev totalt fem fotografier som under 2014 f\u00f6rst st\u00e4lldes ut p\u00e5 Kulturhuset i Stockholm och sedan p\u00e5 Arboga museum. I Arboga bj\u00f6ds bland annat skolklasser in och det h\u00f6lls f\u00f6rel\u00e4sningar d\u00e4r Elisabeth Ohlson och JAG-medlemmar deltog.<\/p>\n\t\t<\/div>\n<\/section>\n\n\n<div class=\"wp-block-image\">\n<figure class=\"aligncenter size-full\"><img loading=\"lazy\" decoding=\"async\" width=\"551\" height=\"355\" src=\"https:\/\/jag.se\/opinion\/wp-content\/uploads\/sites\/3\/2024\/11\/Harald_Magnus_besk.jpg\" alt=\"\" class=\"wp-image-25818\" srcset=\"https:\/\/jag.se\/opinion\/wp-content\/uploads\/sites\/3\/2024\/11\/Harald_Magnus_besk.jpg 551w, https:\/\/jag.se\/opinion\/wp-content\/uploads\/sites\/3\/2024\/11\/Harald_Magnus_besk-300x193.jpg 300w, https:\/\/jag.se\/opinion\/wp-content\/uploads\/sites\/3\/2024\/11\/Harald_Magnus_besk-155x100.jpg 155w, https:\/\/jag.se\/opinion\/wp-content\/uploads\/sites\/3\/2024\/11\/Harald_Magnus_besk-120x77.jpg 120w, https:\/\/jag.se\/opinion\/wp-content\/uploads\/sites\/3\/2024\/11\/Harald_Magnus_besk-540x348.jpg 540w, https:\/\/jag.se\/opinion\/wp-content\/uploads\/sites\/3\/2024\/11\/Harald_Magnus_besk-150x97.jpg 150w, https:\/\/jag.se\/opinion\/wp-content\/uploads\/sites\/3\/2024\/11\/Harald_Magnus_besk-311x200.jpg 311w, https:\/\/jag.se\/opinion\/wp-content\/uploads\/sites\/3\/2024\/11\/Harald_Magnus_besk-369x238.jpg 369w, https:\/\/jag.se\/opinion\/wp-content\/uploads\/sites\/3\/2024\/11\/Harald_Magnus_besk-374x241.jpg 374w, https:\/\/jag.se\/opinion\/wp-content\/uploads\/sites\/3\/2024\/11\/Harald_Magnus_besk-78x50.jpg 78w\" sizes=\"auto, (max-width: 551px) 100vw, 551px\" \/><\/figure>\n<\/div>\n\n<section class=\"text-block white  \">\n    <div class=\"block-icon\"><\/div>\n\t<div class=\"inner\">\n\t\t<div class=\"text-block-content\">\n\t\t\t\t\t\t<\/div>\n<\/section>\n\n\n<div class=\"wp-block-image\">\n<figure class=\"aligncenter size-full is-resized\"><img loading=\"lazy\" decoding=\"async\" width=\"537\" height=\"553\" src=\"https:\/\/jag.se\/opinion\/wp-content\/uploads\/sites\/3\/2024\/11\/IMG_3167_besk_low.jpg\" alt=\"\" class=\"wp-image-25833\" style=\"width:453px;height:auto\" srcset=\"https:\/\/jag.se\/opinion\/wp-content\/uploads\/sites\/3\/2024\/11\/IMG_3167_besk_low.jpg 537w, https:\/\/jag.se\/opinion\/wp-content\/uploads\/sites\/3\/2024\/11\/IMG_3167_besk_low-291x300.jpg 291w, https:\/\/jag.se\/opinion\/wp-content\/uploads\/sites\/3\/2024\/11\/IMG_3167_besk_low-97x100.jpg 97w, https:\/\/jag.se\/opinion\/wp-content\/uploads\/sites\/3\/2024\/11\/IMG_3167_besk_low-120x124.jpg 120w, https:\/\/jag.se\/opinion\/wp-content\/uploads\/sites\/3\/2024\/11\/IMG_3167_besk_low-38x38.jpg 38w, https:\/\/jag.se\/opinion\/wp-content\/uploads\/sites\/3\/2024\/11\/IMG_3167_besk_low-146x150.jpg 146w, https:\/\/jag.se\/opinion\/wp-content\/uploads\/sites\/3\/2024\/11\/IMG_3167_besk_low-302x311.jpg 302w, https:\/\/jag.se\/opinion\/wp-content\/uploads\/sites\/3\/2024\/11\/IMG_3167_besk_low-358x369.jpg 358w, https:\/\/jag.se\/opinion\/wp-content\/uploads\/sites\/3\/2024\/11\/IMG_3167_besk_low-363x374.jpg 363w, https:\/\/jag.se\/opinion\/wp-content\/uploads\/sites\/3\/2024\/11\/IMG_3167_besk_low-49x50.jpg 49w\" sizes=\"auto, (max-width: 537px) 100vw, 537px\" \/><\/figure>\n<\/div>\n\n<section class=\"text-block white  \">\n    <div class=\"block-icon\"><\/div>\n\t<div class=\"inner\">\n\t\t<div class=\"text-block-content\">\n\t\t\t\t<p>\u201cPortr\u00e4tten som aldrig blev m\u00e5lade\u201d har d\u00e4refter visats p\u00e5 m\u00e5nga olika platser i Sverige genom \u00e5ren.<\/p>\n<p>En av de mest minnesv\u00e4rda utst\u00e4llningarna var \u201cLika annorlunda\u201d 2016 p\u00e5 Bohusl\u00e4ns museum i Uddevalla. Elisabeth Ohlsons historiska portr\u00e4tt h\u00e4ngde tillsammans med verk av Carl Fredrik Hill och Ernst Josephson.<\/p>\n\t\t<\/div>\n<\/section>\n\n\n<div class=\"wp-block-image\">\n<figure class=\"aligncenter size-full\"><img loading=\"lazy\" decoding=\"async\" width=\"591\" height=\"393\" src=\"https:\/\/jag.se\/opinion\/wp-content\/uploads\/sites\/3\/2024\/11\/DSC_0122_low.jpg\" alt=\"\" class=\"wp-image-25840\" srcset=\"https:\/\/jag.se\/opinion\/wp-content\/uploads\/sites\/3\/2024\/11\/DSC_0122_low.jpg 591w, https:\/\/jag.se\/opinion\/wp-content\/uploads\/sites\/3\/2024\/11\/DSC_0122_low-300x199.jpg 300w, https:\/\/jag.se\/opinion\/wp-content\/uploads\/sites\/3\/2024\/11\/DSC_0122_low-150x100.jpg 150w, https:\/\/jag.se\/opinion\/wp-content\/uploads\/sites\/3\/2024\/11\/DSC_0122_low-120x80.jpg 120w, https:\/\/jag.se\/opinion\/wp-content\/uploads\/sites\/3\/2024\/11\/DSC_0122_low-540x359.jpg 540w, https:\/\/jag.se\/opinion\/wp-content\/uploads\/sites\/3\/2024\/11\/DSC_0122_low-311x207.jpg 311w, https:\/\/jag.se\/opinion\/wp-content\/uploads\/sites\/3\/2024\/11\/DSC_0122_low-369x245.jpg 369w, https:\/\/jag.se\/opinion\/wp-content\/uploads\/sites\/3\/2024\/11\/DSC_0122_low-374x249.jpg 374w, https:\/\/jag.se\/opinion\/wp-content\/uploads\/sites\/3\/2024\/11\/DSC_0122_low-419x280.jpg 419w, https:\/\/jag.se\/opinion\/wp-content\/uploads\/sites\/3\/2024\/11\/DSC_0122_low-75x50.jpg 75w\" sizes=\"auto, (max-width: 591px) 100vw, 591px\" \/><\/figure>\n<\/div>\n\n<section class=\"text-block ocean  \">\n    <div class=\"block-icon\"><\/div>\n\t<div class=\"inner\">\n\t\t<div class=\"text-block-content\">\n\t\t\t\t<p>Elisabeth Ohlson har alltid lyft fram marginaliserade personer och grupper. M\u00e5nga av hennes verk, som \u201cEcce Homo\u201d, utmanar normer och engagerar i samh\u00e4llsfr\u00e5gor.<\/p>\n<p>\u2013 Utan hennes bidrag hade ber\u00e4ttandet varit fattigare, och hon har inspirerat deltagarna p\u00e5 JAG-center att utforska social konst, s\u00e4ger Mats Lindberg, handledare p\u00e5 JAG-center.<\/p>\n\t\t<\/div>\n<\/section>\n\n\n<section class=\"text-block white  \">\n    <div class=\"block-icon\"><\/div>\n\t<div class=\"inner\">\n\t\t<div class=\"text-block-content\">\n\t\t\t\t<p>Utst\u00e4llningarna har inte bara visat konst utan ocks\u00e5 skapat kreativitet och engagemang. JAG-medlemmen Erika Behrens bes\u00f6kte Elisabeths atelj\u00e9 och bilden p\u00e5 Erika blev omslag p\u00e5 Svenska JAG-bladet.<\/p>\n\t\t<\/div>\n<\/section>\n\n\n<div class=\"wp-block-image\">\n<figure class=\"aligncenter size-full is-resized\"><img loading=\"lazy\" decoding=\"async\" width=\"394\" height=\"275\" src=\"https:\/\/jag.se\/opinion\/wp-content\/uploads\/sites\/3\/2024\/11\/Erika_omslag.jpg\" alt=\"\" class=\"wp-image-25822\" style=\"width:524px;height:auto\" srcset=\"https:\/\/jag.se\/opinion\/wp-content\/uploads\/sites\/3\/2024\/11\/Erika_omslag.jpg 394w, https:\/\/jag.se\/opinion\/wp-content\/uploads\/sites\/3\/2024\/11\/Erika_omslag-300x209.jpg 300w, https:\/\/jag.se\/opinion\/wp-content\/uploads\/sites\/3\/2024\/11\/Erika_omslag-460x320.jpg 460w, https:\/\/jag.se\/opinion\/wp-content\/uploads\/sites\/3\/2024\/11\/Erika_omslag-143x100.jpg 143w, https:\/\/jag.se\/opinion\/wp-content\/uploads\/sites\/3\/2024\/11\/Erika_omslag-120x84.jpg 120w, https:\/\/jag.se\/opinion\/wp-content\/uploads\/sites\/3\/2024\/11\/Erika_omslag-150x105.jpg 150w, https:\/\/jag.se\/opinion\/wp-content\/uploads\/sites\/3\/2024\/11\/Erika_omslag-311x217.jpg 311w, https:\/\/jag.se\/opinion\/wp-content\/uploads\/sites\/3\/2024\/11\/Erika_omslag-369x258.jpg 369w, https:\/\/jag.se\/opinion\/wp-content\/uploads\/sites\/3\/2024\/11\/Erika_omslag-374x261.jpg 374w, https:\/\/jag.se\/opinion\/wp-content\/uploads\/sites\/3\/2024\/11\/Erika_omslag-72x50.jpg 72w\" sizes=\"auto, (max-width: 394px) 100vw, 394px\" \/><\/figure>\n<\/div>","protected":false},"excerpt":{"rendered":"","protected":false},"author":9,"featured_media":25830,"comment_status":"open","ping_status":"open","sticky":false,"template":"","format":"standard","meta":{"footnotes":""},"categories":[1],"tags":[],"class_list":["post-25791","post","type-post","status-publish","format-standard","has-post-thumbnail","hentry","category-uncategorized"],"acf":[],"yoast_head":"<!-- This site is optimized with the Yoast SEO plugin v21.3 - https:\/\/yoast.com\/wordpress\/plugins\/seo\/ -->\n<title>Riksf\u00f6reningen JAGs samarbete med Elisabeth Ohlson \u2013 fotokonst och aktivism - JAG Opinion<\/title>\n<meta name=\"robots\" content=\"index, follow, max-snippet:-1, max-image-preview:large, max-video-preview:-1\" \/>\n<link rel=\"canonical\" href=\"https:\/\/jag.se\/opinion\/riksforeningen-jags-samarbete-med-elisabeth-ohlson-fotokonst-och-aktivism\/\" \/>\n<meta property=\"og:locale\" content=\"sv_SE\" \/>\n<meta property=\"og:type\" content=\"article\" \/>\n<meta property=\"og:title\" content=\"Riksf\u00f6reningen JAGs samarbete med Elisabeth Ohlson \u2013 fotokonst och aktivism - JAG Opinion\" \/>\n<meta property=\"og:url\" content=\"https:\/\/jag.se\/opinion\/riksforeningen-jags-samarbete-med-elisabeth-ohlson-fotokonst-och-aktivism\/\" \/>\n<meta property=\"og:site_name\" content=\"JAG Opinion\" \/>\n<meta property=\"article:published_time\" content=\"2024-12-19T12:42:55+00:00\" \/>\n<meta property=\"article:modified_time\" content=\"2024-12-19T12:42:57+00:00\" \/>\n<meta property=\"og:image\" content=\"https:\/\/jag.se\/opinion\/wp-content\/uploads\/sites\/3\/2024\/11\/DSC5146_besk_low.jpg\" \/>\n\t<meta property=\"og:image:width\" content=\"523\" \/>\n\t<meta property=\"og:image:height\" content=\"394\" \/>\n\t<meta property=\"og:image:type\" content=\"image\/jpeg\" \/>\n<meta name=\"author\" content=\"Asa Emtelin\" \/>\n<meta name=\"twitter:card\" content=\"summary_large_image\" \/>\n<meta name=\"twitter:label1\" content=\"Skriven av\" \/>\n\t<meta name=\"twitter:data1\" content=\"Asa Emtelin\" \/>\n\t<meta name=\"twitter:label2\" content=\"Ber\u00e4knad l\u00e4stid\" \/>\n\t<meta name=\"twitter:data2\" content=\"2 minuter\" \/>\n<script type=\"application\/ld+json\" class=\"yoast-schema-graph\">{\"@context\":\"https:\/\/schema.org\",\"@graph\":[{\"@type\":\"WebPage\",\"@id\":\"https:\/\/jag.se\/opinion\/riksforeningen-jags-samarbete-med-elisabeth-ohlson-fotokonst-och-aktivism\/\",\"url\":\"https:\/\/jag.se\/opinion\/riksforeningen-jags-samarbete-med-elisabeth-ohlson-fotokonst-och-aktivism\/\",\"name\":\"Riksf\u00f6reningen JAGs samarbete med Elisabeth Ohlson \u2013 fotokonst och aktivism - JAG Opinion\",\"isPartOf\":{\"@id\":\"https:\/\/jag.se\/opinion\/#website\"},\"datePublished\":\"2024-12-19T12:42:55+00:00\",\"dateModified\":\"2024-12-19T12:42:57+00:00\",\"author\":{\"@id\":\"https:\/\/jag.se\/opinion\/#\/schema\/person\/d688dc9ac36c8b0359e70c3810dab6fd\"},\"breadcrumb\":{\"@id\":\"https:\/\/jag.se\/opinion\/riksforeningen-jags-samarbete-med-elisabeth-ohlson-fotokonst-och-aktivism\/#breadcrumb\"},\"inLanguage\":\"sv-SE\",\"potentialAction\":[{\"@type\":\"ReadAction\",\"target\":[\"https:\/\/jag.se\/opinion\/riksforeningen-jags-samarbete-med-elisabeth-ohlson-fotokonst-och-aktivism\/\"]}]},{\"@type\":\"BreadcrumbList\",\"@id\":\"https:\/\/jag.se\/opinion\/riksforeningen-jags-samarbete-med-elisabeth-ohlson-fotokonst-och-aktivism\/#breadcrumb\",\"itemListElement\":[{\"@type\":\"ListItem\",\"position\":1,\"name\":\"JAG start\",\"item\":\"https:\/\/jag.se\"},{\"@type\":\"ListItem\",\"position\":2,\"name\":\"Riksf\u00f6reningen JAG\",\"item\":\"https:\/\/jag.se\/opinion\/\"},{\"@type\":\"ListItem\",\"position\":3,\"name\":\"Riksf\u00f6reningen JAGs samarbete med Elisabeth Ohlson \u2013 fotokonst och aktivism\"}]},{\"@type\":\"WebSite\",\"@id\":\"https:\/\/jag.se\/opinion\/#website\",\"url\":\"https:\/\/jag.se\/opinion\/\",\"name\":\"JAG Opinion\",\"description\":\"\",\"potentialAction\":[{\"@type\":\"SearchAction\",\"target\":{\"@type\":\"EntryPoint\",\"urlTemplate\":\"https:\/\/jag.se\/opinion\/?s={search_term_string}\"},\"query-input\":\"required name=search_term_string\"}],\"inLanguage\":\"sv-SE\"},{\"@type\":\"Person\",\"@id\":\"https:\/\/jag.se\/opinion\/#\/schema\/person\/d688dc9ac36c8b0359e70c3810dab6fd\",\"name\":\"Asa Emtelin\",\"image\":{\"@type\":\"ImageObject\",\"inLanguage\":\"sv-SE\",\"@id\":\"https:\/\/jag.se\/opinion\/#\/schema\/person\/image\/\",\"url\":\"https:\/\/secure.gravatar.com\/avatar\/73fad270be25e2762b83219f26f69b57ac5c8122d333e45e7cdce054f17f3ce3?s=96&d=mm&r=g\",\"contentUrl\":\"https:\/\/secure.gravatar.com\/avatar\/73fad270be25e2762b83219f26f69b57ac5c8122d333e45e7cdce054f17f3ce3?s=96&d=mm&r=g\",\"caption\":\"Asa Emtelin\"}}]}<\/script>\n<!-- \/ Yoast SEO plugin. -->","yoast_head_json":{"title":"Riksf\u00f6reningen JAGs samarbete med Elisabeth Ohlson \u2013 fotokonst och aktivism - JAG Opinion","robots":{"index":"index","follow":"follow","max-snippet":"max-snippet:-1","max-image-preview":"max-image-preview:large","max-video-preview":"max-video-preview:-1"},"canonical":"https:\/\/jag.se\/opinion\/riksforeningen-jags-samarbete-med-elisabeth-ohlson-fotokonst-och-aktivism\/","og_locale":"sv_SE","og_type":"article","og_title":"Riksf\u00f6reningen JAGs samarbete med Elisabeth Ohlson \u2013 fotokonst och aktivism - JAG Opinion","og_url":"https:\/\/jag.se\/opinion\/riksforeningen-jags-samarbete-med-elisabeth-ohlson-fotokonst-och-aktivism\/","og_site_name":"JAG Opinion","article_published_time":"2024-12-19T12:42:55+00:00","article_modified_time":"2024-12-19T12:42:57+00:00","og_image":[{"width":523,"height":394,"url":"https:\/\/jag.se\/opinion\/wp-content\/uploads\/sites\/3\/2024\/11\/DSC5146_besk_low.jpg","type":"image\/jpeg"}],"author":"Asa Emtelin","twitter_card":"summary_large_image","twitter_misc":{"Skriven av":"Asa Emtelin","Ber\u00e4knad l\u00e4stid":"2 minuter"},"schema":{"@context":"https:\/\/schema.org","@graph":[{"@type":"WebPage","@id":"https:\/\/jag.se\/opinion\/riksforeningen-jags-samarbete-med-elisabeth-ohlson-fotokonst-och-aktivism\/","url":"https:\/\/jag.se\/opinion\/riksforeningen-jags-samarbete-med-elisabeth-ohlson-fotokonst-och-aktivism\/","name":"Riksf\u00f6reningen JAGs samarbete med Elisabeth Ohlson \u2013 fotokonst och aktivism - JAG Opinion","isPartOf":{"@id":"https:\/\/jag.se\/opinion\/#website"},"datePublished":"2024-12-19T12:42:55+00:00","dateModified":"2024-12-19T12:42:57+00:00","author":{"@id":"https:\/\/jag.se\/opinion\/#\/schema\/person\/d688dc9ac36c8b0359e70c3810dab6fd"},"breadcrumb":{"@id":"https:\/\/jag.se\/opinion\/riksforeningen-jags-samarbete-med-elisabeth-ohlson-fotokonst-och-aktivism\/#breadcrumb"},"inLanguage":"sv-SE","potentialAction":[{"@type":"ReadAction","target":["https:\/\/jag.se\/opinion\/riksforeningen-jags-samarbete-med-elisabeth-ohlson-fotokonst-och-aktivism\/"]}]},{"@type":"BreadcrumbList","@id":"https:\/\/jag.se\/opinion\/riksforeningen-jags-samarbete-med-elisabeth-ohlson-fotokonst-och-aktivism\/#breadcrumb","itemListElement":[{"@type":"ListItem","position":1,"name":"JAG start","item":"https:\/\/jag.se"},{"@type":"ListItem","position":2,"name":"Riksf\u00f6reningen JAG","item":"https:\/\/jag.se\/opinion\/"},{"@type":"ListItem","position":3,"name":"Riksf\u00f6reningen JAGs samarbete med Elisabeth Ohlson \u2013 fotokonst och aktivism"}]},{"@type":"WebSite","@id":"https:\/\/jag.se\/opinion\/#website","url":"https:\/\/jag.se\/opinion\/","name":"JAG Opinion","description":"","potentialAction":[{"@type":"SearchAction","target":{"@type":"EntryPoint","urlTemplate":"https:\/\/jag.se\/opinion\/?s={search_term_string}"},"query-input":"required name=search_term_string"}],"inLanguage":"sv-SE"},{"@type":"Person","@id":"https:\/\/jag.se\/opinion\/#\/schema\/person\/d688dc9ac36c8b0359e70c3810dab6fd","name":"Asa Emtelin","image":{"@type":"ImageObject","inLanguage":"sv-SE","@id":"https:\/\/jag.se\/opinion\/#\/schema\/person\/image\/","url":"https:\/\/secure.gravatar.com\/avatar\/73fad270be25e2762b83219f26f69b57ac5c8122d333e45e7cdce054f17f3ce3?s=96&d=mm&r=g","contentUrl":"https:\/\/secure.gravatar.com\/avatar\/73fad270be25e2762b83219f26f69b57ac5c8122d333e45e7cdce054f17f3ce3?s=96&d=mm&r=g","caption":"Asa Emtelin"}}]}},"_links":{"self":[{"href":"https:\/\/jag.se\/opinion\/wp-json\/wp\/v2\/posts\/25791","targetHints":{"allow":["GET"]}}],"collection":[{"href":"https:\/\/jag.se\/opinion\/wp-json\/wp\/v2\/posts"}],"about":[{"href":"https:\/\/jag.se\/opinion\/wp-json\/wp\/v2\/types\/post"}],"author":[{"embeddable":true,"href":"https:\/\/jag.se\/opinion\/wp-json\/wp\/v2\/users\/9"}],"replies":[{"embeddable":true,"href":"https:\/\/jag.se\/opinion\/wp-json\/wp\/v2\/comments?post=25791"}],"version-history":[{"count":79,"href":"https:\/\/jag.se\/opinion\/wp-json\/wp\/v2\/posts\/25791\/revisions"}],"predecessor-version":[{"id":27056,"href":"https:\/\/jag.se\/opinion\/wp-json\/wp\/v2\/posts\/25791\/revisions\/27056"}],"wp:featuredmedia":[{"embeddable":true,"href":"https:\/\/jag.se\/opinion\/wp-json\/wp\/v2\/media\/25830"}],"wp:attachment":[{"href":"https:\/\/jag.se\/opinion\/wp-json\/wp\/v2\/media?parent=25791"}],"wp:term":[{"taxonomy":"category","embeddable":true,"href":"https:\/\/jag.se\/opinion\/wp-json\/wp\/v2\/categories?post=25791"},{"taxonomy":"post_tag","embeddable":true,"href":"https:\/\/jag.se\/opinion\/wp-json\/wp\/v2\/tags?post=25791"}],"curies":[{"name":"wp","href":"https:\/\/api.w.org\/{rel}","templated":true}]}}