{"id":26173,"date":"2024-12-02T10:11:41","date_gmt":"2024-12-02T10:11:41","guid":{"rendered":"https:\/\/jag.se\/opinion\/?p=26173"},"modified":"2024-12-02T10:11:42","modified_gmt":"2024-12-02T10:11:42","slug":"anna-och-asa-vill-fa-fler-att-testa-funktionell-skidakning","status":"publish","type":"post","link":"https:\/\/jag.se\/opinion\/anna-och-asa-vill-fa-fler-att-testa-funktionell-skidakning\/","title":{"rendered":"Anna och \u00c5sa vill f\u00e5 fler att testa funktionell skid\u00e5kning"},"content":{"rendered":"<section class=\"text-block white  \">\n    <div class=\"block-icon\"><\/div>\n\t<div class=\"inner\">\n\t\t<div class=\"text-block-content\">\n\t\t\t\t<p><strong>Systrarna Anna S\u00f6derberg och \u00c5sa Emtelin tycker mycket om att vara i svenska fj\u00e4llen och \u00e5ka skidor tillsammans. Nu har de gjort en film om funktionell skid\u00e5kning f\u00f6r att inspirera andra att testa.<\/strong><\/p>\n<p>\u2013 Det \u00e4r ett h\u00e4rligt s\u00e4tt att f\u00e5 komma ut i naturen, k\u00e4nna vinden, fart och lutning. Och det g\u00f6r det m\u00f6jligt f\u00f6r hela familjen att vara p\u00e5 fj\u00e4llsemester och \u00e5ka skidor tillsammans, s\u00e4ger \u00c5sa Emtelin, som b\u00e5de \u00e4r Anna S\u00f6derbergs lillasyster och god man.<\/p>\n<p>\u00c5sa tog licens efter att ha f\u00e5tt testa att k\u00f6ra Anna i en ski cart.<\/p>\n<p>\u2013 Pl\u00f6tsligt uppt\u00e4ckte jag att jag kunde anv\u00e4nda min skid\u00e5kning till n\u00e5got mer \u00e4n att \u201dbara\u201d \u00e5ka f\u00f6r mitt eget n\u00f6jes skull. Jag kunde l\u00e5ta n\u00e5gon annan f\u00e5 komma upp p\u00e5 fj\u00e4llet och njuta av en skidupplevelse. Plus att jag ocks\u00e5 tycker att det \u00e4r v\u00e4ldigt roligt att k\u00f6ra de olika utrustningarna, det \u00e4r en h\u00e4rlig k\u00e4nsla, s\u00e4ger \u00c5sa.<\/p>\n<p>Anna har gjort fyra s\u00e4songer i Totalskidskolan i \u00c5re. Hon b\u00f6rjade med ski cart. D\u00e4r sitter man ganska l\u00e5gt och bekv\u00e4mt och det passade bra att b\u00f6rja med. Men vid ett tillf\u00e4lle p\u00e5 v\u00e5rvintern var sn\u00f6n s\u00e5 slaskig och ski carten blev sv\u00e5rk\u00f6rd, d\u00e5 testade Anna en bi-ski som sedan dess blivit en favorit.<\/p>\n<p>Har du aldrig tidigare testat men funderar p\u00e5 om det kan vara n\u00e5got f\u00f6r dig s\u00e5 \u00e4r det en bra id\u00e9 att ta kontakt med en skidskola p\u00e5 den skidort du vill \u00e5ka till. Beskriv din funktionsneds\u00e4ttning, dina behov och eventuellt hur du kommunicerar f\u00f6r instrukt\u00f6rerna s\u00e5 de kan planera f\u00f6r din \u00e5kning. V\u00e4l p\u00e5 plats kan det vara s\u00e5 att en f\u00e5r prova sig fram f\u00f6r att hitta den utrustning som passar b\u00e4st.<\/p>\n<p>\u2013 Hoppas vi ses p\u00e5 fj\u00e4llet i vinter! h\u00e4lsar Anna och \u00c5sa.<\/p>\n\t\t<\/div>\n<\/section>\n\n\n\n<figure class=\"wp-block-embed is-type-video is-provider-youtube wp-block-embed-youtube wp-embed-aspect-16-9 wp-has-aspect-ratio\"><div class=\"wp-block-embed__wrapper\">\n<iframe loading=\"lazy\" title=\"D\u00e4 \u00e4 bar \u00e5 \u00e5k \u2013 en guide till funktionell skid\u00e5kning\" width=\"500\" height=\"281\" src=\"https:\/\/www.youtube.com\/embed\/HJFjl8w_Oj0?feature=oembed\" frameborder=\"0\" allow=\"accelerometer; autoplay; clipboard-write; encrypted-media; gyroscope; picture-in-picture; web-share\" referrerpolicy=\"strict-origin-when-cross-origin\" allowfullscreen><\/iframe>\n<\/div><\/figure>\n","protected":false},"excerpt":{"rendered":"","protected":false},"author":9,"featured_media":26176,"comment_status":"open","ping_status":"open","sticky":false,"template":"","format":"standard","meta":{"footnotes":""},"categories":[1],"tags":[],"class_list":["post-26173","post","type-post","status-publish","format-standard","has-post-thumbnail","hentry","category-uncategorized"],"acf":[],"yoast_head":"<!-- This site is optimized with the Yoast SEO plugin v21.3 - https:\/\/yoast.com\/wordpress\/plugins\/seo\/ -->\n<title>Anna och \u00c5sa vill f\u00e5 fler att testa funktionell skid\u00e5kning - JAG Opinion<\/title>\n<meta name=\"robots\" content=\"index, follow, max-snippet:-1, max-image-preview:large, max-video-preview:-1\" \/>\n<link rel=\"canonical\" href=\"https:\/\/jag.se\/opinion\/anna-och-asa-vill-fa-fler-att-testa-funktionell-skidakning\/\" \/>\n<meta property=\"og:locale\" content=\"sv_SE\" \/>\n<meta property=\"og:type\" content=\"article\" \/>\n<meta property=\"og:title\" content=\"Anna och \u00c5sa vill f\u00e5 fler att testa funktionell skid\u00e5kning - JAG Opinion\" \/>\n<meta property=\"og:url\" content=\"https:\/\/jag.se\/opinion\/anna-och-asa-vill-fa-fler-att-testa-funktionell-skidakning\/\" \/>\n<meta property=\"og:site_name\" content=\"JAG Opinion\" \/>\n<meta property=\"article:published_time\" content=\"2024-12-02T10:11:41+00:00\" \/>\n<meta property=\"article:modified_time\" content=\"2024-12-02T10:11:42+00:00\" \/>\n<meta property=\"og:image\" content=\"https:\/\/jag.se\/opinion\/wp-content\/uploads\/sites\/3\/2024\/12\/Skarmdump-artikel.jpg\" \/>\n\t<meta property=\"og:image:width\" content=\"1294\" \/>\n\t<meta property=\"og:image:height\" content=\"766\" \/>\n\t<meta property=\"og:image:type\" content=\"image\/jpeg\" \/>\n<meta name=\"author\" content=\"Asa Emtelin\" \/>\n<meta name=\"twitter:card\" content=\"summary_large_image\" \/>\n<meta name=\"twitter:label1\" content=\"Skriven av\" \/>\n\t<meta name=\"twitter:data1\" content=\"Asa Emtelin\" \/>\n\t<meta name=\"twitter:label2\" content=\"Ber\u00e4knad l\u00e4stid\" \/>\n\t<meta name=\"twitter:data2\" content=\"1 minut\" \/>\n<script type=\"application\/ld+json\" class=\"yoast-schema-graph\">{\"@context\":\"https:\/\/schema.org\",\"@graph\":[{\"@type\":\"WebPage\",\"@id\":\"https:\/\/jag.se\/opinion\/anna-och-asa-vill-fa-fler-att-testa-funktionell-skidakning\/\",\"url\":\"https:\/\/jag.se\/opinion\/anna-och-asa-vill-fa-fler-att-testa-funktionell-skidakning\/\",\"name\":\"Anna och \u00c5sa vill f\u00e5 fler att testa funktionell skid\u00e5kning - JAG Opinion\",\"isPartOf\":{\"@id\":\"https:\/\/jag.se\/opinion\/#website\"},\"datePublished\":\"2024-12-02T10:11:41+00:00\",\"dateModified\":\"2024-12-02T10:11:42+00:00\",\"author\":{\"@id\":\"https:\/\/jag.se\/opinion\/#\/schema\/person\/d688dc9ac36c8b0359e70c3810dab6fd\"},\"breadcrumb\":{\"@id\":\"https:\/\/jag.se\/opinion\/anna-och-asa-vill-fa-fler-att-testa-funktionell-skidakning\/#breadcrumb\"},\"inLanguage\":\"sv-SE\",\"potentialAction\":[{\"@type\":\"ReadAction\",\"target\":[\"https:\/\/jag.se\/opinion\/anna-och-asa-vill-fa-fler-att-testa-funktionell-skidakning\/\"]}]},{\"@type\":\"BreadcrumbList\",\"@id\":\"https:\/\/jag.se\/opinion\/anna-och-asa-vill-fa-fler-att-testa-funktionell-skidakning\/#breadcrumb\",\"itemListElement\":[{\"@type\":\"ListItem\",\"position\":1,\"name\":\"JAG start\",\"item\":\"https:\/\/jag.se\"},{\"@type\":\"ListItem\",\"position\":2,\"name\":\"Riksf\u00f6reningen JAG\",\"item\":\"https:\/\/jag.se\/opinion\/\"},{\"@type\":\"ListItem\",\"position\":3,\"name\":\"Anna och \u00c5sa vill f\u00e5 fler att testa funktionell skid\u00e5kning\"}]},{\"@type\":\"WebSite\",\"@id\":\"https:\/\/jag.se\/opinion\/#website\",\"url\":\"https:\/\/jag.se\/opinion\/\",\"name\":\"JAG Opinion\",\"description\":\"\",\"potentialAction\":[{\"@type\":\"SearchAction\",\"target\":{\"@type\":\"EntryPoint\",\"urlTemplate\":\"https:\/\/jag.se\/opinion\/?s={search_term_string}\"},\"query-input\":\"required name=search_term_string\"}],\"inLanguage\":\"sv-SE\"},{\"@type\":\"Person\",\"@id\":\"https:\/\/jag.se\/opinion\/#\/schema\/person\/d688dc9ac36c8b0359e70c3810dab6fd\",\"name\":\"Asa Emtelin\",\"image\":{\"@type\":\"ImageObject\",\"inLanguage\":\"sv-SE\",\"@id\":\"https:\/\/jag.se\/opinion\/#\/schema\/person\/image\/\",\"url\":\"https:\/\/secure.gravatar.com\/avatar\/73fad270be25e2762b83219f26f69b57ac5c8122d333e45e7cdce054f17f3ce3?s=96&d=mm&r=g\",\"contentUrl\":\"https:\/\/secure.gravatar.com\/avatar\/73fad270be25e2762b83219f26f69b57ac5c8122d333e45e7cdce054f17f3ce3?s=96&d=mm&r=g\",\"caption\":\"Asa Emtelin\"}}]}<\/script>\n<!-- \/ Yoast SEO plugin. -->","yoast_head_json":{"title":"Anna och \u00c5sa vill f\u00e5 fler att testa funktionell skid\u00e5kning - JAG Opinion","robots":{"index":"index","follow":"follow","max-snippet":"max-snippet:-1","max-image-preview":"max-image-preview:large","max-video-preview":"max-video-preview:-1"},"canonical":"https:\/\/jag.se\/opinion\/anna-och-asa-vill-fa-fler-att-testa-funktionell-skidakning\/","og_locale":"sv_SE","og_type":"article","og_title":"Anna och \u00c5sa vill f\u00e5 fler att testa funktionell skid\u00e5kning - JAG Opinion","og_url":"https:\/\/jag.se\/opinion\/anna-och-asa-vill-fa-fler-att-testa-funktionell-skidakning\/","og_site_name":"JAG Opinion","article_published_time":"2024-12-02T10:11:41+00:00","article_modified_time":"2024-12-02T10:11:42+00:00","og_image":[{"width":1294,"height":766,"url":"https:\/\/jag.se\/opinion\/wp-content\/uploads\/sites\/3\/2024\/12\/Skarmdump-artikel.jpg","type":"image\/jpeg"}],"author":"Asa Emtelin","twitter_card":"summary_large_image","twitter_misc":{"Skriven av":"Asa Emtelin","Ber\u00e4knad l\u00e4stid":"1 minut"},"schema":{"@context":"https:\/\/schema.org","@graph":[{"@type":"WebPage","@id":"https:\/\/jag.se\/opinion\/anna-och-asa-vill-fa-fler-att-testa-funktionell-skidakning\/","url":"https:\/\/jag.se\/opinion\/anna-och-asa-vill-fa-fler-att-testa-funktionell-skidakning\/","name":"Anna och \u00c5sa vill f\u00e5 fler att testa funktionell skid\u00e5kning - JAG Opinion","isPartOf":{"@id":"https:\/\/jag.se\/opinion\/#website"},"datePublished":"2024-12-02T10:11:41+00:00","dateModified":"2024-12-02T10:11:42+00:00","author":{"@id":"https:\/\/jag.se\/opinion\/#\/schema\/person\/d688dc9ac36c8b0359e70c3810dab6fd"},"breadcrumb":{"@id":"https:\/\/jag.se\/opinion\/anna-och-asa-vill-fa-fler-att-testa-funktionell-skidakning\/#breadcrumb"},"inLanguage":"sv-SE","potentialAction":[{"@type":"ReadAction","target":["https:\/\/jag.se\/opinion\/anna-och-asa-vill-fa-fler-att-testa-funktionell-skidakning\/"]}]},{"@type":"BreadcrumbList","@id":"https:\/\/jag.se\/opinion\/anna-och-asa-vill-fa-fler-att-testa-funktionell-skidakning\/#breadcrumb","itemListElement":[{"@type":"ListItem","position":1,"name":"JAG start","item":"https:\/\/jag.se"},{"@type":"ListItem","position":2,"name":"Riksf\u00f6reningen JAG","item":"https:\/\/jag.se\/opinion\/"},{"@type":"ListItem","position":3,"name":"Anna och \u00c5sa vill f\u00e5 fler att testa funktionell skid\u00e5kning"}]},{"@type":"WebSite","@id":"https:\/\/jag.se\/opinion\/#website","url":"https:\/\/jag.se\/opinion\/","name":"JAG Opinion","description":"","potentialAction":[{"@type":"SearchAction","target":{"@type":"EntryPoint","urlTemplate":"https:\/\/jag.se\/opinion\/?s={search_term_string}"},"query-input":"required name=search_term_string"}],"inLanguage":"sv-SE"},{"@type":"Person","@id":"https:\/\/jag.se\/opinion\/#\/schema\/person\/d688dc9ac36c8b0359e70c3810dab6fd","name":"Asa Emtelin","image":{"@type":"ImageObject","inLanguage":"sv-SE","@id":"https:\/\/jag.se\/opinion\/#\/schema\/person\/image\/","url":"https:\/\/secure.gravatar.com\/avatar\/73fad270be25e2762b83219f26f69b57ac5c8122d333e45e7cdce054f17f3ce3?s=96&d=mm&r=g","contentUrl":"https:\/\/secure.gravatar.com\/avatar\/73fad270be25e2762b83219f26f69b57ac5c8122d333e45e7cdce054f17f3ce3?s=96&d=mm&r=g","caption":"Asa Emtelin"}}]}},"_links":{"self":[{"href":"https:\/\/jag.se\/opinion\/wp-json\/wp\/v2\/posts\/26173","targetHints":{"allow":["GET"]}}],"collection":[{"href":"https:\/\/jag.se\/opinion\/wp-json\/wp\/v2\/posts"}],"about":[{"href":"https:\/\/jag.se\/opinion\/wp-json\/wp\/v2\/types\/post"}],"author":[{"embeddable":true,"href":"https:\/\/jag.se\/opinion\/wp-json\/wp\/v2\/users\/9"}],"replies":[{"embeddable":true,"href":"https:\/\/jag.se\/opinion\/wp-json\/wp\/v2\/comments?post=26173"}],"version-history":[{"count":7,"href":"https:\/\/jag.se\/opinion\/wp-json\/wp\/v2\/posts\/26173\/revisions"}],"predecessor-version":[{"id":26181,"href":"https:\/\/jag.se\/opinion\/wp-json\/wp\/v2\/posts\/26173\/revisions\/26181"}],"wp:featuredmedia":[{"embeddable":true,"href":"https:\/\/jag.se\/opinion\/wp-json\/wp\/v2\/media\/26176"}],"wp:attachment":[{"href":"https:\/\/jag.se\/opinion\/wp-json\/wp\/v2\/media?parent=26173"}],"wp:term":[{"taxonomy":"category","embeddable":true,"href":"https:\/\/jag.se\/opinion\/wp-json\/wp\/v2\/categories?post=26173"},{"taxonomy":"post_tag","embeddable":true,"href":"https:\/\/jag.se\/opinion\/wp-json\/wp\/v2\/tags?post=26173"}],"curies":[{"name":"wp","href":"https:\/\/api.w.org\/{rel}","templated":true}]}}