{"id":26276,"date":"2024-12-27T09:37:36","date_gmt":"2024-12-27T09:37:36","guid":{"rendered":"https:\/\/jag.se\/opinion\/?p=26276"},"modified":"2024-12-27T09:46:59","modified_gmt":"2024-12-27T09:46:59","slug":"jag-gor-det-har-for-kennys-skull","status":"publish","type":"post","link":"https:\/\/jag.se\/opinion\/jag-gor-det-har-for-kennys-skull\/","title":{"rendered":"&#8221;Jag g\u00f6r det h\u00e4r f\u00f6r Kennys skull&#8221;"},"content":{"rendered":"\n<p><strong>\u2013 Det \u00e4r en utmaning att vara personlig arbetsledare men man l\u00e4r sig med tiden, s\u00e4ger Maria Arkest\u00e5l, mamma och god man till Kenny Brandt i Kristianstad.<\/strong><\/p>\n\n\n\n<p>N\u00e4r du ringer till JAGs r\u00e5dgivare i Svar direkt kan du bli kopplad till Maria Arkest\u00e5l, 58. Ut\u00f6ver sitt arbete p\u00e5 JAGs kansli \u00e4r Maria personlig arbetsledare i Kennys assistans. Hon st\u00f6ttar \u00e4ven Kenny i hans uppdrag som ledamot i styrelsen i Riksf\u00f6reningen JAG, och \u00e4r sj\u00e4lv ledamot i kooperativets styrelse.<\/p>\n\n\n\n<p>Kenny Brandt \u00e4r 25 \u00e5r och har haft assistans i JAG sen han var fyra. F\u00f6r tre \u00e5r sedan flyttade han fr\u00e5n f\u00f6r\u00e4ldrahemmet till egen l\u00e4genhet.<\/p>\n\n\n\n<p>\u2013 Det \u00e4r en utmaning att vara personlig arbetsledare men man l\u00e4r sig med tiden. Som att komma p\u00e5 hur man tar olika sv\u00e5ra samtal, s\u00e5 att man kommer dit man vill. Man vet aldrig hur den andra personen ska ta emot det man s\u00e4ger och ingen gillar kritik. Man f\u00e5r acceptera att man \u00e4r \u201dden onde\u201d ibland. Jag g\u00f6r det h\u00e4r f\u00f6r Kennys skull, f\u00f6r att han ska ha r\u00e4tt till den assistans han jobbat h\u00e5rt f\u00f6r att f\u00e5, s\u00e4ger Maria Arkest\u00e5l.<\/p>\n\n\n\n<p>Nu n\u00e4r Kenny bor sj\u00e4lv har Maria b\u00f6rjat revidera sitt tankes\u00e4tt runt rekrytering. S\u00e5 l\u00e4nge han bodde hemma kunde hon st\u00f6tta och hj\u00e4lpa till, och fanns n\u00e4stan alltid till hands.<\/p>\n\n\n\n<p>\u2013 Assistenterna var medvetna om att det finns andra i hush\u00e5llet. Nu k\u00e4nns det som om vi beh\u00f6ver lite mer kompetenta personer som har erfarenhet och en annan f\u00f6rst\u00e5else, s\u00e4ger Maria. Det g\u00e5r inte att ta in lika unga m\u00e4nniskor och l\u00e4ra upp dem.<\/p>\n\n\n\n<p>Det var lite skumpigt direkt efter flytten n\u00e4r assistenterna trodde att de f\u00f6rv\u00e4ntades best\u00e4mma hur Kenny ska ha det hemma hos sig. Ibland tog de beslut utan att fr\u00e5ga, eller f\u00f6rstod inte vad de skulle fr\u00e5ga om.<\/p>\n\n\n\n<p>Kenny trivs med sina assistenter idag.\u00a0<br>\u2013 Det m\u00e4rker jag p\u00e5 hans v\u00e4lbefinnande och hans kroppspr\u00e5k. Han \u00e4r alert och tillfreds och jag ser att han litar p\u00e5 dem.<\/p>\n\n\n\n<p>De har inte beh\u00f6vt rekrytera nya assistenter s\u00e5 ofta, senast var f\u00f6rra \u00e5ret.<\/p>\n\n\n\n<p>\u2013 Vi ser alltid till att det finns en timvikarie och de flesta assistenter jobbar inte full tid, utan kan jobba extra vid behov.<\/p>\n\n\n\n<p>Vid nyanst\u00e4llning letar de efter kreativa personer med liknande intressen som Kenny har.<\/p>\n\n\n\n<p>\u2013 Inga dataspelsm\u00e4nniskor. Spr\u00e5ket \u00e4r ocks\u00e5 viktigt att det fungerar, och att man kan lyssna och ta instruktioner och har f\u00f6rm\u00e5ga att utvecklas och sj\u00e4lv fr\u00e5ga om det \u00e5r n\u00e5got nytt man b\u00f6r k\u00e4nna till.<\/p>\n\n\n\n<p>Nyanst\u00e4llda f\u00e5r arbeta dubbelt med de assistenter Kenny har mest f\u00f6rtroende f\u00f6r, de som jobbar p\u00e5 det s\u00e4tt han vill och \u00e4r duktiga assistenter. Det finns inte direkt n\u00e5gon checklista f\u00f6r introduktionen, d\u00e4remot har Kenny skrivit ner n\u00e4r han vill stiga upp, \u00e4ta lunch, inhalera, olika aktiviteter etc.<\/p>\n\n\n\n<p>Kenny beh\u00f6ver hj\u00e4lp att ta initiativ och m\u00e5ste ha mycket input f\u00f6r att kunna visa vem han \u00e4r. Assistenterna f\u00e5r 60 timmars praktisk introduktion men de flesta k\u00e4nner sig inte riktigt bekv\u00e4ma i arbetet f\u00f6rr\u00e4n efter ett halv\u00e5r.<\/p>\n\n\n\n<p>\u2013 Rutinerna och sj\u00e4lva ramen f\u00f6r assistansen \u00e4r inte det sv\u00e5ra. Det sv\u00e5ra \u00e4r att kunna kommunicera med Kenny. Det kan man n\u00e4stan inte l\u00e4ra ut, s\u00e4ger Maria.<\/p>\n\n\n\n<p>I jul kommer Kenny hem och sover \u00f6ver, tillsammans med sina assistenter. Maria t\u00e4nker p\u00e5 Kenny och hans assistenter som ett. Tack vare assistansen kan han vara en i familjen.<\/p>\n\n\n\n<p>\u2013 N\u00e4r barnen var sm\u00e5 ville de att vi skulle vara bara familjen under julen. Nu beh\u00f6ver Kenny sina assistenter. Jag kan inte assistera honom och laga mat till hela sl\u00e4kten.<\/p>\n\n\n\n<p>Foto: privat<\/p>\n","protected":false},"excerpt":{"rendered":"<p>\u2013 Det \u00e4r en utmaning att vara personlig arbetsledare men man l\u00e4r sig med tiden, s\u00e4ger Maria Arkest\u00e5l, mamma och god man till Kenny Brandt i Kristianstad. N\u00e4r du ringer till JAGs r\u00e5dgivare i Svar direkt kan du bli kopplad till Maria Arkest\u00e5l, 58. Ut\u00f6ver sitt arbete p\u00e5 JAGs kansli \u00e4r Maria personlig arbetsledare i<\/p>\n","protected":false},"author":7,"featured_media":26279,"comment_status":"open","ping_status":"open","sticky":false,"template":"","format":"standard","meta":{"footnotes":""},"categories":[1],"tags":[],"class_list":["post-26276","post","type-post","status-publish","format-standard","has-post-thumbnail","hentry","category-uncategorized"],"acf":[],"yoast_head":"<!-- This site is optimized with the Yoast SEO plugin v21.3 - https:\/\/yoast.com\/wordpress\/plugins\/seo\/ -->\n<title>&quot;Jag g\u00f6r det h\u00e4r f\u00f6r Kennys skull&quot; - JAG Opinion<\/title>\n<meta name=\"robots\" content=\"index, follow, max-snippet:-1, max-image-preview:large, max-video-preview:-1\" \/>\n<link rel=\"canonical\" href=\"https:\/\/jag.se\/opinion\/jag-gor-det-har-for-kennys-skull\/\" \/>\n<meta property=\"og:locale\" content=\"sv_SE\" \/>\n<meta property=\"og:type\" content=\"article\" \/>\n<meta property=\"og:title\" content=\"&quot;Jag g\u00f6r det h\u00e4r f\u00f6r Kennys skull&quot; - JAG Opinion\" \/>\n<meta property=\"og:description\" content=\"\u2013 Det \u00e4r en utmaning att vara personlig arbetsledare men man l\u00e4r sig med tiden, s\u00e4ger Maria Arkest\u00e5l, mamma och god man till Kenny Brandt i Kristianstad. N\u00e4r du ringer till JAGs r\u00e5dgivare i Svar direkt kan du bli kopplad till Maria Arkest\u00e5l, 58. Ut\u00f6ver sitt arbete p\u00e5 JAGs kansli \u00e4r Maria personlig arbetsledare i\" \/>\n<meta property=\"og:url\" content=\"https:\/\/jag.se\/opinion\/jag-gor-det-har-for-kennys-skull\/\" \/>\n<meta property=\"og:site_name\" content=\"JAG Opinion\" \/>\n<meta property=\"article:published_time\" content=\"2024-12-27T09:37:36+00:00\" \/>\n<meta property=\"article:modified_time\" content=\"2024-12-27T09:46:59+00:00\" \/>\n<meta property=\"og:image\" content=\"https:\/\/jag.se\/opinion\/wp-content\/uploads\/sites\/3\/2024\/12\/dzqkrdor.png\" \/>\n\t<meta property=\"og:image:width\" content=\"1440\" \/>\n\t<meta property=\"og:image:height\" content=\"1381\" \/>\n\t<meta property=\"og:image:type\" content=\"image\/png\" \/>\n<meta name=\"author\" content=\"Kerstin Sellin\" \/>\n<meta name=\"twitter:card\" content=\"summary_large_image\" \/>\n<meta name=\"twitter:label1\" content=\"Skriven av\" \/>\n\t<meta name=\"twitter:data1\" content=\"Kerstin Sellin\" \/>\n\t<meta name=\"twitter:label2\" content=\"Ber\u00e4knad l\u00e4stid\" \/>\n\t<meta name=\"twitter:data2\" content=\"3 minuter\" \/>\n<script type=\"application\/ld+json\" class=\"yoast-schema-graph\">{\"@context\":\"https:\/\/schema.org\",\"@graph\":[{\"@type\":\"WebPage\",\"@id\":\"https:\/\/jag.se\/opinion\/jag-gor-det-har-for-kennys-skull\/\",\"url\":\"https:\/\/jag.se\/opinion\/jag-gor-det-har-for-kennys-skull\/\",\"name\":\"\\\"Jag g\u00f6r det h\u00e4r f\u00f6r Kennys skull\\\" - JAG Opinion\",\"isPartOf\":{\"@id\":\"https:\/\/jag.se\/opinion\/#website\"},\"datePublished\":\"2024-12-27T09:37:36+00:00\",\"dateModified\":\"2024-12-27T09:46:59+00:00\",\"author\":{\"@id\":\"https:\/\/jag.se\/opinion\/#\/schema\/person\/5b968ceec568a6aae87bd2b04b5d995b\"},\"breadcrumb\":{\"@id\":\"https:\/\/jag.se\/opinion\/jag-gor-det-har-for-kennys-skull\/#breadcrumb\"},\"inLanguage\":\"sv-SE\",\"potentialAction\":[{\"@type\":\"ReadAction\",\"target\":[\"https:\/\/jag.se\/opinion\/jag-gor-det-har-for-kennys-skull\/\"]}]},{\"@type\":\"BreadcrumbList\",\"@id\":\"https:\/\/jag.se\/opinion\/jag-gor-det-har-for-kennys-skull\/#breadcrumb\",\"itemListElement\":[{\"@type\":\"ListItem\",\"position\":1,\"name\":\"JAG start\",\"item\":\"https:\/\/jag.se\"},{\"@type\":\"ListItem\",\"position\":2,\"name\":\"Riksf\u00f6reningen JAG\",\"item\":\"https:\/\/jag.se\/opinion\/\"},{\"@type\":\"ListItem\",\"position\":3,\"name\":\"&#8221;Jag g\u00f6r det h\u00e4r f\u00f6r Kennys skull&#8221;\"}]},{\"@type\":\"WebSite\",\"@id\":\"https:\/\/jag.se\/opinion\/#website\",\"url\":\"https:\/\/jag.se\/opinion\/\",\"name\":\"JAG Opinion\",\"description\":\"\",\"potentialAction\":[{\"@type\":\"SearchAction\",\"target\":{\"@type\":\"EntryPoint\",\"urlTemplate\":\"https:\/\/jag.se\/opinion\/?s={search_term_string}\"},\"query-input\":\"required name=search_term_string\"}],\"inLanguage\":\"sv-SE\"},{\"@type\":\"Person\",\"@id\":\"https:\/\/jag.se\/opinion\/#\/schema\/person\/5b968ceec568a6aae87bd2b04b5d995b\",\"name\":\"Kerstin Sellin\",\"image\":{\"@type\":\"ImageObject\",\"inLanguage\":\"sv-SE\",\"@id\":\"https:\/\/jag.se\/opinion\/#\/schema\/person\/image\/\",\"url\":\"https:\/\/secure.gravatar.com\/avatar\/8186ebe5b7809ff59c7d59f361424f7bbdb039cd25b26fa93e861f6ee8e199b6?s=96&d=mm&r=g\",\"contentUrl\":\"https:\/\/secure.gravatar.com\/avatar\/8186ebe5b7809ff59c7d59f361424f7bbdb039cd25b26fa93e861f6ee8e199b6?s=96&d=mm&r=g\",\"caption\":\"Kerstin Sellin\"}}]}<\/script>\n<!-- \/ Yoast SEO plugin. -->","yoast_head_json":{"title":"\"Jag g\u00f6r det h\u00e4r f\u00f6r Kennys skull\" - JAG Opinion","robots":{"index":"index","follow":"follow","max-snippet":"max-snippet:-1","max-image-preview":"max-image-preview:large","max-video-preview":"max-video-preview:-1"},"canonical":"https:\/\/jag.se\/opinion\/jag-gor-det-har-for-kennys-skull\/","og_locale":"sv_SE","og_type":"article","og_title":"\"Jag g\u00f6r det h\u00e4r f\u00f6r Kennys skull\" - JAG Opinion","og_description":"\u2013 Det \u00e4r en utmaning att vara personlig arbetsledare men man l\u00e4r sig med tiden, s\u00e4ger Maria Arkest\u00e5l, mamma och god man till Kenny Brandt i Kristianstad. N\u00e4r du ringer till JAGs r\u00e5dgivare i Svar direkt kan du bli kopplad till Maria Arkest\u00e5l, 58. Ut\u00f6ver sitt arbete p\u00e5 JAGs kansli \u00e4r Maria personlig arbetsledare i","og_url":"https:\/\/jag.se\/opinion\/jag-gor-det-har-for-kennys-skull\/","og_site_name":"JAG Opinion","article_published_time":"2024-12-27T09:37:36+00:00","article_modified_time":"2024-12-27T09:46:59+00:00","og_image":[{"width":1440,"height":1381,"url":"https:\/\/jag.se\/opinion\/wp-content\/uploads\/sites\/3\/2024\/12\/dzqkrdor.png","type":"image\/png"}],"author":"Kerstin Sellin","twitter_card":"summary_large_image","twitter_misc":{"Skriven av":"Kerstin Sellin","Ber\u00e4knad l\u00e4stid":"3 minuter"},"schema":{"@context":"https:\/\/schema.org","@graph":[{"@type":"WebPage","@id":"https:\/\/jag.se\/opinion\/jag-gor-det-har-for-kennys-skull\/","url":"https:\/\/jag.se\/opinion\/jag-gor-det-har-for-kennys-skull\/","name":"\"Jag g\u00f6r det h\u00e4r f\u00f6r Kennys skull\" - JAG Opinion","isPartOf":{"@id":"https:\/\/jag.se\/opinion\/#website"},"datePublished":"2024-12-27T09:37:36+00:00","dateModified":"2024-12-27T09:46:59+00:00","author":{"@id":"https:\/\/jag.se\/opinion\/#\/schema\/person\/5b968ceec568a6aae87bd2b04b5d995b"},"breadcrumb":{"@id":"https:\/\/jag.se\/opinion\/jag-gor-det-har-for-kennys-skull\/#breadcrumb"},"inLanguage":"sv-SE","potentialAction":[{"@type":"ReadAction","target":["https:\/\/jag.se\/opinion\/jag-gor-det-har-for-kennys-skull\/"]}]},{"@type":"BreadcrumbList","@id":"https:\/\/jag.se\/opinion\/jag-gor-det-har-for-kennys-skull\/#breadcrumb","itemListElement":[{"@type":"ListItem","position":1,"name":"JAG start","item":"https:\/\/jag.se"},{"@type":"ListItem","position":2,"name":"Riksf\u00f6reningen JAG","item":"https:\/\/jag.se\/opinion\/"},{"@type":"ListItem","position":3,"name":"&#8221;Jag g\u00f6r det h\u00e4r f\u00f6r Kennys skull&#8221;"}]},{"@type":"WebSite","@id":"https:\/\/jag.se\/opinion\/#website","url":"https:\/\/jag.se\/opinion\/","name":"JAG Opinion","description":"","potentialAction":[{"@type":"SearchAction","target":{"@type":"EntryPoint","urlTemplate":"https:\/\/jag.se\/opinion\/?s={search_term_string}"},"query-input":"required name=search_term_string"}],"inLanguage":"sv-SE"},{"@type":"Person","@id":"https:\/\/jag.se\/opinion\/#\/schema\/person\/5b968ceec568a6aae87bd2b04b5d995b","name":"Kerstin Sellin","image":{"@type":"ImageObject","inLanguage":"sv-SE","@id":"https:\/\/jag.se\/opinion\/#\/schema\/person\/image\/","url":"https:\/\/secure.gravatar.com\/avatar\/8186ebe5b7809ff59c7d59f361424f7bbdb039cd25b26fa93e861f6ee8e199b6?s=96&d=mm&r=g","contentUrl":"https:\/\/secure.gravatar.com\/avatar\/8186ebe5b7809ff59c7d59f361424f7bbdb039cd25b26fa93e861f6ee8e199b6?s=96&d=mm&r=g","caption":"Kerstin Sellin"}}]}},"_links":{"self":[{"href":"https:\/\/jag.se\/opinion\/wp-json\/wp\/v2\/posts\/26276","targetHints":{"allow":["GET"]}}],"collection":[{"href":"https:\/\/jag.se\/opinion\/wp-json\/wp\/v2\/posts"}],"about":[{"href":"https:\/\/jag.se\/opinion\/wp-json\/wp\/v2\/types\/post"}],"author":[{"embeddable":true,"href":"https:\/\/jag.se\/opinion\/wp-json\/wp\/v2\/users\/7"}],"replies":[{"embeddable":true,"href":"https:\/\/jag.se\/opinion\/wp-json\/wp\/v2\/comments?post=26276"}],"version-history":[{"count":4,"href":"https:\/\/jag.se\/opinion\/wp-json\/wp\/v2\/posts\/26276\/revisions"}],"predecessor-version":[{"id":26283,"href":"https:\/\/jag.se\/opinion\/wp-json\/wp\/v2\/posts\/26276\/revisions\/26283"}],"wp:featuredmedia":[{"embeddable":true,"href":"https:\/\/jag.se\/opinion\/wp-json\/wp\/v2\/media\/26279"}],"wp:attachment":[{"href":"https:\/\/jag.se\/opinion\/wp-json\/wp\/v2\/media?parent=26276"}],"wp:term":[{"taxonomy":"category","embeddable":true,"href":"https:\/\/jag.se\/opinion\/wp-json\/wp\/v2\/categories?post=26276"},{"taxonomy":"post_tag","embeddable":true,"href":"https:\/\/jag.se\/opinion\/wp-json\/wp\/v2\/tags?post=26276"}],"curies":[{"name":"wp","href":"https:\/\/api.w.org\/{rel}","templated":true}]}}