{"id":26426,"date":"2025-02-10T14:55:13","date_gmt":"2025-02-10T14:55:13","guid":{"rendered":"https:\/\/jag.se\/opinion\/?p=26426"},"modified":"2025-02-11T09:09:37","modified_gmt":"2025-02-11T09:09:37","slug":"fotoutstallningen-stod-till-stordad-visar-att-alla-kan-bidra","status":"publish","type":"post","link":"https:\/\/jag.se\/opinion\/fotoutstallningen-stod-till-stordad-visar-att-alla-kan-bidra\/","title":{"rendered":"Fotoutst\u00e4llningen St\u00f6d till stord\u00e5d visar att alla kan bidra"},"content":{"rendered":"<section class=\"text-block white  \">\n    <div class=\"block-icon\"><\/div>\n\t<div class=\"inner\">\n\t\t<div class=\"text-block-content\">\n\t\t\t\t\t<h2 class=\"\"> <\/h2>\n\t\t\t\t\t<p><strong>I fotoutst\u00e4llningen St\u00f6d till stord\u00e5d p\u00e5 V\u00e4rmlands museum i Karlstad m\u00f6ter du medarbetare i Vi vill bidra som alla har omfattande funktionsneds\u00e4ttningar och som med r\u00e4tt st\u00f6d kan inkluderas p\u00e5 arbetsmarknaden och bidra med sin kompetens och unika perspektiv.<\/strong><\/p>\n<p>I utst\u00e4llningen portr\u00e4tterar fotograf Magnus Selander ber\u00e4ttelser fr\u00e5n verkliga arbetsplatser med riktiga arbetsuppgifter \u2013 inte skyddade verkst\u00e4der eller sysslor utan mening. Tillsammans med kollegor, b\u00e5de med och utan funktionsneds\u00e4ttningar.\u00a0<\/p>\n\t\t<\/div>\n<\/section>\n\n\n\n<figure class=\"wp-block-image size-full\"><img loading=\"lazy\" decoding=\"async\" width=\"580\" height=\"213\" src=\"https:\/\/jag.se\/opinion\/wp-content\/uploads\/sites\/3\/2025\/02\/Alla-deltagare_1_low-2.jpg\" alt=\"\" class=\"wp-image-26458\" srcset=\"https:\/\/jag.se\/opinion\/wp-content\/uploads\/sites\/3\/2025\/02\/Alla-deltagare_1_low-2.jpg 580w, https:\/\/jag.se\/opinion\/wp-content\/uploads\/sites\/3\/2025\/02\/Alla-deltagare_1_low-2-300x110.jpg 300w, https:\/\/jag.se\/opinion\/wp-content\/uploads\/sites\/3\/2025\/02\/Alla-deltagare_1_low-2-272x100.jpg 272w, https:\/\/jag.se\/opinion\/wp-content\/uploads\/sites\/3\/2025\/02\/Alla-deltagare_1_low-2-120x44.jpg 120w, https:\/\/jag.se\/opinion\/wp-content\/uploads\/sites\/3\/2025\/02\/Alla-deltagare_1_low-2-540x198.jpg 540w, https:\/\/jag.se\/opinion\/wp-content\/uploads\/sites\/3\/2025\/02\/Alla-deltagare_1_low-2-150x55.jpg 150w, https:\/\/jag.se\/opinion\/wp-content\/uploads\/sites\/3\/2025\/02\/Alla-deltagare_1_low-2-311x114.jpg 311w, https:\/\/jag.se\/opinion\/wp-content\/uploads\/sites\/3\/2025\/02\/Alla-deltagare_1_low-2-369x136.jpg 369w, https:\/\/jag.se\/opinion\/wp-content\/uploads\/sites\/3\/2025\/02\/Alla-deltagare_1_low-2-374x137.jpg 374w, https:\/\/jag.se\/opinion\/wp-content\/uploads\/sites\/3\/2025\/02\/Alla-deltagare_1_low-2-136x50.jpg 136w\" sizes=\"auto, (max-width: 580px) 100vw, 580px\" \/><figcaption class=\"wp-element-caption\">Medarbetare i Vi vill bidra tillsammans med bes\u00f6kare framf\u00f6r fotografierna fr\u00e5n olika arbetsplatser vid vernissaget den 7 februari p\u00e5 V\u00e4rmlands museum. Foto: JAG.<\/figcaption><\/figure>\n\n\n<section class=\"text-block white  \">\n    <div class=\"block-icon\"><\/div>\n\t<div class=\"inner\">\n\t\t<div class=\"text-block-content\">\n\t\t\t\t\t\t<\/div>\n<\/section>\n\n\n<section class=\"text-block white  \">\n    <div class=\"block-icon\"><\/div>\n\t<div class=\"inner\">\n\t\t<div class=\"text-block-content\">\n\t\t\t\t<p><strong>Vad betyder arbete f\u00f6r dig?<\/strong> F\u00f6r medarbetare i Vi vill bidra handlar det om gemenskap, mening och att k\u00e4nna sig beh\u00f6vd.\u00a0<\/p>\n<p>\u201dAtt f\u00e5 tr\u00e4ffa m\u00e4nniskor. Att utf\u00f6ra en meningsfull syssla. Att k\u00e4nna stolthet. Att bli saknad n\u00e4r jag inte \u00e4r d\u00e4r.\u201d\u00a0S\u00e5 beskriver medarbetare k\u00e4nslan av att vara en del av Vi vill bidra. Kanske k\u00e4nner du igen dig? F\u00f6r de flesta handlar arbete om s\u00e5 mycket mer \u00e4n en l\u00f6n \u2013 det \u00e4r ett s\u00e4tt att k\u00e4nna samh\u00f6righet, vara beh\u00f6vd och skapa mening i livet.\u00a0<\/p>\n<p><strong>Alla kan bidra<\/strong>. Alla m\u00e4nniskor kan g\u00f6ra en insats, till 100% av sin egen f\u00f6rm\u00e5ga. Det har Vi vill bidras modell g\u00e5ng p\u00e5 g\u00e5ng visat, d\u00e4r personer med omfattande funktionsneds\u00e4ttningar, med st\u00f6d av personlig assistans, f\u00e5r m\u00f6jlighet att delta p\u00e5 den vanliga arbetsmarknaden.<\/p>\n\t\t<\/div>\n<\/section>\n\n\n\n<figure class=\"wp-block-image size-full\"><img loading=\"lazy\" decoding=\"async\" width=\"645\" height=\"283\" src=\"https:\/\/jag.se\/opinion\/wp-content\/uploads\/sites\/3\/2025\/02\/Portratt_1_low.jpg\" alt=\"\" class=\"wp-image-26454\" srcset=\"https:\/\/jag.se\/opinion\/wp-content\/uploads\/sites\/3\/2025\/02\/Portratt_1_low.jpg 645w, https:\/\/jag.se\/opinion\/wp-content\/uploads\/sites\/3\/2025\/02\/Portratt_1_low-300x132.jpg 300w, https:\/\/jag.se\/opinion\/wp-content\/uploads\/sites\/3\/2025\/02\/Portratt_1_low-228x100.jpg 228w, https:\/\/jag.se\/opinion\/wp-content\/uploads\/sites\/3\/2025\/02\/Portratt_1_low-120x53.jpg 120w, https:\/\/jag.se\/opinion\/wp-content\/uploads\/sites\/3\/2025\/02\/Portratt_1_low-540x237.jpg 540w, https:\/\/jag.se\/opinion\/wp-content\/uploads\/sites\/3\/2025\/02\/Portratt_1_low-601x264.jpg 601w, https:\/\/jag.se\/opinion\/wp-content\/uploads\/sites\/3\/2025\/02\/Portratt_1_low-150x66.jpg 150w, https:\/\/jag.se\/opinion\/wp-content\/uploads\/sites\/3\/2025\/02\/Portratt_1_low-311x136.jpg 311w, https:\/\/jag.se\/opinion\/wp-content\/uploads\/sites\/3\/2025\/02\/Portratt_1_low-369x162.jpg 369w, https:\/\/jag.se\/opinion\/wp-content\/uploads\/sites\/3\/2025\/02\/Portratt_1_low-374x164.jpg 374w, https:\/\/jag.se\/opinion\/wp-content\/uploads\/sites\/3\/2025\/02\/Portratt_1_low-114x50.jpg 114w\" sizes=\"auto, (max-width: 645px) 100vw, 645px\" \/><\/figure>\n\n\n<section class=\"text-block white  \">\n    <div class=\"block-icon\"><\/div>\n\t<div class=\"inner\">\n\t\t<div class=\"text-block-content\">\n\t\t\t\t<p><strong>Ett inkluderande arbetsliv<\/strong>. P\u00e5 arbetsplatsen m\u00f6ter medarbetarna livet som det \u00e4r \u2013 utanf\u00f6r s\u00e4rskilda lokaler och f\u00f6ruts\u00e4gbara ramar. H\u00e4r kan en arbeta, v\u00e4xa och bidra utifr\u00e5n ens villkor. Ut\u00f6ver att g\u00f6ra riktiga arbetsuppgifter, bidrar Vi vill bidra-medarbetarna ocks\u00e5 till \u00f6kad m\u00e5ngfald, tolerans och inkludering.\u00a0<\/p>\n<p>\u2013 P\u00e5 arbetsplatser runt om i samh\u00e4llet visar medarbetare i Vi vill bidra att m\u00e5ngfald st\u00e4rker och att alla, utifr\u00e5n sin egen f\u00f6rm\u00e5ga, kan bidra, s\u00e4ger Anna Karlsson, verksamhetsansvarig p\u00e5 Vi vill bidra.<\/p>\n\t\t<\/div>\n<\/section>\n\n\n\n<figure class=\"wp-block-image size-full\"><img loading=\"lazy\" decoding=\"async\" width=\"652\" height=\"283\" src=\"https:\/\/jag.se\/opinion\/wp-content\/uploads\/sites\/3\/2025\/02\/portratt_2_low.jpg\" alt=\"\" class=\"wp-image-26461\" srcset=\"https:\/\/jag.se\/opinion\/wp-content\/uploads\/sites\/3\/2025\/02\/portratt_2_low.jpg 652w, https:\/\/jag.se\/opinion\/wp-content\/uploads\/sites\/3\/2025\/02\/portratt_2_low-300x130.jpg 300w, https:\/\/jag.se\/opinion\/wp-content\/uploads\/sites\/3\/2025\/02\/portratt_2_low-230x100.jpg 230w, https:\/\/jag.se\/opinion\/wp-content\/uploads\/sites\/3\/2025\/02\/portratt_2_low-120x52.jpg 120w, https:\/\/jag.se\/opinion\/wp-content\/uploads\/sites\/3\/2025\/02\/portratt_2_low-540x234.jpg 540w, https:\/\/jag.se\/opinion\/wp-content\/uploads\/sites\/3\/2025\/02\/portratt_2_low-601x261.jpg 601w, https:\/\/jag.se\/opinion\/wp-content\/uploads\/sites\/3\/2025\/02\/portratt_2_low-150x65.jpg 150w, https:\/\/jag.se\/opinion\/wp-content\/uploads\/sites\/3\/2025\/02\/portratt_2_low-311x135.jpg 311w, https:\/\/jag.se\/opinion\/wp-content\/uploads\/sites\/3\/2025\/02\/portratt_2_low-369x160.jpg 369w, https:\/\/jag.se\/opinion\/wp-content\/uploads\/sites\/3\/2025\/02\/portratt_2_low-374x162.jpg 374w, https:\/\/jag.se\/opinion\/wp-content\/uploads\/sites\/3\/2025\/02\/portratt_2_low-115x50.jpg 115w\" sizes=\"auto, (max-width: 652px) 100vw, 652px\" \/><figcaption class=\"wp-element-caption\">Kenneth Pakarinen, arbetar p\u00e5 Teknik- och fastighetsf\u00f6rvaltningen i Karlstad kommun. Josefine Abrahamsson, mitten, och Andrea Jarl jobbar som caf\u00e9bitr\u00e4den p\u00e5 Jossans caf\u00e9 i Forshaga.<\/figcaption><\/figure>\n\n\n<section class=\"text-block white  \">\n    <div class=\"block-icon\"><\/div>\n\t<div class=\"inner\">\n\t\t<div class=\"text-block-content\">\n\t\t\t\t<p>Bilderna i artikeln visar Vi vill bidra-medarbetare i samband med utst\u00e4llningens vernissage den 7 februari. L\u00e5t dig inspireras av allas erfarenheter och se hur vi tillsammans kan skapa ett arbetsliv d\u00e4r fler f\u00e5r m\u00f6jlighet att bidra.\u00a0<\/p>\n<p><strong>Vi vill \u2013 och kan \u2013 bidra. Tillsammans f\u00f6r\u00e4ndrar vi arbetsmarknaden.<\/strong>\u00a0<\/p>\n<p><strong>Utst\u00e4llningen St\u00f6d till stord\u00e5d p\u00e5g\u00e5r 7 \u2013 23 februari 2025 p\u00e5 V\u00e4rmlands museum i Karlstad. Fotograf: Magnus Selander. Fri entr\u00e9.<\/strong><\/p>\n\t\t<\/div>\n<\/section>\n","protected":false},"excerpt":{"rendered":"","protected":false},"author":9,"featured_media":26431,"comment_status":"open","ping_status":"open","sticky":false,"template":"","format":"standard","meta":{"footnotes":""},"categories":[1],"tags":[],"class_list":["post-26426","post","type-post","status-publish","format-standard","has-post-thumbnail","hentry","category-uncategorized"],"acf":[],"yoast_head":"<!-- This site is optimized with the Yoast SEO plugin v21.3 - https:\/\/yoast.com\/wordpress\/plugins\/seo\/ -->\n<title>Fotoutst\u00e4llningen St\u00f6d till stord\u00e5d visar att alla kan bidra - JAG Opinion<\/title>\n<meta name=\"robots\" content=\"index, follow, max-snippet:-1, max-image-preview:large, max-video-preview:-1\" \/>\n<link rel=\"canonical\" href=\"https:\/\/jag.se\/opinion\/fotoutstallningen-stod-till-stordad-visar-att-alla-kan-bidra\/\" \/>\n<meta property=\"og:locale\" content=\"sv_SE\" \/>\n<meta property=\"og:type\" content=\"article\" \/>\n<meta property=\"og:title\" content=\"Fotoutst\u00e4llningen St\u00f6d till stord\u00e5d visar att alla kan bidra - JAG Opinion\" \/>\n<meta property=\"og:url\" content=\"https:\/\/jag.se\/opinion\/fotoutstallningen-stod-till-stordad-visar-att-alla-kan-bidra\/\" \/>\n<meta property=\"og:site_name\" content=\"JAG Opinion\" \/>\n<meta property=\"article:published_time\" content=\"2025-02-10T14:55:13+00:00\" \/>\n<meta property=\"article:modified_time\" content=\"2025-02-11T09:09:37+00:00\" \/>\n<meta property=\"og:image\" content=\"https:\/\/jag.se\/opinion\/wp-content\/uploads\/sites\/3\/2025\/02\/MG_2157_low.jpg\" \/>\n\t<meta property=\"og:image:width\" content=\"609\" \/>\n\t<meta property=\"og:image:height\" content=\"406\" \/>\n\t<meta property=\"og:image:type\" content=\"image\/jpeg\" \/>\n<meta name=\"author\" content=\"Asa Emtelin\" \/>\n<meta name=\"twitter:card\" content=\"summary_large_image\" \/>\n<meta name=\"twitter:label1\" content=\"Skriven av\" \/>\n\t<meta name=\"twitter:data1\" content=\"Asa Emtelin\" \/>\n\t<meta name=\"twitter:label2\" content=\"Ber\u00e4knad l\u00e4stid\" \/>\n\t<meta name=\"twitter:data2\" content=\"1 minut\" \/>\n<script type=\"application\/ld+json\" class=\"yoast-schema-graph\">{\"@context\":\"https:\/\/schema.org\",\"@graph\":[{\"@type\":\"WebPage\",\"@id\":\"https:\/\/jag.se\/opinion\/fotoutstallningen-stod-till-stordad-visar-att-alla-kan-bidra\/\",\"url\":\"https:\/\/jag.se\/opinion\/fotoutstallningen-stod-till-stordad-visar-att-alla-kan-bidra\/\",\"name\":\"Fotoutst\u00e4llningen St\u00f6d till stord\u00e5d visar att alla kan bidra - JAG Opinion\",\"isPartOf\":{\"@id\":\"https:\/\/jag.se\/opinion\/#website\"},\"datePublished\":\"2025-02-10T14:55:13+00:00\",\"dateModified\":\"2025-02-11T09:09:37+00:00\",\"author\":{\"@id\":\"https:\/\/jag.se\/opinion\/#\/schema\/person\/4cde5b355d0fc01b846bac45df068e22\"},\"breadcrumb\":{\"@id\":\"https:\/\/jag.se\/opinion\/fotoutstallningen-stod-till-stordad-visar-att-alla-kan-bidra\/#breadcrumb\"},\"inLanguage\":\"sv-SE\",\"potentialAction\":[{\"@type\":\"ReadAction\",\"target\":[\"https:\/\/jag.se\/opinion\/fotoutstallningen-stod-till-stordad-visar-att-alla-kan-bidra\/\"]}]},{\"@type\":\"BreadcrumbList\",\"@id\":\"https:\/\/jag.se\/opinion\/fotoutstallningen-stod-till-stordad-visar-att-alla-kan-bidra\/#breadcrumb\",\"itemListElement\":[{\"@type\":\"ListItem\",\"position\":1,\"name\":\"JAG start\",\"item\":\"https:\/\/jag.se\"},{\"@type\":\"ListItem\",\"position\":2,\"name\":\"Riksf\u00f6reningen JAG\",\"item\":\"https:\/\/jag.se\/opinion\/\"},{\"@type\":\"ListItem\",\"position\":3,\"name\":\"Fotoutst\u00e4llningen St\u00f6d till stord\u00e5d visar att alla kan bidra\"}]},{\"@type\":\"WebSite\",\"@id\":\"https:\/\/jag.se\/opinion\/#website\",\"url\":\"https:\/\/jag.se\/opinion\/\",\"name\":\"JAG Opinion\",\"description\":\"\",\"potentialAction\":[{\"@type\":\"SearchAction\",\"target\":{\"@type\":\"EntryPoint\",\"urlTemplate\":\"https:\/\/jag.se\/opinion\/?s={search_term_string}\"},\"query-input\":\"required name=search_term_string\"}],\"inLanguage\":\"sv-SE\"},{\"@type\":\"Person\",\"@id\":\"https:\/\/jag.se\/opinion\/#\/schema\/person\/4cde5b355d0fc01b846bac45df068e22\",\"name\":\"Asa Emtelin\",\"image\":{\"@type\":\"ImageObject\",\"inLanguage\":\"sv-SE\",\"@id\":\"https:\/\/jag.se\/opinion\/#\/schema\/person\/image\/\",\"url\":\"https:\/\/secure.gravatar.com\/avatar\/73fad270be25e2762b83219f26f69b57ac5c8122d333e45e7cdce054f17f3ce3?s=96&d=mm&r=g\",\"contentUrl\":\"https:\/\/secure.gravatar.com\/avatar\/73fad270be25e2762b83219f26f69b57ac5c8122d333e45e7cdce054f17f3ce3?s=96&d=mm&r=g\",\"caption\":\"Asa Emtelin\"}}]}<\/script>\n<!-- \/ Yoast SEO plugin. -->","yoast_head_json":{"title":"Fotoutst\u00e4llningen St\u00f6d till stord\u00e5d visar att alla kan bidra - JAG Opinion","robots":{"index":"index","follow":"follow","max-snippet":"max-snippet:-1","max-image-preview":"max-image-preview:large","max-video-preview":"max-video-preview:-1"},"canonical":"https:\/\/jag.se\/opinion\/fotoutstallningen-stod-till-stordad-visar-att-alla-kan-bidra\/","og_locale":"sv_SE","og_type":"article","og_title":"Fotoutst\u00e4llningen St\u00f6d till stord\u00e5d visar att alla kan bidra - JAG Opinion","og_url":"https:\/\/jag.se\/opinion\/fotoutstallningen-stod-till-stordad-visar-att-alla-kan-bidra\/","og_site_name":"JAG Opinion","article_published_time":"2025-02-10T14:55:13+00:00","article_modified_time":"2025-02-11T09:09:37+00:00","og_image":[{"width":609,"height":406,"url":"https:\/\/jag.se\/opinion\/wp-content\/uploads\/sites\/3\/2025\/02\/MG_2157_low.jpg","type":"image\/jpeg"}],"author":"Asa Emtelin","twitter_card":"summary_large_image","twitter_misc":{"Skriven av":"Asa Emtelin","Ber\u00e4knad l\u00e4stid":"1 minut"},"schema":{"@context":"https:\/\/schema.org","@graph":[{"@type":"WebPage","@id":"https:\/\/jag.se\/opinion\/fotoutstallningen-stod-till-stordad-visar-att-alla-kan-bidra\/","url":"https:\/\/jag.se\/opinion\/fotoutstallningen-stod-till-stordad-visar-att-alla-kan-bidra\/","name":"Fotoutst\u00e4llningen St\u00f6d till stord\u00e5d visar att alla kan bidra - JAG Opinion","isPartOf":{"@id":"https:\/\/jag.se\/opinion\/#website"},"datePublished":"2025-02-10T14:55:13+00:00","dateModified":"2025-02-11T09:09:37+00:00","author":{"@id":"https:\/\/jag.se\/opinion\/#\/schema\/person\/4cde5b355d0fc01b846bac45df068e22"},"breadcrumb":{"@id":"https:\/\/jag.se\/opinion\/fotoutstallningen-stod-till-stordad-visar-att-alla-kan-bidra\/#breadcrumb"},"inLanguage":"sv-SE","potentialAction":[{"@type":"ReadAction","target":["https:\/\/jag.se\/opinion\/fotoutstallningen-stod-till-stordad-visar-att-alla-kan-bidra\/"]}]},{"@type":"BreadcrumbList","@id":"https:\/\/jag.se\/opinion\/fotoutstallningen-stod-till-stordad-visar-att-alla-kan-bidra\/#breadcrumb","itemListElement":[{"@type":"ListItem","position":1,"name":"JAG start","item":"https:\/\/jag.se"},{"@type":"ListItem","position":2,"name":"Riksf\u00f6reningen JAG","item":"https:\/\/jag.se\/opinion\/"},{"@type":"ListItem","position":3,"name":"Fotoutst\u00e4llningen St\u00f6d till stord\u00e5d visar att alla kan bidra"}]},{"@type":"WebSite","@id":"https:\/\/jag.se\/opinion\/#website","url":"https:\/\/jag.se\/opinion\/","name":"JAG Opinion","description":"","potentialAction":[{"@type":"SearchAction","target":{"@type":"EntryPoint","urlTemplate":"https:\/\/jag.se\/opinion\/?s={search_term_string}"},"query-input":"required name=search_term_string"}],"inLanguage":"sv-SE"},{"@type":"Person","@id":"https:\/\/jag.se\/opinion\/#\/schema\/person\/4cde5b355d0fc01b846bac45df068e22","name":"Asa Emtelin","image":{"@type":"ImageObject","inLanguage":"sv-SE","@id":"https:\/\/jag.se\/opinion\/#\/schema\/person\/image\/","url":"https:\/\/secure.gravatar.com\/avatar\/73fad270be25e2762b83219f26f69b57ac5c8122d333e45e7cdce054f17f3ce3?s=96&d=mm&r=g","contentUrl":"https:\/\/secure.gravatar.com\/avatar\/73fad270be25e2762b83219f26f69b57ac5c8122d333e45e7cdce054f17f3ce3?s=96&d=mm&r=g","caption":"Asa Emtelin"}}]}},"_links":{"self":[{"href":"https:\/\/jag.se\/opinion\/wp-json\/wp\/v2\/posts\/26426","targetHints":{"allow":["GET"]}}],"collection":[{"href":"https:\/\/jag.se\/opinion\/wp-json\/wp\/v2\/posts"}],"about":[{"href":"https:\/\/jag.se\/opinion\/wp-json\/wp\/v2\/types\/post"}],"author":[{"embeddable":true,"href":"https:\/\/jag.se\/opinion\/wp-json\/wp\/v2\/users\/9"}],"replies":[{"embeddable":true,"href":"https:\/\/jag.se\/opinion\/wp-json\/wp\/v2\/comments?post=26426"}],"version-history":[{"count":39,"href":"https:\/\/jag.se\/opinion\/wp-json\/wp\/v2\/posts\/26426\/revisions"}],"predecessor-version":[{"id":26476,"href":"https:\/\/jag.se\/opinion\/wp-json\/wp\/v2\/posts\/26426\/revisions\/26476"}],"wp:featuredmedia":[{"embeddable":true,"href":"https:\/\/jag.se\/opinion\/wp-json\/wp\/v2\/media\/26431"}],"wp:attachment":[{"href":"https:\/\/jag.se\/opinion\/wp-json\/wp\/v2\/media?parent=26426"}],"wp:term":[{"taxonomy":"category","embeddable":true,"href":"https:\/\/jag.se\/opinion\/wp-json\/wp\/v2\/categories?post=26426"},{"taxonomy":"post_tag","embeddable":true,"href":"https:\/\/jag.se\/opinion\/wp-json\/wp\/v2\/tags?post=26426"}],"curies":[{"name":"wp","href":"https:\/\/api.w.org\/{rel}","templated":true}]}}