{"id":26638,"date":"2025-02-24T13:40:55","date_gmt":"2025-02-24T13:40:55","guid":{"rendered":"https:\/\/jag.se\/opinion\/?p=26638"},"modified":"2025-02-24T15:15:19","modified_gmt":"2025-02-24T15:15:19","slug":"riksforeningen-jags-stod-till-god-man-gav-vinst-i-tingsratten","status":"publish","type":"post","link":"https:\/\/jag.se\/opinion\/riksforeningen-jags-stod-till-god-man-gav-vinst-i-tingsratten\/","title":{"rendered":"God man vann i tingsr\u00e4tten mot \u00f6verf\u00f6rmyndarn\u00e4mnd"},"content":{"rendered":"\n<p><strong>Lars Norlin blev p\u00e5 felaktig grund av med sitt godmanskap f\u00f6r sin bror n\u00e4r \u00d6stersunds \u00f6verf\u00f6rmyndarn\u00e4mnd under h\u00f6sten 2024, i ett svep, sa upp gode m\u00e4n som ocks\u00e5 arbetar som personlig assistent. Lars Norlin \u00f6verklagade och fick med juridiskt st\u00f6d av Riksf\u00f6reningen JAG nyligen r\u00e4tt i tingsr\u00e4tten och vann d\u00e4rmed tillbaka sitt godmanskap.<\/strong><\/p>\n\n\n\n<p>\u00d6stersunds kommun hade i \u00e5rsr\u00e4kningen f\u00f6r 2024 bett om uppgift ifall gode mannen \u00e4ven arbetar som personlig assistent till sin huvudman. \u00d6verf\u00f6rmyndarn\u00e4mnden h\u00e4vdade sedan att det fanns risk f\u00f6r j\u00e4v och intressekonflikt och att gode m\u00e4n som ocks\u00e5 jobbar som assistent m\u00e5ste avsluta godmansuppdraget. Utan att n\u00e5gon utredning i det enskilda fallet gjorts.<\/p>\n\n\n\n<p>Med st\u00f6d fr\u00e5n Anna Strimbold, jurist p\u00e5 JAG, med gedigen kunskap och erfarenhet av regelverket kring godmanskap, vann allts\u00e5 Lars Norlin mot kommunen i Tingsr\u00e4tten.<\/p>\n\n\n\n<p>Lars Norlin har varit god man till sin bror i 17 \u00e5r utan anm\u00e4rkningar och tingsr\u00e4tten konstaterade efter \u00f6verklagandet att brodern har s\u00e5 pass omfattande funktionsneds\u00e4ttningar att han beh\u00f6ver en god man som k\u00e4nner honom v\u00e4l och som han kan kommunicera med. Det v\u00e4gde \u00f6ver \u00f6verf\u00f6rmyndarens misstanke om risk f\u00f6r intressekonflikt vid f\u00f6renade roller.<\/p>\n\n\n\n<p>\u2013 Det \u00e4r lika viktigt f\u00f6r varje god man, oavsett relation med huvudmannen, att f\u00f6lja grundl\u00e4ggande krav som att noggrant h\u00e5lla sin egen och huvudmannens\u00a0ekonomi \u00e5tskilda, och kunna motivera alla sina beslut och\u00a0\u00e5tg\u00e4rder utifr\u00e5n huvudmannens b\u00e4sta, s\u00e4ger Anna Strimbold, verksamhetsjurist p\u00e5 Riksf\u00f6reningen JAG, den som g\u00f6r det uppfyller sitt uppdrag, forts\u00e4tter hon.<\/p>\n\n\n\n<p>Riksf\u00f6reningen JAG f\u00e5r d\u00e5 och d\u00e5 samtal fr\u00e5n gode m\u00e4n som \u00e4r b\u00e5de anh\u00f6riga och personliga assistenter till huvudmannen och ber\u00e4ttar att de blir ifr\u00e5gasatta av \u00f6verf\u00f6rmyndarn\u00e4mnder utan att ha gjort n\u00e5got fel. <\/p>\n\n\n\n<p>\u2013 Det beror m\u00e5nga g\u00e5nger p\u00e5 f\u00f6rdomar och \u00e5sikter, som det \u00e4r sv\u00e5rt att skydda sig mot. Det som \u00e4r viktigt d\u00e5 \u00e4r att kunna\u00a0bem\u00f6ta felaktiga p\u00e5st\u00e5enden\u00a0om vad det \u00e4r som g\u00e4ller n\u00e4r en god mans l\u00e4mplighet ska bed\u00f6mas, s\u00e4ger Anna Strimbold.<\/p>\n\n\n\n<p>Det h\u00e4r \u00e4r en av Riksf\u00f6reningen JAGs viktiga k\u00e4rnfr\u00e5gor och det finns kunskap och st\u00f6d att h\u00e4mta av f\u00f6reningen f\u00f6r den som beh\u00f6ver.<\/p>\n\n\n\n<p><\/p>\n","protected":false},"excerpt":{"rendered":"<p>Lars Norlin blev p\u00e5 felaktig grund av med sitt godmanskap f\u00f6r sin bror n\u00e4r \u00d6stersunds \u00f6verf\u00f6rmyndarn\u00e4mnd under h\u00f6sten 2024, i ett svep, sa upp gode m\u00e4n som ocks\u00e5 arbetar som personlig assistent. Lars Norlin \u00f6verklagade och fick med juridiskt st\u00f6d av Riksf\u00f6reningen JAG nyligen r\u00e4tt i tingsr\u00e4tten och vann d\u00e4rmed tillbaka sitt godmanskap. \u00d6stersunds kommun<\/p>\n","protected":false},"author":9,"featured_media":26640,"comment_status":"open","ping_status":"open","sticky":false,"template":"","format":"standard","meta":{"footnotes":""},"categories":[1],"tags":[],"class_list":["post-26638","post","type-post","status-publish","format-standard","has-post-thumbnail","hentry","category-uncategorized"],"acf":[],"yoast_head":"<!-- This site is optimized with the Yoast SEO plugin v21.3 - https:\/\/yoast.com\/wordpress\/plugins\/seo\/ -->\n<title>God man vann i tingsr\u00e4tten mot \u00f6verf\u00f6rmyndarn\u00e4mnd - JAG Opinion<\/title>\n<meta name=\"robots\" content=\"index, follow, max-snippet:-1, max-image-preview:large, max-video-preview:-1\" \/>\n<link rel=\"canonical\" href=\"https:\/\/jag.se\/opinion\/riksforeningen-jags-stod-till-god-man-gav-vinst-i-tingsratten\/\" \/>\n<meta property=\"og:locale\" content=\"sv_SE\" \/>\n<meta property=\"og:type\" content=\"article\" \/>\n<meta property=\"og:title\" content=\"God man vann i tingsr\u00e4tten mot \u00f6verf\u00f6rmyndarn\u00e4mnd - JAG Opinion\" \/>\n<meta property=\"og:description\" content=\"Lars Norlin blev p\u00e5 felaktig grund av med sitt godmanskap f\u00f6r sin bror n\u00e4r \u00d6stersunds \u00f6verf\u00f6rmyndarn\u00e4mnd under h\u00f6sten 2024, i ett svep, sa upp gode m\u00e4n som ocks\u00e5 arbetar som personlig assistent. Lars Norlin \u00f6verklagade och fick med juridiskt st\u00f6d av Riksf\u00f6reningen JAG nyligen r\u00e4tt i tingsr\u00e4tten och vann d\u00e4rmed tillbaka sitt godmanskap. \u00d6stersunds kommun\" \/>\n<meta property=\"og:url\" content=\"https:\/\/jag.se\/opinion\/riksforeningen-jags-stod-till-god-man-gav-vinst-i-tingsratten\/\" \/>\n<meta property=\"og:site_name\" content=\"JAG Opinion\" \/>\n<meta property=\"article:published_time\" content=\"2025-02-24T13:40:55+00:00\" \/>\n<meta property=\"article:modified_time\" content=\"2025-02-24T15:15:19+00:00\" \/>\n<meta property=\"og:image\" content=\"https:\/\/jag.se\/opinion\/wp-content\/uploads\/sites\/3\/2025\/02\/Anna-Strimbold.jpg\" \/>\n\t<meta property=\"og:image:width\" content=\"661\" \/>\n\t<meta property=\"og:image:height\" content=\"532\" \/>\n\t<meta property=\"og:image:type\" content=\"image\/jpeg\" \/>\n<meta name=\"author\" content=\"Asa Emtelin\" \/>\n<meta name=\"twitter:card\" content=\"summary_large_image\" \/>\n<meta name=\"twitter:label1\" content=\"Skriven av\" \/>\n\t<meta name=\"twitter:data1\" content=\"Asa Emtelin\" \/>\n\t<meta name=\"twitter:label2\" content=\"Ber\u00e4knad l\u00e4stid\" \/>\n\t<meta name=\"twitter:data2\" content=\"2 minuter\" \/>\n<script type=\"application\/ld+json\" class=\"yoast-schema-graph\">{\"@context\":\"https:\/\/schema.org\",\"@graph\":[{\"@type\":\"WebPage\",\"@id\":\"https:\/\/jag.se\/opinion\/riksforeningen-jags-stod-till-god-man-gav-vinst-i-tingsratten\/\",\"url\":\"https:\/\/jag.se\/opinion\/riksforeningen-jags-stod-till-god-man-gav-vinst-i-tingsratten\/\",\"name\":\"God man vann i tingsr\u00e4tten mot \u00f6verf\u00f6rmyndarn\u00e4mnd - JAG Opinion\",\"isPartOf\":{\"@id\":\"https:\/\/jag.se\/opinion\/#website\"},\"datePublished\":\"2025-02-24T13:40:55+00:00\",\"dateModified\":\"2025-02-24T15:15:19+00:00\",\"author\":{\"@id\":\"https:\/\/jag.se\/opinion\/#\/schema\/person\/4cde5b355d0fc01b846bac45df068e22\"},\"breadcrumb\":{\"@id\":\"https:\/\/jag.se\/opinion\/riksforeningen-jags-stod-till-god-man-gav-vinst-i-tingsratten\/#breadcrumb\"},\"inLanguage\":\"sv-SE\",\"potentialAction\":[{\"@type\":\"ReadAction\",\"target\":[\"https:\/\/jag.se\/opinion\/riksforeningen-jags-stod-till-god-man-gav-vinst-i-tingsratten\/\"]}]},{\"@type\":\"BreadcrumbList\",\"@id\":\"https:\/\/jag.se\/opinion\/riksforeningen-jags-stod-till-god-man-gav-vinst-i-tingsratten\/#breadcrumb\",\"itemListElement\":[{\"@type\":\"ListItem\",\"position\":1,\"name\":\"JAG start\",\"item\":\"https:\/\/jag.se\"},{\"@type\":\"ListItem\",\"position\":2,\"name\":\"Riksf\u00f6reningen JAG\",\"item\":\"https:\/\/jag.se\/opinion\/\"},{\"@type\":\"ListItem\",\"position\":3,\"name\":\"God man vann i tingsr\u00e4tten mot \u00f6verf\u00f6rmyndarn\u00e4mnd\"}]},{\"@type\":\"WebSite\",\"@id\":\"https:\/\/jag.se\/opinion\/#website\",\"url\":\"https:\/\/jag.se\/opinion\/\",\"name\":\"JAG Opinion\",\"description\":\"\",\"potentialAction\":[{\"@type\":\"SearchAction\",\"target\":{\"@type\":\"EntryPoint\",\"urlTemplate\":\"https:\/\/jag.se\/opinion\/?s={search_term_string}\"},\"query-input\":\"required name=search_term_string\"}],\"inLanguage\":\"sv-SE\"},{\"@type\":\"Person\",\"@id\":\"https:\/\/jag.se\/opinion\/#\/schema\/person\/4cde5b355d0fc01b846bac45df068e22\",\"name\":\"Asa Emtelin\",\"image\":{\"@type\":\"ImageObject\",\"inLanguage\":\"sv-SE\",\"@id\":\"https:\/\/jag.se\/opinion\/#\/schema\/person\/image\/\",\"url\":\"https:\/\/secure.gravatar.com\/avatar\/73fad270be25e2762b83219f26f69b57ac5c8122d333e45e7cdce054f17f3ce3?s=96&d=mm&r=g\",\"contentUrl\":\"https:\/\/secure.gravatar.com\/avatar\/73fad270be25e2762b83219f26f69b57ac5c8122d333e45e7cdce054f17f3ce3?s=96&d=mm&r=g\",\"caption\":\"Asa Emtelin\"}}]}<\/script>\n<!-- \/ Yoast SEO plugin. -->","yoast_head_json":{"title":"God man vann i tingsr\u00e4tten mot \u00f6verf\u00f6rmyndarn\u00e4mnd - JAG Opinion","robots":{"index":"index","follow":"follow","max-snippet":"max-snippet:-1","max-image-preview":"max-image-preview:large","max-video-preview":"max-video-preview:-1"},"canonical":"https:\/\/jag.se\/opinion\/riksforeningen-jags-stod-till-god-man-gav-vinst-i-tingsratten\/","og_locale":"sv_SE","og_type":"article","og_title":"God man vann i tingsr\u00e4tten mot \u00f6verf\u00f6rmyndarn\u00e4mnd - JAG Opinion","og_description":"Lars Norlin blev p\u00e5 felaktig grund av med sitt godmanskap f\u00f6r sin bror n\u00e4r \u00d6stersunds \u00f6verf\u00f6rmyndarn\u00e4mnd under h\u00f6sten 2024, i ett svep, sa upp gode m\u00e4n som ocks\u00e5 arbetar som personlig assistent. Lars Norlin \u00f6verklagade och fick med juridiskt st\u00f6d av Riksf\u00f6reningen JAG nyligen r\u00e4tt i tingsr\u00e4tten och vann d\u00e4rmed tillbaka sitt godmanskap. \u00d6stersunds kommun","og_url":"https:\/\/jag.se\/opinion\/riksforeningen-jags-stod-till-god-man-gav-vinst-i-tingsratten\/","og_site_name":"JAG Opinion","article_published_time":"2025-02-24T13:40:55+00:00","article_modified_time":"2025-02-24T15:15:19+00:00","og_image":[{"width":661,"height":532,"url":"https:\/\/jag.se\/opinion\/wp-content\/uploads\/sites\/3\/2025\/02\/Anna-Strimbold.jpg","type":"image\/jpeg"}],"author":"Asa Emtelin","twitter_card":"summary_large_image","twitter_misc":{"Skriven av":"Asa Emtelin","Ber\u00e4knad l\u00e4stid":"2 minuter"},"schema":{"@context":"https:\/\/schema.org","@graph":[{"@type":"WebPage","@id":"https:\/\/jag.se\/opinion\/riksforeningen-jags-stod-till-god-man-gav-vinst-i-tingsratten\/","url":"https:\/\/jag.se\/opinion\/riksforeningen-jags-stod-till-god-man-gav-vinst-i-tingsratten\/","name":"God man vann i tingsr\u00e4tten mot \u00f6verf\u00f6rmyndarn\u00e4mnd - JAG Opinion","isPartOf":{"@id":"https:\/\/jag.se\/opinion\/#website"},"datePublished":"2025-02-24T13:40:55+00:00","dateModified":"2025-02-24T15:15:19+00:00","author":{"@id":"https:\/\/jag.se\/opinion\/#\/schema\/person\/4cde5b355d0fc01b846bac45df068e22"},"breadcrumb":{"@id":"https:\/\/jag.se\/opinion\/riksforeningen-jags-stod-till-god-man-gav-vinst-i-tingsratten\/#breadcrumb"},"inLanguage":"sv-SE","potentialAction":[{"@type":"ReadAction","target":["https:\/\/jag.se\/opinion\/riksforeningen-jags-stod-till-god-man-gav-vinst-i-tingsratten\/"]}]},{"@type":"BreadcrumbList","@id":"https:\/\/jag.se\/opinion\/riksforeningen-jags-stod-till-god-man-gav-vinst-i-tingsratten\/#breadcrumb","itemListElement":[{"@type":"ListItem","position":1,"name":"JAG start","item":"https:\/\/jag.se"},{"@type":"ListItem","position":2,"name":"Riksf\u00f6reningen JAG","item":"https:\/\/jag.se\/opinion\/"},{"@type":"ListItem","position":3,"name":"God man vann i tingsr\u00e4tten mot \u00f6verf\u00f6rmyndarn\u00e4mnd"}]},{"@type":"WebSite","@id":"https:\/\/jag.se\/opinion\/#website","url":"https:\/\/jag.se\/opinion\/","name":"JAG Opinion","description":"","potentialAction":[{"@type":"SearchAction","target":{"@type":"EntryPoint","urlTemplate":"https:\/\/jag.se\/opinion\/?s={search_term_string}"},"query-input":"required name=search_term_string"}],"inLanguage":"sv-SE"},{"@type":"Person","@id":"https:\/\/jag.se\/opinion\/#\/schema\/person\/4cde5b355d0fc01b846bac45df068e22","name":"Asa Emtelin","image":{"@type":"ImageObject","inLanguage":"sv-SE","@id":"https:\/\/jag.se\/opinion\/#\/schema\/person\/image\/","url":"https:\/\/secure.gravatar.com\/avatar\/73fad270be25e2762b83219f26f69b57ac5c8122d333e45e7cdce054f17f3ce3?s=96&d=mm&r=g","contentUrl":"https:\/\/secure.gravatar.com\/avatar\/73fad270be25e2762b83219f26f69b57ac5c8122d333e45e7cdce054f17f3ce3?s=96&d=mm&r=g","caption":"Asa Emtelin"}}]}},"_links":{"self":[{"href":"https:\/\/jag.se\/opinion\/wp-json\/wp\/v2\/posts\/26638","targetHints":{"allow":["GET"]}}],"collection":[{"href":"https:\/\/jag.se\/opinion\/wp-json\/wp\/v2\/posts"}],"about":[{"href":"https:\/\/jag.se\/opinion\/wp-json\/wp\/v2\/types\/post"}],"author":[{"embeddable":true,"href":"https:\/\/jag.se\/opinion\/wp-json\/wp\/v2\/users\/9"}],"replies":[{"embeddable":true,"href":"https:\/\/jag.se\/opinion\/wp-json\/wp\/v2\/comments?post=26638"}],"version-history":[{"count":9,"href":"https:\/\/jag.se\/opinion\/wp-json\/wp\/v2\/posts\/26638\/revisions"}],"predecessor-version":[{"id":26649,"href":"https:\/\/jag.se\/opinion\/wp-json\/wp\/v2\/posts\/26638\/revisions\/26649"}],"wp:featuredmedia":[{"embeddable":true,"href":"https:\/\/jag.se\/opinion\/wp-json\/wp\/v2\/media\/26640"}],"wp:attachment":[{"href":"https:\/\/jag.se\/opinion\/wp-json\/wp\/v2\/media?parent=26638"}],"wp:term":[{"taxonomy":"category","embeddable":true,"href":"https:\/\/jag.se\/opinion\/wp-json\/wp\/v2\/categories?post=26638"},{"taxonomy":"post_tag","embeddable":true,"href":"https:\/\/jag.se\/opinion\/wp-json\/wp\/v2\/tags?post=26638"}],"curies":[{"name":"wp","href":"https:\/\/api.w.org\/{rel}","templated":true}]}}