{"id":29009,"date":"2026-09-03T11:53:15","date_gmt":"2026-09-03T09:53:15","guid":{"rendered":"https:\/\/jag.se\/opinion\/?p=29009"},"modified":"2026-09-03T11:53:16","modified_gmt":"2026-09-03T09:53:16","slug":"sluta-arva-okunskap-en-forklaring-till-assistansersattningens-laga-niva","status":"publish","type":"post","link":"https:\/\/jag.se\/opinion\/sluta-arva-okunskap-en-forklaring-till-assistansersattningens-laga-niva\/","title":{"rendered":"Sluta \u00e4rva okunskap. En f\u00f6rklaring till assistansers\u00e4ttningens l\u00e5ga niv\u00e5"},"content":{"rendered":"<section class=\"text-block white  \">\n    <div class=\"block-icon\"><\/div>\n\t<div class=\"inner\">\n\t\t<div class=\"text-block-content\">\n\t\t\t\t<div class=\"xdj266r x14z9mp xat24cr x1lziwak x1vvkbs x126k92a\">\n<div dir=\"auto\"><strong>Assistansers\u00e4ttningen r\u00e4cker inte l\u00e4ngre till. Personlig assistans, en del av LSS, en av Sveriges viktigaste r\u00e4ttighetslagstiftningar, g\u00f6r det m\u00f6jligt f\u00f6r m\u00e4nniskor med omfattande funktionsneds\u00e4ttningar att leva sj\u00e4lvst\u00e4ndiga liv, samtidigt som anh\u00f6riga kan yrkesarbeta i st\u00e4llet f\u00f6r att tvingas b\u00e4ra ett livsl\u00e5ngt omsorgsansvar.<\/strong><\/div>\n<div dir=\"auto\">\u00a0<\/div>\n<div dir=\"auto\">Men insatsen \u00e4r under h\u00e5rd press. Sedan 2014 har Sveriges regeringar, oavsett f\u00e4rg, l\u00e5tit bli att h\u00f6ja assistansers\u00e4ttningen i takt med l\u00f6neutveckling, inflation och andra samh\u00e4llskostnader f\u00f6r att bedriva assistans. Resultatet \u00e4r att anordnare tvingas sk\u00e4ra ner p\u00e5 introduktion till nya assistenter, utbildning, handledning och andra omkostnader i assistansen. Det p\u00e5verkar b\u00e5de assistansanv\u00e4ndare och personliga assistenter:<\/div>\n<div dir=\"auto\">\u00a0<\/div>\n<div dir=\"auto\">\u2022 Det \u00e4r sv\u00e5rt att rekrytera och beh\u00e5lla assistenter.<\/div>\n<\/div>\n<div class=\"x14z9mp xat24cr x1lziwak x1vvkbs xtlvy1s x126k92a\">\n<div dir=\"auto\">\u2022 Risken f\u00f6r misstag och olyckor \u00f6kar.<\/div>\n<div dir=\"auto\">\u2022 Personer med stora och komplexa behov f\u00e5r sv\u00e5rt att hitta en assistansanordnare.<\/div>\n<div dir=\"auto\">\u2022 Tryggheten i assistansen hotas.<\/div>\n<div dir=\"auto\">\u2022 Valfriheten i LSS urholkas.<\/div>\n<div dir=\"auto\">\u00a0<\/div>\n<div dir=\"auto\">Idag \u00e4r den statliga ers\u00e4ttningen 347,70 kr per utf\u00f6rd assistanstimme. Enligt Riksf\u00f6reningen JAG och STIL skulle ers\u00e4ttningen ligga p\u00e5 400 kr per timme utf\u00f6rd assistanstimme om den f\u00f6ljt kostnadsutvecklingen. F\u00f6r att framtidss\u00e4kra assistansen beh\u00f6vs politisk handling. Assistansers\u00e4ttningen m\u00e5ste r\u00e4knas upp och d\u00e4refter indexeras s\u00e5 att den f\u00f6ljer de verkliga l\u00f6ne- och kostnads\u00f6kningarna \u00f6ver tid.<\/div>\n<\/div>\n<div dir=\"auto\">\u00a0<\/div>\n<div class=\"x14z9mp xat24cr x1lziwak x1vvkbs xtlvy1s x126k92a\">\n<div dir=\"auto\">Diagrammet visar en j\u00e4mf\u00f6relse mellan schabloners\u00e4ttningen f\u00f6r personlig assistans och en uppr\u00e4kning enligt OPI (Omsorgsprisindex).<\/div>\n<\/div>\n<div dir=\"auto\">\u00a0<\/div>\n<div dir=\"auto\"><a href=\"https:\/\/jag.se\/opinion\/wp-content\/uploads\/sites\/3\/2026\/09\/Varfor-racker-inte-assistansersattningen-till-en-beskrivning-fran-STIL-och-JAG.pdf\"><strong>L\u00e4s Riksf\u00f6reningen JAG och STILs skrivelse i sin helhet h\u00e4r.<\/strong><\/a><\/div>\n<div dir=\"auto\">\u00a0<\/div>\n<div class=\"x14z9mp xat24cr x1lziwak x1vvkbs xtlvy1s x126k92a\">\n<div dir=\"auto\"><span class=\"html-span xdj266r x14z9mp xat24cr x1lziwak xexx8yu xyri2b x18d9i69 x1c1uobl x1hl2dhg x16tdsg8 x1vvkbs\"><a class=\"x1i10hfl xjbqb8w x1ejq31n x18oe1m7 x1sy0etr xstzfhl x972fbf x10w94by x1qhh985 x14e42zd x9f619 x1ypdohk xt0psk2 x3ct3a4 xdj266r x14z9mp xat24cr x1lziwak xexx8yu xyri2b x18d9i69 x1c1uobl x16tdsg8 x1hl2dhg xggy1nq x1a2a7pz xkrqix3 x1sur9pj x1fey0fg x1s688f\" role=\"link\" href=\"https:\/\/www.facebook.com\/hashtag\/personligassistans?__cft__[0]=AZjb_tT-Jb0FRxLx9yFZXHDSZZdZ_l674lCd_PL0uNKBLMAM-a0No85L_hjqxiZLtqn6ZsLQhT-U7i3MwSEXlFT9J8W2s_6ooiZrBV3wY9V8gWkVitdO0OJT1OyflnJiNoK8msrCthY&amp;__tn__=*NK-R\">#personligassistans<\/a><\/span> <span class=\"html-span xdj266r x14z9mp xat24cr x1lziwak xexx8yu xyri2b x18d9i69 x1c1uobl x1hl2dhg x16tdsg8 x1vvkbs\"><a class=\"x1i10hfl xjbqb8w x1ejq31n x18oe1m7 x1sy0etr xstzfhl x972fbf x10w94by x1qhh985 x14e42zd x9f619 x1ypdohk xt0psk2 x3ct3a4 xdj266r x14z9mp xat24cr x1lziwak xexx8yu xyri2b x18d9i69 x1c1uobl x16tdsg8 x1hl2dhg xggy1nq x1a2a7pz xkrqix3 x1sur9pj x1fey0fg x1s688f\" role=\"link\" href=\"https:\/\/www.facebook.com\/hashtag\/400krj%C3%A4mnt?__cft__[0]=AZjb_tT-Jb0FRxLx9yFZXHDSZZdZ_l674lCd_PL0uNKBLMAM-a0No85L_hjqxiZLtqn6ZsLQhT-U7i3MwSEXlFT9J8W2s_6ooiZrBV3wY9V8gWkVitdO0OJT1OyflnJiNoK8msrCthY&amp;__tn__=*NK-R\">#400krj\u00e4mnt<\/a><\/span> <span class=\"html-span xdj266r x14z9mp xat24cr x1lziwak xexx8yu xyri2b x18d9i69 x1c1uobl x1hl2dhg x16tdsg8 x1vvkbs\"><a class=\"x1i10hfl xjbqb8w x1ejq31n x18oe1m7 x1sy0etr xstzfhl x972fbf x10w94by x1qhh985 x14e42zd x9f619 x1ypdohk xt0psk2 x3ct3a4 xdj266r x14z9mp xat24cr x1lziwak xexx8yu xyri2b x18d9i69 x1c1uobl x16tdsg8 x1hl2dhg xggy1nq x1a2a7pz xkrqix3 x1sur9pj x1fey0fg x1s688f\" role=\"link\" href=\"https:\/\/www.facebook.com\/hashtag\/m%C3%A4nskligar%C3%A4ttigheter?__cft__[0]=AZjb_tT-Jb0FRxLx9yFZXHDSZZdZ_l674lCd_PL0uNKBLMAM-a0No85L_hjqxiZLtqn6ZsLQhT-U7i3MwSEXlFT9J8W2s_6ooiZrBV3wY9V8gWkVitdO0OJT1OyflnJiNoK8msrCthY&amp;__tn__=*NK-R\">#m\u00e4nskligar\u00e4ttigheter<\/a><\/span> <span class=\"html-span xdj266r x14z9mp xat24cr x1lziwak xexx8yu xyri2b x18d9i69 x1c1uobl x1hl2dhg x16tdsg8 x1vvkbs\"><a class=\"x1i10hfl xjbqb8w x1ejq31n x18oe1m7 x1sy0etr xstzfhl x972fbf x10w94by x1qhh985 x14e42zd x9f619 x1ypdohk xt0psk2 x3ct3a4 xdj266r x14z9mp xat24cr x1lziwak xexx8yu xyri2b x18d9i69 x1c1uobl x16tdsg8 x1hl2dhg xggy1nq x1a2a7pz xkrqix3 x1sur9pj x1fey0fg x1s688f\" role=\"link\" href=\"https:\/\/www.facebook.com\/hashtag\/independentliving?__cft__[0]=AZjb_tT-Jb0FRxLx9yFZXHDSZZdZ_l674lCd_PL0uNKBLMAM-a0No85L_hjqxiZLtqn6ZsLQhT-U7i3MwSEXlFT9J8W2s_6ooiZrBV3wY9V8gWkVitdO0OJT1OyflnJiNoK8msrCthY&amp;__tn__=*NK-R\">#IndependentLiving<\/a><\/span> <span class=\"html-span xdj266r x14z9mp xat24cr x1lziwak xexx8yu xyri2b x18d9i69 x1c1uobl x1hl2dhg x16tdsg8 x1vvkbs\"><a class=\"x1i10hfl xjbqb8w x1ejq31n x18oe1m7 x1sy0etr xstzfhl x972fbf x10w94by x1qhh985 x14e42zd x9f619 x1ypdohk xt0psk2 x3ct3a4 xdj266r x14z9mp xat24cr x1lziwak xexx8yu xyri2b x18d9i69 x1c1uobl x16tdsg8 x1hl2dhg xggy1nq x1a2a7pz xkrqix3 x1sur9pj x1fey0fg x1s688f\" role=\"link\" href=\"https:\/\/www.facebook.com\/hashtag\/assistansers%C3%A4ttning?__cft__[0]=AZjb_tT-Jb0FRxLx9yFZXHDSZZdZ_l674lCd_PL0uNKBLMAM-a0No85L_hjqxiZLtqn6ZsLQhT-U7i3MwSEXlFT9J8W2s_6ooiZrBV3wY9V8gWkVitdO0OJT1OyflnJiNoK8msrCthY&amp;__tn__=*NK-R\">#assistansers\u00e4ttning<\/a><\/span><\/div>\n<\/div>\n\t\t<\/div>\n<\/section>\n\n\n\n<figure class=\"wp-block-image size-full\"><img loading=\"lazy\" decoding=\"async\" width=\"708\" height=\"579\" src=\"https:\/\/jag.se\/opinion\/wp-content\/uploads\/sites\/3\/2026\/09\/Skarmbild-2026-09-03-114421-1.png\" alt=\"\" class=\"wp-image-29015\" srcset=\"https:\/\/jag.se\/opinion\/wp-content\/uploads\/sites\/3\/2026\/09\/Skarmbild-2026-09-03-114421-1.png 708w, https:\/\/jag.se\/opinion\/wp-content\/uploads\/sites\/3\/2026\/09\/Skarmbild-2026-09-03-114421-1-300x245.png 300w, https:\/\/jag.se\/opinion\/wp-content\/uploads\/sites\/3\/2026\/09\/Skarmbild-2026-09-03-114421-1-61x50@2x.png 122w, https:\/\/jag.se\/opinion\/wp-content\/uploads\/sites\/3\/2026\/09\/Skarmbild-2026-09-03-114421-1-120x98.png 120w, https:\/\/jag.se\/opinion\/wp-content\/uploads\/sites\/3\/2026\/09\/Skarmbild-2026-09-03-114421-1-540x442.png 540w, https:\/\/jag.se\/opinion\/wp-content\/uploads\/sites\/3\/2026\/09\/Skarmbild-2026-09-03-114421-1-601x491.png 601w, https:\/\/jag.se\/opinion\/wp-content\/uploads\/sites\/3\/2026\/09\/Skarmbild-2026-09-03-114421-1-150x123.png 150w, https:\/\/jag.se\/opinion\/wp-content\/uploads\/sites\/3\/2026\/09\/Skarmbild-2026-09-03-114421-1-311x254.png 311w, https:\/\/jag.se\/opinion\/wp-content\/uploads\/sites\/3\/2026\/09\/Skarmbild-2026-09-03-114421-1-369x302.png 369w, https:\/\/jag.se\/opinion\/wp-content\/uploads\/sites\/3\/2026\/09\/Skarmbild-2026-09-03-114421-1-374x306.png 374w, https:\/\/jag.se\/opinion\/wp-content\/uploads\/sites\/3\/2026\/09\/Skarmbild-2026-09-03-114421-1-61x50.png 61w, https:\/\/jag.se\/opinion\/wp-content\/uploads\/sites\/3\/2026\/09\/Skarmbild-2026-09-03-114421-1-685x560.png 685w, https:\/\/jag.se\/opinion\/wp-content\/uploads\/sites\/3\/2026\/09\/Skarmbild-2026-09-03-114421-1-300x245@2x.png 600w, https:\/\/jag.se\/opinion\/wp-content\/uploads\/sites\/3\/2026\/09\/Skarmbild-2026-09-03-114421-1-122x100@2x.png 244w, https:\/\/jag.se\/opinion\/wp-content\/uploads\/sites\/3\/2026\/09\/Skarmbild-2026-09-03-114421-1-120x98@2x.png 240w, https:\/\/jag.se\/opinion\/wp-content\/uploads\/sites\/3\/2026\/09\/Skarmbild-2026-09-03-114421-1-311x254@2x.png 622w\" sizes=\"auto, (max-width: 708px) 100vw, 708px\" \/><\/figure>\n","protected":false},"excerpt":{"rendered":"","protected":false},"author":9,"featured_media":28813,"comment_status":"open","ping_status":"open","sticky":false,"template":"","format":"standard","meta":{"footnotes":""},"categories":[1],"tags":[],"class_list":["post-29009","post","type-post","status-publish","format-standard","has-post-thumbnail","hentry","category-uncategorized"],"acf":[],"yoast_head":"<!-- This site is optimized with the Yoast SEO plugin v21.3 - https:\/\/yoast.com\/wordpress\/plugins\/seo\/ -->\n<title>Sluta \u00e4rva okunskap. En f\u00f6rklaring till assistansers\u00e4ttningens l\u00e5ga niv\u00e5 - JAG Opinion<\/title>\n<meta name=\"robots\" content=\"index, follow, max-snippet:-1, max-image-preview:large, max-video-preview:-1\" \/>\n<link rel=\"canonical\" href=\"https:\/\/jag.se\/opinion\/sluta-arva-okunskap-en-forklaring-till-assistansersattningens-laga-niva\/\" \/>\n<meta property=\"og:locale\" content=\"sv_SE\" \/>\n<meta property=\"og:type\" content=\"article\" \/>\n<meta property=\"og:title\" content=\"Sluta \u00e4rva okunskap. En f\u00f6rklaring till assistansers\u00e4ttningens l\u00e5ga niv\u00e5 - JAG Opinion\" \/>\n<meta property=\"og:url\" content=\"https:\/\/jag.se\/opinion\/sluta-arva-okunskap-en-forklaring-till-assistansersattningens-laga-niva\/\" \/>\n<meta property=\"og:site_name\" content=\"JAG Opinion\" \/>\n<meta property=\"article:published_time\" content=\"2026-09-03T09:53:15+00:00\" \/>\n<meta property=\"article:modified_time\" content=\"2026-09-03T09:53:16+00:00\" \/>\n<meta property=\"og:image\" content=\"https:\/\/jag.se\/opinion\/wp-content\/uploads\/sites\/3\/2026\/06\/Radda-assistansen-small.jpg\" \/>\n\t<meta property=\"og:image:width\" content=\"800\" \/>\n\t<meta property=\"og:image:height\" content=\"898\" \/>\n\t<meta property=\"og:image:type\" content=\"image\/jpeg\" \/>\n<meta name=\"author\" content=\"Asa Emtelin\" \/>\n<meta name=\"twitter:card\" content=\"summary_large_image\" \/>\n<meta name=\"twitter:label1\" content=\"Skriven av\" \/>\n\t<meta name=\"twitter:data1\" content=\"Asa Emtelin\" \/>\n\t<meta name=\"twitter:label2\" content=\"Ber\u00e4knad l\u00e4stid\" \/>\n\t<meta name=\"twitter:data2\" content=\"1 minut\" \/>\n<script type=\"application\/ld+json\" class=\"yoast-schema-graph\">{\"@context\":\"https:\/\/schema.org\",\"@graph\":[{\"@type\":\"WebPage\",\"@id\":\"https:\/\/jag.se\/opinion\/sluta-arva-okunskap-en-forklaring-till-assistansersattningens-laga-niva\/\",\"url\":\"https:\/\/jag.se\/opinion\/sluta-arva-okunskap-en-forklaring-till-assistansersattningens-laga-niva\/\",\"name\":\"Sluta \u00e4rva okunskap. En f\u00f6rklaring till assistansers\u00e4ttningens l\u00e5ga niv\u00e5 - JAG Opinion\",\"isPartOf\":{\"@id\":\"https:\/\/jag.se\/opinion\/#website\"},\"datePublished\":\"2026-09-03T09:53:15+00:00\",\"dateModified\":\"2026-09-03T09:53:16+00:00\",\"author\":{\"@id\":\"https:\/\/jag.se\/opinion\/#\/schema\/person\/d688dc9ac36c8b0359e70c3810dab6fd\"},\"breadcrumb\":{\"@id\":\"https:\/\/jag.se\/opinion\/sluta-arva-okunskap-en-forklaring-till-assistansersattningens-laga-niva\/#breadcrumb\"},\"inLanguage\":\"sv-SE\",\"potentialAction\":[{\"@type\":\"ReadAction\",\"target\":[\"https:\/\/jag.se\/opinion\/sluta-arva-okunskap-en-forklaring-till-assistansersattningens-laga-niva\/\"]}]},{\"@type\":\"BreadcrumbList\",\"@id\":\"https:\/\/jag.se\/opinion\/sluta-arva-okunskap-en-forklaring-till-assistansersattningens-laga-niva\/#breadcrumb\",\"itemListElement\":[{\"@type\":\"ListItem\",\"position\":1,\"name\":\"JAG start\",\"item\":\"https:\/\/jag.se\"},{\"@type\":\"ListItem\",\"position\":2,\"name\":\"Riksf\u00f6reningen JAG\",\"item\":\"https:\/\/jag.se\/opinion\/\"},{\"@type\":\"ListItem\",\"position\":3,\"name\":\"Sluta \u00e4rva okunskap. En f\u00f6rklaring till assistansers\u00e4ttningens l\u00e5ga niv\u00e5\"}]},{\"@type\":\"WebSite\",\"@id\":\"https:\/\/jag.se\/opinion\/#website\",\"url\":\"https:\/\/jag.se\/opinion\/\",\"name\":\"JAG Opinion\",\"description\":\"\",\"potentialAction\":[{\"@type\":\"SearchAction\",\"target\":{\"@type\":\"EntryPoint\",\"urlTemplate\":\"https:\/\/jag.se\/opinion\/?s={search_term_string}\"},\"query-input\":\"required name=search_term_string\"}],\"inLanguage\":\"sv-SE\"},{\"@type\":\"Person\",\"@id\":\"https:\/\/jag.se\/opinion\/#\/schema\/person\/d688dc9ac36c8b0359e70c3810dab6fd\",\"name\":\"Asa Emtelin\",\"image\":{\"@type\":\"ImageObject\",\"inLanguage\":\"sv-SE\",\"@id\":\"https:\/\/jag.se\/opinion\/#\/schema\/person\/image\/\",\"url\":\"https:\/\/secure.gravatar.com\/avatar\/73fad270be25e2762b83219f26f69b57ac5c8122d333e45e7cdce054f17f3ce3?s=96&d=mm&r=g\",\"contentUrl\":\"https:\/\/secure.gravatar.com\/avatar\/73fad270be25e2762b83219f26f69b57ac5c8122d333e45e7cdce054f17f3ce3?s=96&d=mm&r=g\",\"caption\":\"Asa Emtelin\"}}]}<\/script>\n<!-- \/ Yoast SEO plugin. -->","yoast_head_json":{"title":"Sluta \u00e4rva okunskap. En f\u00f6rklaring till assistansers\u00e4ttningens l\u00e5ga niv\u00e5 - JAG Opinion","robots":{"index":"index","follow":"follow","max-snippet":"max-snippet:-1","max-image-preview":"max-image-preview:large","max-video-preview":"max-video-preview:-1"},"canonical":"https:\/\/jag.se\/opinion\/sluta-arva-okunskap-en-forklaring-till-assistansersattningens-laga-niva\/","og_locale":"sv_SE","og_type":"article","og_title":"Sluta \u00e4rva okunskap. En f\u00f6rklaring till assistansers\u00e4ttningens l\u00e5ga niv\u00e5 - JAG Opinion","og_url":"https:\/\/jag.se\/opinion\/sluta-arva-okunskap-en-forklaring-till-assistansersattningens-laga-niva\/","og_site_name":"JAG Opinion","article_published_time":"2026-09-03T09:53:15+00:00","article_modified_time":"2026-09-03T09:53:16+00:00","og_image":[{"width":800,"height":898,"url":"https:\/\/jag.se\/opinion\/wp-content\/uploads\/sites\/3\/2026\/06\/Radda-assistansen-small.jpg","type":"image\/jpeg"}],"author":"Asa Emtelin","twitter_card":"summary_large_image","twitter_misc":{"Skriven av":"Asa Emtelin","Ber\u00e4knad l\u00e4stid":"1 minut"},"schema":{"@context":"https:\/\/schema.org","@graph":[{"@type":"WebPage","@id":"https:\/\/jag.se\/opinion\/sluta-arva-okunskap-en-forklaring-till-assistansersattningens-laga-niva\/","url":"https:\/\/jag.se\/opinion\/sluta-arva-okunskap-en-forklaring-till-assistansersattningens-laga-niva\/","name":"Sluta \u00e4rva okunskap. En f\u00f6rklaring till assistansers\u00e4ttningens l\u00e5ga niv\u00e5 - JAG Opinion","isPartOf":{"@id":"https:\/\/jag.se\/opinion\/#website"},"datePublished":"2026-09-03T09:53:15+00:00","dateModified":"2026-09-03T09:53:16+00:00","author":{"@id":"https:\/\/jag.se\/opinion\/#\/schema\/person\/d688dc9ac36c8b0359e70c3810dab6fd"},"breadcrumb":{"@id":"https:\/\/jag.se\/opinion\/sluta-arva-okunskap-en-forklaring-till-assistansersattningens-laga-niva\/#breadcrumb"},"inLanguage":"sv-SE","potentialAction":[{"@type":"ReadAction","target":["https:\/\/jag.se\/opinion\/sluta-arva-okunskap-en-forklaring-till-assistansersattningens-laga-niva\/"]}]},{"@type":"BreadcrumbList","@id":"https:\/\/jag.se\/opinion\/sluta-arva-okunskap-en-forklaring-till-assistansersattningens-laga-niva\/#breadcrumb","itemListElement":[{"@type":"ListItem","position":1,"name":"JAG start","item":"https:\/\/jag.se"},{"@type":"ListItem","position":2,"name":"Riksf\u00f6reningen JAG","item":"https:\/\/jag.se\/opinion\/"},{"@type":"ListItem","position":3,"name":"Sluta \u00e4rva okunskap. En f\u00f6rklaring till assistansers\u00e4ttningens l\u00e5ga niv\u00e5"}]},{"@type":"WebSite","@id":"https:\/\/jag.se\/opinion\/#website","url":"https:\/\/jag.se\/opinion\/","name":"JAG Opinion","description":"","potentialAction":[{"@type":"SearchAction","target":{"@type":"EntryPoint","urlTemplate":"https:\/\/jag.se\/opinion\/?s={search_term_string}"},"query-input":"required name=search_term_string"}],"inLanguage":"sv-SE"},{"@type":"Person","@id":"https:\/\/jag.se\/opinion\/#\/schema\/person\/d688dc9ac36c8b0359e70c3810dab6fd","name":"Asa Emtelin","image":{"@type":"ImageObject","inLanguage":"sv-SE","@id":"https:\/\/jag.se\/opinion\/#\/schema\/person\/image\/","url":"https:\/\/secure.gravatar.com\/avatar\/73fad270be25e2762b83219f26f69b57ac5c8122d333e45e7cdce054f17f3ce3?s=96&d=mm&r=g","contentUrl":"https:\/\/secure.gravatar.com\/avatar\/73fad270be25e2762b83219f26f69b57ac5c8122d333e45e7cdce054f17f3ce3?s=96&d=mm&r=g","caption":"Asa Emtelin"}}]}},"_links":{"self":[{"href":"https:\/\/jag.se\/opinion\/wp-json\/wp\/v2\/posts\/29009","targetHints":{"allow":["GET"]}}],"collection":[{"href":"https:\/\/jag.se\/opinion\/wp-json\/wp\/v2\/posts"}],"about":[{"href":"https:\/\/jag.se\/opinion\/wp-json\/wp\/v2\/types\/post"}],"author":[{"embeddable":true,"href":"https:\/\/jag.se\/opinion\/wp-json\/wp\/v2\/users\/9"}],"replies":[{"embeddable":true,"href":"https:\/\/jag.se\/opinion\/wp-json\/wp\/v2\/comments?post=29009"}],"version-history":[{"count":15,"href":"https:\/\/jag.se\/opinion\/wp-json\/wp\/v2\/posts\/29009\/revisions"}],"predecessor-version":[{"id":29027,"href":"https:\/\/jag.se\/opinion\/wp-json\/wp\/v2\/posts\/29009\/revisions\/29027"}],"wp:featuredmedia":[{"embeddable":true,"href":"https:\/\/jag.se\/opinion\/wp-json\/wp\/v2\/media\/28813"}],"wp:attachment":[{"href":"https:\/\/jag.se\/opinion\/wp-json\/wp\/v2\/media?parent=29009"}],"wp:term":[{"taxonomy":"category","embeddable":true,"href":"https:\/\/jag.se\/opinion\/wp-json\/wp\/v2\/categories?post=29009"},{"taxonomy":"post_tag","embeddable":true,"href":"https:\/\/jag.se\/opinion\/wp-json\/wp\/v2\/tags?post=29009"}],"curies":[{"name":"wp","href":"https:\/\/api.w.org\/{rel}","templated":true}]}}