{"id":7114,"date":"2022-06-08T13:28:23","date_gmt":"2022-06-08T13:28:23","guid":{"rendered":"https:\/\/jag.se\/opinion\/?p=7114"},"modified":"2022-06-08T15:57:45","modified_gmt":"2022-06-08T15:57:45","slug":"det-ar-richard-och-de-andra-uppdragsgivarna-som-bestammer-och-ar-i-fokus","status":"publish","type":"post","link":"https:\/\/jag.se\/opinion\/det-ar-richard-och-de-andra-uppdragsgivarna-som-bestammer-och-ar-i-fokus\/","title":{"rendered":"&#8221;Det \u00e4r Richard och de andra uppdragsgivarna som best\u00e4mmer och \u00e4r i fokus&#8221;"},"content":{"rendered":"\n<p><strong>Sedan f\u00f6rra sommaren \u00e4r Linda Forzelius VD f\u00f6r JAG Personlig Assistans i Sverige. Men ett nytt ansikte p\u00e5 JAG \u00e4r hon knappast, och fr\u00e5gorna hon arbetar med har funnits med henne hela livet.<\/strong><\/p>\n\n\n\n<p>Linda Forzelius v\u00e4xte upp i Boden tillsammans med sin mamma och storebror Richard. Familjen var aktiv och hittade p\u00e5 mycket tillsammans, alltifr\u00e5n skogsutflykter till bad i alla dess former.<\/p>\n\n\n\n<p>Trots detta bar hon ofta p\u00e5 en gnagande k\u00e4nsla av or\u00e4ttvisa mellan henne och hennes bror, som har flera funktionsneds\u00e4ttningar.<\/p>\n\n\n\n<p>\u2013 Det \u00e4r klart att vi har olika f\u00f6ruts\u00e4ttningar, men samh\u00e4llet har liksom betraktat oss s\u00e5 olika p\u00e5 grunder som jag inte tycker \u00e4r vettiga, ber\u00e4ttar Linda.<\/p>\n\n\n\n<p>Som i s\u00e5 m\u00e5nga andra familjer som har barn med s\u00e4rskilda behov, \u00e5kte Richard med j\u00e4mna mellanrum iv\u00e4g p\u00e5 korttids eller till avl\u00f6sarfamilj, f\u00f6r att familjen skulle f\u00e5 avlastning, som man kallade det. Och n\u00e4r familjen var pressad eller inte kunde g\u00f6ra saker som andra, f\u00f6rv\u00e4ntades det att det var Richard som skulle avst\u00e5. M\u00e5nga menade ocks\u00e5 att det var b\u00e4ttre f\u00f6r familjen om han inte bodde hemma \u00f6verhuvudtaget.<\/p>\n\n\n\n<p>Nuf\u00f6rtiden ifr\u00e5gas\u00e4tter hon varf\u00f6r just han och andra personer med funktionsneds\u00e4ttningar \u00e4r de som f\u00f6rv\u00e4ntas l\u00e4mna hemmets trygga vr\u00e5, n\u00e4r det \u00e4r de som kanske allra mest \u00e4r beroende av trygghet, kontinuitet \u00ad\u2013 och n\u00e5gon som f\u00f6rst\u00e5r och kan tolka deras behov.&nbsp;&nbsp;<\/p>\n\n\n\n<p>\u2013 Det har alltid gnagt i mig, alltid k\u00e4nts v\u00e4ldigt or\u00e4ttvist. Han blev ju liksom exkluderad p\u00e5 ett s\u00e4tt, b\u00e5de direkt och indirekt, konstaterar Linda, som \u00e4ven skrivit debattartiklar i \u00e4mnet. (<a href=\"https:\/\/eur02.safelinks.protection.outlook.com\/?url=https%3A%2F%2Fwww.svt.se%2Fopinion%2Fforbjud-barnboenden-inga-barn-skall-vaxa-upp-pa-barnhem%3Fmsclkid%3D63b7fb76bca411eca4bf9da4e52195e1&amp;data=05%7C01%7CAllan.Sundberg%40jag.se%7Cbbe38df6c2a24da4e00c08da495000c3%7C853d13c615674de4a97729af71c298d7%7C0%7C0%7C637902905197981817%7CUnknown%7CTWFpbGZsb3d8eyJWIjoiMC4wLjAwMDAiLCJQIjoiV2luMzIiLCJBTiI6Ik1haWwiLCJXVCI6Mn0%3D%7C3000%7C%7C%7C&amp;sdata=2oOeDZ5NjM6xnUbAsPCujpUEMaULkHveaQ%2FqynFGU7Q%3D&amp;reserved=0\">\u201dF\u00f6rbjud barnboenden \u2013 inga barn ska v\u00e4xa upp p\u00e5 barnhem\u201d | SVT Nyheter<\/a><strong>)<\/strong><\/p>\n\n\n\n<p>Idag \u00e4r hennes bror, Richard Kostenius, vice ordf\u00f6rande i Riksf\u00f6reningen JAG. Det var ocks\u00e5 till JAG Linda kom att s\u00f6ka sig s\u00e5 snart hon hade avslutat sina studier i Sundsvall 1998. Efter att ha arbetet med s\u00e5v\u00e4l ekonomi som marknadsf\u00f6ring, suttit i styrelsen f\u00f6r brukarkooperativet och engagerat sig i stiftelsen \u00e4r hon sedan i somras VD f\u00f6r JAG Personlig Assistans i Sverige.<\/p>\n\n\n\n<p>Och \u00e4n idag \u00e4r det r\u00e4ttvisefr\u00e5gorna som driver Linda Forzelius, snart 25 \u00e5r efter att hon f\u00f6r f\u00f6rsta g\u00e5ngen kom i kontakt med JAG.<\/p>\n\n\n\n<p>\u2013 Det \u00e4r naturligtvis det som \u00e4r grunden, och som ger mig mest energi. Vi beh\u00f6ver mota bort IQ-diskrimineringen, och en v\u00e4g \u00e4r den personliga assistansen, som \u2013 n\u00e4r den ges p\u00e5 ett bra s\u00e4tt \u2013 \u00f6kar Richards och alla andra uppdragsgivares m\u00f6jligheter att kunna leva ett gott liv, p\u00e5 samma villkor som alla andra.<\/p>\n\n\n\n<p>P\u00e5 fr\u00e5gan om vad hon ser som sitt fr\u00e4msta uppdrag som VD f\u00f6r Jag Personlig Assistans kommer svaret snabbt och utan bet\u00e4nkligheter: att leverera assistans i v\u00e4rldsklass. Det inneb\u00e4r att den \u00e4r personligt anpassad, med stark egenmakt och god kvalitet i utf\u00f6rande och arbetsledning, f\u00f6rklarar Linda.<\/p>\n\n\n\n<p>Det \u00e4r ett uppdrag som inte kommer utan utmaningar. Det ekonomiska l\u00e4get \u00e4r pressat, med en assistansers\u00e4ttning som inte alltid t\u00e4cker assistanskostnaderna hos anv\u00e4ndare med mer omfattande behov. En av JAGs k\u00e4rnfr\u00e5gor \u00e4r d\u00e4rf\u00f6r inf\u00f6randet av en differentierad schabloners\u00e4ttning, d\u00e4r ers\u00e4ttningen anpassas efter det individuella behovet.<\/p>\n\n\n\n<p>\u2013 Som det \u00e4r nu jobbar vi hela tiden mot ett minskat utrymme n\u00e4r det g\u00e4ller de kvalitetsh\u00f6jande \u00e5tg\u00e4rderna. L\u00f6sningen vi ser \u00e4r att regeringen tar till sig av f\u00f6rslaget om en differentierad schablon och g\u00f6r verklighet av den. Till dess beh\u00f6ver vi prioritera om och t\u00e4nka smartare, s\u00e4ger Linda.<\/p>\n\n\n\n<p>Hennes f\u00f6rsta tid p\u00e5 posten har pr\u00e4glats av en \u00f6kad digitalisering som ett led i organisationens kontinuerliga f\u00f6r\u00e4ndringsarbete. Syftet \u00e4r dels att effektivisera arbetet, men ocks\u00e5 att \u00f6ka tillg\u00e4ngligheten och f\u00f6rb\u00e4ttra v\u00e4garna in i det administrativa st\u00f6det.<\/p>\n\n\n\n<p>\u2013 F\u00f6r m\u00e5nga kan digitaliseringen k\u00e4nnas jobbig, men den \u00e4r n\u00f6dv\u00e4ndig f\u00f6r att vi ska kunna anv\u00e4nda pengarna p\u00e5 ett smart s\u00e4tt. Dessutom f\u00e5r vi mer tid att \u00e4gna oss \u00e5t de saker som \u00e4r viktiga p\u00e5 riktigt, menar Linda.<\/p>\n\n\n\n<blockquote class=\"wp-block-quote is-layout-flow wp-block-quote-is-layout-flow\"><p>Det finns en styrka i att budskapet f\u00f6rmedlas b\u00e5de i teori och praktik<\/p><\/blockquote>\n\n\n\n<p><\/p>\n\n\n\n<p>F\u00f6r uppdragsgivare och arbetsledare m\u00e4rks den \u00f6kade tillg\u00e4ngligheten genom att svarstj\u00e4nsten Svar Direkt har ut\u00f6kats, och att kanslisternas kalendrar har \u00f6ppnats upp, vilket g\u00f6r det l\u00e4ttare att boka en tid med en specifik r\u00e5dgivare. Dessutom finns m\u00f6jlighet till videom\u00f6ten, n\u00e5got Linda ser stora f\u00f6rdelar med.<\/p>\n\n\n\n<p>\u2013 M\u00e5nga \u00e4r r\u00e4dda att digitaliseringen kommer leda till att det blir opersonligt, men jag t\u00e4nker att det \u00e4r precis tv\u00e4rtom. Jag tror och hoppas att uppdragsgivare, arbetsledare och kanslister kommer att m\u00f6tas p\u00e5 ett helt annat s\u00e4tt nu, s\u00e4ger hon och till\u00e4gger:<\/p>\n\n\n\n<p>\u2013 Det h\u00e4r \u00e4r ocks\u00e5 i linje med att det \u00e4r uppdragsgivaren som st\u00e5r i centrum. Det \u00e4r deras tid som \u00e4r viktig, inte v\u00e5r. Allt ska vara p\u00e5 deras villkor i den m\u00e5n det \u00e4r m\u00f6jligt.<\/p>\n\n\n\n<p>Det \u00e4r ett syns\u00e4tt som sedan start har utgjort ett omistligt fundament hos JAG, och \u00e4r n\u00e5got av det Linda \u00e4r allra mest stolt \u00f6ver n\u00e4r det kommer till sin arbetsplats.<\/p>\n\n\n\n<p>\u2013 Jag \u00e4lskar ju JAG som organisation av m\u00e5nga anledningar, men \u00e4r det n\u00e5got jag tycker att vi kan vara otroligt stolta \u00f6ver s\u00e5 \u00e4r det att det \u00e4r Richard och de andra uppdragsgivarna som best\u00e4mmer och \u00e4r i fokus. Det \u00e4r deras intressen som styr hela verksamheten, och det tycker jag k\u00e4nns otroligt bra p\u00e5 alla s\u00e4tt och vis.<\/p>\n\n\n\n<p>Hon ber\u00e4ttar att det inte \u00e4r ovanligt att m\u00e4nniskor som inte tidigare \u00e4r bekanta med JAG reagerar p\u00e5 assistenternas f\u00f6rh\u00e5llningss\u00e4tt gentemot sina uppdragsgivare.<\/p>\n\n\n\n<p>\u2013 De har ett helt annat anslag n\u00e4r de assisterar, och utm\u00e4rker sig genom att faktiskt s\u00e4tta uppdragsgivaren i centrum, menar Linda.<\/p>\n\n\n\n<p>Som ett led i att forts\u00e4tta \u00f6ka kvaliteten i assistansen lanseras i \u00e5r en ny l\u00e4rplattform som bland annat kommer att erbjuda kurser f\u00f6r assistenter och arbetsledare.<\/p>\n\n\n\n<p>Sakta men s\u00e4kert b\u00f6rjar \u00e4ven de fysiska tr\u00e4ffarna komma tillbaka, efter n\u00e4stan tv\u00e5 \u00e5rs uppeh\u00e5ll. Almedalsveckan i Visby \u00e4r en viktig tillst\u00e4llning f\u00f6r JAGs medlemmar, som d\u00e4r har en unik chans att g\u00f6ra sina r\u00f6ster h\u00f6rda i viktiga fr\u00e5gor. I juli \u00e4r det dags igen, och med h\u00f6stens riksdagsval kan det komma att bli viktigare \u00e4n n\u00e5gonsin.<\/p>\n\n\n\n<p>\u2013 Med JAG p\u00e5 plats blir det aldrig bara teoretiskt. Samtidigt som v\u00e5ra uppdragsgivare uppvaktar politiker s\u00e5 assisteras de i det. Det finns en styrka i att budskapet f\u00f6rmedlas b\u00e5de i teori och praktik, s\u00e4ger Linda.<\/p>\n\n\n\n<figure class=\"wp-block-image size-full\"><img loading=\"lazy\" decoding=\"async\" width=\"500\" height=\"583\" src=\"https:\/\/jag.se\/opinion\/wp-content\/uploads\/sites\/3\/2022\/06\/Richard-till-webben.webp\" alt=\"Richard Kostenius \u00e4r Lindas storebror.\" class=\"wp-image-7131\" srcset=\"https:\/\/jag.se\/opinion\/wp-content\/uploads\/sites\/3\/2022\/06\/Richard-till-webben.webp 500w, https:\/\/jag.se\/opinion\/wp-content\/uploads\/sites\/3\/2022\/06\/Richard-till-webben-257x300.webp 257w, https:\/\/jag.se\/opinion\/wp-content\/uploads\/sites\/3\/2022\/06\/Richard-till-webben-43x50@2x.webp 86w, https:\/\/jag.se\/opinion\/wp-content\/uploads\/sites\/3\/2022\/06\/Richard-till-webben-120x140.webp 120w, https:\/\/jag.se\/opinion\/wp-content\/uploads\/sites\/3\/2022\/06\/Richard-till-webben-129x150.webp 129w, https:\/\/jag.se\/opinion\/wp-content\/uploads\/sites\/3\/2022\/06\/Richard-till-webben-267x311.webp 267w, https:\/\/jag.se\/opinion\/wp-content\/uploads\/sites\/3\/2022\/06\/Richard-till-webben-321x374.webp 321w, https:\/\/jag.se\/opinion\/wp-content\/uploads\/sites\/3\/2022\/06\/Richard-till-webben-43x50.webp 43w, https:\/\/jag.se\/opinion\/wp-content\/uploads\/sites\/3\/2022\/06\/Richard-till-webben-86x100@2x.webp 172w, https:\/\/jag.se\/opinion\/wp-content\/uploads\/sites\/3\/2022\/06\/Richard-till-webben-120x140@2x.webp 240w\" sizes=\"auto, (max-width: 500px) 100vw, 500px\" \/><\/figure>\n\n\n\n<p>Hon t\u00e4nker tillbaka p\u00e5 sin storebror, och hur det hade varit om han hade f\u00e5tt assistans redan som barn. Det var innan LSS-reformen, som JAG var med och drev igenom.<\/p>\n\n\n\n<p>\u2013 Idag ser man barn med funktionsneds\u00e4ttningar v\u00e4xa upp i sin familj, med sina syskon, och hur de g\u00f6r saker tillsammans. Richard kunde aldrig vara med p\u00e5 till exempel cykelutflykter eller fj\u00e4llvistelser. Med personlig assistans hade det varit m\u00f6jligt, avslutar Linda.<br><br><\/p>\n\n\n\n<p><strong>Faktaruta<\/strong><\/p>\n\n\n\n<p><strong>Namn<\/strong>: Linda Forzelius.<br><strong>\u00c5lder<\/strong>: 46 \u00e5r.<br><strong>Bor<\/strong>: Stockholm.<br><strong>Familj<\/strong>: Maken Henrik, barnen Elsa 18, August 14 och Hjalmar 9 \u00e5r.<br><strong>G\u00f6r<\/strong>: VD f\u00f6r Jag Personlig Assistans i Sverige, ordf\u00f6rande Brukarkooperativet JAG.<br><strong>P\u00e5 fritiden: <\/strong>H\u00e4nger i hockeyhallen med s\u00f6nerna, p\u00e5tar i tr\u00e4dg\u00e5rden eller renoverar familjens 1800-talstorp utanf\u00f6r Timr\u00e5. Har precis blivit med&nbsp; j\u00e4garexamen.<\/p>\n","protected":false},"excerpt":{"rendered":"<p>Sedan f\u00f6rra sommaren \u00e4r Linda Forzelius VD f\u00f6r JAG Personlig Assistans i Sverige. Men ett nytt ansikte p\u00e5 JAG \u00e4r hon knappast, och fr\u00e5gorna hon arbetar med har funnits med henne hela livet. Linda Forzelius v\u00e4xte upp i Boden tillsammans med sin mamma och storebror Richard. Familjen var aktiv och hittade p\u00e5 mycket tillsammans, alltifr\u00e5n<\/p>\n","protected":false},"author":8,"featured_media":7119,"comment_status":"open","ping_status":"open","sticky":false,"template":"","format":"standard","meta":{"footnotes":""},"categories":[1],"tags":[],"class_list":["post-7114","post","type-post","status-publish","format-standard","has-post-thumbnail","hentry","category-uncategorized"],"acf":[],"yoast_head":"<!-- This site is optimized with the Yoast SEO plugin v21.3 - https:\/\/yoast.com\/wordpress\/plugins\/seo\/ -->\n<title>&quot;Det \u00e4r Richard och de andra uppdragsgivarna som best\u00e4mmer och \u00e4r i fokus&quot; - JAG Opinion<\/title>\n<meta name=\"robots\" content=\"index, follow, max-snippet:-1, max-image-preview:large, max-video-preview:-1\" \/>\n<link rel=\"canonical\" href=\"https:\/\/jag.se\/opinion\/det-ar-richard-och-de-andra-uppdragsgivarna-som-bestammer-och-ar-i-fokus\/\" \/>\n<meta property=\"og:locale\" content=\"sv_SE\" \/>\n<meta property=\"og:type\" content=\"article\" \/>\n<meta property=\"og:title\" content=\"&quot;Det \u00e4r Richard och de andra uppdragsgivarna som best\u00e4mmer och \u00e4r i fokus&quot; - JAG Opinion\" \/>\n<meta property=\"og:description\" content=\"Sedan f\u00f6rra sommaren \u00e4r Linda Forzelius VD f\u00f6r JAG Personlig Assistans i Sverige. Men ett nytt ansikte p\u00e5 JAG \u00e4r hon knappast, och fr\u00e5gorna hon arbetar med har funnits med henne hela livet. Linda Forzelius v\u00e4xte upp i Boden tillsammans med sin mamma och storebror Richard. Familjen var aktiv och hittade p\u00e5 mycket tillsammans, alltifr\u00e5n\" \/>\n<meta property=\"og:url\" content=\"https:\/\/jag.se\/opinion\/det-ar-richard-och-de-andra-uppdragsgivarna-som-bestammer-och-ar-i-fokus\/\" \/>\n<meta property=\"og:site_name\" content=\"JAG Opinion\" \/>\n<meta property=\"article:published_time\" content=\"2022-06-08T13:28:23+00:00\" \/>\n<meta property=\"article:modified_time\" content=\"2022-06-08T15:57:45+00:00\" \/>\n<meta property=\"og:image\" content=\"https:\/\/jag.se\/wp-content\/uploads\/sites\/3\/2022\/06\/Linda-glad-narbild-till-webben.webp\" \/>\n\t<meta property=\"og:image:width\" content=\"500\" \/>\n\t<meta property=\"og:image:height\" content=\"380\" \/>\n\t<meta property=\"og:image:type\" content=\"image\/webp\" \/>\n<meta name=\"author\" content=\"Allan Sundberg\" \/>\n<meta name=\"twitter:card\" content=\"summary_large_image\" \/>\n<meta name=\"twitter:label1\" content=\"Skriven av\" \/>\n\t<meta name=\"twitter:data1\" content=\"Allan Sundberg\" \/>\n\t<meta name=\"twitter:label2\" content=\"Ber\u00e4knad l\u00e4stid\" \/>\n\t<meta name=\"twitter:data2\" content=\"6 minuter\" \/>\n<script type=\"application\/ld+json\" class=\"yoast-schema-graph\">{\"@context\":\"https:\/\/schema.org\",\"@graph\":[{\"@type\":\"WebPage\",\"@id\":\"https:\/\/jag.se\/opinion\/det-ar-richard-och-de-andra-uppdragsgivarna-som-bestammer-och-ar-i-fokus\/\",\"url\":\"https:\/\/jag.se\/opinion\/det-ar-richard-och-de-andra-uppdragsgivarna-som-bestammer-och-ar-i-fokus\/\",\"name\":\"\\\"Det \u00e4r Richard och de andra uppdragsgivarna som best\u00e4mmer och \u00e4r i fokus\\\" - JAG Opinion\",\"isPartOf\":{\"@id\":\"https:\/\/jag.se\/opinion\/#website\"},\"datePublished\":\"2022-06-08T13:28:23+00:00\",\"dateModified\":\"2022-06-08T15:57:45+00:00\",\"author\":{\"@id\":\"https:\/\/jag.se\/opinion\/#\/schema\/person\/ed7bad708261024ad2361c426cd79665\"},\"breadcrumb\":{\"@id\":\"https:\/\/jag.se\/opinion\/det-ar-richard-och-de-andra-uppdragsgivarna-som-bestammer-och-ar-i-fokus\/#breadcrumb\"},\"inLanguage\":\"sv-SE\",\"potentialAction\":[{\"@type\":\"ReadAction\",\"target\":[\"https:\/\/jag.se\/opinion\/det-ar-richard-och-de-andra-uppdragsgivarna-som-bestammer-och-ar-i-fokus\/\"]}]},{\"@type\":\"BreadcrumbList\",\"@id\":\"https:\/\/jag.se\/opinion\/det-ar-richard-och-de-andra-uppdragsgivarna-som-bestammer-och-ar-i-fokus\/#breadcrumb\",\"itemListElement\":[{\"@type\":\"ListItem\",\"position\":1,\"name\":\"JAG start\",\"item\":\"https:\/\/jag.se\"},{\"@type\":\"ListItem\",\"position\":2,\"name\":\"Riksf\u00f6reningen JAG\",\"item\":\"https:\/\/jag.se\/opinion\/\"},{\"@type\":\"ListItem\",\"position\":3,\"name\":\"&#8220;Det \u00e4r Richard och de andra uppdragsgivarna som best\u00e4mmer och \u00e4r i fokus&#8221;\"}]},{\"@type\":\"WebSite\",\"@id\":\"https:\/\/jag.se\/opinion\/#website\",\"url\":\"https:\/\/jag.se\/opinion\/\",\"name\":\"JAG Opinion\",\"description\":\"\",\"potentialAction\":[{\"@type\":\"SearchAction\",\"target\":{\"@type\":\"EntryPoint\",\"urlTemplate\":\"https:\/\/jag.se\/opinion\/?s={search_term_string}\"},\"query-input\":\"required name=search_term_string\"}],\"inLanguage\":\"sv-SE\"},{\"@type\":\"Person\",\"@id\":\"https:\/\/jag.se\/opinion\/#\/schema\/person\/ed7bad708261024ad2361c426cd79665\",\"name\":\"Allan Sundberg\",\"image\":{\"@type\":\"ImageObject\",\"inLanguage\":\"sv-SE\",\"@id\":\"https:\/\/jag.se\/opinion\/#\/schema\/person\/image\/\",\"url\":\"https:\/\/secure.gravatar.com\/avatar\/c8e5366f7ab89805def77cfc0bf17741dce4d1b0e1e4de4e37fb096da8904140?s=96&d=mm&r=g\",\"contentUrl\":\"https:\/\/secure.gravatar.com\/avatar\/c8e5366f7ab89805def77cfc0bf17741dce4d1b0e1e4de4e37fb096da8904140?s=96&d=mm&r=g\",\"caption\":\"Allan Sundberg\"}}]}<\/script>\n<!-- \/ Yoast SEO plugin. -->","yoast_head_json":{"title":"\"Det \u00e4r Richard och de andra uppdragsgivarna som best\u00e4mmer och \u00e4r i fokus\" - JAG Opinion","robots":{"index":"index","follow":"follow","max-snippet":"max-snippet:-1","max-image-preview":"max-image-preview:large","max-video-preview":"max-video-preview:-1"},"canonical":"https:\/\/jag.se\/opinion\/det-ar-richard-och-de-andra-uppdragsgivarna-som-bestammer-och-ar-i-fokus\/","og_locale":"sv_SE","og_type":"article","og_title":"\"Det \u00e4r Richard och de andra uppdragsgivarna som best\u00e4mmer och \u00e4r i fokus\" - JAG Opinion","og_description":"Sedan f\u00f6rra sommaren \u00e4r Linda Forzelius VD f\u00f6r JAG Personlig Assistans i Sverige. Men ett nytt ansikte p\u00e5 JAG \u00e4r hon knappast, och fr\u00e5gorna hon arbetar med har funnits med henne hela livet. Linda Forzelius v\u00e4xte upp i Boden tillsammans med sin mamma och storebror Richard. Familjen var aktiv och hittade p\u00e5 mycket tillsammans, alltifr\u00e5n","og_url":"https:\/\/jag.se\/opinion\/det-ar-richard-och-de-andra-uppdragsgivarna-som-bestammer-och-ar-i-fokus\/","og_site_name":"JAG Opinion","article_published_time":"2022-06-08T13:28:23+00:00","article_modified_time":"2022-06-08T15:57:45+00:00","og_image":[{"width":500,"height":380,"url":"https:\/\/jag.se\/wp-content\/uploads\/sites\/3\/2022\/06\/Linda-glad-narbild-till-webben.webp","type":"image\/webp"}],"author":"Allan Sundberg","twitter_card":"summary_large_image","twitter_misc":{"Skriven av":"Allan Sundberg","Ber\u00e4knad l\u00e4stid":"6 minuter"},"schema":{"@context":"https:\/\/schema.org","@graph":[{"@type":"WebPage","@id":"https:\/\/jag.se\/opinion\/det-ar-richard-och-de-andra-uppdragsgivarna-som-bestammer-och-ar-i-fokus\/","url":"https:\/\/jag.se\/opinion\/det-ar-richard-och-de-andra-uppdragsgivarna-som-bestammer-och-ar-i-fokus\/","name":"\"Det \u00e4r Richard och de andra uppdragsgivarna som best\u00e4mmer och \u00e4r i fokus\" - JAG Opinion","isPartOf":{"@id":"https:\/\/jag.se\/opinion\/#website"},"datePublished":"2022-06-08T13:28:23+00:00","dateModified":"2022-06-08T15:57:45+00:00","author":{"@id":"https:\/\/jag.se\/opinion\/#\/schema\/person\/ed7bad708261024ad2361c426cd79665"},"breadcrumb":{"@id":"https:\/\/jag.se\/opinion\/det-ar-richard-och-de-andra-uppdragsgivarna-som-bestammer-och-ar-i-fokus\/#breadcrumb"},"inLanguage":"sv-SE","potentialAction":[{"@type":"ReadAction","target":["https:\/\/jag.se\/opinion\/det-ar-richard-och-de-andra-uppdragsgivarna-som-bestammer-och-ar-i-fokus\/"]}]},{"@type":"BreadcrumbList","@id":"https:\/\/jag.se\/opinion\/det-ar-richard-och-de-andra-uppdragsgivarna-som-bestammer-och-ar-i-fokus\/#breadcrumb","itemListElement":[{"@type":"ListItem","position":1,"name":"JAG start","item":"https:\/\/jag.se"},{"@type":"ListItem","position":2,"name":"Riksf\u00f6reningen JAG","item":"https:\/\/jag.se\/opinion\/"},{"@type":"ListItem","position":3,"name":"&#8220;Det \u00e4r Richard och de andra uppdragsgivarna som best\u00e4mmer och \u00e4r i fokus&#8221;"}]},{"@type":"WebSite","@id":"https:\/\/jag.se\/opinion\/#website","url":"https:\/\/jag.se\/opinion\/","name":"JAG Opinion","description":"","potentialAction":[{"@type":"SearchAction","target":{"@type":"EntryPoint","urlTemplate":"https:\/\/jag.se\/opinion\/?s={search_term_string}"},"query-input":"required name=search_term_string"}],"inLanguage":"sv-SE"},{"@type":"Person","@id":"https:\/\/jag.se\/opinion\/#\/schema\/person\/ed7bad708261024ad2361c426cd79665","name":"Allan Sundberg","image":{"@type":"ImageObject","inLanguage":"sv-SE","@id":"https:\/\/jag.se\/opinion\/#\/schema\/person\/image\/","url":"https:\/\/secure.gravatar.com\/avatar\/c8e5366f7ab89805def77cfc0bf17741dce4d1b0e1e4de4e37fb096da8904140?s=96&d=mm&r=g","contentUrl":"https:\/\/secure.gravatar.com\/avatar\/c8e5366f7ab89805def77cfc0bf17741dce4d1b0e1e4de4e37fb096da8904140?s=96&d=mm&r=g","caption":"Allan Sundberg"}}]}},"_links":{"self":[{"href":"https:\/\/jag.se\/opinion\/wp-json\/wp\/v2\/posts\/7114","targetHints":{"allow":["GET"]}}],"collection":[{"href":"https:\/\/jag.se\/opinion\/wp-json\/wp\/v2\/posts"}],"about":[{"href":"https:\/\/jag.se\/opinion\/wp-json\/wp\/v2\/types\/post"}],"author":[{"embeddable":true,"href":"https:\/\/jag.se\/opinion\/wp-json\/wp\/v2\/users\/8"}],"replies":[{"embeddable":true,"href":"https:\/\/jag.se\/opinion\/wp-json\/wp\/v2\/comments?post=7114"}],"version-history":[{"count":7,"href":"https:\/\/jag.se\/opinion\/wp-json\/wp\/v2\/posts\/7114\/revisions"}],"predecessor-version":[{"id":7133,"href":"https:\/\/jag.se\/opinion\/wp-json\/wp\/v2\/posts\/7114\/revisions\/7133"}],"wp:featuredmedia":[{"embeddable":true,"href":"https:\/\/jag.se\/opinion\/wp-json\/wp\/v2\/media\/7119"}],"wp:attachment":[{"href":"https:\/\/jag.se\/opinion\/wp-json\/wp\/v2\/media?parent=7114"}],"wp:term":[{"taxonomy":"category","embeddable":true,"href":"https:\/\/jag.se\/opinion\/wp-json\/wp\/v2\/categories?post=7114"},{"taxonomy":"post_tag","embeddable":true,"href":"https:\/\/jag.se\/opinion\/wp-json\/wp\/v2\/tags?post=7114"}],"curies":[{"name":"wp","href":"https:\/\/api.w.org\/{rel}","templated":true}]}}