{"id":9134,"date":"2022-07-04T12:15:10","date_gmt":"2022-07-04T12:15:10","guid":{"rendered":"https:\/\/jag.se\/opinion\/?p=9134"},"modified":"2022-07-05T07:23:23","modified_gmt":"2022-07-05T07:23:23","slug":"riksdagsledamot-uppmanar-jag-medlemmar-att-begara-ut-sin-journal","status":"publish","type":"post","link":"https:\/\/jag.se\/opinion\/riksdagsledamot-uppmanar-jag-medlemmar-att-begara-ut-sin-journal\/","title":{"rendered":"Riksdagsledamot uppmanar JAG-medlemmar att beg\u00e4ra ut sin journal"},"content":{"rendered":"\n<p><strong>ALMEDALEN. Riksdagsledamot Bengt Eliasson (L) uppmanar m\u00e4nniskor med intellektuell funktionsneds\u00e4ttning och omfattande funktionsneds\u00e4ttningar att beg\u00e4ra ut sin journal f\u00f6r att kontrollera om det st\u00e5r att inga livsuppeh\u00e5llande \u00e5tg\u00e4rder ska vidtas vid sv\u00e5r sjukdom.<\/strong><\/p>\n\n\n\n<p>P\u00e5 m\u00e5ndagens f\u00f6rsta seminarium i Riksf\u00f6reningen JAGs t\u00e4lt i Visby ber\u00e4ttade JAG-medlemmen Magnus Strandbergs gode man Katarina Str\u00f6m att hon&nbsp; f\u00f6r en tid sedan uppt\u00e4ckte att det i Magnus Strandbergs journal st\u00e5r \u201dinga livsuppeh\u00e5llande \u00e5tg\u00e4rder\u201d efter varje anteckning. Hon tror att det \u00e4r n\u00e5got som m\u00e5nga andra JAG-medlemmar och andra med stora funktionsneds\u00e4ttningar r\u00e5kar ut f\u00f6r.<\/p>\n\n\n\n<p>Liberalernas riksdagsledamot Bengt Eliasson reagerade starkt n\u00e4r han h\u00f6rde detta.<\/p>\n\n\n\n<p>&#8211; &nbsp;Jag blir v\u00e4ldigt illa ber\u00f6rd av det du ber\u00e4ttar, sa Bengt Eliasson. Det kan st\u00e5 s\u00e5 i en journal enligt h\u00e4lso- och sjukv\u00e5rdslagen, men det \u00e4r n\u00e4r patienten sj\u00e4lv har beg\u00e4rt det, om man har en livshotande sjukdom till exempel. Det \u00e4r inte okej att h\u00e4lso- och sjukv\u00e5rden sj\u00e4lv best\u00e4mmer sig f\u00f6r att skriva in det. Egentligen skulle man be alla att beg\u00e4ra ut sin journal f\u00f6r att se vad det st\u00e5r, f\u00f6r att ta reda p\u00e5 om \u00e4r &nbsp;det h\u00e4r systematik fr\u00e5n v\u00e5rdgivaren, om sjukv\u00e5rden g\u00f6r detta mot alla personer med intellektuella funktionsneds\u00e4ttningar. Beg\u00e4r ut era journaler! Och om ni hittar n\u00e5got som ni inte vill ska st\u00e5 d\u00e4r, har ni r\u00e4tt att f\u00e5 det struket!<\/p>\n\n\n\n<p>\u00c4ven Diskrimineringsombudsman Lars Arrhenius blev starkt ber\u00f6rd av Magnus Strandbergs ber\u00e4ttelse och uppmanade alla som drabbas att anm\u00e4la till DO.<\/p>\n\n\n\n<p>&#8211; Jag uppmanar alla att anm\u00e4la s\u00e5dana h\u00e4r situationer till oss. Vi har inte gjort det tidigare, men min bed\u00f6mning \u00e4r att det \u00e4r helt n\u00f6dv\u00e4ndigt att g\u00f6ra. Vi kommer \u00e4ven att ge ut \u00e5rliga rapporter och genom anm\u00e4lningarna kan vi lyfta och uppm\u00e4rksamma de h\u00e4r fr\u00e5gorna. Vi ska utreda fler fall och driva fler fall i domstol. Det handlar om uppr\u00e4ttelse f\u00f6r den enskilde och att det ska bli en konsekvens n\u00e4r man bryter mot reglerna, sa Lars Arrhenius.<\/p>\n\n\n\n<p><a href=\"https:\/\/www.youtube.com\/watch?v=HK1Y-FfKzWM\" target=\"_blank\" rel=\"noreferrer noopener\">Se hela seminariet p\u00e5 youtube. <\/a><\/p>\n\n\n\n<figure class=\"wp-block-image size-full is-resized is-style-default\"><img loading=\"lazy\" decoding=\"async\" src=\"https:\/\/jag.se\/opinion\/wp-content\/uploads\/sites\/3\/2022\/07\/Magnus-och-Kattis.jpg\" alt=\"\" class=\"wp-image-9224\" width=\"480\" height=\"334\" srcset=\"https:\/\/jag.se\/opinion\/wp-content\/uploads\/sites\/3\/2022\/07\/Magnus-och-Kattis.jpg 480w, https:\/\/jag.se\/opinion\/wp-content\/uploads\/sites\/3\/2022\/07\/Magnus-och-Kattis-300x209.jpg 300w, https:\/\/jag.se\/opinion\/wp-content\/uploads\/sites\/3\/2022\/07\/Magnus-och-Kattis-460x320.jpg 460w, https:\/\/jag.se\/opinion\/wp-content\/uploads\/sites\/3\/2022\/07\/Magnus-och-Kattis-72x50@2x.jpg 144w, https:\/\/jag.se\/opinion\/wp-content\/uploads\/sites\/3\/2022\/07\/Magnus-och-Kattis-120x84.jpg 120w, https:\/\/jag.se\/opinion\/wp-content\/uploads\/sites\/3\/2022\/07\/Magnus-och-Kattis-150x104.jpg 150w, https:\/\/jag.se\/opinion\/wp-content\/uploads\/sites\/3\/2022\/07\/Magnus-och-Kattis-311x216.jpg 311w, https:\/\/jag.se\/opinion\/wp-content\/uploads\/sites\/3\/2022\/07\/Magnus-och-Kattis-374x260.jpg 374w, https:\/\/jag.se\/opinion\/wp-content\/uploads\/sites\/3\/2022\/07\/Magnus-och-Kattis-72x50.jpg 72w, https:\/\/jag.se\/opinion\/wp-content\/uploads\/sites\/3\/2022\/07\/Magnus-och-Kattis-144x100@2x.jpg 288w, https:\/\/jag.se\/opinion\/wp-content\/uploads\/sites\/3\/2022\/07\/Magnus-och-Kattis-120x84@2x.jpg 240w\" sizes=\"auto, (max-width: 480px) 100vw, 480px\" \/><\/figure>\n","protected":false},"excerpt":{"rendered":"<p>ALMEDALEN. Riksdagsledamot Bengt Eliasson (L) uppmanar m\u00e4nniskor med intellektuell funktionsneds\u00e4ttning och omfattande funktionsneds\u00e4ttningar att beg\u00e4ra ut sin journal f\u00f6r att kontrollera om det st\u00e5r att inga livsuppeh\u00e5llande \u00e5tg\u00e4rder ska vidtas vid sv\u00e5r sjukdom. P\u00e5 m\u00e5ndagens f\u00f6rsta seminarium i Riksf\u00f6reningen JAGs t\u00e4lt i Visby ber\u00e4ttade JAG-medlemmen Magnus Strandbergs gode man Katarina Str\u00f6m att hon&nbsp; f\u00f6r en<\/p>\n","protected":false},"author":7,"featured_media":9139,"comment_status":"open","ping_status":"open","sticky":false,"template":"","format":"standard","meta":{"footnotes":""},"categories":[1],"tags":[],"class_list":["post-9134","post","type-post","status-publish","format-standard","has-post-thumbnail","hentry","category-uncategorized"],"acf":[],"yoast_head":"<!-- This site is optimized with the Yoast SEO plugin v21.3 - https:\/\/yoast.com\/wordpress\/plugins\/seo\/ -->\n<title>Riksdagsledamot uppmanar JAG-medlemmar att beg\u00e4ra ut sin journal - JAG Opinion<\/title>\n<meta name=\"description\" content=\"IQ-diskriminering inom sjukv\u00e5rden. Person med intellektuell funktionsneds\u00e4ttning fick inskrivet i sin journal att livsuppeh\u00e5llande \u00e5tg\u00e4rder inte ska vidtas.\" \/>\n<meta name=\"robots\" content=\"index, follow, max-snippet:-1, max-image-preview:large, max-video-preview:-1\" \/>\n<link rel=\"canonical\" href=\"https:\/\/jag.se\/opinion\/riksdagsledamot-uppmanar-jag-medlemmar-att-begara-ut-sin-journal\/\" \/>\n<meta property=\"og:locale\" content=\"sv_SE\" \/>\n<meta property=\"og:type\" content=\"article\" \/>\n<meta property=\"og:title\" content=\"Riksdagsledamot uppmanar JAG-medlemmar att beg\u00e4ra ut sin journal - JAG Opinion\" \/>\n<meta property=\"og:description\" content=\"IQ-diskriminering inom sjukv\u00e5rden. Person med intellektuell funktionsneds\u00e4ttning fick inskrivet i sin journal att livsuppeh\u00e5llande \u00e5tg\u00e4rder inte ska vidtas.\" \/>\n<meta property=\"og:url\" content=\"https:\/\/jag.se\/opinion\/riksdagsledamot-uppmanar-jag-medlemmar-att-begara-ut-sin-journal\/\" \/>\n<meta property=\"og:site_name\" content=\"JAG Opinion\" \/>\n<meta property=\"article:published_time\" content=\"2022-07-04T12:15:10+00:00\" \/>\n<meta property=\"article:modified_time\" content=\"2022-07-05T07:23:23+00:00\" \/>\n<meta property=\"og:image\" content=\"https:\/\/jag.se\/wp-content\/uploads\/sites\/3\/2022\/07\/290163803_448427686734758_1307733460074822434_n.jpg\" \/>\n\t<meta property=\"og:image:width\" content=\"1170\" \/>\n\t<meta property=\"og:image:height\" content=\"876\" \/>\n\t<meta property=\"og:image:type\" content=\"image\/jpeg\" \/>\n<meta name=\"author\" content=\"Kerstin Sellin\" \/>\n<meta name=\"twitter:card\" content=\"summary_large_image\" \/>\n<meta name=\"twitter:label1\" content=\"Skriven av\" \/>\n\t<meta name=\"twitter:data1\" content=\"Kerstin Sellin\" \/>\n\t<meta name=\"twitter:label2\" content=\"Ber\u00e4knad l\u00e4stid\" \/>\n\t<meta name=\"twitter:data2\" content=\"2 minuter\" \/>\n<script type=\"application\/ld+json\" class=\"yoast-schema-graph\">{\"@context\":\"https:\/\/schema.org\",\"@graph\":[{\"@type\":\"WebPage\",\"@id\":\"https:\/\/jag.se\/opinion\/riksdagsledamot-uppmanar-jag-medlemmar-att-begara-ut-sin-journal\/\",\"url\":\"https:\/\/jag.se\/opinion\/riksdagsledamot-uppmanar-jag-medlemmar-att-begara-ut-sin-journal\/\",\"name\":\"Riksdagsledamot uppmanar JAG-medlemmar att beg\u00e4ra ut sin journal - JAG Opinion\",\"isPartOf\":{\"@id\":\"https:\/\/jag.se\/opinion\/#website\"},\"datePublished\":\"2022-07-04T12:15:10+00:00\",\"dateModified\":\"2022-07-05T07:23:23+00:00\",\"author\":{\"@id\":\"https:\/\/jag.se\/opinion\/#\/schema\/person\/d00c1ca66fcf5d6bc7f9eade6c79f40a\"},\"description\":\"IQ-diskriminering inom sjukv\u00e5rden. Person med intellektuell funktionsneds\u00e4ttning fick inskrivet i sin journal att livsuppeh\u00e5llande \u00e5tg\u00e4rder inte ska vidtas.\",\"breadcrumb\":{\"@id\":\"https:\/\/jag.se\/opinion\/riksdagsledamot-uppmanar-jag-medlemmar-att-begara-ut-sin-journal\/#breadcrumb\"},\"inLanguage\":\"sv-SE\",\"potentialAction\":[{\"@type\":\"ReadAction\",\"target\":[\"https:\/\/jag.se\/opinion\/riksdagsledamot-uppmanar-jag-medlemmar-att-begara-ut-sin-journal\/\"]}]},{\"@type\":\"BreadcrumbList\",\"@id\":\"https:\/\/jag.se\/opinion\/riksdagsledamot-uppmanar-jag-medlemmar-att-begara-ut-sin-journal\/#breadcrumb\",\"itemListElement\":[{\"@type\":\"ListItem\",\"position\":1,\"name\":\"JAG start\",\"item\":\"https:\/\/jag.se\"},{\"@type\":\"ListItem\",\"position\":2,\"name\":\"Riksf\u00f6reningen JAG\",\"item\":\"https:\/\/jag.se\/opinion\/\"},{\"@type\":\"ListItem\",\"position\":3,\"name\":\"Riksdagsledamot uppmanar JAG-medlemmar att beg\u00e4ra ut sin journal\"}]},{\"@type\":\"WebSite\",\"@id\":\"https:\/\/jag.se\/opinion\/#website\",\"url\":\"https:\/\/jag.se\/opinion\/\",\"name\":\"JAG Opinion\",\"description\":\"\",\"potentialAction\":[{\"@type\":\"SearchAction\",\"target\":{\"@type\":\"EntryPoint\",\"urlTemplate\":\"https:\/\/jag.se\/opinion\/?s={search_term_string}\"},\"query-input\":\"required name=search_term_string\"}],\"inLanguage\":\"sv-SE\"},{\"@type\":\"Person\",\"@id\":\"https:\/\/jag.se\/opinion\/#\/schema\/person\/d00c1ca66fcf5d6bc7f9eade6c79f40a\",\"name\":\"Kerstin Sellin\",\"image\":{\"@type\":\"ImageObject\",\"inLanguage\":\"sv-SE\",\"@id\":\"https:\/\/jag.se\/opinion\/#\/schema\/person\/image\/\",\"url\":\"https:\/\/secure.gravatar.com\/avatar\/8186ebe5b7809ff59c7d59f361424f7bbdb039cd25b26fa93e861f6ee8e199b6?s=96&d=mm&r=g\",\"contentUrl\":\"https:\/\/secure.gravatar.com\/avatar\/8186ebe5b7809ff59c7d59f361424f7bbdb039cd25b26fa93e861f6ee8e199b6?s=96&d=mm&r=g\",\"caption\":\"Kerstin Sellin\"}}]}<\/script>\n<!-- \/ Yoast SEO plugin. -->","yoast_head_json":{"title":"Riksdagsledamot uppmanar JAG-medlemmar att beg\u00e4ra ut sin journal - JAG Opinion","description":"IQ-diskriminering inom sjukv\u00e5rden. Person med intellektuell funktionsneds\u00e4ttning fick inskrivet i sin journal att livsuppeh\u00e5llande \u00e5tg\u00e4rder inte ska vidtas.","robots":{"index":"index","follow":"follow","max-snippet":"max-snippet:-1","max-image-preview":"max-image-preview:large","max-video-preview":"max-video-preview:-1"},"canonical":"https:\/\/jag.se\/opinion\/riksdagsledamot-uppmanar-jag-medlemmar-att-begara-ut-sin-journal\/","og_locale":"sv_SE","og_type":"article","og_title":"Riksdagsledamot uppmanar JAG-medlemmar att beg\u00e4ra ut sin journal - JAG Opinion","og_description":"IQ-diskriminering inom sjukv\u00e5rden. Person med intellektuell funktionsneds\u00e4ttning fick inskrivet i sin journal att livsuppeh\u00e5llande \u00e5tg\u00e4rder inte ska vidtas.","og_url":"https:\/\/jag.se\/opinion\/riksdagsledamot-uppmanar-jag-medlemmar-att-begara-ut-sin-journal\/","og_site_name":"JAG Opinion","article_published_time":"2022-07-04T12:15:10+00:00","article_modified_time":"2022-07-05T07:23:23+00:00","og_image":[{"width":1170,"height":876,"url":"https:\/\/jag.se\/wp-content\/uploads\/sites\/3\/2022\/07\/290163803_448427686734758_1307733460074822434_n.jpg","type":"image\/jpeg"}],"author":"Kerstin Sellin","twitter_card":"summary_large_image","twitter_misc":{"Skriven av":"Kerstin Sellin","Ber\u00e4knad l\u00e4stid":"2 minuter"},"schema":{"@context":"https:\/\/schema.org","@graph":[{"@type":"WebPage","@id":"https:\/\/jag.se\/opinion\/riksdagsledamot-uppmanar-jag-medlemmar-att-begara-ut-sin-journal\/","url":"https:\/\/jag.se\/opinion\/riksdagsledamot-uppmanar-jag-medlemmar-att-begara-ut-sin-journal\/","name":"Riksdagsledamot uppmanar JAG-medlemmar att beg\u00e4ra ut sin journal - JAG Opinion","isPartOf":{"@id":"https:\/\/jag.se\/opinion\/#website"},"datePublished":"2022-07-04T12:15:10+00:00","dateModified":"2022-07-05T07:23:23+00:00","author":{"@id":"https:\/\/jag.se\/opinion\/#\/schema\/person\/d00c1ca66fcf5d6bc7f9eade6c79f40a"},"description":"IQ-diskriminering inom sjukv\u00e5rden. Person med intellektuell funktionsneds\u00e4ttning fick inskrivet i sin journal att livsuppeh\u00e5llande \u00e5tg\u00e4rder inte ska vidtas.","breadcrumb":{"@id":"https:\/\/jag.se\/opinion\/riksdagsledamot-uppmanar-jag-medlemmar-att-begara-ut-sin-journal\/#breadcrumb"},"inLanguage":"sv-SE","potentialAction":[{"@type":"ReadAction","target":["https:\/\/jag.se\/opinion\/riksdagsledamot-uppmanar-jag-medlemmar-att-begara-ut-sin-journal\/"]}]},{"@type":"BreadcrumbList","@id":"https:\/\/jag.se\/opinion\/riksdagsledamot-uppmanar-jag-medlemmar-att-begara-ut-sin-journal\/#breadcrumb","itemListElement":[{"@type":"ListItem","position":1,"name":"JAG start","item":"https:\/\/jag.se"},{"@type":"ListItem","position":2,"name":"Riksf\u00f6reningen JAG","item":"https:\/\/jag.se\/opinion\/"},{"@type":"ListItem","position":3,"name":"Riksdagsledamot uppmanar JAG-medlemmar att beg\u00e4ra ut sin journal"}]},{"@type":"WebSite","@id":"https:\/\/jag.se\/opinion\/#website","url":"https:\/\/jag.se\/opinion\/","name":"JAG Opinion","description":"","potentialAction":[{"@type":"SearchAction","target":{"@type":"EntryPoint","urlTemplate":"https:\/\/jag.se\/opinion\/?s={search_term_string}"},"query-input":"required name=search_term_string"}],"inLanguage":"sv-SE"},{"@type":"Person","@id":"https:\/\/jag.se\/opinion\/#\/schema\/person\/d00c1ca66fcf5d6bc7f9eade6c79f40a","name":"Kerstin Sellin","image":{"@type":"ImageObject","inLanguage":"sv-SE","@id":"https:\/\/jag.se\/opinion\/#\/schema\/person\/image\/","url":"https:\/\/secure.gravatar.com\/avatar\/8186ebe5b7809ff59c7d59f361424f7bbdb039cd25b26fa93e861f6ee8e199b6?s=96&d=mm&r=g","contentUrl":"https:\/\/secure.gravatar.com\/avatar\/8186ebe5b7809ff59c7d59f361424f7bbdb039cd25b26fa93e861f6ee8e199b6?s=96&d=mm&r=g","caption":"Kerstin Sellin"}}]}},"_links":{"self":[{"href":"https:\/\/jag.se\/opinion\/wp-json\/wp\/v2\/posts\/9134","targetHints":{"allow":["GET"]}}],"collection":[{"href":"https:\/\/jag.se\/opinion\/wp-json\/wp\/v2\/posts"}],"about":[{"href":"https:\/\/jag.se\/opinion\/wp-json\/wp\/v2\/types\/post"}],"author":[{"embeddable":true,"href":"https:\/\/jag.se\/opinion\/wp-json\/wp\/v2\/users\/7"}],"replies":[{"embeddable":true,"href":"https:\/\/jag.se\/opinion\/wp-json\/wp\/v2\/comments?post=9134"}],"version-history":[{"count":9,"href":"https:\/\/jag.se\/opinion\/wp-json\/wp\/v2\/posts\/9134\/revisions"}],"predecessor-version":[{"id":9226,"href":"https:\/\/jag.se\/opinion\/wp-json\/wp\/v2\/posts\/9134\/revisions\/9226"}],"wp:featuredmedia":[{"embeddable":true,"href":"https:\/\/jag.se\/opinion\/wp-json\/wp\/v2\/media\/9139"}],"wp:attachment":[{"href":"https:\/\/jag.se\/opinion\/wp-json\/wp\/v2\/media?parent=9134"}],"wp:term":[{"taxonomy":"category","embeddable":true,"href":"https:\/\/jag.se\/opinion\/wp-json\/wp\/v2\/categories?post=9134"},{"taxonomy":"post_tag","embeddable":true,"href":"https:\/\/jag.se\/opinion\/wp-json\/wp\/v2\/tags?post=9134"}],"curies":[{"name":"wp","href":"https:\/\/api.w.org\/{rel}","templated":true}]}}