{"id":9146,"date":"2022-07-05T07:31:19","date_gmt":"2022-07-05T07:31:19","guid":{"rendered":"https:\/\/jag.se\/opinion\/?p=9146"},"modified":"2022-07-14T08:57:57","modified_gmt":"2022-07-14T08:57:57","slug":"9146-2","status":"publish","type":"post","link":"https:\/\/jag.se\/opinion\/9146-2\/","title":{"rendered":"Med staten som ensam huvudman kan fler f\u00e5 assistans"},"content":{"rendered":"\n<p><strong>ALMEDALEN. I dag \u00e4r huvudmannaskapet f\u00f6r den personliga assistansen delat mellan stat och kommun. Huvudmannaskapsutredningen h\u00e5ller just nu p\u00e5 att ta fram ett f\u00f6rslag p\u00e5 hur assistansen kan organiseras med staten som ensam huvudman. S\u00e4rskilde utredaren Lars L\u00f6\u00f6w, som till vardags \u00e4r \u00f6verdirekt\u00f6r p\u00e5 Arbetsf\u00f6rmedlingen, har en bakgrund inom funktionsr\u00e4ttsr\u00f6relsen.<\/strong><br><strong>&#8211; &nbsp;Personlig assistans \u00e4r en insats som f\u00f6rtj\u00e4nar l\u00e5ngsiktighet och stabilitet. Kan jag bidra till det \u00e4r jag mer \u00e4n n\u00f6jd, sa Lars L\u00f6\u00f6w n\u00e4r han intervjuades i Riksf\u00f6reningen JAGs t\u00e4lt i Visby av Hillevi Larsson med god man Marie Arvidsson och Linda Forzelius.<\/strong><\/p>\n\n\n\n<p><\/p>\n\n\n\n<p>Enligt direktivet ska utredningens f\u00f6rslag skapa l\u00e5ngsiktiga och stabila f\u00f6ruts\u00e4ttningar f\u00f6r en insats av god kvalitet som pr\u00e4glas av h\u00f6g r\u00e4ttss\u00e4kerhet och m\u00f6jlighet till uppf\u00f6ljning och kontroll. Utredningen ska vara klar 1 mars 2023. N\u00e5gra v\u00e4gval har redan gjorts, som att inte utreda ett alternativ med kommunen som ensam huvudman. &nbsp;<\/p>\n\n\n\n<p>&#8211; Vi ska inte utreda r\u00e4ttighetens inneh\u00e5ll. D\u00e4remot kommer vi in p\u00e5 fr\u00e5gor om uppf\u00f6ljning och kvalitet och d\u00e4r utg\u00e5r vi fr\u00e5n hur personlig assistans beskrivs i f\u00f6rarbetena till propositionen, s\u00e4ger Lars L\u00f6\u00f6w.<\/p>\n\n\n\n<p>Andra viktiga fr\u00e5gest\u00e4llningar \u00e4r vilken roll kommunerna ska spela i framtiden och gr\u00e4nsdragningar f\u00f6r personer som har andra insatser enligt LSS eller socialtj\u00e4nstlagen. Idag kr\u00e4vs minst 20 timmars assistansbehov per vecka f\u00f6r att f\u00e5 statlig assistansers\u00e4ttning. Ett av utredningens uppdrag \u00e4r att f\u00f6resl\u00e5 \u00e4r en ny nedre gr\u00e4ns.<\/p>\n\n\n\n<p>&#8211; Jag pratar hellre om kvalificering \u00e4n gr\u00e4ns och d\u00e4r h\u00e5ller vi p\u00e5 att ta fram underlag. En risk med ett alternativ d\u00e4r vi inte r\u00e4knar timmar f\u00f6r grundl\u00e4ggande behov \u00e4r att det blir mycket dyrare f\u00f6r staten, s\u00e5 det m\u00e5ste vi r\u00e4kna p\u00e5. Personlig assistans var aldrig menat f\u00f6r alla som k\u00e4nner att de beh\u00f6ver det. Det \u00e4r till f\u00f6r dem som har de mest omfattande funktionsneds\u00e4ttningarna N\u00e5gon form av behov av att man h\u00f6r till dem som beh\u00f6ver kommer staten vilja ha. S\u00e5 det kommer alltid finnas n\u00e5gon som inte f\u00e5r. V\u00e5rt huvudalternativ \u00e4r bed\u00f6mningen ska utg\u00e5 fr\u00e5n om den som har ett dagligt \u00e5terkommande behov, kopplat till n\u00e5got av de grundl\u00e4ggande behoven, har ett helhetsbehov p\u00e5 mer \u00e4n 20 timmar st\u00f6d per vecka. Det \u00e4r allts\u00e5 fullt m\u00f6jligt att ett antal personer som idag f\u00e5tt nej b\u00e5de fr\u00e5n kommunen och F\u00f6rs\u00e4kringskassan kan komma att kvalificera sig, s\u00e5 p\u00e5 s\u00e5 s\u00e4tt kan det bli dyrare \u00e4n idag. Vi beh\u00f6ver ocks\u00e5 utreda hur det blir f\u00f6r dem som f\u00e5r assistans genom nya lagen om st\u00e4rkt assistans, 1000-1500 personer till. Det \u00e4r inte l\u00e4tt att g\u00f6ra&nbsp; bed\u00f6mningar som finansdepartementet kommer k\u00e4nna sig trygga med,<\/p>\n\n\n\n<p><strong>Finns det n\u00e5gon risk att personer med intellektuell funktionsneds\u00e4ttning f\u00e5r andra s\u00e5 kallade individanpassade insatser ist\u00e4llet f\u00f6r personlig assistans?<\/strong><br>Inte p\u00e5 grund av den h\u00e4r utredningen. Men assistansens hela legitimitet, liksom andra offentliga system, hotas av kriminella. Jag ska inte utreda vilka som ska f\u00e5 personlig assistans. Vi ska l\u00e4mna f\u00f6rslag om uppf\u00f6ljning, men inte vilka som ska f\u00e5 assistans.<\/p>\n\n\n\n<p><strong>Vad h\u00e4nder om assistansen blir s\u00e5 dyr s\u00e5 att allt l\u00e4ggs p\u00e5 kommunerna ist\u00e4llet? Det vore en mardr\u00f6m f\u00f6r m\u00e5nga JAG-medlemmar<\/strong>.<br>&#8211; Det kommer fortfarande kosta lika mycket pengar, oavsett om det finansieras med statlig eller kommunal skatt. Men det finns flera andra aspekter som inte bara \u00e4r ekonomiska. Fr\u00e5n att ha \u201dtillh\u00f6rt\u201d landstinget blev m\u00e5nga av JAGs medlemmar pl\u00f6tsligt medborgare i kommunen som andra n\u00e4r de fick personlig assistans.<\/p>\n\n\n\n<p><strong>Kommer det beh\u00f6vas ompr\u00f6vningar i framtiden?<\/strong><br>Nu n\u00e4rmar vi oss fr\u00e5gor om kvalitet och bland annat F\u00f6rs\u00e4kringskassan vill att vi utreder det. Men vi har inte f\u00e5tt i uppdrag \u00e4nnu att titta p\u00e5 det.<\/p>\n\n\n\n<p><a href=\"http:\/\/Titta p\u00e5 samtalet p\u00e5 youtube. https:\/\/www.youtube.com\/watch?v=IvFCD6evanI\" target=\"_blank\" rel=\"noreferrer noopener\">Titta p\u00e5 hela samtalet p\u00e5 youtube.<\/a><\/p>\n\n\n\n<p><\/p>\n\n\n\n<p><\/p>\n\n\n\n<p><\/p>\n","protected":false},"excerpt":{"rendered":"<p>ALMEDALEN. I dag \u00e4r huvudmannaskapet f\u00f6r den personliga assistansen delat mellan stat och kommun. Huvudmannaskapsutredningen h\u00e5ller just nu p\u00e5 att ta fram ett f\u00f6rslag p\u00e5 hur assistansen kan organiseras med staten som ensam huvudman. S\u00e4rskilde utredaren Lars L\u00f6\u00f6w, som till vardags \u00e4r \u00f6verdirekt\u00f6r p\u00e5 Arbetsf\u00f6rmedlingen, har en bakgrund inom funktionsr\u00e4ttsr\u00f6relsen.&#8211; &nbsp;Personlig assistans \u00e4r en insats<\/p>\n","protected":false},"author":7,"featured_media":9227,"comment_status":"open","ping_status":"open","sticky":false,"template":"","format":"standard","meta":{"footnotes":""},"categories":[1],"tags":[],"class_list":["post-9146","post","type-post","status-publish","format-standard","has-post-thumbnail","hentry","category-uncategorized"],"acf":[],"yoast_head":"<!-- This site is optimized with the Yoast SEO plugin v21.3 - https:\/\/yoast.com\/wordpress\/plugins\/seo\/ -->\n<title>Med staten som ensam huvudman kan fler f\u00e5 assistans - JAG Opinion<\/title>\n<meta name=\"robots\" content=\"index, follow, max-snippet:-1, max-image-preview:large, max-video-preview:-1\" \/>\n<link rel=\"canonical\" href=\"https:\/\/jag.se\/opinion\/9146-2\/\" \/>\n<meta property=\"og:locale\" content=\"sv_SE\" \/>\n<meta property=\"og:type\" content=\"article\" \/>\n<meta property=\"og:title\" content=\"Med staten som ensam huvudman kan fler f\u00e5 assistans - JAG Opinion\" \/>\n<meta property=\"og:description\" content=\"ALMEDALEN. I dag \u00e4r huvudmannaskapet f\u00f6r den personliga assistansen delat mellan stat och kommun. Huvudmannaskapsutredningen h\u00e5ller just nu p\u00e5 att ta fram ett f\u00f6rslag p\u00e5 hur assistansen kan organiseras med staten som ensam huvudman. S\u00e4rskilde utredaren Lars L\u00f6\u00f6w, som till vardags \u00e4r \u00f6verdirekt\u00f6r p\u00e5 Arbetsf\u00f6rmedlingen, har en bakgrund inom funktionsr\u00e4ttsr\u00f6relsen.&#8211; &nbsp;Personlig assistans \u00e4r en insats\" \/>\n<meta property=\"og:url\" content=\"https:\/\/jag.se\/opinion\/9146-2\/\" \/>\n<meta property=\"og:site_name\" content=\"JAG Opinion\" \/>\n<meta property=\"article:published_time\" content=\"2022-07-05T07:31:19+00:00\" \/>\n<meta property=\"article:modified_time\" content=\"2022-07-14T08:57:57+00:00\" \/>\n<meta property=\"og:image\" content=\"https:\/\/jag.se\/wp-content\/uploads\/sites\/3\/2022\/07\/Hillevi-Marie-Lars-Loow.webp\" \/>\n\t<meta property=\"og:image:width\" content=\"1133\" \/>\n\t<meta property=\"og:image:height\" content=\"604\" \/>\n\t<meta property=\"og:image:type\" content=\"image\/webp\" \/>\n<meta name=\"author\" content=\"Kerstin Sellin\" \/>\n<meta name=\"twitter:card\" content=\"summary_large_image\" \/>\n<meta name=\"twitter:label1\" content=\"Skriven av\" \/>\n\t<meta name=\"twitter:data1\" content=\"Kerstin Sellin\" \/>\n\t<meta name=\"twitter:label2\" content=\"Ber\u00e4knad l\u00e4stid\" \/>\n\t<meta name=\"twitter:data2\" content=\"3 minuter\" \/>\n<script type=\"application\/ld+json\" class=\"yoast-schema-graph\">{\"@context\":\"https:\/\/schema.org\",\"@graph\":[{\"@type\":\"WebPage\",\"@id\":\"https:\/\/jag.se\/opinion\/9146-2\/\",\"url\":\"https:\/\/jag.se\/opinion\/9146-2\/\",\"name\":\"Med staten som ensam huvudman kan fler f\u00e5 assistans - JAG Opinion\",\"isPartOf\":{\"@id\":\"https:\/\/jag.se\/opinion\/#website\"},\"datePublished\":\"2022-07-05T07:31:19+00:00\",\"dateModified\":\"2022-07-14T08:57:57+00:00\",\"author\":{\"@id\":\"https:\/\/jag.se\/opinion\/#\/schema\/person\/d00c1ca66fcf5d6bc7f9eade6c79f40a\"},\"breadcrumb\":{\"@id\":\"https:\/\/jag.se\/opinion\/9146-2\/#breadcrumb\"},\"inLanguage\":\"sv-SE\",\"potentialAction\":[{\"@type\":\"ReadAction\",\"target\":[\"https:\/\/jag.se\/opinion\/9146-2\/\"]}]},{\"@type\":\"BreadcrumbList\",\"@id\":\"https:\/\/jag.se\/opinion\/9146-2\/#breadcrumb\",\"itemListElement\":[{\"@type\":\"ListItem\",\"position\":1,\"name\":\"JAG start\",\"item\":\"https:\/\/jag.se\"},{\"@type\":\"ListItem\",\"position\":2,\"name\":\"Riksf\u00f6reningen JAG\",\"item\":\"https:\/\/jag.se\/opinion\/\"},{\"@type\":\"ListItem\",\"position\":3,\"name\":\"Med staten som ensam huvudman kan fler f\u00e5 assistans\"}]},{\"@type\":\"WebSite\",\"@id\":\"https:\/\/jag.se\/opinion\/#website\",\"url\":\"https:\/\/jag.se\/opinion\/\",\"name\":\"JAG Opinion\",\"description\":\"\",\"potentialAction\":[{\"@type\":\"SearchAction\",\"target\":{\"@type\":\"EntryPoint\",\"urlTemplate\":\"https:\/\/jag.se\/opinion\/?s={search_term_string}\"},\"query-input\":\"required name=search_term_string\"}],\"inLanguage\":\"sv-SE\"},{\"@type\":\"Person\",\"@id\":\"https:\/\/jag.se\/opinion\/#\/schema\/person\/d00c1ca66fcf5d6bc7f9eade6c79f40a\",\"name\":\"Kerstin Sellin\",\"image\":{\"@type\":\"ImageObject\",\"inLanguage\":\"sv-SE\",\"@id\":\"https:\/\/jag.se\/opinion\/#\/schema\/person\/image\/\",\"url\":\"https:\/\/secure.gravatar.com\/avatar\/8186ebe5b7809ff59c7d59f361424f7bbdb039cd25b26fa93e861f6ee8e199b6?s=96&d=mm&r=g\",\"contentUrl\":\"https:\/\/secure.gravatar.com\/avatar\/8186ebe5b7809ff59c7d59f361424f7bbdb039cd25b26fa93e861f6ee8e199b6?s=96&d=mm&r=g\",\"caption\":\"Kerstin Sellin\"}}]}<\/script>\n<!-- \/ Yoast SEO plugin. -->","yoast_head_json":{"title":"Med staten som ensam huvudman kan fler f\u00e5 assistans - JAG Opinion","robots":{"index":"index","follow":"follow","max-snippet":"max-snippet:-1","max-image-preview":"max-image-preview:large","max-video-preview":"max-video-preview:-1"},"canonical":"https:\/\/jag.se\/opinion\/9146-2\/","og_locale":"sv_SE","og_type":"article","og_title":"Med staten som ensam huvudman kan fler f\u00e5 assistans - JAG Opinion","og_description":"ALMEDALEN. I dag \u00e4r huvudmannaskapet f\u00f6r den personliga assistansen delat mellan stat och kommun. Huvudmannaskapsutredningen h\u00e5ller just nu p\u00e5 att ta fram ett f\u00f6rslag p\u00e5 hur assistansen kan organiseras med staten som ensam huvudman. S\u00e4rskilde utredaren Lars L\u00f6\u00f6w, som till vardags \u00e4r \u00f6verdirekt\u00f6r p\u00e5 Arbetsf\u00f6rmedlingen, har en bakgrund inom funktionsr\u00e4ttsr\u00f6relsen.&#8211; &nbsp;Personlig assistans \u00e4r en insats","og_url":"https:\/\/jag.se\/opinion\/9146-2\/","og_site_name":"JAG Opinion","article_published_time":"2022-07-05T07:31:19+00:00","article_modified_time":"2022-07-14T08:57:57+00:00","og_image":[{"width":1133,"height":604,"url":"https:\/\/jag.se\/wp-content\/uploads\/sites\/3\/2022\/07\/Hillevi-Marie-Lars-Loow.webp","type":"image\/webp"}],"author":"Kerstin Sellin","twitter_card":"summary_large_image","twitter_misc":{"Skriven av":"Kerstin Sellin","Ber\u00e4knad l\u00e4stid":"3 minuter"},"schema":{"@context":"https:\/\/schema.org","@graph":[{"@type":"WebPage","@id":"https:\/\/jag.se\/opinion\/9146-2\/","url":"https:\/\/jag.se\/opinion\/9146-2\/","name":"Med staten som ensam huvudman kan fler f\u00e5 assistans - JAG Opinion","isPartOf":{"@id":"https:\/\/jag.se\/opinion\/#website"},"datePublished":"2022-07-05T07:31:19+00:00","dateModified":"2022-07-14T08:57:57+00:00","author":{"@id":"https:\/\/jag.se\/opinion\/#\/schema\/person\/d00c1ca66fcf5d6bc7f9eade6c79f40a"},"breadcrumb":{"@id":"https:\/\/jag.se\/opinion\/9146-2\/#breadcrumb"},"inLanguage":"sv-SE","potentialAction":[{"@type":"ReadAction","target":["https:\/\/jag.se\/opinion\/9146-2\/"]}]},{"@type":"BreadcrumbList","@id":"https:\/\/jag.se\/opinion\/9146-2\/#breadcrumb","itemListElement":[{"@type":"ListItem","position":1,"name":"JAG start","item":"https:\/\/jag.se"},{"@type":"ListItem","position":2,"name":"Riksf\u00f6reningen JAG","item":"https:\/\/jag.se\/opinion\/"},{"@type":"ListItem","position":3,"name":"Med staten som ensam huvudman kan fler f\u00e5 assistans"}]},{"@type":"WebSite","@id":"https:\/\/jag.se\/opinion\/#website","url":"https:\/\/jag.se\/opinion\/","name":"JAG Opinion","description":"","potentialAction":[{"@type":"SearchAction","target":{"@type":"EntryPoint","urlTemplate":"https:\/\/jag.se\/opinion\/?s={search_term_string}"},"query-input":"required name=search_term_string"}],"inLanguage":"sv-SE"},{"@type":"Person","@id":"https:\/\/jag.se\/opinion\/#\/schema\/person\/d00c1ca66fcf5d6bc7f9eade6c79f40a","name":"Kerstin Sellin","image":{"@type":"ImageObject","inLanguage":"sv-SE","@id":"https:\/\/jag.se\/opinion\/#\/schema\/person\/image\/","url":"https:\/\/secure.gravatar.com\/avatar\/8186ebe5b7809ff59c7d59f361424f7bbdb039cd25b26fa93e861f6ee8e199b6?s=96&d=mm&r=g","contentUrl":"https:\/\/secure.gravatar.com\/avatar\/8186ebe5b7809ff59c7d59f361424f7bbdb039cd25b26fa93e861f6ee8e199b6?s=96&d=mm&r=g","caption":"Kerstin Sellin"}}]}},"_links":{"self":[{"href":"https:\/\/jag.se\/opinion\/wp-json\/wp\/v2\/posts\/9146","targetHints":{"allow":["GET"]}}],"collection":[{"href":"https:\/\/jag.se\/opinion\/wp-json\/wp\/v2\/posts"}],"about":[{"href":"https:\/\/jag.se\/opinion\/wp-json\/wp\/v2\/types\/post"}],"author":[{"embeddable":true,"href":"https:\/\/jag.se\/opinion\/wp-json\/wp\/v2\/users\/7"}],"replies":[{"embeddable":true,"href":"https:\/\/jag.se\/opinion\/wp-json\/wp\/v2\/comments?post=9146"}],"version-history":[{"count":7,"href":"https:\/\/jag.se\/opinion\/wp-json\/wp\/v2\/posts\/9146\/revisions"}],"predecessor-version":[{"id":9922,"href":"https:\/\/jag.se\/opinion\/wp-json\/wp\/v2\/posts\/9146\/revisions\/9922"}],"wp:featuredmedia":[{"embeddable":true,"href":"https:\/\/jag.se\/opinion\/wp-json\/wp\/v2\/media\/9227"}],"wp:attachment":[{"href":"https:\/\/jag.se\/opinion\/wp-json\/wp\/v2\/media?parent=9146"}],"wp:term":[{"taxonomy":"category","embeddable":true,"href":"https:\/\/jag.se\/opinion\/wp-json\/wp\/v2\/categories?post=9146"},{"taxonomy":"post_tag","embeddable":true,"href":"https:\/\/jag.se\/opinion\/wp-json\/wp\/v2\/tags?post=9146"}],"curies":[{"name":"wp","href":"https:\/\/api.w.org\/{rel}","templated":true}]}}