{"id":9309,"date":"2022-07-06T14:42:14","date_gmt":"2022-07-06T14:42:14","guid":{"rendered":"https:\/\/jag.se\/opinion\/?p=9309"},"modified":"2022-07-06T14:52:33","modified_gmt":"2022-07-06T14:52:33","slug":"tillsammans-for-rimliga-villkor","status":"publish","type":"post","link":"https:\/\/jag.se\/opinion\/tillsammans-for-rimliga-villkor\/","title":{"rendered":"Tillsammans f\u00f6r rimliga villkor"},"content":{"rendered":"\n<p><strong>I ett  unikt samarbete g\u00e5r nu <\/strong>assistansber\u00e4ttigade, personliga assistenter och assistansanordnare samman och kr\u00e4ver rimliga villkor och en h\u00f6jd assistansers\u00e4ttning. Bakom kampanjen \u201dRimliga villkor\u201d st\u00e5r Kommunal, Fremia, Autism- och Aspergerf\u00f6rbundet, Ifa, FUB, Funktionsr\u00e4tt Sverige, JAG, STIL, Neuro, DHR, RBU och Svenska Downf\u00f6reningen. Budskapet sprids bland annat genom korta filmer i sociala medier. I en av filmerna medverkar JAG-medlemmen Daniel An\u00e9r och hans assistent Per Montelius.<\/p>\n\n\n\n<p><strong>Hur tr\u00e4ffades ni?<\/strong><br>Per: Vi har k\u00e4nt varandra sedan jag b\u00f6rjade jobba som assistent till Daniel, det var i februari 2010. Jag hade inte trott att jag skulle stanna s\u00e5 l\u00e4nge, men jag blev kvar.<br><br><strong>Hur var det att medverka i kampanjen?<\/strong><br>Per: Vi fick l\u00e5na en videokamera av produktionen som vi filmade med sj\u00e4lva. En dag \u00e5kte vi till Stockholm f\u00f6r studiofotografering. Sen var produktionsteamet h\u00e4r och st\u00e4llde fr\u00e5gor och filmade under en hel dag. Det var en utmaning f\u00f6r mig att nappa p\u00e5 det h\u00e4r. Jag brukar inte vilja vara med p\u00e5 bild eller film. Men jag tyckte det var v\u00e4rt ett f\u00f6rs\u00f6k, att st\u00e4lla upp och ber\u00e4tta om yrket och visa de positiva sidorna.<br>Daniel: Det var bra.<br><br><strong>Varf\u00f6r ville ni vara med?<\/strong><br>Per: Jag vill ber\u00e4tta att jag g\u00f6r n\u00e5got v\u00e4ldigt viktigt. Man pratar mycket om att skattepengar anv\u00e4nds fel och l\u00e4gger fokus p\u00e5 bedr\u00e4gerier inom assistansen. Jag vill dra mitt str\u00e5 till stacken och visa att assistenter g\u00f6r viktiga saker och att det aktivt bidrar till att ge h\u00f6g livskvalitet till personer som inte skulle ha det annars. Sen tycker vi b\u00e5da att det \u00e4r viktigt att f\u00f6rsvara r\u00e4tten till personlig assistans f\u00f6r dem som beh\u00f6ver det. Det har varit ett utsatt l\u00e4ge f\u00f6r m\u00e5nga i flera \u00e5r.<br><br><strong>Vad \u00e4r det b\u00e4sta med jobbet som personlig assistent?<\/strong><br>Per: Jag trivs j\u00e4ttebra. Det \u00e4r s\u00e5 varierande att f\u00e5 vara med Daniel i hans vardag. Vi har ett bra samarbete. Jag hade jobbat n\u00e5gra korta perioder som assistent tidigare, innan jag b\u00f6rjade hos Daniel, men trivdes inte alls lika bra.<br><br><strong>Vad \u00e4r Pers b\u00e4sta egenskap som assistent?<\/strong><br>Daniel: Han \u00e4r sn\u00e4ll.<br><br><strong>Vad ser ni fram emot i h\u00f6st?<\/strong><br>Per: Daniel har \u00e4ntligen f\u00e5tt b\u00f6rja sjunga i sin k\u00f6r igen. De har coronas\u00e4krat verksamheten s\u00e5 att det \u00e4r en mindre grupp och st\u00f6rre lokal.<\/p>\n\n\n\n<p><strong>Daniel An\u00e9r<\/strong><br>\u00c5lder: 42 \u00e5r<br>Bor: Uppsala<br>G\u00f6r: Jobbar med keramik och textil p\u00e5 daglig verksamhet och \u00e4r styrelseledamot i F\u00f6reningen JAG Uppsala<br>Aktuell: Medverkar i kampanjen \u201dRimliga villkor\u201d<br><br><strong>Per Montelius<\/strong><br>\u00c5lder: 48 \u00e5r<br>Bor: Uppsala<br>G\u00f6r: Jobbar som personlig assistent i JAG<br>Aktuell: Medverkar i kampanjen \u201dRimliga villkor\u201d<\/p>\n\n\n\n<p>Intervjun gjordes i september 2021.<\/p>\n\n\n\n<p>Du som ocks\u00e5 vill ha rimliga villkor inom den personliga assistansen &#8211; <a href=\"https:\/\/www.rimligavillkor.se\/skriv-under\/\" target=\"_blank\" rel=\"noreferrer noopener\">skriv p\u00e5 namninsamlingen!<\/a><\/p>\n\n\n\n<p><a href=\"https:\/\/www.rimligavillkor.se\/wp-content\/uploads\/2021\/10\/DanielPer.mp4\" target=\"_blank\" rel=\"noreferrer noopener\">Se filmen med Daniel och Per.<\/a><\/p>\n\n\n\n<figure class=\"wp-block-image size-large is-resized\"><a href=\"https:\/\/www.rimligavillkor.se\/wp-content\/uploads\/2021\/10\/DanielPer.mp4\"><img loading=\"lazy\" decoding=\"async\" src=\"https:\/\/jag.se\/opinion\/wp-content\/uploads\/sites\/3\/2022\/07\/DanielPer_1-1024x576.jpg\" alt=\"\" class=\"wp-image-9314\" width=\"512\" height=\"288\" srcset=\"https:\/\/jag.se\/opinion\/wp-content\/uploads\/sites\/3\/2022\/07\/DanielPer_1-1024x576.jpg 1024w, https:\/\/jag.se\/opinion\/wp-content\/uploads\/sites\/3\/2022\/07\/DanielPer_1-300x169.jpg 300w, https:\/\/jag.se\/opinion\/wp-content\/uploads\/sites\/3\/2022\/07\/DanielPer_1-768x432.jpg 768w, https:\/\/jag.se\/opinion\/wp-content\/uploads\/sites\/3\/2022\/07\/DanielPer_1-1536x864.jpg 1536w, https:\/\/jag.se\/opinion\/wp-content\/uploads\/sites\/3\/2022\/07\/DanielPer_1-89x50@2x.jpg 178w, https:\/\/jag.se\/opinion\/wp-content\/uploads\/sites\/3\/2022\/07\/DanielPer_1-120x68.jpg 120w, https:\/\/jag.se\/opinion\/wp-content\/uploads\/sites\/3\/2022\/07\/DanielPer_1-540x304.jpg 540w, https:\/\/jag.se\/opinion\/wp-content\/uploads\/sites\/3\/2022\/07\/DanielPer_1-601x338.jpg 601w, https:\/\/jag.se\/opinion\/wp-content\/uploads\/sites\/3\/2022\/07\/DanielPer_1-1366x768.jpg 1366w, https:\/\/jag.se\/opinion\/wp-content\/uploads\/sites\/3\/2022\/07\/DanielPer_1-150x84.jpg 150w, https:\/\/jag.se\/opinion\/wp-content\/uploads\/sites\/3\/2022\/07\/DanielPer_1-311x175.jpg 311w, https:\/\/jag.se\/opinion\/wp-content\/uploads\/sites\/3\/2022\/07\/DanielPer_1-374x210.jpg 374w, https:\/\/jag.se\/opinion\/wp-content\/uploads\/sites\/3\/2022\/07\/DanielPer_1-89x50.jpg 89w, https:\/\/jag.se\/opinion\/wp-content\/uploads\/sites\/3\/2022\/07\/DanielPer_1.jpg 1920w, https:\/\/jag.se\/opinion\/wp-content\/uploads\/sites\/3\/2022\/07\/DanielPer_1-300x169@2x.jpg 600w, https:\/\/jag.se\/opinion\/wp-content\/uploads\/sites\/3\/2022\/07\/DanielPer_1-178x100@2x.jpg 356w, https:\/\/jag.se\/opinion\/wp-content\/uploads\/sites\/3\/2022\/07\/DanielPer_1-120x68@2x.jpg 240w, https:\/\/jag.se\/opinion\/wp-content\/uploads\/sites\/3\/2022\/07\/DanielPer_1-540x304@2x.jpg 1080w, https:\/\/jag.se\/opinion\/wp-content\/uploads\/sites\/3\/2022\/07\/DanielPer_1-311x175@2x.jpg 622w, https:\/\/jag.se\/opinion\/wp-content\/uploads\/sites\/3\/2022\/07\/DanielPer_1-374x210@2x.jpg 748w\" sizes=\"auto, (max-width: 512px) 100vw, 512px\" \/><\/a><\/figure>\n","protected":false},"excerpt":{"rendered":"<p>I ett unikt samarbete g\u00e5r nu assistansber\u00e4ttigade, personliga assistenter och assistansanordnare samman och kr\u00e4ver rimliga villkor och en h\u00f6jd assistansers\u00e4ttning. Bakom kampanjen \u201dRimliga villkor\u201d st\u00e5r Kommunal, Fremia, Autism- och Aspergerf\u00f6rbundet, Ifa, FUB, Funktionsr\u00e4tt Sverige, JAG, STIL, Neuro, DHR, RBU och Svenska Downf\u00f6reningen. Budskapet sprids bland annat genom korta filmer i sociala medier. I en av<\/p>\n","protected":false},"author":7,"featured_media":9311,"comment_status":"open","ping_status":"open","sticky":false,"template":"","format":"standard","meta":{"footnotes":""},"categories":[1],"tags":[],"class_list":["post-9309","post","type-post","status-publish","format-standard","has-post-thumbnail","hentry","category-uncategorized"],"acf":[],"yoast_head":"<!-- This site is optimized with the Yoast SEO plugin v21.3 - https:\/\/yoast.com\/wordpress\/plugins\/seo\/ -->\n<title>Tillsammans f\u00f6r rimliga villkor - JAG Opinion<\/title>\n<meta name=\"robots\" content=\"index, follow, max-snippet:-1, max-image-preview:large, max-video-preview:-1\" \/>\n<link rel=\"canonical\" href=\"https:\/\/jag.se\/opinion\/tillsammans-for-rimliga-villkor\/\" \/>\n<meta property=\"og:locale\" content=\"sv_SE\" \/>\n<meta property=\"og:type\" content=\"article\" \/>\n<meta property=\"og:title\" content=\"Tillsammans f\u00f6r rimliga villkor - JAG Opinion\" \/>\n<meta property=\"og:description\" content=\"I ett unikt samarbete g\u00e5r nu assistansber\u00e4ttigade, personliga assistenter och assistansanordnare samman och kr\u00e4ver rimliga villkor och en h\u00f6jd assistansers\u00e4ttning. Bakom kampanjen \u201dRimliga villkor\u201d st\u00e5r Kommunal, Fremia, Autism- och Aspergerf\u00f6rbundet, Ifa, FUB, Funktionsr\u00e4tt Sverige, JAG, STIL, Neuro, DHR, RBU och Svenska Downf\u00f6reningen. Budskapet sprids bland annat genom korta filmer i sociala medier. I en av\" \/>\n<meta property=\"og:url\" content=\"https:\/\/jag.se\/opinion\/tillsammans-for-rimliga-villkor\/\" \/>\n<meta property=\"og:site_name\" content=\"JAG Opinion\" \/>\n<meta property=\"article:published_time\" content=\"2022-07-06T14:42:14+00:00\" \/>\n<meta property=\"article:modified_time\" content=\"2022-07-06T14:52:33+00:00\" \/>\n<meta property=\"og:image\" content=\"https:\/\/jag.se\/wp-content\/uploads\/sites\/3\/2022\/07\/DanielPer_3.jpg\" \/>\n\t<meta property=\"og:image:width\" content=\"1920\" \/>\n\t<meta property=\"og:image:height\" content=\"1080\" \/>\n\t<meta property=\"og:image:type\" content=\"image\/jpeg\" \/>\n<meta name=\"author\" content=\"Kerstin Sellin\" \/>\n<meta name=\"twitter:card\" content=\"summary_large_image\" \/>\n<meta name=\"twitter:label1\" content=\"Skriven av\" \/>\n\t<meta name=\"twitter:data1\" content=\"Kerstin Sellin\" \/>\n\t<meta name=\"twitter:label2\" content=\"Ber\u00e4knad l\u00e4stid\" \/>\n\t<meta name=\"twitter:data2\" content=\"3 minuter\" \/>\n<script type=\"application\/ld+json\" class=\"yoast-schema-graph\">{\"@context\":\"https:\/\/schema.org\",\"@graph\":[{\"@type\":\"WebPage\",\"@id\":\"https:\/\/jag.se\/opinion\/tillsammans-for-rimliga-villkor\/\",\"url\":\"https:\/\/jag.se\/opinion\/tillsammans-for-rimliga-villkor\/\",\"name\":\"Tillsammans f\u00f6r rimliga villkor - JAG Opinion\",\"isPartOf\":{\"@id\":\"https:\/\/jag.se\/opinion\/#website\"},\"datePublished\":\"2022-07-06T14:42:14+00:00\",\"dateModified\":\"2022-07-06T14:52:33+00:00\",\"author\":{\"@id\":\"https:\/\/jag.se\/opinion\/#\/schema\/person\/5b968ceec568a6aae87bd2b04b5d995b\"},\"breadcrumb\":{\"@id\":\"https:\/\/jag.se\/opinion\/tillsammans-for-rimliga-villkor\/#breadcrumb\"},\"inLanguage\":\"sv-SE\",\"potentialAction\":[{\"@type\":\"ReadAction\",\"target\":[\"https:\/\/jag.se\/opinion\/tillsammans-for-rimliga-villkor\/\"]}]},{\"@type\":\"BreadcrumbList\",\"@id\":\"https:\/\/jag.se\/opinion\/tillsammans-for-rimliga-villkor\/#breadcrumb\",\"itemListElement\":[{\"@type\":\"ListItem\",\"position\":1,\"name\":\"JAG start\",\"item\":\"https:\/\/jag.se\"},{\"@type\":\"ListItem\",\"position\":2,\"name\":\"Riksf\u00f6reningen JAG\",\"item\":\"https:\/\/jag.se\/opinion\/\"},{\"@type\":\"ListItem\",\"position\":3,\"name\":\"Tillsammans f\u00f6r rimliga villkor\"}]},{\"@type\":\"WebSite\",\"@id\":\"https:\/\/jag.se\/opinion\/#website\",\"url\":\"https:\/\/jag.se\/opinion\/\",\"name\":\"JAG Opinion\",\"description\":\"\",\"potentialAction\":[{\"@type\":\"SearchAction\",\"target\":{\"@type\":\"EntryPoint\",\"urlTemplate\":\"https:\/\/jag.se\/opinion\/?s={search_term_string}\"},\"query-input\":\"required name=search_term_string\"}],\"inLanguage\":\"sv-SE\"},{\"@type\":\"Person\",\"@id\":\"https:\/\/jag.se\/opinion\/#\/schema\/person\/5b968ceec568a6aae87bd2b04b5d995b\",\"name\":\"Kerstin Sellin\",\"image\":{\"@type\":\"ImageObject\",\"inLanguage\":\"sv-SE\",\"@id\":\"https:\/\/jag.se\/opinion\/#\/schema\/person\/image\/\",\"url\":\"https:\/\/secure.gravatar.com\/avatar\/8186ebe5b7809ff59c7d59f361424f7bbdb039cd25b26fa93e861f6ee8e199b6?s=96&d=mm&r=g\",\"contentUrl\":\"https:\/\/secure.gravatar.com\/avatar\/8186ebe5b7809ff59c7d59f361424f7bbdb039cd25b26fa93e861f6ee8e199b6?s=96&d=mm&r=g\",\"caption\":\"Kerstin Sellin\"}}]}<\/script>\n<!-- \/ Yoast SEO plugin. -->","yoast_head_json":{"title":"Tillsammans f\u00f6r rimliga villkor - JAG Opinion","robots":{"index":"index","follow":"follow","max-snippet":"max-snippet:-1","max-image-preview":"max-image-preview:large","max-video-preview":"max-video-preview:-1"},"canonical":"https:\/\/jag.se\/opinion\/tillsammans-for-rimliga-villkor\/","og_locale":"sv_SE","og_type":"article","og_title":"Tillsammans f\u00f6r rimliga villkor - JAG Opinion","og_description":"I ett unikt samarbete g\u00e5r nu assistansber\u00e4ttigade, personliga assistenter och assistansanordnare samman och kr\u00e4ver rimliga villkor och en h\u00f6jd assistansers\u00e4ttning. Bakom kampanjen \u201dRimliga villkor\u201d st\u00e5r Kommunal, Fremia, Autism- och Aspergerf\u00f6rbundet, Ifa, FUB, Funktionsr\u00e4tt Sverige, JAG, STIL, Neuro, DHR, RBU och Svenska Downf\u00f6reningen. Budskapet sprids bland annat genom korta filmer i sociala medier. I en av","og_url":"https:\/\/jag.se\/opinion\/tillsammans-for-rimliga-villkor\/","og_site_name":"JAG Opinion","article_published_time":"2022-07-06T14:42:14+00:00","article_modified_time":"2022-07-06T14:52:33+00:00","og_image":[{"width":1920,"height":1080,"url":"https:\/\/jag.se\/wp-content\/uploads\/sites\/3\/2022\/07\/DanielPer_3.jpg","type":"image\/jpeg"}],"author":"Kerstin Sellin","twitter_card":"summary_large_image","twitter_misc":{"Skriven av":"Kerstin Sellin","Ber\u00e4knad l\u00e4stid":"3 minuter"},"schema":{"@context":"https:\/\/schema.org","@graph":[{"@type":"WebPage","@id":"https:\/\/jag.se\/opinion\/tillsammans-for-rimliga-villkor\/","url":"https:\/\/jag.se\/opinion\/tillsammans-for-rimliga-villkor\/","name":"Tillsammans f\u00f6r rimliga villkor - JAG Opinion","isPartOf":{"@id":"https:\/\/jag.se\/opinion\/#website"},"datePublished":"2022-07-06T14:42:14+00:00","dateModified":"2022-07-06T14:52:33+00:00","author":{"@id":"https:\/\/jag.se\/opinion\/#\/schema\/person\/5b968ceec568a6aae87bd2b04b5d995b"},"breadcrumb":{"@id":"https:\/\/jag.se\/opinion\/tillsammans-for-rimliga-villkor\/#breadcrumb"},"inLanguage":"sv-SE","potentialAction":[{"@type":"ReadAction","target":["https:\/\/jag.se\/opinion\/tillsammans-for-rimliga-villkor\/"]}]},{"@type":"BreadcrumbList","@id":"https:\/\/jag.se\/opinion\/tillsammans-for-rimliga-villkor\/#breadcrumb","itemListElement":[{"@type":"ListItem","position":1,"name":"JAG start","item":"https:\/\/jag.se"},{"@type":"ListItem","position":2,"name":"Riksf\u00f6reningen JAG","item":"https:\/\/jag.se\/opinion\/"},{"@type":"ListItem","position":3,"name":"Tillsammans f\u00f6r rimliga villkor"}]},{"@type":"WebSite","@id":"https:\/\/jag.se\/opinion\/#website","url":"https:\/\/jag.se\/opinion\/","name":"JAG Opinion","description":"","potentialAction":[{"@type":"SearchAction","target":{"@type":"EntryPoint","urlTemplate":"https:\/\/jag.se\/opinion\/?s={search_term_string}"},"query-input":"required name=search_term_string"}],"inLanguage":"sv-SE"},{"@type":"Person","@id":"https:\/\/jag.se\/opinion\/#\/schema\/person\/5b968ceec568a6aae87bd2b04b5d995b","name":"Kerstin Sellin","image":{"@type":"ImageObject","inLanguage":"sv-SE","@id":"https:\/\/jag.se\/opinion\/#\/schema\/person\/image\/","url":"https:\/\/secure.gravatar.com\/avatar\/8186ebe5b7809ff59c7d59f361424f7bbdb039cd25b26fa93e861f6ee8e199b6?s=96&d=mm&r=g","contentUrl":"https:\/\/secure.gravatar.com\/avatar\/8186ebe5b7809ff59c7d59f361424f7bbdb039cd25b26fa93e861f6ee8e199b6?s=96&d=mm&r=g","caption":"Kerstin Sellin"}}]}},"_links":{"self":[{"href":"https:\/\/jag.se\/opinion\/wp-json\/wp\/v2\/posts\/9309","targetHints":{"allow":["GET"]}}],"collection":[{"href":"https:\/\/jag.se\/opinion\/wp-json\/wp\/v2\/posts"}],"about":[{"href":"https:\/\/jag.se\/opinion\/wp-json\/wp\/v2\/types\/post"}],"author":[{"embeddable":true,"href":"https:\/\/jag.se\/opinion\/wp-json\/wp\/v2\/users\/7"}],"replies":[{"embeddable":true,"href":"https:\/\/jag.se\/opinion\/wp-json\/wp\/v2\/comments?post=9309"}],"version-history":[{"count":5,"href":"https:\/\/jag.se\/opinion\/wp-json\/wp\/v2\/posts\/9309\/revisions"}],"predecessor-version":[{"id":9317,"href":"https:\/\/jag.se\/opinion\/wp-json\/wp\/v2\/posts\/9309\/revisions\/9317"}],"wp:featuredmedia":[{"embeddable":true,"href":"https:\/\/jag.se\/opinion\/wp-json\/wp\/v2\/media\/9311"}],"wp:attachment":[{"href":"https:\/\/jag.se\/opinion\/wp-json\/wp\/v2\/media?parent=9309"}],"wp:term":[{"taxonomy":"category","embeddable":true,"href":"https:\/\/jag.se\/opinion\/wp-json\/wp\/v2\/categories?post=9309"},{"taxonomy":"post_tag","embeddable":true,"href":"https:\/\/jag.se\/opinion\/wp-json\/wp\/v2\/tags?post=9309"}],"curies":[{"name":"wp","href":"https:\/\/api.w.org\/{rel}","templated":true}]}}