{"id":27870,"date":"2025-11-19T11:18:29","date_gmt":"2025-11-19T10:18:29","guid":{"rendered":"https:\/\/jag.se\/opinion\/pressreleases\/vi-vill-bidra-utmanar-svenska-foretag-vaga-satsa-pa-verklig-mangfald-vinn-framtiden\/"},"modified":"2025-11-19T11:18:29","modified_gmt":"2025-11-19T10:18:29","slug":"vi-vill-bidra-utmanar-svenska-foretag-vaga-satsa-pa-verklig-mangfald-vinn-framtiden","status":"publish","type":"pressreleases","link":"https:\/\/jag.se\/opinion\/pressreleases\/vi-vill-bidra-utmanar-svenska-foretag-vaga-satsa-pa-verklig-mangfald-vinn-framtiden\/","title":{"rendered":"Vi vill bidra utmanar svenska f\u00f6retag: &#8221;V\u00e5ga satsa p\u00e5 verklig m\u00e5ngfald \u2013 vinn framtiden&#8221;"},"content":{"rendered":"<p>M\u00e5nga svenska f\u00f6retag talar ofta om m\u00e5ngfald och inkludering men hur m\u00e5nga v\u00e5gar ta steget att inkludera personer med omfattande och intellektuell funktionsneds\u00e4ttning i arbetslivet. Nu utmanar den ideella organisationen Vi vill bidra f\u00f6retag att g\u00e5 fr\u00e5n ord till handling med en bepr\u00f6vad l\u00f6sning som gynnar alla parter.<\/p>\n<p>\u2013 F\u00f6retag som inte v\u00e5gar satsa p\u00e5 verklig inkludering g\u00e5r miste om enorma m\u00f6jligheter \u2013 b\u00e5de ekonomiskt och socialt, s\u00e4ger Anna Karlsson, verksamhetsansvarig, Vi vill bidra.<\/p>\n<p>Enligt konsultf\u00f6retaget McKinsey &amp; Co, och forskning publicerad i Harvard Business Review, v\u00e4ljer kunder f\u00f6retag som speglar deras v\u00e4rderingar \u2013 och inkludering rankas h\u00f6gt.<\/p>\n<p>F\u00f6retag som skapar verkligt inkluderande arbetsplatser f\u00e5r omedelbara f\u00f6rdelar:<\/p>\n<p>  \u00b7 \u00d6kad innovation genom olika perspektiv och kreativare l\u00f6sningar<br \/>\n  \u00b7 Mer lojala och engagerade medarbetare som p\u00e5verkar produktiviteten positivt<br \/>\n  \u00b7 St\u00e4rkt varum\u00e4rke och b\u00e4ttre anseende hos kunder och talanger<br \/>\n  \u00b7 Avg\u00f6rande konkurrensf\u00f6rdel n\u00e4r h\u00e5llbarhet och socialt ansvar v\u00e4rderas allt h\u00f6gre<\/p>\n<p>Vi vill bidra har utvecklat ett alternativ till daglig verksamhet d\u00e4r personer med intellektuell funktionsneds\u00e4ttning arbetar p\u00e5 ordinarie arbetsplatser med st\u00f6d av personlig assistans. Verksamheten, som beviljats arvsfondsmedel f\u00f6r vidareutveckling, \u00e4r aktiv i Kristianstad, Karlstad, Mora, Storfors och Eker\u00f6.<\/p>\n<p>\u2013 Samtliga arbetsplatser rapporterar positiva erfarenheter, f\u00f6rklarar Anna Karlsson, detta \u00e4r inte v\u00e4lg\u00f6renhet \u2013 det \u00e4r smart aff\u00e4rsstrategi som f\u00f6rverkligar m\u00e4nskliga r\u00e4ttigheter samtidigt.<\/p>\n<p>Enligt FN:s konvention om r\u00e4ttigheter f\u00f6r personer med funktionsneds\u00e4ttning, som Sverige ratificerat, har personer med funktionsneds\u00e4ttning r\u00e4tt till arbete p\u00e5 lika villkor som andra.<\/p>\n<p>\u2013 Jag \u00e4lskar kl\u00e4der och har hand om den avdelningen p\u00e5 jobbet, och hos PMU trivs jag med arbetskollegorna och k\u00e4nner mig sedd f\u00f6r den jag \u00e4r, s\u00e4ger Anna Honak, med st\u00f6d av god man Ulla-Britt Edquist.<\/p>\n<p>Vi vill bidra utmanar nu fler f\u00f6retag och kommuner att bli pionj\u00e4rer: verksamheten finns, resultaten talar f\u00f6r sig sj\u00e4lva, och samh\u00e4llsbehovet \u00e4r stort. Vilka kommer att vara modiga nog att leda utvecklingen?<\/p>\n","protected":false},"featured_media":27871,"template":"","class_list":["post-27870","pressreleases","type-pressreleases","status-publish","has-post-thumbnail","hentry"],"acf":[],"yoast_head":"<!-- This site is optimized with the Yoast SEO plugin v21.3 - https:\/\/yoast.com\/wordpress\/plugins\/seo\/ -->\n<title>Vi vill bidra utmanar svenska f\u00f6retag: &quot;V\u00e5ga satsa p\u00e5 verklig m\u00e5ngfald \u2013 vinn framtiden&quot; - JAG Opinion<\/title>\n<meta name=\"robots\" content=\"index, follow, max-snippet:-1, max-image-preview:large, max-video-preview:-1\" \/>\n<link rel=\"canonical\" href=\"https:\/\/jag.se\/opinion\/pressreleases\/vi-vill-bidra-utmanar-svenska-foretag-vaga-satsa-pa-verklig-mangfald-vinn-framtiden\/\" \/>\n<meta property=\"og:locale\" content=\"sv_SE\" \/>\n<meta property=\"og:type\" content=\"article\" \/>\n<meta property=\"og:title\" content=\"Vi vill bidra utmanar svenska f\u00f6retag: &quot;V\u00e5ga satsa p\u00e5 verklig m\u00e5ngfald \u2013 vinn framtiden&quot; - JAG Opinion\" \/>\n<meta property=\"og:description\" content=\"M\u00e5nga svenska f\u00f6retag talar ofta om m\u00e5ngfald och inkludering men hur m\u00e5nga v\u00e5gar ta steget att inkludera personer med omfattande och intellektuell funktionsneds\u00e4ttning i arbetslivet. Nu utmanar den ideella organisationen Vi vill bidra f\u00f6retag att g\u00e5 fr\u00e5n ord till handling med en bepr\u00f6vad l\u00f6sning som gynnar alla parter. \u2013 F\u00f6retag som inte v\u00e5gar satsa p\u00e5\" \/>\n<meta property=\"og:url\" content=\"https:\/\/jag.se\/opinion\/pressreleases\/vi-vill-bidra-utmanar-svenska-foretag-vaga-satsa-pa-verklig-mangfald-vinn-framtiden\/\" \/>\n<meta property=\"og:site_name\" content=\"JAG Opinion\" \/>\n<meta property=\"og:image\" content=\"https:\/\/jag.se\/opinion\/wp-content\/uploads\/sites\/3\/2025\/11\/a9f7457f5b42b85c_org-1-scaled.jpg\" \/>\n\t<meta property=\"og:image:width\" content=\"2560\" \/>\n\t<meta property=\"og:image:height\" content=\"1819\" \/>\n\t<meta property=\"og:image:type\" content=\"image\/jpeg\" \/>\n<meta name=\"twitter:card\" content=\"summary_large_image\" \/>\n<meta name=\"twitter:label1\" content=\"Ber\u00e4knad l\u00e4stid\" \/>\n\t<meta name=\"twitter:data1\" content=\"2 minuter\" \/>\n<script type=\"application\/ld+json\" class=\"yoast-schema-graph\">{\"@context\":\"https:\/\/schema.org\",\"@graph\":[{\"@type\":\"WebPage\",\"@id\":\"https:\/\/jag.se\/opinion\/pressreleases\/vi-vill-bidra-utmanar-svenska-foretag-vaga-satsa-pa-verklig-mangfald-vinn-framtiden\/\",\"url\":\"https:\/\/jag.se\/opinion\/pressreleases\/vi-vill-bidra-utmanar-svenska-foretag-vaga-satsa-pa-verklig-mangfald-vinn-framtiden\/\",\"name\":\"Vi vill bidra utmanar svenska f\u00f6retag: \\\"V\u00e5ga satsa p\u00e5 verklig m\u00e5ngfald \u2013 vinn framtiden\\\" - JAG Opinion\",\"isPartOf\":{\"@id\":\"https:\/\/jag.se\/opinion\/#website\"},\"datePublished\":\"2025-11-19T10:18:29+00:00\",\"dateModified\":\"2025-11-19T10:18:29+00:00\",\"breadcrumb\":{\"@id\":\"https:\/\/jag.se\/opinion\/pressreleases\/vi-vill-bidra-utmanar-svenska-foretag-vaga-satsa-pa-verklig-mangfald-vinn-framtiden\/#breadcrumb\"},\"inLanguage\":\"sv-SE\",\"potentialAction\":[{\"@type\":\"ReadAction\",\"target\":[\"https:\/\/jag.se\/opinion\/pressreleases\/vi-vill-bidra-utmanar-svenska-foretag-vaga-satsa-pa-verklig-mangfald-vinn-framtiden\/\"]}]},{\"@type\":\"BreadcrumbList\",\"@id\":\"https:\/\/jag.se\/opinion\/pressreleases\/vi-vill-bidra-utmanar-svenska-foretag-vaga-satsa-pa-verklig-mangfald-vinn-framtiden\/#breadcrumb\",\"itemListElement\":[{\"@type\":\"ListItem\",\"position\":1,\"name\":\"JAG start\",\"item\":\"https:\/\/jag.se\"},{\"@type\":\"ListItem\",\"position\":2,\"name\":\"Riksf\u00f6reningen JAG\",\"item\":\"https:\/\/jag.se\/opinion\/\"},{\"@type\":\"ListItem\",\"position\":3,\"name\":\"Pressmeddelanden\",\"item\":\"https:\/\/jag.se\/opinion\/pressreleases\/\"},{\"@type\":\"ListItem\",\"position\":4,\"name\":\"Vi vill bidra utmanar svenska f\u00f6retag: &#8221;V\u00e5ga satsa p\u00e5 verklig m\u00e5ngfald \u2013 vinn framtiden&#8221;\"}]},{\"@type\":\"WebSite\",\"@id\":\"https:\/\/jag.se\/opinion\/#website\",\"url\":\"https:\/\/jag.se\/opinion\/\",\"name\":\"JAG Opinion\",\"description\":\"\",\"potentialAction\":[{\"@type\":\"SearchAction\",\"target\":{\"@type\":\"EntryPoint\",\"urlTemplate\":\"https:\/\/jag.se\/opinion\/?s={search_term_string}\"},\"query-input\":\"required name=search_term_string\"}],\"inLanguage\":\"sv-SE\"}]}<\/script>\n<!-- \/ Yoast SEO plugin. -->","yoast_head_json":{"title":"Vi vill bidra utmanar svenska f\u00f6retag: \"V\u00e5ga satsa p\u00e5 verklig m\u00e5ngfald \u2013 vinn framtiden\" - JAG Opinion","robots":{"index":"index","follow":"follow","max-snippet":"max-snippet:-1","max-image-preview":"max-image-preview:large","max-video-preview":"max-video-preview:-1"},"canonical":"https:\/\/jag.se\/opinion\/pressreleases\/vi-vill-bidra-utmanar-svenska-foretag-vaga-satsa-pa-verklig-mangfald-vinn-framtiden\/","og_locale":"sv_SE","og_type":"article","og_title":"Vi vill bidra utmanar svenska f\u00f6retag: \"V\u00e5ga satsa p\u00e5 verklig m\u00e5ngfald \u2013 vinn framtiden\" - JAG Opinion","og_description":"M\u00e5nga svenska f\u00f6retag talar ofta om m\u00e5ngfald och inkludering men hur m\u00e5nga v\u00e5gar ta steget att inkludera personer med omfattande och intellektuell funktionsneds\u00e4ttning i arbetslivet. Nu utmanar den ideella organisationen Vi vill bidra f\u00f6retag att g\u00e5 fr\u00e5n ord till handling med en bepr\u00f6vad l\u00f6sning som gynnar alla parter. \u2013 F\u00f6retag som inte v\u00e5gar satsa p\u00e5","og_url":"https:\/\/jag.se\/opinion\/pressreleases\/vi-vill-bidra-utmanar-svenska-foretag-vaga-satsa-pa-verklig-mangfald-vinn-framtiden\/","og_site_name":"JAG Opinion","og_image":[{"width":2560,"height":1819,"url":"https:\/\/jag.se\/opinion\/wp-content\/uploads\/sites\/3\/2025\/11\/a9f7457f5b42b85c_org-1-scaled.jpg","type":"image\/jpeg"}],"twitter_card":"summary_large_image","twitter_misc":{"Ber\u00e4knad l\u00e4stid":"2 minuter"},"schema":{"@context":"https:\/\/schema.org","@graph":[{"@type":"WebPage","@id":"https:\/\/jag.se\/opinion\/pressreleases\/vi-vill-bidra-utmanar-svenska-foretag-vaga-satsa-pa-verklig-mangfald-vinn-framtiden\/","url":"https:\/\/jag.se\/opinion\/pressreleases\/vi-vill-bidra-utmanar-svenska-foretag-vaga-satsa-pa-verklig-mangfald-vinn-framtiden\/","name":"Vi vill bidra utmanar svenska f\u00f6retag: \"V\u00e5ga satsa p\u00e5 verklig m\u00e5ngfald \u2013 vinn framtiden\" - JAG Opinion","isPartOf":{"@id":"https:\/\/jag.se\/opinion\/#website"},"datePublished":"2025-11-19T10:18:29+00:00","dateModified":"2025-11-19T10:18:29+00:00","breadcrumb":{"@id":"https:\/\/jag.se\/opinion\/pressreleases\/vi-vill-bidra-utmanar-svenska-foretag-vaga-satsa-pa-verklig-mangfald-vinn-framtiden\/#breadcrumb"},"inLanguage":"sv-SE","potentialAction":[{"@type":"ReadAction","target":["https:\/\/jag.se\/opinion\/pressreleases\/vi-vill-bidra-utmanar-svenska-foretag-vaga-satsa-pa-verklig-mangfald-vinn-framtiden\/"]}]},{"@type":"BreadcrumbList","@id":"https:\/\/jag.se\/opinion\/pressreleases\/vi-vill-bidra-utmanar-svenska-foretag-vaga-satsa-pa-verklig-mangfald-vinn-framtiden\/#breadcrumb","itemListElement":[{"@type":"ListItem","position":1,"name":"JAG start","item":"https:\/\/jag.se"},{"@type":"ListItem","position":2,"name":"Riksf\u00f6reningen JAG","item":"https:\/\/jag.se\/opinion\/"},{"@type":"ListItem","position":3,"name":"Pressmeddelanden","item":"https:\/\/jag.se\/opinion\/pressreleases\/"},{"@type":"ListItem","position":4,"name":"Vi vill bidra utmanar svenska f\u00f6retag: &#8221;V\u00e5ga satsa p\u00e5 verklig m\u00e5ngfald \u2013 vinn framtiden&#8221;"}]},{"@type":"WebSite","@id":"https:\/\/jag.se\/opinion\/#website","url":"https:\/\/jag.se\/opinion\/","name":"JAG Opinion","description":"","potentialAction":[{"@type":"SearchAction","target":{"@type":"EntryPoint","urlTemplate":"https:\/\/jag.se\/opinion\/?s={search_term_string}"},"query-input":"required name=search_term_string"}],"inLanguage":"sv-SE"}]}},"_links":{"self":[{"href":"https:\/\/jag.se\/opinion\/wp-json\/wp\/v2\/pressreleases\/27870","targetHints":{"allow":["GET"]}}],"collection":[{"href":"https:\/\/jag.se\/opinion\/wp-json\/wp\/v2\/pressreleases"}],"about":[{"href":"https:\/\/jag.se\/opinion\/wp-json\/wp\/v2\/types\/pressreleases"}],"wp:featuredmedia":[{"embeddable":true,"href":"https:\/\/jag.se\/opinion\/wp-json\/wp\/v2\/media\/27871"}],"wp:attachment":[{"href":"https:\/\/jag.se\/opinion\/wp-json\/wp\/v2\/media?parent=27870"}],"curies":[{"name":"wp","href":"https:\/\/api.w.org\/{rel}","templated":true}]}}