{"id":27874,"date":"2025-09-22T08:45:38","date_gmt":"2025-09-22T06:45:38","guid":{"rendered":"https:\/\/jag.se\/opinion\/pressreleases\/enorm-besvikelse-hos-assistansanvandare-efter-budgetbesked\/"},"modified":"2025-09-22T08:45:38","modified_gmt":"2025-09-22T06:45:38","slug":"enorm-besvikelse-hos-assistansanvandare-efter-budgetbesked","status":"publish","type":"pressreleases","link":"https:\/\/jag.se\/opinion\/pressreleases\/enorm-besvikelse-hos-assistansanvandare-efter-budgetbesked\/","title":{"rendered":"Enorm besvikelse hos assistansanv\u00e4ndare efter budgetbesked"},"content":{"rendered":"<p>\u2013 Det h\u00e4r \u00e4r en stor besvikelse. Det r\u00e4cker inte f\u00f6r att t\u00e4cka rimliga l\u00f6ne\u00f6kningar till v\u00e5ra assistenter. Konsekvensen blir att det blir \u00e4nnu sv\u00e5rare att b\u00e5de rekrytera nya och beh\u00e5lla de erfarna assistenter vi redan har. Det hotar kvaliteten i hela assistansen, s\u00e4ger Cecilia Blanck, verksamhetsansvarig i Riksf\u00f6reningen JAG.<\/p>\n<p>Regeringen beskriver i budgeten att de fortsatt unders\u00f6ker inf\u00f6randet av en indexering av schablonbeloppet.<\/p>\n<p>\u2013 Det \u00e4r f\u00f6rst\u00e5s v\u00e4lkommet p\u00e5 sikt, men det hj\u00e4lper inte nu. Redan 2026 blir det en reell s\u00e4nkning, eftersom ers\u00e4ttningen inte f\u00f6ljer med kostnadsutvecklingen. Vi hade r\u00e4knat med att indexeringen skulle vara p\u00e5 plats nu, men nu dr\u00f6jer det till 2027, s\u00e4ger Cecilia Blanck.<\/p>\n<p>I budgeten st\u00e5r ocks\u00e5 att regeringen innan en huvudmannaskapsf\u00f6r\u00e4ndring vill analysera regelverket f\u00f6r r\u00e4tten till assistans, samt se \u00f6ver ers\u00e4ttningens struktur f\u00f6r att komma \u00e5t felaktiga utbetalningar.<\/p>\n<p>\u2013 Att avvakta med en huvudmannaskapsf\u00f6r\u00e4ndring tills behovsbed\u00f6mningarna fungerar \u00e4r bra. Men det inneb\u00e4r att kommunerna nu m\u00e5ste ta sitt ansvar och g\u00f6ra sitt jobb p\u00e5 ett bra s\u00e4tt under tiden, forts\u00e4tter Cecilia Blanck.\u00a0<\/p>\n<p>\u2013 N\u00e4r det g\u00e4ller \u00f6versynen av ers\u00e4ttningens struktur hoppas vi att det betyder att systemet med de orimliga \u00e5terkraven \u00e4ndras. Den som gjort r\u00e4tt och f\u00f6ljt kassans beslut ska inte kunna straffas med miljon\u00e5terkrav. Detta \u00e4r en extremt akut fr\u00e5ga f\u00f6r b\u00e5de assistansanv\u00e4ndare och anordnare, s\u00e4ger Cecilia Blanck.<\/p>\n","protected":false},"featured_media":27875,"template":"","class_list":["post-27874","pressreleases","type-pressreleases","status-publish","has-post-thumbnail","hentry"],"acf":[],"yoast_head":"<!-- This site is optimized with the Yoast SEO plugin v21.3 - https:\/\/yoast.com\/wordpress\/plugins\/seo\/ -->\n<title>Enorm besvikelse hos assistansanv\u00e4ndare efter budgetbesked - JAG Opinion<\/title>\n<meta name=\"robots\" content=\"index, follow, max-snippet:-1, max-image-preview:large, max-video-preview:-1\" \/>\n<link rel=\"canonical\" href=\"https:\/\/jag.se\/opinion\/pressreleases\/enorm-besvikelse-hos-assistansanvandare-efter-budgetbesked\/\" \/>\n<meta property=\"og:locale\" content=\"sv_SE\" \/>\n<meta property=\"og:type\" content=\"article\" \/>\n<meta property=\"og:title\" content=\"Enorm besvikelse hos assistansanv\u00e4ndare efter budgetbesked - JAG Opinion\" \/>\n<meta property=\"og:description\" content=\"\u2013 Det h\u00e4r \u00e4r en stor besvikelse. Det r\u00e4cker inte f\u00f6r att t\u00e4cka rimliga l\u00f6ne\u00f6kningar till v\u00e5ra assistenter. Konsekvensen blir att det blir \u00e4nnu sv\u00e5rare att b\u00e5de rekrytera nya och beh\u00e5lla de erfarna assistenter vi redan har. Det hotar kvaliteten i hela assistansen, s\u00e4ger Cecilia Blanck, verksamhetsansvarig i Riksf\u00f6reningen JAG. Regeringen beskriver i budgeten att\" \/>\n<meta property=\"og:url\" content=\"https:\/\/jag.se\/opinion\/pressreleases\/enorm-besvikelse-hos-assistansanvandare-efter-budgetbesked\/\" \/>\n<meta property=\"og:site_name\" content=\"JAG Opinion\" \/>\n<meta property=\"og:image\" content=\"https:\/\/jag.se\/opinion\/wp-content\/uploads\/sites\/3\/2025\/09\/8f995e5cca48fadc_org-1-scaled.jpg\" \/>\n\t<meta property=\"og:image:width\" content=\"2560\" \/>\n\t<meta property=\"og:image:height\" content=\"1541\" \/>\n\t<meta property=\"og:image:type\" content=\"image\/jpeg\" \/>\n<meta name=\"twitter:card\" content=\"summary_large_image\" \/>\n<meta name=\"twitter:label1\" content=\"Ber\u00e4knad l\u00e4stid\" \/>\n\t<meta name=\"twitter:data1\" content=\"1 minut\" \/>\n<script type=\"application\/ld+json\" class=\"yoast-schema-graph\">{\"@context\":\"https:\/\/schema.org\",\"@graph\":[{\"@type\":\"WebPage\",\"@id\":\"https:\/\/jag.se\/opinion\/pressreleases\/enorm-besvikelse-hos-assistansanvandare-efter-budgetbesked\/\",\"url\":\"https:\/\/jag.se\/opinion\/pressreleases\/enorm-besvikelse-hos-assistansanvandare-efter-budgetbesked\/\",\"name\":\"Enorm besvikelse hos assistansanv\u00e4ndare efter budgetbesked - JAG Opinion\",\"isPartOf\":{\"@id\":\"https:\/\/jag.se\/opinion\/#website\"},\"datePublished\":\"2025-09-22T06:45:38+00:00\",\"dateModified\":\"2025-09-22T06:45:38+00:00\",\"breadcrumb\":{\"@id\":\"https:\/\/jag.se\/opinion\/pressreleases\/enorm-besvikelse-hos-assistansanvandare-efter-budgetbesked\/#breadcrumb\"},\"inLanguage\":\"sv-SE\",\"potentialAction\":[{\"@type\":\"ReadAction\",\"target\":[\"https:\/\/jag.se\/opinion\/pressreleases\/enorm-besvikelse-hos-assistansanvandare-efter-budgetbesked\/\"]}]},{\"@type\":\"BreadcrumbList\",\"@id\":\"https:\/\/jag.se\/opinion\/pressreleases\/enorm-besvikelse-hos-assistansanvandare-efter-budgetbesked\/#breadcrumb\",\"itemListElement\":[{\"@type\":\"ListItem\",\"position\":1,\"name\":\"JAG start\",\"item\":\"https:\/\/jag.se\"},{\"@type\":\"ListItem\",\"position\":2,\"name\":\"Riksf\u00f6reningen JAG\",\"item\":\"https:\/\/jag.se\/opinion\/\"},{\"@type\":\"ListItem\",\"position\":3,\"name\":\"Pressmeddelanden\",\"item\":\"https:\/\/jag.se\/opinion\/pressreleases\/\"},{\"@type\":\"ListItem\",\"position\":4,\"name\":\"Enorm besvikelse hos assistansanv\u00e4ndare efter budgetbesked\"}]},{\"@type\":\"WebSite\",\"@id\":\"https:\/\/jag.se\/opinion\/#website\",\"url\":\"https:\/\/jag.se\/opinion\/\",\"name\":\"JAG Opinion\",\"description\":\"\",\"potentialAction\":[{\"@type\":\"SearchAction\",\"target\":{\"@type\":\"EntryPoint\",\"urlTemplate\":\"https:\/\/jag.se\/opinion\/?s={search_term_string}\"},\"query-input\":\"required name=search_term_string\"}],\"inLanguage\":\"sv-SE\"}]}<\/script>\n<!-- \/ Yoast SEO plugin. -->","yoast_head_json":{"title":"Enorm besvikelse hos assistansanv\u00e4ndare efter budgetbesked - JAG Opinion","robots":{"index":"index","follow":"follow","max-snippet":"max-snippet:-1","max-image-preview":"max-image-preview:large","max-video-preview":"max-video-preview:-1"},"canonical":"https:\/\/jag.se\/opinion\/pressreleases\/enorm-besvikelse-hos-assistansanvandare-efter-budgetbesked\/","og_locale":"sv_SE","og_type":"article","og_title":"Enorm besvikelse hos assistansanv\u00e4ndare efter budgetbesked - JAG Opinion","og_description":"\u2013 Det h\u00e4r \u00e4r en stor besvikelse. Det r\u00e4cker inte f\u00f6r att t\u00e4cka rimliga l\u00f6ne\u00f6kningar till v\u00e5ra assistenter. Konsekvensen blir att det blir \u00e4nnu sv\u00e5rare att b\u00e5de rekrytera nya och beh\u00e5lla de erfarna assistenter vi redan har. Det hotar kvaliteten i hela assistansen, s\u00e4ger Cecilia Blanck, verksamhetsansvarig i Riksf\u00f6reningen JAG. Regeringen beskriver i budgeten att","og_url":"https:\/\/jag.se\/opinion\/pressreleases\/enorm-besvikelse-hos-assistansanvandare-efter-budgetbesked\/","og_site_name":"JAG Opinion","og_image":[{"width":2560,"height":1541,"url":"https:\/\/jag.se\/opinion\/wp-content\/uploads\/sites\/3\/2025\/09\/8f995e5cca48fadc_org-1-scaled.jpg","type":"image\/jpeg"}],"twitter_card":"summary_large_image","twitter_misc":{"Ber\u00e4knad l\u00e4stid":"1 minut"},"schema":{"@context":"https:\/\/schema.org","@graph":[{"@type":"WebPage","@id":"https:\/\/jag.se\/opinion\/pressreleases\/enorm-besvikelse-hos-assistansanvandare-efter-budgetbesked\/","url":"https:\/\/jag.se\/opinion\/pressreleases\/enorm-besvikelse-hos-assistansanvandare-efter-budgetbesked\/","name":"Enorm besvikelse hos assistansanv\u00e4ndare efter budgetbesked - JAG Opinion","isPartOf":{"@id":"https:\/\/jag.se\/opinion\/#website"},"datePublished":"2025-09-22T06:45:38+00:00","dateModified":"2025-09-22T06:45:38+00:00","breadcrumb":{"@id":"https:\/\/jag.se\/opinion\/pressreleases\/enorm-besvikelse-hos-assistansanvandare-efter-budgetbesked\/#breadcrumb"},"inLanguage":"sv-SE","potentialAction":[{"@type":"ReadAction","target":["https:\/\/jag.se\/opinion\/pressreleases\/enorm-besvikelse-hos-assistansanvandare-efter-budgetbesked\/"]}]},{"@type":"BreadcrumbList","@id":"https:\/\/jag.se\/opinion\/pressreleases\/enorm-besvikelse-hos-assistansanvandare-efter-budgetbesked\/#breadcrumb","itemListElement":[{"@type":"ListItem","position":1,"name":"JAG start","item":"https:\/\/jag.se"},{"@type":"ListItem","position":2,"name":"Riksf\u00f6reningen JAG","item":"https:\/\/jag.se\/opinion\/"},{"@type":"ListItem","position":3,"name":"Pressmeddelanden","item":"https:\/\/jag.se\/opinion\/pressreleases\/"},{"@type":"ListItem","position":4,"name":"Enorm besvikelse hos assistansanv\u00e4ndare efter budgetbesked"}]},{"@type":"WebSite","@id":"https:\/\/jag.se\/opinion\/#website","url":"https:\/\/jag.se\/opinion\/","name":"JAG Opinion","description":"","potentialAction":[{"@type":"SearchAction","target":{"@type":"EntryPoint","urlTemplate":"https:\/\/jag.se\/opinion\/?s={search_term_string}"},"query-input":"required name=search_term_string"}],"inLanguage":"sv-SE"}]}},"_links":{"self":[{"href":"https:\/\/jag.se\/opinion\/wp-json\/wp\/v2\/pressreleases\/27874","targetHints":{"allow":["GET"]}}],"collection":[{"href":"https:\/\/jag.se\/opinion\/wp-json\/wp\/v2\/pressreleases"}],"about":[{"href":"https:\/\/jag.se\/opinion\/wp-json\/wp\/v2\/types\/pressreleases"}],"wp:featuredmedia":[{"embeddable":true,"href":"https:\/\/jag.se\/opinion\/wp-json\/wp\/v2\/media\/27875"}],"wp:attachment":[{"href":"https:\/\/jag.se\/opinion\/wp-json\/wp\/v2\/media?parent=27874"}],"curies":[{"name":"wp","href":"https:\/\/api.w.org\/{rel}","templated":true}]}}