{"id":27878,"date":"2025-06-24T05:10:00","date_gmt":"2025-06-24T03:10:00","guid":{"rendered":"https:\/\/jag.se\/opinion\/pressreleases\/jag-medlemmar-i-almedalen-star-upp-for-allas-lika-ratt\/"},"modified":"2025-06-24T05:10:00","modified_gmt":"2025-06-24T03:10:00","slug":"jag-medlemmar-i-almedalen-star-upp-for-allas-lika-ratt","status":"publish","type":"pressreleases","link":"https:\/\/jag.se\/opinion\/pressreleases\/jag-medlemmar-i-almedalen-star-upp-for-allas-lika-ratt\/","title":{"rendered":"JAG-medlemmar i Almedalen \u2013 st\u00e5r upp f\u00f6r allas lika r\u00e4tt"},"content":{"rendered":"<p>Inf\u00f6r flygresan hade Magnus And\u00e9n, som \u00e4r ordf\u00f6rande i Riksf\u00f6reningen JAG, som vanligt informerat flygbolaget om sina tekniska hj\u00e4lpmedel och att han \u00e4r rullstolsburen. Han hade precis f\u00e5tt assistans till sin plats ombord p\u00e5 planet d\u00e5 en medlem ur bes\u00e4ttningen h\u00e4vdade att de inte f\u00e5tt n\u00e5gon information om att han skulle vara med ombord. D\u00e4refter kom kaptenen ut och kr\u00e4vde ett intyg p\u00e5 att Magnus var \u201di skick att flyga\u201d.<\/p>\n<p>Med hj\u00e4lp av god man och sina personliga assistenter f\u00f6rklarade Magnus att han \u00e4r en frisk person, men har funktionsneds\u00e4ttningar. Det ska inte beh\u00f6vas n\u00e5got l\u00e4karintyg. Kaptenen framh\u00e4rdade dock och ringde till Danderyds sjukhus f\u00f6r att f\u00e5 tag i n\u00e5gon som k\u00e4nner Magnus. Vid det h\u00e4r laget hade alla andra passagerare g\u00e5tt ombord och tiden f\u00f6r avg\u00e5ng passerat.<\/p>\n<p>Efter en timmes uppr\u00f6rd diskussion best\u00e4mde sig kaptenen f\u00f6r att Magnus skulle f\u00e5 \u00e5ka med, trots allt.<\/p>\n<p>Magnus har bett Diskrimineringsombudsmannen pr\u00f6va om Norwegian har r\u00e4tt att kr\u00e4va ett s\u00e5dant intyg och is\u00e5fall varf\u00f6r han inte redan vid bokningen fick information om att det beh\u00f6vdes.\u00a0<\/p>\n<p>Hur ser samh\u00e4llet p\u00e5 personer med stora funktionsneds\u00e4ttningar?<\/p>\n<p>M\u00e5nga med intellektuell funktionsneds\u00e4ttning som beh\u00f6ver st\u00f6d av en god man upplever att de inte blir lyssnade p\u00e5 och inte blir accepterade som kunskapsb\u00e4rare. En or\u00e4ttvisa som blir tydlig p\u00e5 olika st\u00e4llen och s\u00e4tt i vardagen. Negativa attityder, or\u00e4ttvisa bed\u00f6mningar, hot, s\u00e4mre v\u00e5rd, otillr\u00e4ckliga insatser, intyg som kr\u00e4vs av vissa personer men inte av andra och beslut som fattas \u00f6ver huvudet p\u00e5 den person det handlar om.<\/p>\n<p>Flera JAG-medlemmar vittnar om upplevelsen av IQ-diskriminering. Att bli s\u00e4mre behandlad \u00e4n andra p\u00e5 grund av sin intellektuella f\u00f6rm\u00e5ga eller n\u00e4r samh\u00e4llets regler och f\u00f6ruts\u00e4ttningar inte \u00e4r anpassade f\u00f6r ens behov.<\/p>\n<p>D\u00e4rf\u00f6r tar vi plats i Almedalen i \u00e5r igen, den som inte syns finns inte.<\/p>\n<p>Riksf\u00f6reningen JAGs program i JAG-t\u00e4ltet p\u00e5 Cram\u00e9rgatan.\u00a0(https:\/\/jag.se\/opinion\/almedalen\/)<\/p>\n<p>Det g\u00e5r ocks\u00e5 att ta del av seminarierna i efterhand p\u00e5\u00a0Riksf\u00f6reningen JAGs Youtube-kanal.\u00a0(http:\/\/www.youtube.com\/@jagforeningen)<\/p>\n","protected":false},"featured_media":27879,"template":"","class_list":["post-27878","pressreleases","type-pressreleases","status-publish","has-post-thumbnail","hentry"],"acf":[],"yoast_head":"<!-- This site is optimized with the Yoast SEO plugin v21.3 - https:\/\/yoast.com\/wordpress\/plugins\/seo\/ -->\n<title>JAG-medlemmar i Almedalen \u2013 st\u00e5r upp f\u00f6r allas lika r\u00e4tt - JAG Opinion<\/title>\n<meta name=\"robots\" content=\"index, follow, max-snippet:-1, max-image-preview:large, max-video-preview:-1\" \/>\n<link rel=\"canonical\" href=\"https:\/\/jag.se\/opinion\/pressreleases\/jag-medlemmar-i-almedalen-star-upp-for-allas-lika-ratt\/\" \/>\n<meta property=\"og:locale\" content=\"sv_SE\" \/>\n<meta property=\"og:type\" content=\"article\" \/>\n<meta property=\"og:title\" content=\"JAG-medlemmar i Almedalen \u2013 st\u00e5r upp f\u00f6r allas lika r\u00e4tt - JAG Opinion\" \/>\n<meta property=\"og:description\" content=\"Inf\u00f6r flygresan hade Magnus And\u00e9n, som \u00e4r ordf\u00f6rande i Riksf\u00f6reningen JAG, som vanligt informerat flygbolaget om sina tekniska hj\u00e4lpmedel och att han \u00e4r rullstolsburen. Han hade precis f\u00e5tt assistans till sin plats ombord p\u00e5 planet d\u00e5 en medlem ur bes\u00e4ttningen h\u00e4vdade att de inte f\u00e5tt n\u00e5gon information om att han skulle vara med ombord. D\u00e4refter\" \/>\n<meta property=\"og:url\" content=\"https:\/\/jag.se\/opinion\/pressreleases\/jag-medlemmar-i-almedalen-star-upp-for-allas-lika-ratt\/\" \/>\n<meta property=\"og:site_name\" content=\"JAG Opinion\" \/>\n<meta property=\"og:image\" content=\"https:\/\/jag.se\/opinion\/wp-content\/uploads\/sites\/3\/2025\/06\/bb2db80fb3f9de4f_org-1.jpg\" \/>\n\t<meta property=\"og:image:width\" content=\"1264\" \/>\n\t<meta property=\"og:image:height\" content=\"835\" \/>\n\t<meta property=\"og:image:type\" content=\"image\/jpeg\" \/>\n<meta name=\"twitter:card\" content=\"summary_large_image\" \/>\n<meta name=\"twitter:label1\" content=\"Ber\u00e4knad l\u00e4stid\" \/>\n\t<meta name=\"twitter:data1\" content=\"2 minuter\" \/>\n<script type=\"application\/ld+json\" class=\"yoast-schema-graph\">{\"@context\":\"https:\/\/schema.org\",\"@graph\":[{\"@type\":\"WebPage\",\"@id\":\"https:\/\/jag.se\/opinion\/pressreleases\/jag-medlemmar-i-almedalen-star-upp-for-allas-lika-ratt\/\",\"url\":\"https:\/\/jag.se\/opinion\/pressreleases\/jag-medlemmar-i-almedalen-star-upp-for-allas-lika-ratt\/\",\"name\":\"JAG-medlemmar i Almedalen \u2013 st\u00e5r upp f\u00f6r allas lika r\u00e4tt - JAG Opinion\",\"isPartOf\":{\"@id\":\"https:\/\/jag.se\/opinion\/#website\"},\"datePublished\":\"2025-06-24T03:10:00+00:00\",\"dateModified\":\"2025-06-24T03:10:00+00:00\",\"breadcrumb\":{\"@id\":\"https:\/\/jag.se\/opinion\/pressreleases\/jag-medlemmar-i-almedalen-star-upp-for-allas-lika-ratt\/#breadcrumb\"},\"inLanguage\":\"sv-SE\",\"potentialAction\":[{\"@type\":\"ReadAction\",\"target\":[\"https:\/\/jag.se\/opinion\/pressreleases\/jag-medlemmar-i-almedalen-star-upp-for-allas-lika-ratt\/\"]}]},{\"@type\":\"BreadcrumbList\",\"@id\":\"https:\/\/jag.se\/opinion\/pressreleases\/jag-medlemmar-i-almedalen-star-upp-for-allas-lika-ratt\/#breadcrumb\",\"itemListElement\":[{\"@type\":\"ListItem\",\"position\":1,\"name\":\"JAG start\",\"item\":\"https:\/\/jag.se\"},{\"@type\":\"ListItem\",\"position\":2,\"name\":\"Riksf\u00f6reningen JAG\",\"item\":\"https:\/\/jag.se\/opinion\/\"},{\"@type\":\"ListItem\",\"position\":3,\"name\":\"Pressmeddelanden\",\"item\":\"https:\/\/jag.se\/opinion\/pressreleases\/\"},{\"@type\":\"ListItem\",\"position\":4,\"name\":\"JAG-medlemmar i Almedalen \u2013 st\u00e5r upp f\u00f6r allas lika r\u00e4tt\"}]},{\"@type\":\"WebSite\",\"@id\":\"https:\/\/jag.se\/opinion\/#website\",\"url\":\"https:\/\/jag.se\/opinion\/\",\"name\":\"JAG Opinion\",\"description\":\"\",\"potentialAction\":[{\"@type\":\"SearchAction\",\"target\":{\"@type\":\"EntryPoint\",\"urlTemplate\":\"https:\/\/jag.se\/opinion\/?s={search_term_string}\"},\"query-input\":\"required name=search_term_string\"}],\"inLanguage\":\"sv-SE\"}]}<\/script>\n<!-- \/ Yoast SEO plugin. -->","yoast_head_json":{"title":"JAG-medlemmar i Almedalen \u2013 st\u00e5r upp f\u00f6r allas lika r\u00e4tt - JAG Opinion","robots":{"index":"index","follow":"follow","max-snippet":"max-snippet:-1","max-image-preview":"max-image-preview:large","max-video-preview":"max-video-preview:-1"},"canonical":"https:\/\/jag.se\/opinion\/pressreleases\/jag-medlemmar-i-almedalen-star-upp-for-allas-lika-ratt\/","og_locale":"sv_SE","og_type":"article","og_title":"JAG-medlemmar i Almedalen \u2013 st\u00e5r upp f\u00f6r allas lika r\u00e4tt - JAG Opinion","og_description":"Inf\u00f6r flygresan hade Magnus And\u00e9n, som \u00e4r ordf\u00f6rande i Riksf\u00f6reningen JAG, som vanligt informerat flygbolaget om sina tekniska hj\u00e4lpmedel och att han \u00e4r rullstolsburen. Han hade precis f\u00e5tt assistans till sin plats ombord p\u00e5 planet d\u00e5 en medlem ur bes\u00e4ttningen h\u00e4vdade att de inte f\u00e5tt n\u00e5gon information om att han skulle vara med ombord. D\u00e4refter","og_url":"https:\/\/jag.se\/opinion\/pressreleases\/jag-medlemmar-i-almedalen-star-upp-for-allas-lika-ratt\/","og_site_name":"JAG Opinion","og_image":[{"width":1264,"height":835,"url":"https:\/\/jag.se\/opinion\/wp-content\/uploads\/sites\/3\/2025\/06\/bb2db80fb3f9de4f_org-1.jpg","type":"image\/jpeg"}],"twitter_card":"summary_large_image","twitter_misc":{"Ber\u00e4knad l\u00e4stid":"2 minuter"},"schema":{"@context":"https:\/\/schema.org","@graph":[{"@type":"WebPage","@id":"https:\/\/jag.se\/opinion\/pressreleases\/jag-medlemmar-i-almedalen-star-upp-for-allas-lika-ratt\/","url":"https:\/\/jag.se\/opinion\/pressreleases\/jag-medlemmar-i-almedalen-star-upp-for-allas-lika-ratt\/","name":"JAG-medlemmar i Almedalen \u2013 st\u00e5r upp f\u00f6r allas lika r\u00e4tt - JAG Opinion","isPartOf":{"@id":"https:\/\/jag.se\/opinion\/#website"},"datePublished":"2025-06-24T03:10:00+00:00","dateModified":"2025-06-24T03:10:00+00:00","breadcrumb":{"@id":"https:\/\/jag.se\/opinion\/pressreleases\/jag-medlemmar-i-almedalen-star-upp-for-allas-lika-ratt\/#breadcrumb"},"inLanguage":"sv-SE","potentialAction":[{"@type":"ReadAction","target":["https:\/\/jag.se\/opinion\/pressreleases\/jag-medlemmar-i-almedalen-star-upp-for-allas-lika-ratt\/"]}]},{"@type":"BreadcrumbList","@id":"https:\/\/jag.se\/opinion\/pressreleases\/jag-medlemmar-i-almedalen-star-upp-for-allas-lika-ratt\/#breadcrumb","itemListElement":[{"@type":"ListItem","position":1,"name":"JAG start","item":"https:\/\/jag.se"},{"@type":"ListItem","position":2,"name":"Riksf\u00f6reningen JAG","item":"https:\/\/jag.se\/opinion\/"},{"@type":"ListItem","position":3,"name":"Pressmeddelanden","item":"https:\/\/jag.se\/opinion\/pressreleases\/"},{"@type":"ListItem","position":4,"name":"JAG-medlemmar i Almedalen \u2013 st\u00e5r upp f\u00f6r allas lika r\u00e4tt"}]},{"@type":"WebSite","@id":"https:\/\/jag.se\/opinion\/#website","url":"https:\/\/jag.se\/opinion\/","name":"JAG Opinion","description":"","potentialAction":[{"@type":"SearchAction","target":{"@type":"EntryPoint","urlTemplate":"https:\/\/jag.se\/opinion\/?s={search_term_string}"},"query-input":"required name=search_term_string"}],"inLanguage":"sv-SE"}]}},"_links":{"self":[{"href":"https:\/\/jag.se\/opinion\/wp-json\/wp\/v2\/pressreleases\/27878","targetHints":{"allow":["GET"]}}],"collection":[{"href":"https:\/\/jag.se\/opinion\/wp-json\/wp\/v2\/pressreleases"}],"about":[{"href":"https:\/\/jag.se\/opinion\/wp-json\/wp\/v2\/types\/pressreleases"}],"wp:featuredmedia":[{"embeddable":true,"href":"https:\/\/jag.se\/opinion\/wp-json\/wp\/v2\/media\/27879"}],"wp:attachment":[{"href":"https:\/\/jag.se\/opinion\/wp-json\/wp\/v2\/media?parent=27878"}],"curies":[{"name":"wp","href":"https:\/\/api.w.org\/{rel}","templated":true}]}}