{"id":27880,"date":"2025-06-23T08:05:01","date_gmt":"2025-06-23T06:05:01","guid":{"rendered":"https:\/\/jag.se\/opinion\/pressreleases\/iq-diskriminering-viktig-fraga-under-almedalsveckan\/"},"modified":"2025-06-23T08:05:01","modified_gmt":"2025-06-23T06:05:01","slug":"iq-diskriminering-viktig-fraga-under-almedalsveckan","status":"publish","type":"pressreleases","link":"https:\/\/jag.se\/opinion\/pressreleases\/iq-diskriminering-viktig-fraga-under-almedalsveckan\/","title":{"rendered":"IQ-diskriminering viktig fr\u00e5ga under Almedalsveckan"},"content":{"rendered":"<p>Hur kommer den personliga assistansen se ut i framtiden? Har vi ett statligt huvudmannaskap? Hur ser metoden f\u00f6r behovsbed\u00f6mningar ut? Kommer assistansers\u00e4ttningen r\u00e4cka till sk\u00e4liga l\u00f6ner och kostnader f\u00f6r oss med de st\u00f6rsta behoven? Kommer v\u00e5ra anh\u00f6riga forts\u00e4ttningsvis kunna assistera oss eller kommer den r\u00e4ttigheten begr\u00e4nsas av regeringen som resultat av en kommande utredning om v\u00e4lf\u00e4rdsbrottslighet?<\/p>\n<p>Riksf\u00f6reningen JAG h\u00e5ller seminarier i JAG-t\u00e4ltet om m\u00e4nskliga r\u00e4ttigheter f\u00f6r personer med omfattande och intellektuell funktionsneds\u00e4ttning.\u00a0I \u00e5r med stort fokus p\u00e5 IQ-diskriminering, r\u00e4tten till anh\u00f6rigassistans, r\u00e4tten att ha fler roller som god man och personlig assistent samt assistansers\u00e4ttningens storlek.<\/p>\n<p>Socialtj\u00e4nstminister Camilla Waltersson Gr\u00f6nvall (M), riksdagspolitiker fr\u00e5n flera partier och myndighetspersoner g\u00e4star seminarierna.<\/p>\n<p>M\u00f6t oss i JAG-t\u00e4ltet p\u00e5 Cram\u00e9rgatan!<\/p>\n<p>Riksf\u00f6reningen JAGs program i JAG-t\u00e4ltet p\u00e5 Cram\u00e9rgatan.\u00a0(https:\/\/jag.se\/opinion\/almedalen\/)<\/p>\n<p>Det g\u00e5r ocks\u00e5 att ta del av seminarierna i efterhand p\u00e5\u00a0Riksf\u00f6reningen JAGs Youtube-kanal.\u00a0(http:\/\/www.youtube.com\/@jagforeningen)<\/p>\n","protected":false},"featured_media":27881,"template":"","class_list":["post-27880","pressreleases","type-pressreleases","status-publish","has-post-thumbnail","hentry"],"acf":[],"yoast_head":"<!-- This site is optimized with the Yoast SEO plugin v21.3 - https:\/\/yoast.com\/wordpress\/plugins\/seo\/ -->\n<title>IQ-diskriminering viktig fr\u00e5ga under Almedalsveckan - JAG Opinion<\/title>\n<meta name=\"robots\" content=\"index, follow, max-snippet:-1, max-image-preview:large, max-video-preview:-1\" \/>\n<link rel=\"canonical\" href=\"https:\/\/jag.se\/opinion\/pressreleases\/iq-diskriminering-viktig-fraga-under-almedalsveckan\/\" \/>\n<meta property=\"og:locale\" content=\"sv_SE\" \/>\n<meta property=\"og:type\" content=\"article\" \/>\n<meta property=\"og:title\" content=\"IQ-diskriminering viktig fr\u00e5ga under Almedalsveckan - JAG Opinion\" \/>\n<meta property=\"og:description\" content=\"Hur kommer den personliga assistansen se ut i framtiden? Har vi ett statligt huvudmannaskap? Hur ser metoden f\u00f6r behovsbed\u00f6mningar ut? Kommer assistansers\u00e4ttningen r\u00e4cka till sk\u00e4liga l\u00f6ner och kostnader f\u00f6r oss med de st\u00f6rsta behoven? Kommer v\u00e5ra anh\u00f6riga forts\u00e4ttningsvis kunna assistera oss eller kommer den r\u00e4ttigheten begr\u00e4nsas av regeringen som resultat av en kommande utredning om\" \/>\n<meta property=\"og:url\" content=\"https:\/\/jag.se\/opinion\/pressreleases\/iq-diskriminering-viktig-fraga-under-almedalsveckan\/\" \/>\n<meta property=\"og:site_name\" content=\"JAG Opinion\" \/>\n<meta property=\"og:image\" content=\"https:\/\/jag.se\/opinion\/wp-content\/uploads\/sites\/3\/2025\/06\/8113ec73e18c38db_org-1.jpg\" \/>\n\t<meta property=\"og:image:width\" content=\"2026\" \/>\n\t<meta property=\"og:image:height\" content=\"835\" \/>\n\t<meta property=\"og:image:type\" content=\"image\/jpeg\" \/>\n<meta name=\"twitter:card\" content=\"summary_large_image\" \/>\n<meta name=\"twitter:label1\" content=\"Ber\u00e4knad l\u00e4stid\" \/>\n\t<meta name=\"twitter:data1\" content=\"1 minut\" \/>\n<script type=\"application\/ld+json\" class=\"yoast-schema-graph\">{\"@context\":\"https:\/\/schema.org\",\"@graph\":[{\"@type\":\"WebPage\",\"@id\":\"https:\/\/jag.se\/opinion\/pressreleases\/iq-diskriminering-viktig-fraga-under-almedalsveckan\/\",\"url\":\"https:\/\/jag.se\/opinion\/pressreleases\/iq-diskriminering-viktig-fraga-under-almedalsveckan\/\",\"name\":\"IQ-diskriminering viktig fr\u00e5ga under Almedalsveckan - JAG Opinion\",\"isPartOf\":{\"@id\":\"https:\/\/jag.se\/opinion\/#website\"},\"datePublished\":\"2025-06-23T06:05:01+00:00\",\"dateModified\":\"2025-06-23T06:05:01+00:00\",\"breadcrumb\":{\"@id\":\"https:\/\/jag.se\/opinion\/pressreleases\/iq-diskriminering-viktig-fraga-under-almedalsveckan\/#breadcrumb\"},\"inLanguage\":\"sv-SE\",\"potentialAction\":[{\"@type\":\"ReadAction\",\"target\":[\"https:\/\/jag.se\/opinion\/pressreleases\/iq-diskriminering-viktig-fraga-under-almedalsveckan\/\"]}]},{\"@type\":\"BreadcrumbList\",\"@id\":\"https:\/\/jag.se\/opinion\/pressreleases\/iq-diskriminering-viktig-fraga-under-almedalsveckan\/#breadcrumb\",\"itemListElement\":[{\"@type\":\"ListItem\",\"position\":1,\"name\":\"JAG start\",\"item\":\"https:\/\/jag.se\"},{\"@type\":\"ListItem\",\"position\":2,\"name\":\"Riksf\u00f6reningen JAG\",\"item\":\"https:\/\/jag.se\/opinion\/\"},{\"@type\":\"ListItem\",\"position\":3,\"name\":\"Pressmeddelanden\",\"item\":\"https:\/\/jag.se\/opinion\/pressreleases\/\"},{\"@type\":\"ListItem\",\"position\":4,\"name\":\"IQ-diskriminering viktig fr\u00e5ga under Almedalsveckan\"}]},{\"@type\":\"WebSite\",\"@id\":\"https:\/\/jag.se\/opinion\/#website\",\"url\":\"https:\/\/jag.se\/opinion\/\",\"name\":\"JAG Opinion\",\"description\":\"\",\"potentialAction\":[{\"@type\":\"SearchAction\",\"target\":{\"@type\":\"EntryPoint\",\"urlTemplate\":\"https:\/\/jag.se\/opinion\/?s={search_term_string}\"},\"query-input\":\"required name=search_term_string\"}],\"inLanguage\":\"sv-SE\"}]}<\/script>\n<!-- \/ Yoast SEO plugin. -->","yoast_head_json":{"title":"IQ-diskriminering viktig fr\u00e5ga under Almedalsveckan - JAG Opinion","robots":{"index":"index","follow":"follow","max-snippet":"max-snippet:-1","max-image-preview":"max-image-preview:large","max-video-preview":"max-video-preview:-1"},"canonical":"https:\/\/jag.se\/opinion\/pressreleases\/iq-diskriminering-viktig-fraga-under-almedalsveckan\/","og_locale":"sv_SE","og_type":"article","og_title":"IQ-diskriminering viktig fr\u00e5ga under Almedalsveckan - JAG Opinion","og_description":"Hur kommer den personliga assistansen se ut i framtiden? Har vi ett statligt huvudmannaskap? Hur ser metoden f\u00f6r behovsbed\u00f6mningar ut? Kommer assistansers\u00e4ttningen r\u00e4cka till sk\u00e4liga l\u00f6ner och kostnader f\u00f6r oss med de st\u00f6rsta behoven? Kommer v\u00e5ra anh\u00f6riga forts\u00e4ttningsvis kunna assistera oss eller kommer den r\u00e4ttigheten begr\u00e4nsas av regeringen som resultat av en kommande utredning om","og_url":"https:\/\/jag.se\/opinion\/pressreleases\/iq-diskriminering-viktig-fraga-under-almedalsveckan\/","og_site_name":"JAG Opinion","og_image":[{"width":2026,"height":835,"url":"https:\/\/jag.se\/opinion\/wp-content\/uploads\/sites\/3\/2025\/06\/8113ec73e18c38db_org-1.jpg","type":"image\/jpeg"}],"twitter_card":"summary_large_image","twitter_misc":{"Ber\u00e4knad l\u00e4stid":"1 minut"},"schema":{"@context":"https:\/\/schema.org","@graph":[{"@type":"WebPage","@id":"https:\/\/jag.se\/opinion\/pressreleases\/iq-diskriminering-viktig-fraga-under-almedalsveckan\/","url":"https:\/\/jag.se\/opinion\/pressreleases\/iq-diskriminering-viktig-fraga-under-almedalsveckan\/","name":"IQ-diskriminering viktig fr\u00e5ga under Almedalsveckan - JAG Opinion","isPartOf":{"@id":"https:\/\/jag.se\/opinion\/#website"},"datePublished":"2025-06-23T06:05:01+00:00","dateModified":"2025-06-23T06:05:01+00:00","breadcrumb":{"@id":"https:\/\/jag.se\/opinion\/pressreleases\/iq-diskriminering-viktig-fraga-under-almedalsveckan\/#breadcrumb"},"inLanguage":"sv-SE","potentialAction":[{"@type":"ReadAction","target":["https:\/\/jag.se\/opinion\/pressreleases\/iq-diskriminering-viktig-fraga-under-almedalsveckan\/"]}]},{"@type":"BreadcrumbList","@id":"https:\/\/jag.se\/opinion\/pressreleases\/iq-diskriminering-viktig-fraga-under-almedalsveckan\/#breadcrumb","itemListElement":[{"@type":"ListItem","position":1,"name":"JAG start","item":"https:\/\/jag.se"},{"@type":"ListItem","position":2,"name":"Riksf\u00f6reningen JAG","item":"https:\/\/jag.se\/opinion\/"},{"@type":"ListItem","position":3,"name":"Pressmeddelanden","item":"https:\/\/jag.se\/opinion\/pressreleases\/"},{"@type":"ListItem","position":4,"name":"IQ-diskriminering viktig fr\u00e5ga under Almedalsveckan"}]},{"@type":"WebSite","@id":"https:\/\/jag.se\/opinion\/#website","url":"https:\/\/jag.se\/opinion\/","name":"JAG Opinion","description":"","potentialAction":[{"@type":"SearchAction","target":{"@type":"EntryPoint","urlTemplate":"https:\/\/jag.se\/opinion\/?s={search_term_string}"},"query-input":"required name=search_term_string"}],"inLanguage":"sv-SE"}]}},"_links":{"self":[{"href":"https:\/\/jag.se\/opinion\/wp-json\/wp\/v2\/pressreleases\/27880","targetHints":{"allow":["GET"]}}],"collection":[{"href":"https:\/\/jag.se\/opinion\/wp-json\/wp\/v2\/pressreleases"}],"about":[{"href":"https:\/\/jag.se\/opinion\/wp-json\/wp\/v2\/types\/pressreleases"}],"wp:featuredmedia":[{"embeddable":true,"href":"https:\/\/jag.se\/opinion\/wp-json\/wp\/v2\/media\/27881"}],"wp:attachment":[{"href":"https:\/\/jag.se\/opinion\/wp-json\/wp\/v2\/media?parent=27880"}],"curies":[{"name":"wp","href":"https:\/\/api.w.org\/{rel}","templated":true}]}}