{"id":27882,"date":"2025-06-10T08:47:35","date_gmt":"2025-06-10T06:47:35","guid":{"rendered":"https:\/\/jag.se\/opinion\/pressreleases\/arvsfondsprojekt-ska-starka-sjalvbestammande-och-minska-iq-diskriminering\/"},"modified":"2025-06-10T08:47:35","modified_gmt":"2025-06-10T06:47:35","slug":"arvsfondsprojekt-ska-starka-sjalvbestammande-och-minska-iq-diskriminering","status":"publish","type":"pressreleases","link":"https:\/\/jag.se\/opinion\/pressreleases\/arvsfondsprojekt-ska-starka-sjalvbestammande-och-minska-iq-diskriminering\/","title":{"rendered":"Arvsfondsprojekt ska st\u00e4rka sj\u00e4lvbest\u00e4mmande och minska IQ-diskriminering"},"content":{"rendered":"<p>IQual, en kunskapsnod som arbetar mot IQ-diskriminering och f\u00f6r m\u00e4nskliga r\u00e4ttigheter, har beviljats medel fr\u00e5n\u00a0Allm\u00e4nna arvsfonden\u00a0f\u00f6r det tre\u00e5riga projektet\u00a0&#8221;Jag best\u00e4mmer&#8221;. Projektet riktar sig till b\u00e5de barn och vuxna med omfattande funktionsneds\u00e4ttningar, varav en avser den kognitiva f\u00f6rm\u00e5gan och som \u00e4r i behov av tolkningshj\u00e4lp och beslutsst\u00f6d av en god man.<\/p>\n<p>M\u00e5nga som beh\u00f6ver tolkningsst\u00f6d p\u00e5 grund av sin funktionsneds\u00e4ttning upplever att de inte blir lyssnade p\u00e5. JAG-medlemmar vittnar om, i en av IQual nyligen publicerad rapport, att de blivit ifr\u00e5gasatta, uteslutna och diskriminerade \u2013 s\u00e4rskilt i kontakt med myndigheter, banker, skolan och andra viktiga delar av samh\u00e4llet.<\/p>\n<p>Syftet med projektet \u00e4r att:<\/p>\n<p>  \u00b7 \u00d6ka och sprida kunskap\u00a0om hur sj\u00e4lvbest\u00e4mmande ut\u00f6vas med st\u00f6d av god man.<br \/>\n  \u00b7 St\u00e4rka individer\u00a0som beh\u00f6ver tolkningshj\u00e4lp f\u00f6r att uttrycka sin vilja.st\u00e4rka<br \/>\n  \u00b7 \u00d6ka samh\u00e4llets kunskap\u00a0och d\u00e4rmed fr\u00e4mja inkludering och minska diskriminering.<\/p>\n<p>En viktig utg\u00e5ngspunkt i projektet \u00e4r\u00a0Artikel 12 i FN:s konvention om r\u00e4ttigheter f\u00f6r personer med funktionsneds\u00e4ttning (CRPD), som sl\u00e5r fast att om en person inte sj\u00e4lv kan uttrycka sin vilja, ska beslutsfattande ske utifr\u00e5n den b\u00e4sta tolkningen av personens vilja och preferenser.<\/p>\n<p>Trots att det svenska systemet med gode m\u00e4n erbjuder ett stabilt och respektfullt st\u00f6d, vittnar m\u00e5nga \u2013 s\u00e4rskilt medlemmar i Riksf\u00f6reningen JAG \u2013 om upplevd IQ-diskriminering n\u00e4r ens sj\u00e4lvbest\u00e4mmande ifr\u00e5gas\u00e4tts eller ignoreras. N\u00e5got som projektet &#8221;Jag best\u00e4mmer&#8221; vill motverka.<\/p>\n<p>\u2013 Vi \u00e4r mycket glada och tacksamma \u00f6ver Arvsfondens positiva besked om medel till projektet. Med &#8221;Jag best\u00e4mmer&#8221; vill IQual lyfta fram och st\u00e4rka det svenska systemet f\u00f6r beslutsst\u00f6d och visa hur det kan anv\u00e4ndas f\u00f6r att motverka IQ-diskriminering och fr\u00e4mja m\u00e4nskliga r\u00e4ttigheter, s\u00e4ger Agneta Scherman, verksamhetsansvarig p\u00e5 IQual.<\/p>\n<p>Projektet kommer att:<\/p>\n<p>  \u00b7 Beskriva vad sj\u00e4lvbest\u00e4mmande inneb\u00e4r i praktiken f\u00f6r personer som beh\u00f6ver st\u00f6d att tolka sin vilja och fatta beslut av en god man,\u00a0<br \/>\n  \u00b7 Ta fram utbildningsmaterial f\u00f6r huvudm\u00e4n, legala f\u00f6retr\u00e4dare, personal och beslutsfattare,<br \/>\n  \u00b7 Bidra till att personer med intellektuell funktionsneds\u00e4ttning blir accepterade och respekterade som kunskapsb\u00e4rare och f\u00e5r ett \u00f6kat reellt sj\u00e4lvbest\u00e4mmande.<\/p>\n<p>F\u00f6r m\u00e5nga personer med omfattande och intellektuell funktionsneds\u00e4ttning \u00e4r det ocks\u00e5 en styrka att den som \u00e4r god man ocks\u00e5 \u00e4r personlig assistent. Det \u00f6kar f\u00f6ruts\u00e4ttningarna f\u00f6r att den b\u00e4sta tolkningen av vilja och preferenser ges. N\u00e5got som Socialstyrelsen ocks\u00e5 konstaterat och som projektet har med som en viktig variabel.<\/p>\n<p>IQual\u00a0(https:\/\/jag.se\/opinion\/iqual\/)<\/p>\n<p>Om IQ-diskriminering\u00a0\u2013 en studie i normaliserad or\u00e4ttvisa\u00a0(https:\/\/jag.se\/opinion\/wp-content\/uploads\/sites\/3\/2025\/05\/Om-IQ-diskriminering-En-studie-i-normaliserad-orattvisa-2025-1.pdf)<\/p>\n","protected":false},"featured_media":27883,"template":"","class_list":["post-27882","pressreleases","type-pressreleases","status-publish","has-post-thumbnail","hentry"],"acf":[],"yoast_head":"<!-- This site is optimized with the Yoast SEO plugin v21.3 - https:\/\/yoast.com\/wordpress\/plugins\/seo\/ -->\n<title>Arvsfondsprojekt ska st\u00e4rka sj\u00e4lvbest\u00e4mmande och minska IQ-diskriminering - JAG Opinion<\/title>\n<meta name=\"robots\" content=\"index, follow, max-snippet:-1, max-image-preview:large, max-video-preview:-1\" \/>\n<link rel=\"canonical\" href=\"https:\/\/jag.se\/opinion\/pressreleases\/arvsfondsprojekt-ska-starka-sjalvbestammande-och-minska-iq-diskriminering\/\" \/>\n<meta property=\"og:locale\" content=\"sv_SE\" \/>\n<meta property=\"og:type\" content=\"article\" \/>\n<meta property=\"og:title\" content=\"Arvsfondsprojekt ska st\u00e4rka sj\u00e4lvbest\u00e4mmande och minska IQ-diskriminering - JAG Opinion\" \/>\n<meta property=\"og:description\" content=\"IQual, en kunskapsnod som arbetar mot IQ-diskriminering och f\u00f6r m\u00e4nskliga r\u00e4ttigheter, har beviljats medel fr\u00e5n\u00a0Allm\u00e4nna arvsfonden\u00a0f\u00f6r det tre\u00e5riga projektet\u00a0&#8221;Jag best\u00e4mmer&#8221;. Projektet riktar sig till b\u00e5de barn och vuxna med omfattande funktionsneds\u00e4ttningar, varav en avser den kognitiva f\u00f6rm\u00e5gan och som \u00e4r i behov av tolkningshj\u00e4lp och beslutsst\u00f6d av en god man. M\u00e5nga som beh\u00f6ver tolkningsst\u00f6d p\u00e5\" \/>\n<meta property=\"og:url\" content=\"https:\/\/jag.se\/opinion\/pressreleases\/arvsfondsprojekt-ska-starka-sjalvbestammande-och-minska-iq-diskriminering\/\" \/>\n<meta property=\"og:site_name\" content=\"JAG Opinion\" \/>\n<meta property=\"og:image\" content=\"https:\/\/jag.se\/opinion\/wp-content\/uploads\/sites\/3\/2025\/06\/86ab4f0bb853161f_org-1-scaled.jpg\" \/>\n\t<meta property=\"og:image:width\" content=\"2307\" \/>\n\t<meta property=\"og:image:height\" content=\"2560\" \/>\n\t<meta property=\"og:image:type\" content=\"image\/jpeg\" \/>\n<meta name=\"twitter:card\" content=\"summary_large_image\" \/>\n<meta name=\"twitter:label1\" content=\"Ber\u00e4knad l\u00e4stid\" \/>\n\t<meta name=\"twitter:data1\" content=\"2 minuter\" \/>\n<script type=\"application\/ld+json\" class=\"yoast-schema-graph\">{\"@context\":\"https:\/\/schema.org\",\"@graph\":[{\"@type\":\"WebPage\",\"@id\":\"https:\/\/jag.se\/opinion\/pressreleases\/arvsfondsprojekt-ska-starka-sjalvbestammande-och-minska-iq-diskriminering\/\",\"url\":\"https:\/\/jag.se\/opinion\/pressreleases\/arvsfondsprojekt-ska-starka-sjalvbestammande-och-minska-iq-diskriminering\/\",\"name\":\"Arvsfondsprojekt ska st\u00e4rka sj\u00e4lvbest\u00e4mmande och minska IQ-diskriminering - JAG Opinion\",\"isPartOf\":{\"@id\":\"https:\/\/jag.se\/opinion\/#website\"},\"datePublished\":\"2025-06-10T06:47:35+00:00\",\"dateModified\":\"2025-06-10T06:47:35+00:00\",\"breadcrumb\":{\"@id\":\"https:\/\/jag.se\/opinion\/pressreleases\/arvsfondsprojekt-ska-starka-sjalvbestammande-och-minska-iq-diskriminering\/#breadcrumb\"},\"inLanguage\":\"sv-SE\",\"potentialAction\":[{\"@type\":\"ReadAction\",\"target\":[\"https:\/\/jag.se\/opinion\/pressreleases\/arvsfondsprojekt-ska-starka-sjalvbestammande-och-minska-iq-diskriminering\/\"]}]},{\"@type\":\"BreadcrumbList\",\"@id\":\"https:\/\/jag.se\/opinion\/pressreleases\/arvsfondsprojekt-ska-starka-sjalvbestammande-och-minska-iq-diskriminering\/#breadcrumb\",\"itemListElement\":[{\"@type\":\"ListItem\",\"position\":1,\"name\":\"JAG start\",\"item\":\"https:\/\/jag.se\"},{\"@type\":\"ListItem\",\"position\":2,\"name\":\"Riksf\u00f6reningen JAG\",\"item\":\"https:\/\/jag.se\/opinion\/\"},{\"@type\":\"ListItem\",\"position\":3,\"name\":\"Pressmeddelanden\",\"item\":\"https:\/\/jag.se\/opinion\/pressreleases\/\"},{\"@type\":\"ListItem\",\"position\":4,\"name\":\"Arvsfondsprojekt ska st\u00e4rka sj\u00e4lvbest\u00e4mmande och minska IQ-diskriminering\"}]},{\"@type\":\"WebSite\",\"@id\":\"https:\/\/jag.se\/opinion\/#website\",\"url\":\"https:\/\/jag.se\/opinion\/\",\"name\":\"JAG Opinion\",\"description\":\"\",\"potentialAction\":[{\"@type\":\"SearchAction\",\"target\":{\"@type\":\"EntryPoint\",\"urlTemplate\":\"https:\/\/jag.se\/opinion\/?s={search_term_string}\"},\"query-input\":\"required name=search_term_string\"}],\"inLanguage\":\"sv-SE\"}]}<\/script>\n<!-- \/ Yoast SEO plugin. -->","yoast_head_json":{"title":"Arvsfondsprojekt ska st\u00e4rka sj\u00e4lvbest\u00e4mmande och minska IQ-diskriminering - JAG Opinion","robots":{"index":"index","follow":"follow","max-snippet":"max-snippet:-1","max-image-preview":"max-image-preview:large","max-video-preview":"max-video-preview:-1"},"canonical":"https:\/\/jag.se\/opinion\/pressreleases\/arvsfondsprojekt-ska-starka-sjalvbestammande-och-minska-iq-diskriminering\/","og_locale":"sv_SE","og_type":"article","og_title":"Arvsfondsprojekt ska st\u00e4rka sj\u00e4lvbest\u00e4mmande och minska IQ-diskriminering - JAG Opinion","og_description":"IQual, en kunskapsnod som arbetar mot IQ-diskriminering och f\u00f6r m\u00e4nskliga r\u00e4ttigheter, har beviljats medel fr\u00e5n\u00a0Allm\u00e4nna arvsfonden\u00a0f\u00f6r det tre\u00e5riga projektet\u00a0&#8221;Jag best\u00e4mmer&#8221;. Projektet riktar sig till b\u00e5de barn och vuxna med omfattande funktionsneds\u00e4ttningar, varav en avser den kognitiva f\u00f6rm\u00e5gan och som \u00e4r i behov av tolkningshj\u00e4lp och beslutsst\u00f6d av en god man. M\u00e5nga som beh\u00f6ver tolkningsst\u00f6d p\u00e5","og_url":"https:\/\/jag.se\/opinion\/pressreleases\/arvsfondsprojekt-ska-starka-sjalvbestammande-och-minska-iq-diskriminering\/","og_site_name":"JAG Opinion","og_image":[{"width":2307,"height":2560,"url":"https:\/\/jag.se\/opinion\/wp-content\/uploads\/sites\/3\/2025\/06\/86ab4f0bb853161f_org-1-scaled.jpg","type":"image\/jpeg"}],"twitter_card":"summary_large_image","twitter_misc":{"Ber\u00e4knad l\u00e4stid":"2 minuter"},"schema":{"@context":"https:\/\/schema.org","@graph":[{"@type":"WebPage","@id":"https:\/\/jag.se\/opinion\/pressreleases\/arvsfondsprojekt-ska-starka-sjalvbestammande-och-minska-iq-diskriminering\/","url":"https:\/\/jag.se\/opinion\/pressreleases\/arvsfondsprojekt-ska-starka-sjalvbestammande-och-minska-iq-diskriminering\/","name":"Arvsfondsprojekt ska st\u00e4rka sj\u00e4lvbest\u00e4mmande och minska IQ-diskriminering - JAG Opinion","isPartOf":{"@id":"https:\/\/jag.se\/opinion\/#website"},"datePublished":"2025-06-10T06:47:35+00:00","dateModified":"2025-06-10T06:47:35+00:00","breadcrumb":{"@id":"https:\/\/jag.se\/opinion\/pressreleases\/arvsfondsprojekt-ska-starka-sjalvbestammande-och-minska-iq-diskriminering\/#breadcrumb"},"inLanguage":"sv-SE","potentialAction":[{"@type":"ReadAction","target":["https:\/\/jag.se\/opinion\/pressreleases\/arvsfondsprojekt-ska-starka-sjalvbestammande-och-minska-iq-diskriminering\/"]}]},{"@type":"BreadcrumbList","@id":"https:\/\/jag.se\/opinion\/pressreleases\/arvsfondsprojekt-ska-starka-sjalvbestammande-och-minska-iq-diskriminering\/#breadcrumb","itemListElement":[{"@type":"ListItem","position":1,"name":"JAG start","item":"https:\/\/jag.se"},{"@type":"ListItem","position":2,"name":"Riksf\u00f6reningen JAG","item":"https:\/\/jag.se\/opinion\/"},{"@type":"ListItem","position":3,"name":"Pressmeddelanden","item":"https:\/\/jag.se\/opinion\/pressreleases\/"},{"@type":"ListItem","position":4,"name":"Arvsfondsprojekt ska st\u00e4rka sj\u00e4lvbest\u00e4mmande och minska IQ-diskriminering"}]},{"@type":"WebSite","@id":"https:\/\/jag.se\/opinion\/#website","url":"https:\/\/jag.se\/opinion\/","name":"JAG Opinion","description":"","potentialAction":[{"@type":"SearchAction","target":{"@type":"EntryPoint","urlTemplate":"https:\/\/jag.se\/opinion\/?s={search_term_string}"},"query-input":"required name=search_term_string"}],"inLanguage":"sv-SE"}]}},"_links":{"self":[{"href":"https:\/\/jag.se\/opinion\/wp-json\/wp\/v2\/pressreleases\/27882","targetHints":{"allow":["GET"]}}],"collection":[{"href":"https:\/\/jag.se\/opinion\/wp-json\/wp\/v2\/pressreleases"}],"about":[{"href":"https:\/\/jag.se\/opinion\/wp-json\/wp\/v2\/types\/pressreleases"}],"wp:featuredmedia":[{"embeddable":true,"href":"https:\/\/jag.se\/opinion\/wp-json\/wp\/v2\/media\/27883"}],"wp:attachment":[{"href":"https:\/\/jag.se\/opinion\/wp-json\/wp\/v2\/media?parent=27882"}],"curies":[{"name":"wp","href":"https:\/\/api.w.org\/{rel}","templated":true}]}}