{"id":27884,"date":"2025-05-20T08:55:00","date_gmt":"2025-05-20T06:55:00","guid":{"rendered":"https:\/\/jag.se\/opinion\/pressreleases\/hot-och-samre-vard-foljder-av-iq-diskriminering-visar-ny-rapport\/"},"modified":"2025-05-20T08:55:00","modified_gmt":"2025-05-20T06:55:00","slug":"hot-och-samre-vard-foljder-av-iq-diskriminering-visar-ny-rapport","status":"publish","type":"pressreleases","link":"https:\/\/jag.se\/opinion\/pressreleases\/hot-och-samre-vard-foljder-av-iq-diskriminering-visar-ny-rapport\/","title":{"rendered":"Hot och s\u00e4mre v\u00e5rd \u2013 f\u00f6ljder av IQ-diskriminering visar ny rapport"},"content":{"rendered":"<p>Rapporten synligg\u00f6r att personer med intellektuell funktionsneds\u00e4ttning ofta inte blir respekterade som kunskapsb\u00e4rare. M\u00e5nga som beh\u00f6ver en god man som beslutsst\u00f6d och f\u00f6r att uttrycka sin vilja blir inte respekterade och lyssnade p\u00e5. Skr\u00e4mmande h\u00f6ga siffror visar att m\u00e5nga blir IQ-diskriminerade inom sjukv\u00e5rden. Men ocks\u00e5 av andra \u201dprofessionella\u201d personer p\u00e5 kommuner och myndigheter. N\u00e4stan en tiondel uppger att diskrimineringen sker dagligen. Diskrimineringen tar sig uttryck i negativa attityder, or\u00e4ttvisa bed\u00f6mningar, hot, s\u00e4mre v\u00e5rd och otillr\u00e4ckliga insatser.<\/p>\n<p>IQ-diskriminering inneb\u00e4r att en person blir s\u00e4mre behandlad \u00e4n andra p\u00e5 grund av en neds\u00e4ttning av den intellektuella f\u00f6rm\u00e5gan. Det kan bero p\u00e5 f\u00f6rdomen om att personer med intellektuell funktionsneds\u00e4ttning, som till exempel inte har ett talat spr\u00e5k, inte har en egen vilja. Genom att identifiera IQ-diskriminering n\u00e4r den sker \u00e4r f\u00f6r\u00e4ndring m\u00f6jlig. P\u00e5 samma s\u00e4tt som andra or\u00e4ttvisor som blivit m\u00f6jliga att bek\u00e4mpa f\u00f6rst n\u00e4r de synliggjorts, exempelvis sexuella trakasserier i \u201cmetoo-r\u00f6relsen\u201d.<\/p>\n<p>Rapporten visar en normaliserad or\u00e4ttvisa som i f\u00f6rl\u00e4ngningen medf\u00f6r sv\u00e5righeter att leva ett liv som andra i samh\u00e4llet.<\/p>\n<p>\u2013 Om ens sm\u00e4rta inte uppfattas eller lindras resulterar det f\u00f6rst\u00e5s i stort lidande, som en person beskriver. M\u00f6jligheterna att flytta till en egen bostad blir beskurna p\u00e5 grund av f\u00f6rdomar i bostadsr\u00e4ttsf\u00f6reningars styrelser. Personer med intellektuella funktionsneds\u00e4ttningar blir inte lyssnade p\u00e5, s\u00e4ger Agneta Scherman, verksamhetsansvarig f\u00f6r IQual.<\/p>\n<p>\u2013 Den h\u00e4r kunskapen om den normaliserade or\u00e4ttvisa som f\u00f6ljer JAG-medlemmarna kan anv\u00e4ndas f\u00f6r att bek\u00e4mpa IQ-diskriminering och \u00f6ka m\u00f6jligheten till delaktighet och sj\u00e4lvbest\u00e4mmande f\u00f6r personer med intellektuell funktionsneds\u00e4ttning, s\u00e4ger Agneta Scherman.<\/p>\n<p>En slutsats i rapporten \u00e4r att lagstiftare och beslutsfattare inte gjort tillr\u00e4ckligt f\u00f6r att legal f\u00f6retr\u00e4dare som besluts- och kommunikationsst\u00f6dst\u00f6d ska bli respekterat och accepterat i kontakt med samh\u00e4llet. Sverige har ocks\u00e5 f\u00e5tt kritik fr\u00e5n FN-kommitt\u00e9n f\u00f6r att inte leva upp till funktionshinderkonventionens krav p\u00e5 bland annat att motverka diskriminering och att s\u00e4kra r\u00e4tten till st\u00f6djande beslutsfattande f\u00f6r personer med intellektuell funktionsneds\u00e4ttning.<br \/>\nL\u00e4s rapporten h\u00e4r.\u00a0(https:\/\/jag.se\/opinion\/wp-content\/uploads\/sites\/3\/2025\/05\/Om-IQ-diskriminering-En-studie-i-normaliserad-orattvisa-2025-1.pdf)<br \/>\nIQUAL\u00a0(https:\/\/jag.se\/opinion\/iqual\/)<\/p>\n<p>Webinarium\u00a0&#8221;Om IQ-diskriminering \u2013 En studie i normaliserad or\u00e4ttvisa&#8221;<\/p>\n<p>IQual h\u00e5ller ett webinarium om IQ-diskriminering d\u00e4r den nyligen publicerade rapporten presenteras.<\/p>\n<p>M\u00e5ndag den 26 maj kl 10-10:45<br \/>\nOnline<\/p>\n<p>Medverkande:\u00a0<\/p>\n<p>  \u00b7 Caroline Jensen, f\u00f6retr\u00e4dare till Alice Jensen\u00a0Nordgren<br \/>\n  \u00b7 Lill Hultman, lektor i socialt arbete, socionom och filosofie doktor med inriktning mot fr\u00e4mst funktionshinder med ett s\u00e4rskilt intresse f\u00f6r deltagarn\u00e4ra forskning vid institutionen f\u00f6r socialt arbete vid Marie Cederschi\u00f6ld h\u00f6gskola.<br \/>\n  \u00b7 Agneta Scherman, verksamhetsansvarig IQual<\/p>\n<p>Registrera dig f\u00f6r webinariet h\u00e4r!\u00a0(https:\/\/events.teams.microsoft.com\/event\/c236dde9-584f-41f7-92b3-14b2a91e848e@853d13c6-1567-4de4-a977-29af71c298d7)<\/p>\n","protected":false},"featured_media":27885,"template":"","class_list":["post-27884","pressreleases","type-pressreleases","status-publish","has-post-thumbnail","hentry"],"acf":[],"yoast_head":"<!-- This site is optimized with the Yoast SEO plugin v21.3 - https:\/\/yoast.com\/wordpress\/plugins\/seo\/ -->\n<title>Hot och s\u00e4mre v\u00e5rd \u2013 f\u00f6ljder av IQ-diskriminering visar ny rapport - JAG Opinion<\/title>\n<meta name=\"robots\" content=\"index, follow, max-snippet:-1, max-image-preview:large, max-video-preview:-1\" \/>\n<link rel=\"canonical\" href=\"https:\/\/jag.se\/opinion\/pressreleases\/hot-och-samre-vard-foljder-av-iq-diskriminering-visar-ny-rapport\/\" \/>\n<meta property=\"og:locale\" content=\"sv_SE\" \/>\n<meta property=\"og:type\" content=\"article\" \/>\n<meta property=\"og:title\" content=\"Hot och s\u00e4mre v\u00e5rd \u2013 f\u00f6ljder av IQ-diskriminering visar ny rapport - JAG Opinion\" \/>\n<meta property=\"og:description\" content=\"Rapporten synligg\u00f6r att personer med intellektuell funktionsneds\u00e4ttning ofta inte blir respekterade som kunskapsb\u00e4rare. M\u00e5nga som beh\u00f6ver en god man som beslutsst\u00f6d och f\u00f6r att uttrycka sin vilja blir inte respekterade och lyssnade p\u00e5. Skr\u00e4mmande h\u00f6ga siffror visar att m\u00e5nga blir IQ-diskriminerade inom sjukv\u00e5rden. Men ocks\u00e5 av andra \u201dprofessionella\u201d personer p\u00e5 kommuner och myndigheter. N\u00e4stan en\" \/>\n<meta property=\"og:url\" content=\"https:\/\/jag.se\/opinion\/pressreleases\/hot-och-samre-vard-foljder-av-iq-diskriminering-visar-ny-rapport\/\" \/>\n<meta property=\"og:site_name\" content=\"JAG Opinion\" \/>\n<meta property=\"og:image\" content=\"https:\/\/jag.se\/opinion\/wp-content\/uploads\/sites\/3\/2025\/05\/bfb9b68f2bc6e598_org-1.jpg\" \/>\n\t<meta property=\"og:image:width\" content=\"800\" \/>\n\t<meta property=\"og:image:height\" content=\"419\" \/>\n\t<meta property=\"og:image:type\" content=\"image\/jpeg\" \/>\n<meta name=\"twitter:card\" content=\"summary_large_image\" \/>\n<meta name=\"twitter:label1\" content=\"Ber\u00e4knad l\u00e4stid\" \/>\n\t<meta name=\"twitter:data1\" content=\"3 minuter\" \/>\n<script type=\"application\/ld+json\" class=\"yoast-schema-graph\">{\"@context\":\"https:\/\/schema.org\",\"@graph\":[{\"@type\":\"WebPage\",\"@id\":\"https:\/\/jag.se\/opinion\/pressreleases\/hot-och-samre-vard-foljder-av-iq-diskriminering-visar-ny-rapport\/\",\"url\":\"https:\/\/jag.se\/opinion\/pressreleases\/hot-och-samre-vard-foljder-av-iq-diskriminering-visar-ny-rapport\/\",\"name\":\"Hot och s\u00e4mre v\u00e5rd \u2013 f\u00f6ljder av IQ-diskriminering visar ny rapport - JAG Opinion\",\"isPartOf\":{\"@id\":\"https:\/\/jag.se\/opinion\/#website\"},\"datePublished\":\"2025-05-20T06:55:00+00:00\",\"dateModified\":\"2025-05-20T06:55:00+00:00\",\"breadcrumb\":{\"@id\":\"https:\/\/jag.se\/opinion\/pressreleases\/hot-och-samre-vard-foljder-av-iq-diskriminering-visar-ny-rapport\/#breadcrumb\"},\"inLanguage\":\"sv-SE\",\"potentialAction\":[{\"@type\":\"ReadAction\",\"target\":[\"https:\/\/jag.se\/opinion\/pressreleases\/hot-och-samre-vard-foljder-av-iq-diskriminering-visar-ny-rapport\/\"]}]},{\"@type\":\"BreadcrumbList\",\"@id\":\"https:\/\/jag.se\/opinion\/pressreleases\/hot-och-samre-vard-foljder-av-iq-diskriminering-visar-ny-rapport\/#breadcrumb\",\"itemListElement\":[{\"@type\":\"ListItem\",\"position\":1,\"name\":\"JAG start\",\"item\":\"https:\/\/jag.se\"},{\"@type\":\"ListItem\",\"position\":2,\"name\":\"Riksf\u00f6reningen JAG\",\"item\":\"https:\/\/jag.se\/opinion\/\"},{\"@type\":\"ListItem\",\"position\":3,\"name\":\"Pressmeddelanden\",\"item\":\"https:\/\/jag.se\/opinion\/pressreleases\/\"},{\"@type\":\"ListItem\",\"position\":4,\"name\":\"Hot och s\u00e4mre v\u00e5rd \u2013 f\u00f6ljder av IQ-diskriminering visar ny rapport\"}]},{\"@type\":\"WebSite\",\"@id\":\"https:\/\/jag.se\/opinion\/#website\",\"url\":\"https:\/\/jag.se\/opinion\/\",\"name\":\"JAG Opinion\",\"description\":\"\",\"potentialAction\":[{\"@type\":\"SearchAction\",\"target\":{\"@type\":\"EntryPoint\",\"urlTemplate\":\"https:\/\/jag.se\/opinion\/?s={search_term_string}\"},\"query-input\":\"required name=search_term_string\"}],\"inLanguage\":\"sv-SE\"}]}<\/script>\n<!-- \/ Yoast SEO plugin. -->","yoast_head_json":{"title":"Hot och s\u00e4mre v\u00e5rd \u2013 f\u00f6ljder av IQ-diskriminering visar ny rapport - JAG Opinion","robots":{"index":"index","follow":"follow","max-snippet":"max-snippet:-1","max-image-preview":"max-image-preview:large","max-video-preview":"max-video-preview:-1"},"canonical":"https:\/\/jag.se\/opinion\/pressreleases\/hot-och-samre-vard-foljder-av-iq-diskriminering-visar-ny-rapport\/","og_locale":"sv_SE","og_type":"article","og_title":"Hot och s\u00e4mre v\u00e5rd \u2013 f\u00f6ljder av IQ-diskriminering visar ny rapport - JAG Opinion","og_description":"Rapporten synligg\u00f6r att personer med intellektuell funktionsneds\u00e4ttning ofta inte blir respekterade som kunskapsb\u00e4rare. M\u00e5nga som beh\u00f6ver en god man som beslutsst\u00f6d och f\u00f6r att uttrycka sin vilja blir inte respekterade och lyssnade p\u00e5. Skr\u00e4mmande h\u00f6ga siffror visar att m\u00e5nga blir IQ-diskriminerade inom sjukv\u00e5rden. Men ocks\u00e5 av andra \u201dprofessionella\u201d personer p\u00e5 kommuner och myndigheter. N\u00e4stan en","og_url":"https:\/\/jag.se\/opinion\/pressreleases\/hot-och-samre-vard-foljder-av-iq-diskriminering-visar-ny-rapport\/","og_site_name":"JAG Opinion","og_image":[{"width":800,"height":419,"url":"https:\/\/jag.se\/opinion\/wp-content\/uploads\/sites\/3\/2025\/05\/bfb9b68f2bc6e598_org-1.jpg","type":"image\/jpeg"}],"twitter_card":"summary_large_image","twitter_misc":{"Ber\u00e4knad l\u00e4stid":"3 minuter"},"schema":{"@context":"https:\/\/schema.org","@graph":[{"@type":"WebPage","@id":"https:\/\/jag.se\/opinion\/pressreleases\/hot-och-samre-vard-foljder-av-iq-diskriminering-visar-ny-rapport\/","url":"https:\/\/jag.se\/opinion\/pressreleases\/hot-och-samre-vard-foljder-av-iq-diskriminering-visar-ny-rapport\/","name":"Hot och s\u00e4mre v\u00e5rd \u2013 f\u00f6ljder av IQ-diskriminering visar ny rapport - JAG Opinion","isPartOf":{"@id":"https:\/\/jag.se\/opinion\/#website"},"datePublished":"2025-05-20T06:55:00+00:00","dateModified":"2025-05-20T06:55:00+00:00","breadcrumb":{"@id":"https:\/\/jag.se\/opinion\/pressreleases\/hot-och-samre-vard-foljder-av-iq-diskriminering-visar-ny-rapport\/#breadcrumb"},"inLanguage":"sv-SE","potentialAction":[{"@type":"ReadAction","target":["https:\/\/jag.se\/opinion\/pressreleases\/hot-och-samre-vard-foljder-av-iq-diskriminering-visar-ny-rapport\/"]}]},{"@type":"BreadcrumbList","@id":"https:\/\/jag.se\/opinion\/pressreleases\/hot-och-samre-vard-foljder-av-iq-diskriminering-visar-ny-rapport\/#breadcrumb","itemListElement":[{"@type":"ListItem","position":1,"name":"JAG start","item":"https:\/\/jag.se"},{"@type":"ListItem","position":2,"name":"Riksf\u00f6reningen JAG","item":"https:\/\/jag.se\/opinion\/"},{"@type":"ListItem","position":3,"name":"Pressmeddelanden","item":"https:\/\/jag.se\/opinion\/pressreleases\/"},{"@type":"ListItem","position":4,"name":"Hot och s\u00e4mre v\u00e5rd \u2013 f\u00f6ljder av IQ-diskriminering visar ny rapport"}]},{"@type":"WebSite","@id":"https:\/\/jag.se\/opinion\/#website","url":"https:\/\/jag.se\/opinion\/","name":"JAG Opinion","description":"","potentialAction":[{"@type":"SearchAction","target":{"@type":"EntryPoint","urlTemplate":"https:\/\/jag.se\/opinion\/?s={search_term_string}"},"query-input":"required name=search_term_string"}],"inLanguage":"sv-SE"}]}},"_links":{"self":[{"href":"https:\/\/jag.se\/opinion\/wp-json\/wp\/v2\/pressreleases\/27884","targetHints":{"allow":["GET"]}}],"collection":[{"href":"https:\/\/jag.se\/opinion\/wp-json\/wp\/v2\/pressreleases"}],"about":[{"href":"https:\/\/jag.se\/opinion\/wp-json\/wp\/v2\/types\/pressreleases"}],"wp:featuredmedia":[{"embeddable":true,"href":"https:\/\/jag.se\/opinion\/wp-json\/wp\/v2\/media\/27885"}],"wp:attachment":[{"href":"https:\/\/jag.se\/opinion\/wp-json\/wp\/v2\/media?parent=27884"}],"curies":[{"name":"wp","href":"https:\/\/api.w.org\/{rel}","templated":true}]}}