{"id":27890,"date":"2024-10-04T07:24:40","date_gmt":"2024-10-04T05:24:40","guid":{"rendered":"https:\/\/jag.se\/opinion\/pressreleases\/stark-reaktion-fran-riksforeningen-jag-efter-uppdrag-gransknings-reportage-om-kvinnas-forsvinnande\/"},"modified":"2024-10-04T07:24:40","modified_gmt":"2024-10-04T05:24:40","slug":"stark-reaktion-fran-riksforeningen-jag-efter-uppdrag-gransknings-reportage-om-kvinnas-forsvinnande","status":"publish","type":"pressreleases","link":"https:\/\/jag.se\/opinion\/pressreleases\/stark-reaktion-fran-riksforeningen-jag-efter-uppdrag-gransknings-reportage-om-kvinnas-forsvinnande\/","title":{"rendered":"Stark reaktion fr\u00e5n Riksf\u00f6reningen JAG efter Uppdrag gransknings reportage om kvinnas f\u00f6rsvinnande"},"content":{"rendered":"<p>Therese \u00e4r inte ensam drabbad. I Riksf\u00f6reningen JAG har vi flera vittnesm\u00e5l om Optios arbetss\u00e4tt och hur de konsekvent v\u00e4ljer att inte lyssna p\u00e5 huvudm\u00e4nnens \u00f6nskem\u00e5l.<\/p>\n<p>FN har kritiserat Sverige f\u00f6r att vi anv\u00e4nder st\u00e4llf\u00f6retr\u00e4dande beslutsfattande (f\u00f6rvaltare) ist\u00e4llet f\u00f6r beslutst\u00f6d (god man) som endast kan agera med huvudmannens samtycke. FN har naturligtvis r\u00e4tt. Therese \u00e4r en tydligt exempel.<\/p>\n<p>Det som Therese utsatts f\u00f6r h\u00e4nger ocks\u00e5 n\u00e4ra ihop med den negativa synen p\u00e5 anh\u00f6riga till personer med intellektuella funktionsneds\u00e4ttningar. Det finns en f\u00f6rdomsfull bild av att dessa f\u00f6r\u00e4ldrar inte skulle vilja sina barns b\u00e4sta n\u00e4r det i verkligheten \u00e4r de som finns d\u00e4r n\u00e4r samh\u00e4llet sviker.<\/p>\n<p>N\u00e4r f\u00f6r\u00e4ldrarna upplevs som \u201dtjafsiga\u201d eller kr\u00e4vande bildar \u00f6verf\u00f6rmyndarn\u00e4mnden en ohelig allians med f\u00f6retag som Optio f\u00f6r att f\u00f6renkla sitt eget arbete.<\/p>\n<p>Riksf\u00f6reningen JAG kr\u00e4ver<\/p>\n<p>  \u00b7 Att m\u00f6jligheten f\u00f6r n\u00e4rst\u00e5ende och\/eller assistenter att vara gode m\u00e4n inte begr\u00e4nsas. Ibland \u00e4r det bara de som st\u00e5r tillr\u00e4ckligt n\u00e4ra f\u00f6r att kunna kommunicera.<br \/>\n  \u00b7 Att vara god man ska vara ett frivilliguppdrag \u2013 inte ett jobb. Vi beh\u00f6ver ett nationellt st\u00e4llf\u00f6retr\u00e4darregister och en gr\u00e4ns f\u00f6r hur m\u00e5nga uppdrag en god man\/f\u00f6rvaltare kan ha<br \/>\n  \u00b7 Att f\u00f6rvaltarskap inte ska anv\u00e4ndas som ett verktyg f\u00f6r att bakbinda anh\u00f6riga och ta kontrollen \u00f6ver en persons liv.<\/p>\n","protected":false},"featured_media":27891,"template":"","class_list":["post-27890","pressreleases","type-pressreleases","status-publish","has-post-thumbnail","hentry"],"acf":[],"yoast_head":"<!-- This site is optimized with the Yoast SEO plugin v21.3 - https:\/\/yoast.com\/wordpress\/plugins\/seo\/ -->\n<title>Stark reaktion fr\u00e5n Riksf\u00f6reningen JAG efter Uppdrag gransknings reportage om kvinnas f\u00f6rsvinnande - JAG Opinion<\/title>\n<meta name=\"robots\" content=\"index, follow, max-snippet:-1, max-image-preview:large, max-video-preview:-1\" \/>\n<link rel=\"canonical\" href=\"https:\/\/jag.se\/opinion\/pressreleases\/stark-reaktion-fran-riksforeningen-jag-efter-uppdrag-gransknings-reportage-om-kvinnas-forsvinnande\/\" \/>\n<meta property=\"og:locale\" content=\"sv_SE\" \/>\n<meta property=\"og:type\" content=\"article\" \/>\n<meta property=\"og:title\" content=\"Stark reaktion fr\u00e5n Riksf\u00f6reningen JAG efter Uppdrag gransknings reportage om kvinnas f\u00f6rsvinnande - JAG Opinion\" \/>\n<meta property=\"og:description\" content=\"Therese \u00e4r inte ensam drabbad. I Riksf\u00f6reningen JAG har vi flera vittnesm\u00e5l om Optios arbetss\u00e4tt och hur de konsekvent v\u00e4ljer att inte lyssna p\u00e5 huvudm\u00e4nnens \u00f6nskem\u00e5l. FN har kritiserat Sverige f\u00f6r att vi anv\u00e4nder st\u00e4llf\u00f6retr\u00e4dande beslutsfattande (f\u00f6rvaltare) ist\u00e4llet f\u00f6r beslutst\u00f6d (god man) som endast kan agera med huvudmannens samtycke. FN har naturligtvis r\u00e4tt. Therese \u00e4r\" \/>\n<meta property=\"og:url\" content=\"https:\/\/jag.se\/opinion\/pressreleases\/stark-reaktion-fran-riksforeningen-jag-efter-uppdrag-gransknings-reportage-om-kvinnas-forsvinnande\/\" \/>\n<meta property=\"og:site_name\" content=\"JAG Opinion\" \/>\n<meta property=\"og:image\" content=\"https:\/\/jag.se\/opinion\/wp-content\/uploads\/sites\/3\/2024\/10\/bfa24b92126d168f_org-2-scaled.jpg\" \/>\n\t<meta property=\"og:image:width\" content=\"1709\" \/>\n\t<meta property=\"og:image:height\" content=\"2560\" \/>\n\t<meta property=\"og:image:type\" content=\"image\/jpeg\" \/>\n<meta name=\"twitter:card\" content=\"summary_large_image\" \/>\n<meta name=\"twitter:label1\" content=\"Ber\u00e4knad l\u00e4stid\" \/>\n\t<meta name=\"twitter:data1\" content=\"1 minut\" \/>\n<script type=\"application\/ld+json\" class=\"yoast-schema-graph\">{\"@context\":\"https:\/\/schema.org\",\"@graph\":[{\"@type\":\"WebPage\",\"@id\":\"https:\/\/jag.se\/opinion\/pressreleases\/stark-reaktion-fran-riksforeningen-jag-efter-uppdrag-gransknings-reportage-om-kvinnas-forsvinnande\/\",\"url\":\"https:\/\/jag.se\/opinion\/pressreleases\/stark-reaktion-fran-riksforeningen-jag-efter-uppdrag-gransknings-reportage-om-kvinnas-forsvinnande\/\",\"name\":\"Stark reaktion fr\u00e5n Riksf\u00f6reningen JAG efter Uppdrag gransknings reportage om kvinnas f\u00f6rsvinnande - JAG Opinion\",\"isPartOf\":{\"@id\":\"https:\/\/jag.se\/opinion\/#website\"},\"datePublished\":\"2024-10-04T05:24:40+00:00\",\"dateModified\":\"2024-10-04T05:24:40+00:00\",\"breadcrumb\":{\"@id\":\"https:\/\/jag.se\/opinion\/pressreleases\/stark-reaktion-fran-riksforeningen-jag-efter-uppdrag-gransknings-reportage-om-kvinnas-forsvinnande\/#breadcrumb\"},\"inLanguage\":\"sv-SE\",\"potentialAction\":[{\"@type\":\"ReadAction\",\"target\":[\"https:\/\/jag.se\/opinion\/pressreleases\/stark-reaktion-fran-riksforeningen-jag-efter-uppdrag-gransknings-reportage-om-kvinnas-forsvinnande\/\"]}]},{\"@type\":\"BreadcrumbList\",\"@id\":\"https:\/\/jag.se\/opinion\/pressreleases\/stark-reaktion-fran-riksforeningen-jag-efter-uppdrag-gransknings-reportage-om-kvinnas-forsvinnande\/#breadcrumb\",\"itemListElement\":[{\"@type\":\"ListItem\",\"position\":1,\"name\":\"JAG start\",\"item\":\"https:\/\/jag.se\"},{\"@type\":\"ListItem\",\"position\":2,\"name\":\"Riksf\u00f6reningen JAG\",\"item\":\"https:\/\/jag.se\/opinion\/\"},{\"@type\":\"ListItem\",\"position\":3,\"name\":\"Pressmeddelanden\",\"item\":\"https:\/\/jag.se\/opinion\/pressreleases\/\"},{\"@type\":\"ListItem\",\"position\":4,\"name\":\"Stark reaktion fr\u00e5n Riksf\u00f6reningen JAG efter Uppdrag gransknings reportage om kvinnas f\u00f6rsvinnande\"}]},{\"@type\":\"WebSite\",\"@id\":\"https:\/\/jag.se\/opinion\/#website\",\"url\":\"https:\/\/jag.se\/opinion\/\",\"name\":\"JAG Opinion\",\"description\":\"\",\"potentialAction\":[{\"@type\":\"SearchAction\",\"target\":{\"@type\":\"EntryPoint\",\"urlTemplate\":\"https:\/\/jag.se\/opinion\/?s={search_term_string}\"},\"query-input\":\"required name=search_term_string\"}],\"inLanguage\":\"sv-SE\"}]}<\/script>\n<!-- \/ Yoast SEO plugin. -->","yoast_head_json":{"title":"Stark reaktion fr\u00e5n Riksf\u00f6reningen JAG efter Uppdrag gransknings reportage om kvinnas f\u00f6rsvinnande - JAG Opinion","robots":{"index":"index","follow":"follow","max-snippet":"max-snippet:-1","max-image-preview":"max-image-preview:large","max-video-preview":"max-video-preview:-1"},"canonical":"https:\/\/jag.se\/opinion\/pressreleases\/stark-reaktion-fran-riksforeningen-jag-efter-uppdrag-gransknings-reportage-om-kvinnas-forsvinnande\/","og_locale":"sv_SE","og_type":"article","og_title":"Stark reaktion fr\u00e5n Riksf\u00f6reningen JAG efter Uppdrag gransknings reportage om kvinnas f\u00f6rsvinnande - JAG Opinion","og_description":"Therese \u00e4r inte ensam drabbad. I Riksf\u00f6reningen JAG har vi flera vittnesm\u00e5l om Optios arbetss\u00e4tt och hur de konsekvent v\u00e4ljer att inte lyssna p\u00e5 huvudm\u00e4nnens \u00f6nskem\u00e5l. FN har kritiserat Sverige f\u00f6r att vi anv\u00e4nder st\u00e4llf\u00f6retr\u00e4dande beslutsfattande (f\u00f6rvaltare) ist\u00e4llet f\u00f6r beslutst\u00f6d (god man) som endast kan agera med huvudmannens samtycke. FN har naturligtvis r\u00e4tt. Therese \u00e4r","og_url":"https:\/\/jag.se\/opinion\/pressreleases\/stark-reaktion-fran-riksforeningen-jag-efter-uppdrag-gransknings-reportage-om-kvinnas-forsvinnande\/","og_site_name":"JAG Opinion","og_image":[{"width":1709,"height":2560,"url":"https:\/\/jag.se\/opinion\/wp-content\/uploads\/sites\/3\/2024\/10\/bfa24b92126d168f_org-2-scaled.jpg","type":"image\/jpeg"}],"twitter_card":"summary_large_image","twitter_misc":{"Ber\u00e4knad l\u00e4stid":"1 minut"},"schema":{"@context":"https:\/\/schema.org","@graph":[{"@type":"WebPage","@id":"https:\/\/jag.se\/opinion\/pressreleases\/stark-reaktion-fran-riksforeningen-jag-efter-uppdrag-gransknings-reportage-om-kvinnas-forsvinnande\/","url":"https:\/\/jag.se\/opinion\/pressreleases\/stark-reaktion-fran-riksforeningen-jag-efter-uppdrag-gransknings-reportage-om-kvinnas-forsvinnande\/","name":"Stark reaktion fr\u00e5n Riksf\u00f6reningen JAG efter Uppdrag gransknings reportage om kvinnas f\u00f6rsvinnande - JAG Opinion","isPartOf":{"@id":"https:\/\/jag.se\/opinion\/#website"},"datePublished":"2024-10-04T05:24:40+00:00","dateModified":"2024-10-04T05:24:40+00:00","breadcrumb":{"@id":"https:\/\/jag.se\/opinion\/pressreleases\/stark-reaktion-fran-riksforeningen-jag-efter-uppdrag-gransknings-reportage-om-kvinnas-forsvinnande\/#breadcrumb"},"inLanguage":"sv-SE","potentialAction":[{"@type":"ReadAction","target":["https:\/\/jag.se\/opinion\/pressreleases\/stark-reaktion-fran-riksforeningen-jag-efter-uppdrag-gransknings-reportage-om-kvinnas-forsvinnande\/"]}]},{"@type":"BreadcrumbList","@id":"https:\/\/jag.se\/opinion\/pressreleases\/stark-reaktion-fran-riksforeningen-jag-efter-uppdrag-gransknings-reportage-om-kvinnas-forsvinnande\/#breadcrumb","itemListElement":[{"@type":"ListItem","position":1,"name":"JAG start","item":"https:\/\/jag.se"},{"@type":"ListItem","position":2,"name":"Riksf\u00f6reningen JAG","item":"https:\/\/jag.se\/opinion\/"},{"@type":"ListItem","position":3,"name":"Pressmeddelanden","item":"https:\/\/jag.se\/opinion\/pressreleases\/"},{"@type":"ListItem","position":4,"name":"Stark reaktion fr\u00e5n Riksf\u00f6reningen JAG efter Uppdrag gransknings reportage om kvinnas f\u00f6rsvinnande"}]},{"@type":"WebSite","@id":"https:\/\/jag.se\/opinion\/#website","url":"https:\/\/jag.se\/opinion\/","name":"JAG Opinion","description":"","potentialAction":[{"@type":"SearchAction","target":{"@type":"EntryPoint","urlTemplate":"https:\/\/jag.se\/opinion\/?s={search_term_string}"},"query-input":"required name=search_term_string"}],"inLanguage":"sv-SE"}]}},"_links":{"self":[{"href":"https:\/\/jag.se\/opinion\/wp-json\/wp\/v2\/pressreleases\/27890","targetHints":{"allow":["GET"]}}],"collection":[{"href":"https:\/\/jag.se\/opinion\/wp-json\/wp\/v2\/pressreleases"}],"about":[{"href":"https:\/\/jag.se\/opinion\/wp-json\/wp\/v2\/types\/pressreleases"}],"wp:featuredmedia":[{"embeddable":true,"href":"https:\/\/jag.se\/opinion\/wp-json\/wp\/v2\/media\/27891"}],"wp:attachment":[{"href":"https:\/\/jag.se\/opinion\/wp-json\/wp\/v2\/media?parent=27890"}],"curies":[{"name":"wp","href":"https:\/\/api.w.org\/{rel}","templated":true}]}}