{"id":27892,"date":"2024-09-18T12:10:02","date_gmt":"2024-09-18T10:10:02","guid":{"rendered":"https:\/\/jag.se\/opinion\/pressreleases\/regeringen-har-lyssnat-pa-oss-och-indexerar-assistansersattningen\/"},"modified":"2024-09-18T12:10:02","modified_gmt":"2024-09-18T10:10:02","slug":"regeringen-har-lyssnat-pa-oss-och-indexerar-assistansersattningen","status":"publish","type":"pressreleases","link":"https:\/\/jag.se\/opinion\/pressreleases\/regeringen-har-lyssnat-pa-oss-och-indexerar-assistansersattningen\/","title":{"rendered":"Regeringen har lyssnat p\u00e5 oss och indexerar assistansers\u00e4ttningen"},"content":{"rendered":"<p>Medlemmarna i Riksf\u00f6reningen JAG ser mycket positivt p\u00e5 att regeringen tar initiativ till att indexera assistansers\u00e4ttningen. \u00a0<\/p>\n<p>\u2013 Det \u00e4r en stor l\u00e4ttnad att regeringen lyssnat p\u00e5 Sveriges funktionsr\u00e4ttsorganisationer, s\u00e4ger Magnus And\u00e9n, ordf\u00f6rande i Riksf\u00f6reningen JAG, genom god man, Cecilia Blanck.<\/p>\n<p>Med en indexering kommer det finnas en s\u00e4kerhet i vad pengen kommer r\u00e4cka till och m\u00e5nga assistansanv\u00e4ndare slipper oron och kampen varje \u00e5r f\u00f6r niv\u00e5n p\u00e5 ers\u00e4ttningen. Nu \u00e5terst\u00e5r att se hur och n\u00e4r en indexering tr\u00e4der i kraft. Och till vilket l\u00f6negrundande index som ers\u00e4ttningen kommer kopplas.<\/p>\n<p>En h\u00f6jning av assistansers\u00e4ttningen med 3 procent \u00e4r ett steg i r\u00e4tt riktning. Tyv\u00e4rr \u00e4r det fortfarande l\u00e5ngt kvar till en rimlig niv\u00e5 f\u00f6r att ligga i fas med l\u00f6ne\u00f6kningar och inflation. Trots h\u00f6jningen kommer pengen inte r\u00e4cka till utbildning, fortbildning, sk\u00e4liga ing\u00e5ngsl\u00f6ner och investeringar f\u00f6r att uppfylla myndigheters regelverk och krav. Det kommer fortfarande saknas medel f\u00f6r en s\u00e4ker och kvalitativ personlig assistans. Kommer Sveriges regeringar n\u00e5gonsin se till att ers\u00e4ttningen kommer i kapp?<\/p>\n<p>LSS och den personliga assistansen \u00e4r en gemensam f\u00f6rs\u00e4kring f\u00f6r alla m\u00e4nniskor i Sverige att kunna forts\u00e4tta leva sitt liv i ett eget hem \u00e4ven efter en sv\u00e5r sjukdom eller allvarlig olycka. Inte bara f\u00f6r dem som f\u00f6ds med stora och sv\u00e5ra funktionsneds\u00e4ttningar.<\/p>\n<p>Men vad \u00e4r r\u00e4ttigheten och f\u00f6rs\u00e4kringen v\u00e4rd om inte ers\u00e4ttningen r\u00e4cker till?<\/p>\n<p>Regeringen halverar ocks\u00e5 f\u00f6r\u00e4ldraavdraget, som en reaktion p\u00e5 kritiken mot effekterna av reformen St\u00e4rkt assistans. Riksf\u00f6reningen JAG ser inte att \u00e5tg\u00e4rden \u00e4r tillr\u00e4cklig, och efterlyser fler initiativ f\u00f6r att s\u00e4kra r\u00e4tten till personlig assistans f\u00f6r barn. Det \u00e4r fortfarande allt f\u00f6r m\u00e5nga barn med stora behov som g\u00e5r miste om assistans p\u00e5 grund av F\u00f6rs\u00e4kringskassans tolkning av f\u00f6r\u00e4ldraavdraget.<\/p>\n<p>V\u00e5r f\u00f6rhoppning st\u00e5r till att regeringen ser \u00f6ver lag\u00e4ndringen St\u00e4rkt r\u00e4tt till assistans. Tid\u00f6partierna pekar sj\u00e4lva p\u00e5 att lag\u00e4ndringen inte fick det genomslag som var t\u00e4nkt och att det \u00e4r F\u00f6rs\u00e4kringskassans tolkning av lag\u00e4ndringen som st\u00e4ller till problem. Det \u00e4r inte f\u00f6r\u00e4ldraavdraget i sig som \u00e4r problemet, det \u00e4r de dubbla avdragen som F\u00f6rs\u00e4kringskassan g\u00f6r. Det som skulle bli st\u00e4rkt assistans f\u00f6r barn har ist\u00e4llet blivit strypt assistans.<\/p>\n","protected":false},"featured_media":27893,"template":"","class_list":["post-27892","pressreleases","type-pressreleases","status-publish","has-post-thumbnail","hentry"],"acf":[],"yoast_head":"<!-- This site is optimized with the Yoast SEO plugin v21.3 - https:\/\/yoast.com\/wordpress\/plugins\/seo\/ -->\n<title>Regeringen har lyssnat p\u00e5 oss och indexerar assistansers\u00e4ttningen - JAG Opinion<\/title>\n<meta name=\"robots\" content=\"index, follow, max-snippet:-1, max-image-preview:large, max-video-preview:-1\" \/>\n<link rel=\"canonical\" href=\"https:\/\/jag.se\/opinion\/pressreleases\/regeringen-har-lyssnat-pa-oss-och-indexerar-assistansersattningen\/\" \/>\n<meta property=\"og:locale\" content=\"sv_SE\" \/>\n<meta property=\"og:type\" content=\"article\" \/>\n<meta property=\"og:title\" content=\"Regeringen har lyssnat p\u00e5 oss och indexerar assistansers\u00e4ttningen - JAG Opinion\" \/>\n<meta property=\"og:description\" content=\"Medlemmarna i Riksf\u00f6reningen JAG ser mycket positivt p\u00e5 att regeringen tar initiativ till att indexera assistansers\u00e4ttningen. \u00a0 \u2013 Det \u00e4r en stor l\u00e4ttnad att regeringen lyssnat p\u00e5 Sveriges funktionsr\u00e4ttsorganisationer, s\u00e4ger Magnus And\u00e9n, ordf\u00f6rande i Riksf\u00f6reningen JAG, genom god man, Cecilia Blanck. Med en indexering kommer det finnas en s\u00e4kerhet i vad pengen kommer r\u00e4cka till\" \/>\n<meta property=\"og:url\" content=\"https:\/\/jag.se\/opinion\/pressreleases\/regeringen-har-lyssnat-pa-oss-och-indexerar-assistansersattningen\/\" \/>\n<meta property=\"og:site_name\" content=\"JAG Opinion\" \/>\n<meta property=\"og:image\" content=\"https:\/\/jag.se\/opinion\/wp-content\/uploads\/sites\/3\/2024\/09\/93c75f91762d87fc_org-2-scaled.jpg\" \/>\n\t<meta property=\"og:image:width\" content=\"2560\" \/>\n\t<meta property=\"og:image:height\" content=\"1657\" \/>\n\t<meta property=\"og:image:type\" content=\"image\/jpeg\" \/>\n<meta name=\"twitter:card\" content=\"summary_large_image\" \/>\n<meta name=\"twitter:label1\" content=\"Ber\u00e4knad l\u00e4stid\" \/>\n\t<meta name=\"twitter:data1\" content=\"2 minuter\" \/>\n<script type=\"application\/ld+json\" class=\"yoast-schema-graph\">{\"@context\":\"https:\/\/schema.org\",\"@graph\":[{\"@type\":\"WebPage\",\"@id\":\"https:\/\/jag.se\/opinion\/pressreleases\/regeringen-har-lyssnat-pa-oss-och-indexerar-assistansersattningen\/\",\"url\":\"https:\/\/jag.se\/opinion\/pressreleases\/regeringen-har-lyssnat-pa-oss-och-indexerar-assistansersattningen\/\",\"name\":\"Regeringen har lyssnat p\u00e5 oss och indexerar assistansers\u00e4ttningen - JAG Opinion\",\"isPartOf\":{\"@id\":\"https:\/\/jag.se\/opinion\/#website\"},\"datePublished\":\"2024-09-18T10:10:02+00:00\",\"dateModified\":\"2024-09-18T10:10:02+00:00\",\"breadcrumb\":{\"@id\":\"https:\/\/jag.se\/opinion\/pressreleases\/regeringen-har-lyssnat-pa-oss-och-indexerar-assistansersattningen\/#breadcrumb\"},\"inLanguage\":\"sv-SE\",\"potentialAction\":[{\"@type\":\"ReadAction\",\"target\":[\"https:\/\/jag.se\/opinion\/pressreleases\/regeringen-har-lyssnat-pa-oss-och-indexerar-assistansersattningen\/\"]}]},{\"@type\":\"BreadcrumbList\",\"@id\":\"https:\/\/jag.se\/opinion\/pressreleases\/regeringen-har-lyssnat-pa-oss-och-indexerar-assistansersattningen\/#breadcrumb\",\"itemListElement\":[{\"@type\":\"ListItem\",\"position\":1,\"name\":\"JAG start\",\"item\":\"https:\/\/jag.se\"},{\"@type\":\"ListItem\",\"position\":2,\"name\":\"Riksf\u00f6reningen JAG\",\"item\":\"https:\/\/jag.se\/opinion\/\"},{\"@type\":\"ListItem\",\"position\":3,\"name\":\"Pressmeddelanden\",\"item\":\"https:\/\/jag.se\/opinion\/pressreleases\/\"},{\"@type\":\"ListItem\",\"position\":4,\"name\":\"Regeringen har lyssnat p\u00e5 oss och indexerar assistansers\u00e4ttningen\"}]},{\"@type\":\"WebSite\",\"@id\":\"https:\/\/jag.se\/opinion\/#website\",\"url\":\"https:\/\/jag.se\/opinion\/\",\"name\":\"JAG Opinion\",\"description\":\"\",\"potentialAction\":[{\"@type\":\"SearchAction\",\"target\":{\"@type\":\"EntryPoint\",\"urlTemplate\":\"https:\/\/jag.se\/opinion\/?s={search_term_string}\"},\"query-input\":\"required name=search_term_string\"}],\"inLanguage\":\"sv-SE\"}]}<\/script>\n<!-- \/ Yoast SEO plugin. -->","yoast_head_json":{"title":"Regeringen har lyssnat p\u00e5 oss och indexerar assistansers\u00e4ttningen - JAG Opinion","robots":{"index":"index","follow":"follow","max-snippet":"max-snippet:-1","max-image-preview":"max-image-preview:large","max-video-preview":"max-video-preview:-1"},"canonical":"https:\/\/jag.se\/opinion\/pressreleases\/regeringen-har-lyssnat-pa-oss-och-indexerar-assistansersattningen\/","og_locale":"sv_SE","og_type":"article","og_title":"Regeringen har lyssnat p\u00e5 oss och indexerar assistansers\u00e4ttningen - JAG Opinion","og_description":"Medlemmarna i Riksf\u00f6reningen JAG ser mycket positivt p\u00e5 att regeringen tar initiativ till att indexera assistansers\u00e4ttningen. \u00a0 \u2013 Det \u00e4r en stor l\u00e4ttnad att regeringen lyssnat p\u00e5 Sveriges funktionsr\u00e4ttsorganisationer, s\u00e4ger Magnus And\u00e9n, ordf\u00f6rande i Riksf\u00f6reningen JAG, genom god man, Cecilia Blanck. Med en indexering kommer det finnas en s\u00e4kerhet i vad pengen kommer r\u00e4cka till","og_url":"https:\/\/jag.se\/opinion\/pressreleases\/regeringen-har-lyssnat-pa-oss-och-indexerar-assistansersattningen\/","og_site_name":"JAG Opinion","og_image":[{"width":2560,"height":1657,"url":"https:\/\/jag.se\/opinion\/wp-content\/uploads\/sites\/3\/2024\/09\/93c75f91762d87fc_org-2-scaled.jpg","type":"image\/jpeg"}],"twitter_card":"summary_large_image","twitter_misc":{"Ber\u00e4knad l\u00e4stid":"2 minuter"},"schema":{"@context":"https:\/\/schema.org","@graph":[{"@type":"WebPage","@id":"https:\/\/jag.se\/opinion\/pressreleases\/regeringen-har-lyssnat-pa-oss-och-indexerar-assistansersattningen\/","url":"https:\/\/jag.se\/opinion\/pressreleases\/regeringen-har-lyssnat-pa-oss-och-indexerar-assistansersattningen\/","name":"Regeringen har lyssnat p\u00e5 oss och indexerar assistansers\u00e4ttningen - JAG Opinion","isPartOf":{"@id":"https:\/\/jag.se\/opinion\/#website"},"datePublished":"2024-09-18T10:10:02+00:00","dateModified":"2024-09-18T10:10:02+00:00","breadcrumb":{"@id":"https:\/\/jag.se\/opinion\/pressreleases\/regeringen-har-lyssnat-pa-oss-och-indexerar-assistansersattningen\/#breadcrumb"},"inLanguage":"sv-SE","potentialAction":[{"@type":"ReadAction","target":["https:\/\/jag.se\/opinion\/pressreleases\/regeringen-har-lyssnat-pa-oss-och-indexerar-assistansersattningen\/"]}]},{"@type":"BreadcrumbList","@id":"https:\/\/jag.se\/opinion\/pressreleases\/regeringen-har-lyssnat-pa-oss-och-indexerar-assistansersattningen\/#breadcrumb","itemListElement":[{"@type":"ListItem","position":1,"name":"JAG start","item":"https:\/\/jag.se"},{"@type":"ListItem","position":2,"name":"Riksf\u00f6reningen JAG","item":"https:\/\/jag.se\/opinion\/"},{"@type":"ListItem","position":3,"name":"Pressmeddelanden","item":"https:\/\/jag.se\/opinion\/pressreleases\/"},{"@type":"ListItem","position":4,"name":"Regeringen har lyssnat p\u00e5 oss och indexerar assistansers\u00e4ttningen"}]},{"@type":"WebSite","@id":"https:\/\/jag.se\/opinion\/#website","url":"https:\/\/jag.se\/opinion\/","name":"JAG Opinion","description":"","potentialAction":[{"@type":"SearchAction","target":{"@type":"EntryPoint","urlTemplate":"https:\/\/jag.se\/opinion\/?s={search_term_string}"},"query-input":"required name=search_term_string"}],"inLanguage":"sv-SE"}]}},"_links":{"self":[{"href":"https:\/\/jag.se\/opinion\/wp-json\/wp\/v2\/pressreleases\/27892","targetHints":{"allow":["GET"]}}],"collection":[{"href":"https:\/\/jag.se\/opinion\/wp-json\/wp\/v2\/pressreleases"}],"about":[{"href":"https:\/\/jag.se\/opinion\/wp-json\/wp\/v2\/types\/pressreleases"}],"wp:featuredmedia":[{"embeddable":true,"href":"https:\/\/jag.se\/opinion\/wp-json\/wp\/v2\/media\/27893"}],"wp:attachment":[{"href":"https:\/\/jag.se\/opinion\/wp-json\/wp\/v2\/media?parent=27892"}],"curies":[{"name":"wp","href":"https:\/\/api.w.org\/{rel}","templated":true}]}}