{"id":27894,"date":"2024-08-30T05:10:00","date_gmt":"2024-08-30T03:10:00","guid":{"rendered":"https:\/\/jag.se\/opinion\/pressreleases\/idag-firar-riksforeningen-jag-livet\/"},"modified":"2024-08-30T05:10:00","modified_gmt":"2024-08-30T03:10:00","slug":"idag-firar-riksforeningen-jag-livet","status":"publish","type":"pressreleases","link":"https:\/\/jag.se\/opinion\/pressreleases\/idag-firar-riksforeningen-jag-livet\/","title":{"rendered":"Idag firar Riksf\u00f6reningen JAG livet!"},"content":{"rendered":"<p>Karnevalen \u00e4r b\u00e5de en rolig upplevelse och\u00a0samtidigt en intressepolitisk manifestation\u00a0f\u00f6r m\u00e4nskliga r\u00e4ttigheter f\u00f6r personer med stora funktionsneds\u00e4ttningar. Alla kan vara med!<\/p>\n<p>Det blir b\u00e5de livemusik med Rrriot Samba och tal av politiker!<\/p>\n<p>Fredag 30\/8<br \/>\n15\u201315.30 Samling utanf\u00f6r JAGs kansli, Klara s\u00f6dra kyrkogata 1 i Stockholm<br \/>\n15.30\u201316 Karnevalst\u00e5get g\u00e5r genom Stockholm<br \/>\n16\u201316:30 Musik och tal p\u00e5 Raoul Wallenbergs Torg. MagnusAnd\u00e9n, ordf\u00f6rande i Riksf\u00f6reningen JAG, Malin Danielsson (L) och Gabriella Rehbinder (MP) talar.<\/p>\n<p>I 30 \u00e5r har personer med stora funktionsneds\u00e4ttningar kunnat leva ett liv med sj\u00e4lvbest\u00e4mmande och delaktighet. Men de senaste \u00e5ren har Sveriges regeringar valt att inte h\u00f6ja niv\u00e5n p\u00e5 den livsviktiga assistansers\u00e4ttningen i takt med inflation och l\u00f6ne\u00f6kningar. Det har lett till att f\u00f6ruts\u00e4ttningarna f\u00f6r en s\u00e4ker och kvalitativ statlig assistans kraftigt f\u00f6rs\u00e4mrats.<\/p>\n<p>F\u00f6r ett seri\u00f6st brukarkooperativ med assistansers\u00e4ttningen som enda inkomst blir det snart om\u00f6jligt att anordna assistans f\u00f6r personer med omfattande behov med den kvalitet och s\u00e4kerhet som kr\u00e4vs b\u00e5de av assistansanv\u00e4ndare, regelverk och myndigheter. Och n\u00e4r seri\u00f6sa privata anordnare f\u00f6rsvinner ser vi en skr\u00e4mmande risk att spelplanen \u00f6ppnas upp f\u00f6r fler oseri\u00f6sa akt\u00f6rer som inte bryr sig om regler och kvalitet.<\/p>\n<p>D\u00e4rf\u00f6r uppmanar vi samtidigt idag regeringen och myndigheter att sluta inskr\u00e4nka och urholka den livsviktiga insatsen. JAG-medlemmarna ser i kommande h\u00f6stbudget fram emot en h\u00f6jning av assistansers\u00e4ttningen upp till niv\u00e5 med dagens l\u00f6nel\u00e4ge, inflation och konjunktur samt en \u00e5rlig uppr\u00e4kning enligt index.<\/p>\n<p>\u2013\u00a0Med en rimlig ers\u00e4ttning kan vi forts\u00e4tta fira livet och den livsviktiga assistansen, s\u00e4ger Magnus And\u00e9n, ordf\u00f6rande i Riksf\u00f6reningen JAG, med st\u00f6d av god man Cecilia Blanck.<\/p>\n<p>Personlig assistans \u00e4r en r\u00e4ttighet och f\u00f6rs\u00e4kring inte bara f\u00f6r oss assistansber\u00e4ttigade idag, utan en framtida m\u00f6jligg\u00f6rare f\u00f6r hela Sveriges befolkning att kunna forts\u00e4tta leva sitt liv om en skulle drabbas av en allvarlig sjukdom eller olycka med varaktig funktionsneds\u00e4ttning som f\u00f6ljd.<\/p>\n","protected":false},"featured_media":27895,"template":"","class_list":["post-27894","pressreleases","type-pressreleases","status-publish","has-post-thumbnail","hentry"],"acf":[],"yoast_head":"<!-- This site is optimized with the Yoast SEO plugin v21.3 - https:\/\/yoast.com\/wordpress\/plugins\/seo\/ -->\n<title>Idag firar Riksf\u00f6reningen JAG livet! - JAG Opinion<\/title>\n<meta name=\"robots\" content=\"index, follow, max-snippet:-1, max-image-preview:large, max-video-preview:-1\" \/>\n<link rel=\"canonical\" href=\"https:\/\/jag.se\/opinion\/pressreleases\/idag-firar-riksforeningen-jag-livet\/\" \/>\n<meta property=\"og:locale\" content=\"sv_SE\" \/>\n<meta property=\"og:type\" content=\"article\" \/>\n<meta property=\"og:title\" content=\"Idag firar Riksf\u00f6reningen JAG livet! - JAG Opinion\" \/>\n<meta property=\"og:description\" content=\"Karnevalen \u00e4r b\u00e5de en rolig upplevelse och\u00a0samtidigt en intressepolitisk manifestation\u00a0f\u00f6r m\u00e4nskliga r\u00e4ttigheter f\u00f6r personer med stora funktionsneds\u00e4ttningar. Alla kan vara med! Det blir b\u00e5de livemusik med Rrriot Samba och tal av politiker! Fredag 30\/8 15\u201315.30 Samling utanf\u00f6r JAGs kansli, Klara s\u00f6dra kyrkogata 1 i Stockholm 15.30\u201316 Karnevalst\u00e5get g\u00e5r genom Stockholm 16\u201316:30 Musik och tal p\u00e5\" \/>\n<meta property=\"og:url\" content=\"https:\/\/jag.se\/opinion\/pressreleases\/idag-firar-riksforeningen-jag-livet\/\" \/>\n<meta property=\"og:site_name\" content=\"JAG Opinion\" \/>\n<meta property=\"og:image\" content=\"https:\/\/jag.se\/opinion\/wp-content\/uploads\/sites\/3\/2024\/08\/a2b6f4ab2c7d80ad_org-2.jpg\" \/>\n\t<meta property=\"og:image:width\" content=\"960\" \/>\n\t<meta property=\"og:image:height\" content=\"577\" \/>\n\t<meta property=\"og:image:type\" content=\"image\/jpeg\" \/>\n<meta name=\"twitter:card\" content=\"summary_large_image\" \/>\n<meta name=\"twitter:label1\" content=\"Ber\u00e4knad l\u00e4stid\" \/>\n\t<meta name=\"twitter:data1\" content=\"2 minuter\" \/>\n<script type=\"application\/ld+json\" class=\"yoast-schema-graph\">{\"@context\":\"https:\/\/schema.org\",\"@graph\":[{\"@type\":\"WebPage\",\"@id\":\"https:\/\/jag.se\/opinion\/pressreleases\/idag-firar-riksforeningen-jag-livet\/\",\"url\":\"https:\/\/jag.se\/opinion\/pressreleases\/idag-firar-riksforeningen-jag-livet\/\",\"name\":\"Idag firar Riksf\u00f6reningen JAG livet! - JAG Opinion\",\"isPartOf\":{\"@id\":\"https:\/\/jag.se\/opinion\/#website\"},\"datePublished\":\"2024-08-30T03:10:00+00:00\",\"dateModified\":\"2024-08-30T03:10:00+00:00\",\"breadcrumb\":{\"@id\":\"https:\/\/jag.se\/opinion\/pressreleases\/idag-firar-riksforeningen-jag-livet\/#breadcrumb\"},\"inLanguage\":\"sv-SE\",\"potentialAction\":[{\"@type\":\"ReadAction\",\"target\":[\"https:\/\/jag.se\/opinion\/pressreleases\/idag-firar-riksforeningen-jag-livet\/\"]}]},{\"@type\":\"BreadcrumbList\",\"@id\":\"https:\/\/jag.se\/opinion\/pressreleases\/idag-firar-riksforeningen-jag-livet\/#breadcrumb\",\"itemListElement\":[{\"@type\":\"ListItem\",\"position\":1,\"name\":\"JAG start\",\"item\":\"https:\/\/jag.se\"},{\"@type\":\"ListItem\",\"position\":2,\"name\":\"Riksf\u00f6reningen JAG\",\"item\":\"https:\/\/jag.se\/opinion\/\"},{\"@type\":\"ListItem\",\"position\":3,\"name\":\"Pressmeddelanden\",\"item\":\"https:\/\/jag.se\/opinion\/pressreleases\/\"},{\"@type\":\"ListItem\",\"position\":4,\"name\":\"Idag firar Riksf\u00f6reningen JAG livet!\"}]},{\"@type\":\"WebSite\",\"@id\":\"https:\/\/jag.se\/opinion\/#website\",\"url\":\"https:\/\/jag.se\/opinion\/\",\"name\":\"JAG Opinion\",\"description\":\"\",\"potentialAction\":[{\"@type\":\"SearchAction\",\"target\":{\"@type\":\"EntryPoint\",\"urlTemplate\":\"https:\/\/jag.se\/opinion\/?s={search_term_string}\"},\"query-input\":\"required name=search_term_string\"}],\"inLanguage\":\"sv-SE\"}]}<\/script>\n<!-- \/ Yoast SEO plugin. -->","yoast_head_json":{"title":"Idag firar Riksf\u00f6reningen JAG livet! - JAG Opinion","robots":{"index":"index","follow":"follow","max-snippet":"max-snippet:-1","max-image-preview":"max-image-preview:large","max-video-preview":"max-video-preview:-1"},"canonical":"https:\/\/jag.se\/opinion\/pressreleases\/idag-firar-riksforeningen-jag-livet\/","og_locale":"sv_SE","og_type":"article","og_title":"Idag firar Riksf\u00f6reningen JAG livet! - JAG Opinion","og_description":"Karnevalen \u00e4r b\u00e5de en rolig upplevelse och\u00a0samtidigt en intressepolitisk manifestation\u00a0f\u00f6r m\u00e4nskliga r\u00e4ttigheter f\u00f6r personer med stora funktionsneds\u00e4ttningar. Alla kan vara med! Det blir b\u00e5de livemusik med Rrriot Samba och tal av politiker! Fredag 30\/8 15\u201315.30 Samling utanf\u00f6r JAGs kansli, Klara s\u00f6dra kyrkogata 1 i Stockholm 15.30\u201316 Karnevalst\u00e5get g\u00e5r genom Stockholm 16\u201316:30 Musik och tal p\u00e5","og_url":"https:\/\/jag.se\/opinion\/pressreleases\/idag-firar-riksforeningen-jag-livet\/","og_site_name":"JAG Opinion","og_image":[{"width":960,"height":577,"url":"https:\/\/jag.se\/opinion\/wp-content\/uploads\/sites\/3\/2024\/08\/a2b6f4ab2c7d80ad_org-2.jpg","type":"image\/jpeg"}],"twitter_card":"summary_large_image","twitter_misc":{"Ber\u00e4knad l\u00e4stid":"2 minuter"},"schema":{"@context":"https:\/\/schema.org","@graph":[{"@type":"WebPage","@id":"https:\/\/jag.se\/opinion\/pressreleases\/idag-firar-riksforeningen-jag-livet\/","url":"https:\/\/jag.se\/opinion\/pressreleases\/idag-firar-riksforeningen-jag-livet\/","name":"Idag firar Riksf\u00f6reningen JAG livet! - JAG Opinion","isPartOf":{"@id":"https:\/\/jag.se\/opinion\/#website"},"datePublished":"2024-08-30T03:10:00+00:00","dateModified":"2024-08-30T03:10:00+00:00","breadcrumb":{"@id":"https:\/\/jag.se\/opinion\/pressreleases\/idag-firar-riksforeningen-jag-livet\/#breadcrumb"},"inLanguage":"sv-SE","potentialAction":[{"@type":"ReadAction","target":["https:\/\/jag.se\/opinion\/pressreleases\/idag-firar-riksforeningen-jag-livet\/"]}]},{"@type":"BreadcrumbList","@id":"https:\/\/jag.se\/opinion\/pressreleases\/idag-firar-riksforeningen-jag-livet\/#breadcrumb","itemListElement":[{"@type":"ListItem","position":1,"name":"JAG start","item":"https:\/\/jag.se"},{"@type":"ListItem","position":2,"name":"Riksf\u00f6reningen JAG","item":"https:\/\/jag.se\/opinion\/"},{"@type":"ListItem","position":3,"name":"Pressmeddelanden","item":"https:\/\/jag.se\/opinion\/pressreleases\/"},{"@type":"ListItem","position":4,"name":"Idag firar Riksf\u00f6reningen JAG livet!"}]},{"@type":"WebSite","@id":"https:\/\/jag.se\/opinion\/#website","url":"https:\/\/jag.se\/opinion\/","name":"JAG Opinion","description":"","potentialAction":[{"@type":"SearchAction","target":{"@type":"EntryPoint","urlTemplate":"https:\/\/jag.se\/opinion\/?s={search_term_string}"},"query-input":"required name=search_term_string"}],"inLanguage":"sv-SE"}]}},"_links":{"self":[{"href":"https:\/\/jag.se\/opinion\/wp-json\/wp\/v2\/pressreleases\/27894","targetHints":{"allow":["GET"]}}],"collection":[{"href":"https:\/\/jag.se\/opinion\/wp-json\/wp\/v2\/pressreleases"}],"about":[{"href":"https:\/\/jag.se\/opinion\/wp-json\/wp\/v2\/types\/pressreleases"}],"wp:featuredmedia":[{"embeddable":true,"href":"https:\/\/jag.se\/opinion\/wp-json\/wp\/v2\/media\/27895"}],"wp:attachment":[{"href":"https:\/\/jag.se\/opinion\/wp-json\/wp\/v2\/media?parent=27894"}],"curies":[{"name":"wp","href":"https:\/\/api.w.org\/{rel}","templated":true}]}}