{"id":27898,"date":"2024-06-25T05:10:00","date_gmt":"2024-06-25T03:10:00","guid":{"rendered":"https:\/\/jag.se\/opinion\/pressreleases\/vi-vill-bidra-i-partnerskap-seminarium-i-almedalen-idag-hur-kan-ideella-aktorer-och-affarslivet-samverka-for-inkludering-i-arbetslivet-2\/"},"modified":"2024-06-25T05:10:00","modified_gmt":"2024-06-25T03:10:00","slug":"vi-vill-bidra-i-partnerskap-seminarium-i-almedalen-idag-hur-kan-ideella-aktorer-och-affarslivet-samverka-for-inkludering-i-arbetslivet-2","status":"publish","type":"pressreleases","link":"https:\/\/jag.se\/opinion\/pressreleases\/vi-vill-bidra-i-partnerskap-seminarium-i-almedalen-idag-hur-kan-ideella-aktorer-och-affarslivet-samverka-for-inkludering-i-arbetslivet-2\/","title":{"rendered":"Vi vill bidra i Partnerskap, seminarium i Almedalen idag \u201dHur kan ideella akt\u00f6rer och aff\u00e4rslivet samverka f\u00f6r inkludering i arbetslivet?\u201d"},"content":{"rendered":"<p>Kraven p\u00e5 f\u00f6retagens h\u00e5llbarhetsredovisning \u00f6kar samtidigt som vissa m\u00e4nniskor aldrig blir delaktiga i arbetslivet.<\/p>\n<p>  \u00b7 Vad \u00e4r vinsten f\u00f6r f\u00f6retag i att driva inkludering- och h\u00e5llbarhetsfr\u00e5gor?<br \/>\n  \u00b7 Hur kan samverkan mellan ideell sektor och f\u00f6retag se ut?<br \/>\n  \u00b7 Hur kan vi, genom samverkan, medverka till samh\u00e4llsnytta och f\u00f6retagsnytta?<\/p>\n<p>H\u00f6r Josefine Abrahamsson,\u00a0ber\u00e4tta om sin v\u00e4g f\u00f6r att f\u00e5 m\u00f6jlighet bidra i arbetslivet. Du f\u00e5r ocks\u00e5 h\u00f6ra vilka erfarenheter och visioner kring m\u00e5ngfaldsarbete som finns i n\u00e4ringslivet.<\/p>\n<p>Dag: Tisdag 25 juni, 2024<\/p>\n<p>Tid: Kl 13.00 \u2013 13.25<\/p>\n<p>Plats: JAG-t\u00e4ltet, H315, Cram\u00e9rgatan<\/p>\n<p>L\u00e4nk till programpunkt: 13:00 till 13:25 Hur kan ideella akt\u00f6rer och aff\u00e4rslivet samverka f\u00f6r inkludering i arbetslivet? (almedalsveckan.info)\u00a0(https:\/\/almedalsveckan.info\/program\/69760)<\/p>\n<p>KORTFAKTA: Allm\u00e4nna arvsfonden har beviljat st\u00f6d till Vi vill bidra i Partnerskap, ett tre\u00e5rigt projekt som har tagit fram nya former f\u00f6r delaktighet i arbetslivet f\u00f6r personer med omfattande funktionsneds\u00e4ttningar. Verksamheten \u00e4r en del av JAG som \u00e4r en ideell riksf\u00f6rening f\u00f6r personer med flera omfattande funktionsneds\u00e4ttningar, varav en avser den intellektuella f\u00f6rm\u00e5gan. JAG arbetar f\u00f6r att medlemmarna ska kunna leva sina liv fullt ut, p\u00e5 sina egna villkor, med b\u00e4sta m\u00f6jliga personliga assistans. JAGs assistanskooperativ styrs av medlemmarna och drivs utan vinstintresse.<\/p>\n","protected":false},"featured_media":27899,"template":"","class_list":["post-27898","pressreleases","type-pressreleases","status-publish","has-post-thumbnail","hentry"],"acf":[],"yoast_head":"<!-- This site is optimized with the Yoast SEO plugin v21.3 - https:\/\/yoast.com\/wordpress\/plugins\/seo\/ -->\n<title>Vi vill bidra i Partnerskap, seminarium i Almedalen idag \u201dHur kan ideella akt\u00f6rer och aff\u00e4rslivet samverka f\u00f6r inkludering i arbetslivet?\u201d - JAG Opinion<\/title>\n<meta name=\"robots\" content=\"index, follow, max-snippet:-1, max-image-preview:large, max-video-preview:-1\" \/>\n<link rel=\"canonical\" href=\"https:\/\/jag.se\/opinion\/pressreleases\/vi-vill-bidra-i-partnerskap-seminarium-i-almedalen-idag-hur-kan-ideella-aktorer-och-affarslivet-samverka-for-inkludering-i-arbetslivet-2\/\" \/>\n<meta property=\"og:locale\" content=\"sv_SE\" \/>\n<meta property=\"og:type\" content=\"article\" \/>\n<meta property=\"og:title\" content=\"Vi vill bidra i Partnerskap, seminarium i Almedalen idag \u201dHur kan ideella akt\u00f6rer och aff\u00e4rslivet samverka f\u00f6r inkludering i arbetslivet?\u201d - JAG Opinion\" \/>\n<meta property=\"og:description\" content=\"Kraven p\u00e5 f\u00f6retagens h\u00e5llbarhetsredovisning \u00f6kar samtidigt som vissa m\u00e4nniskor aldrig blir delaktiga i arbetslivet. \u00b7 Vad \u00e4r vinsten f\u00f6r f\u00f6retag i att driva inkludering- och h\u00e5llbarhetsfr\u00e5gor? \u00b7 Hur kan samverkan mellan ideell sektor och f\u00f6retag se ut? \u00b7 Hur kan vi, genom samverkan, medverka till samh\u00e4llsnytta och f\u00f6retagsnytta? H\u00f6r Josefine Abrahamsson,\u00a0ber\u00e4tta om sin v\u00e4g f\u00f6r\" \/>\n<meta property=\"og:url\" content=\"https:\/\/jag.se\/opinion\/pressreleases\/vi-vill-bidra-i-partnerskap-seminarium-i-almedalen-idag-hur-kan-ideella-aktorer-och-affarslivet-samverka-for-inkludering-i-arbetslivet-2\/\" \/>\n<meta property=\"og:site_name\" content=\"JAG Opinion\" \/>\n<meta property=\"og:image\" content=\"https:\/\/jag.se\/opinion\/wp-content\/uploads\/sites\/3\/2024\/06\/a55969dd2910b86c_org-9-scaled.jpg\" \/>\n\t<meta property=\"og:image:width\" content=\"2560\" \/>\n\t<meta property=\"og:image:height\" content=\"1920\" \/>\n\t<meta property=\"og:image:type\" content=\"image\/jpeg\" \/>\n<meta name=\"twitter:card\" content=\"summary_large_image\" \/>\n<meta name=\"twitter:label1\" content=\"Ber\u00e4knad l\u00e4stid\" \/>\n\t<meta name=\"twitter:data1\" content=\"1 minut\" \/>\n<script type=\"application\/ld+json\" class=\"yoast-schema-graph\">{\"@context\":\"https:\/\/schema.org\",\"@graph\":[{\"@type\":\"WebPage\",\"@id\":\"https:\/\/jag.se\/opinion\/pressreleases\/vi-vill-bidra-i-partnerskap-seminarium-i-almedalen-idag-hur-kan-ideella-aktorer-och-affarslivet-samverka-for-inkludering-i-arbetslivet-2\/\",\"url\":\"https:\/\/jag.se\/opinion\/pressreleases\/vi-vill-bidra-i-partnerskap-seminarium-i-almedalen-idag-hur-kan-ideella-aktorer-och-affarslivet-samverka-for-inkludering-i-arbetslivet-2\/\",\"name\":\"Vi vill bidra i Partnerskap, seminarium i Almedalen idag \u201dHur kan ideella akt\u00f6rer och aff\u00e4rslivet samverka f\u00f6r inkludering i arbetslivet?\u201d - JAG Opinion\",\"isPartOf\":{\"@id\":\"https:\/\/jag.se\/opinion\/#website\"},\"datePublished\":\"2024-06-25T03:10:00+00:00\",\"dateModified\":\"2024-06-25T03:10:00+00:00\",\"breadcrumb\":{\"@id\":\"https:\/\/jag.se\/opinion\/pressreleases\/vi-vill-bidra-i-partnerskap-seminarium-i-almedalen-idag-hur-kan-ideella-aktorer-och-affarslivet-samverka-for-inkludering-i-arbetslivet-2\/#breadcrumb\"},\"inLanguage\":\"sv-SE\",\"potentialAction\":[{\"@type\":\"ReadAction\",\"target\":[\"https:\/\/jag.se\/opinion\/pressreleases\/vi-vill-bidra-i-partnerskap-seminarium-i-almedalen-idag-hur-kan-ideella-aktorer-och-affarslivet-samverka-for-inkludering-i-arbetslivet-2\/\"]}]},{\"@type\":\"BreadcrumbList\",\"@id\":\"https:\/\/jag.se\/opinion\/pressreleases\/vi-vill-bidra-i-partnerskap-seminarium-i-almedalen-idag-hur-kan-ideella-aktorer-och-affarslivet-samverka-for-inkludering-i-arbetslivet-2\/#breadcrumb\",\"itemListElement\":[{\"@type\":\"ListItem\",\"position\":1,\"name\":\"JAG start\",\"item\":\"https:\/\/jag.se\"},{\"@type\":\"ListItem\",\"position\":2,\"name\":\"Riksf\u00f6reningen JAG\",\"item\":\"https:\/\/jag.se\/opinion\/\"},{\"@type\":\"ListItem\",\"position\":3,\"name\":\"Pressmeddelanden\",\"item\":\"https:\/\/jag.se\/opinion\/pressreleases\/\"},{\"@type\":\"ListItem\",\"position\":4,\"name\":\"Vi vill bidra i Partnerskap, seminarium i Almedalen idag \u201dHur kan ideella akt\u00f6rer och aff\u00e4rslivet samverka f\u00f6r inkludering i arbetslivet?\u201d\"}]},{\"@type\":\"WebSite\",\"@id\":\"https:\/\/jag.se\/opinion\/#website\",\"url\":\"https:\/\/jag.se\/opinion\/\",\"name\":\"JAG Opinion\",\"description\":\"\",\"potentialAction\":[{\"@type\":\"SearchAction\",\"target\":{\"@type\":\"EntryPoint\",\"urlTemplate\":\"https:\/\/jag.se\/opinion\/?s={search_term_string}\"},\"query-input\":\"required name=search_term_string\"}],\"inLanguage\":\"sv-SE\"}]}<\/script>\n<!-- \/ Yoast SEO plugin. -->","yoast_head_json":{"title":"Vi vill bidra i Partnerskap, seminarium i Almedalen idag \u201dHur kan ideella akt\u00f6rer och aff\u00e4rslivet samverka f\u00f6r inkludering i arbetslivet?\u201d - JAG Opinion","robots":{"index":"index","follow":"follow","max-snippet":"max-snippet:-1","max-image-preview":"max-image-preview:large","max-video-preview":"max-video-preview:-1"},"canonical":"https:\/\/jag.se\/opinion\/pressreleases\/vi-vill-bidra-i-partnerskap-seminarium-i-almedalen-idag-hur-kan-ideella-aktorer-och-affarslivet-samverka-for-inkludering-i-arbetslivet-2\/","og_locale":"sv_SE","og_type":"article","og_title":"Vi vill bidra i Partnerskap, seminarium i Almedalen idag \u201dHur kan ideella akt\u00f6rer och aff\u00e4rslivet samverka f\u00f6r inkludering i arbetslivet?\u201d - JAG Opinion","og_description":"Kraven p\u00e5 f\u00f6retagens h\u00e5llbarhetsredovisning \u00f6kar samtidigt som vissa m\u00e4nniskor aldrig blir delaktiga i arbetslivet. \u00b7 Vad \u00e4r vinsten f\u00f6r f\u00f6retag i att driva inkludering- och h\u00e5llbarhetsfr\u00e5gor? \u00b7 Hur kan samverkan mellan ideell sektor och f\u00f6retag se ut? \u00b7 Hur kan vi, genom samverkan, medverka till samh\u00e4llsnytta och f\u00f6retagsnytta? H\u00f6r Josefine Abrahamsson,\u00a0ber\u00e4tta om sin v\u00e4g f\u00f6r","og_url":"https:\/\/jag.se\/opinion\/pressreleases\/vi-vill-bidra-i-partnerskap-seminarium-i-almedalen-idag-hur-kan-ideella-aktorer-och-affarslivet-samverka-for-inkludering-i-arbetslivet-2\/","og_site_name":"JAG Opinion","og_image":[{"width":2560,"height":1920,"url":"https:\/\/jag.se\/opinion\/wp-content\/uploads\/sites\/3\/2024\/06\/a55969dd2910b86c_org-9-scaled.jpg","type":"image\/jpeg"}],"twitter_card":"summary_large_image","twitter_misc":{"Ber\u00e4knad l\u00e4stid":"1 minut"},"schema":{"@context":"https:\/\/schema.org","@graph":[{"@type":"WebPage","@id":"https:\/\/jag.se\/opinion\/pressreleases\/vi-vill-bidra-i-partnerskap-seminarium-i-almedalen-idag-hur-kan-ideella-aktorer-och-affarslivet-samverka-for-inkludering-i-arbetslivet-2\/","url":"https:\/\/jag.se\/opinion\/pressreleases\/vi-vill-bidra-i-partnerskap-seminarium-i-almedalen-idag-hur-kan-ideella-aktorer-och-affarslivet-samverka-for-inkludering-i-arbetslivet-2\/","name":"Vi vill bidra i Partnerskap, seminarium i Almedalen idag \u201dHur kan ideella akt\u00f6rer och aff\u00e4rslivet samverka f\u00f6r inkludering i arbetslivet?\u201d - JAG Opinion","isPartOf":{"@id":"https:\/\/jag.se\/opinion\/#website"},"datePublished":"2024-06-25T03:10:00+00:00","dateModified":"2024-06-25T03:10:00+00:00","breadcrumb":{"@id":"https:\/\/jag.se\/opinion\/pressreleases\/vi-vill-bidra-i-partnerskap-seminarium-i-almedalen-idag-hur-kan-ideella-aktorer-och-affarslivet-samverka-for-inkludering-i-arbetslivet-2\/#breadcrumb"},"inLanguage":"sv-SE","potentialAction":[{"@type":"ReadAction","target":["https:\/\/jag.se\/opinion\/pressreleases\/vi-vill-bidra-i-partnerskap-seminarium-i-almedalen-idag-hur-kan-ideella-aktorer-och-affarslivet-samverka-for-inkludering-i-arbetslivet-2\/"]}]},{"@type":"BreadcrumbList","@id":"https:\/\/jag.se\/opinion\/pressreleases\/vi-vill-bidra-i-partnerskap-seminarium-i-almedalen-idag-hur-kan-ideella-aktorer-och-affarslivet-samverka-for-inkludering-i-arbetslivet-2\/#breadcrumb","itemListElement":[{"@type":"ListItem","position":1,"name":"JAG start","item":"https:\/\/jag.se"},{"@type":"ListItem","position":2,"name":"Riksf\u00f6reningen JAG","item":"https:\/\/jag.se\/opinion\/"},{"@type":"ListItem","position":3,"name":"Pressmeddelanden","item":"https:\/\/jag.se\/opinion\/pressreleases\/"},{"@type":"ListItem","position":4,"name":"Vi vill bidra i Partnerskap, seminarium i Almedalen idag \u201dHur kan ideella akt\u00f6rer och aff\u00e4rslivet samverka f\u00f6r inkludering i arbetslivet?\u201d"}]},{"@type":"WebSite","@id":"https:\/\/jag.se\/opinion\/#website","url":"https:\/\/jag.se\/opinion\/","name":"JAG Opinion","description":"","potentialAction":[{"@type":"SearchAction","target":{"@type":"EntryPoint","urlTemplate":"https:\/\/jag.se\/opinion\/?s={search_term_string}"},"query-input":"required name=search_term_string"}],"inLanguage":"sv-SE"}]}},"_links":{"self":[{"href":"https:\/\/jag.se\/opinion\/wp-json\/wp\/v2\/pressreleases\/27898","targetHints":{"allow":["GET"]}}],"collection":[{"href":"https:\/\/jag.se\/opinion\/wp-json\/wp\/v2\/pressreleases"}],"about":[{"href":"https:\/\/jag.se\/opinion\/wp-json\/wp\/v2\/types\/pressreleases"}],"wp:featuredmedia":[{"embeddable":true,"href":"https:\/\/jag.se\/opinion\/wp-json\/wp\/v2\/media\/27899"}],"wp:attachment":[{"href":"https:\/\/jag.se\/opinion\/wp-json\/wp\/v2\/media?parent=27898"}],"curies":[{"name":"wp","href":"https:\/\/api.w.org\/{rel}","templated":true}]}}