{"id":27902,"date":"2024-06-24T05:10:00","date_gmt":"2024-06-24T03:10:00","guid":{"rendered":"https:\/\/jag.se\/opinion\/pressreleases\/nyhet-sponsra-ett-jobb\/"},"modified":"2024-06-24T05:10:00","modified_gmt":"2024-06-24T03:10:00","slug":"nyhet-sponsra-ett-jobb","status":"publish","type":"pressreleases","link":"https:\/\/jag.se\/opinion\/pressreleases\/nyhet-sponsra-ett-jobb\/","title":{"rendered":"Nyhet! Sponsra ett jobb."},"content":{"rendered":"<p>Vi vill bidra i Partnerskap \u2013 projekt i samverkan med n\u00e4ringslivet<\/p>\n<p>Vi vill bidras id\u00e9 \u00e4r att verka f\u00f6r att personer med omfattande och intellektuell funktionsneds\u00e4ttning inkluderas i det traditionella arbetslivet med st\u00f6d av personlig assistans. V\u00e5r \u00f6vertygelse \u00e4r att med personlig assistans \u00e4r allt m\u00f6jligt. Genom att f\u00f6rs\u00f6ka f\u00e5 till partnerskap med f\u00f6retag och organisationer d\u00e4r f\u00f6retagen f\u00e5r m\u00f6jlighet att b\u00e5de ta emot arbetande deltagare och\/eller sponsra jobbtillf\u00e4llen f\u00f6r att personer med omfattande funktionsneds\u00e4ttning ska kunna bidra p\u00e5 arbetsplatser i st\u00e4llet f\u00f6r att bara h\u00e4nvisas till insatsen daglig verksamhet som bedrivs i s\u00e4rskilda lokaler med s\u00e4rskild personal, avskilt fr\u00e5n n\u00e4ringslivet.<\/p>\n<p>Vi vill bidra har beviljats medel fr\u00e5n Allm\u00e4nna arvsfonden f\u00f6r ett tre\u00e5rigt projekt som startades nu i maj 2024.<\/p>\n<p>&#8211; V\u00e5r f\u00f6rhoppning \u00e4r att det ska bli s\u00e5 pass framg\u00e5ngsrikt att det blir en permanent del av verksamheten, s\u00e4ger projektledare Maria Lindskog Klas\u00e9n, ansvarig Vi vill bidra i Partnerskap.<\/p>\n<p>Lyckade insatser har genomf\u00f6rts tidigare med arbetande deltagare genom kommunsamverkan via IOP, Id\u00e9buret Offentligt Partnerskap, i Karlstad, Storfors och Mora. Ett 40-tal personer har inkluderats i arbetslivet via Vi vill bidra, med st\u00f6d av assistans, p\u00e5 olika arbetsplatser som butiker, caf\u00e9, bad, bibliotek, kulturhus, stall och biltv\u00e4tt.<\/p>\n<p>Win win<\/p>\n<p>Kraven p\u00e5 f\u00f6retagens h\u00e5llbarhetsredovisning \u00f6kar och\u00a0Vi vill bidras modell kan hj\u00e4lpa till att uppfylla flera h\u00e5llbarhetsm\u00e5l enligt CSRD, Corporate Sustainability Reporting Directive och Agenda 2030. Attraktivt f\u00f6r f\u00f6retag och organisationer som vill \u00f6ka sitt arbete f\u00f6r h\u00e5llbarhet. F\u00f6retagen f\u00e5r en unik m\u00f6jlighet att visa och kommunicera ut\u00e5t om sitt arbete med h\u00e5llbarhetsfr\u00e5gor samt kunskap och underlag till h\u00e5llbarhetsrapporteringar om inkludering och m\u00e4nskliga r\u00e4ttigheter. M\u00e5ngfald \u00e4r betydelsefullt f\u00f6r s\u00e5v\u00e4l l\u00f6nsamhet som arbetsmilj\u00f6.<\/p>\n<p>Om verksamheten<\/p>\n<p>Vi vill bidra i Partnerskap \u00e4r en id\u00e9buren verksamhet som arbetar f\u00f6r inkludering och meningsfull syssels\u00e4ttning f\u00f6r personer med omfattande funktionsneds\u00e4ttningar. Verksamheten \u00e4r en del av JAG som \u00e4r en ideell riksf\u00f6rening f\u00f6r personer med flera omfattande funktionsneds\u00e4ttningar, varav en avser den intellektuella f\u00f6rm\u00e5gan. JAG arbetar f\u00f6r att medlemmarna ska kunna leva sina liv fullt ut, p\u00e5 sina egna villkor, med b\u00e4sta m\u00f6jliga personliga assistans. JAGs assistanskooperativ styrs av medlemmarna och drivs utan vinstintresse.<\/p>\n<p>Almedalen 2024<\/p>\n<p>Vi vill bidra finns p\u00e5 plats i F\u00f6reningen JAGs t\u00e4lt, Cram\u00e9rgatan, H315, under Almedalsveckan 2024.<\/p>\n<p>Seminarium med \u00e4mnet \u201dHur kan ideella akt\u00f6rer och aff\u00e4rslivet samverka f\u00f6r inkludering i arbetslivet?\u201d \u00e4r en programpunkt p\u00e5 tisdag 25 juni kl 13.00-13.25 samt torsdag 27 juni kl 11.45-12.10.<\/p>\n<p>\u00c4r du intresserad av att veta mer?<\/p>\n","protected":false},"featured_media":27903,"template":"","class_list":["post-27902","pressreleases","type-pressreleases","status-publish","has-post-thumbnail","hentry"],"acf":[],"yoast_head":"<!-- This site is optimized with the Yoast SEO plugin v21.3 - https:\/\/yoast.com\/wordpress\/plugins\/seo\/ -->\n<title>Nyhet! Sponsra ett jobb. - JAG Opinion<\/title>\n<meta name=\"robots\" content=\"index, follow, max-snippet:-1, max-image-preview:large, max-video-preview:-1\" \/>\n<link rel=\"canonical\" href=\"https:\/\/jag.se\/opinion\/pressreleases\/nyhet-sponsra-ett-jobb\/\" \/>\n<meta property=\"og:locale\" content=\"sv_SE\" \/>\n<meta property=\"og:type\" content=\"article\" \/>\n<meta property=\"og:title\" content=\"Nyhet! Sponsra ett jobb. - JAG Opinion\" \/>\n<meta property=\"og:description\" content=\"Vi vill bidra i Partnerskap \u2013 projekt i samverkan med n\u00e4ringslivet Vi vill bidras id\u00e9 \u00e4r att verka f\u00f6r att personer med omfattande och intellektuell funktionsneds\u00e4ttning inkluderas i det traditionella arbetslivet med st\u00f6d av personlig assistans. V\u00e5r \u00f6vertygelse \u00e4r att med personlig assistans \u00e4r allt m\u00f6jligt. Genom att f\u00f6rs\u00f6ka f\u00e5 till partnerskap med f\u00f6retag och\" \/>\n<meta property=\"og:url\" content=\"https:\/\/jag.se\/opinion\/pressreleases\/nyhet-sponsra-ett-jobb\/\" \/>\n<meta property=\"og:site_name\" content=\"JAG Opinion\" \/>\n<meta property=\"og:image\" content=\"https:\/\/jag.se\/opinion\/wp-content\/uploads\/sites\/3\/2024\/06\/99b243c9a9639ba0_org-9.jpg\" \/>\n\t<meta property=\"og:image:width\" content=\"800\" \/>\n\t<meta property=\"og:image:height\" content=\"534\" \/>\n\t<meta property=\"og:image:type\" content=\"image\/jpeg\" \/>\n<meta name=\"twitter:card\" content=\"summary_large_image\" \/>\n<meta name=\"twitter:label1\" content=\"Ber\u00e4knad l\u00e4stid\" \/>\n\t<meta name=\"twitter:data1\" content=\"2 minuter\" \/>\n<script type=\"application\/ld+json\" class=\"yoast-schema-graph\">{\"@context\":\"https:\/\/schema.org\",\"@graph\":[{\"@type\":\"WebPage\",\"@id\":\"https:\/\/jag.se\/opinion\/pressreleases\/nyhet-sponsra-ett-jobb\/\",\"url\":\"https:\/\/jag.se\/opinion\/pressreleases\/nyhet-sponsra-ett-jobb\/\",\"name\":\"Nyhet! Sponsra ett jobb. - JAG Opinion\",\"isPartOf\":{\"@id\":\"https:\/\/jag.se\/opinion\/#website\"},\"datePublished\":\"2024-06-24T03:10:00+00:00\",\"dateModified\":\"2024-06-24T03:10:00+00:00\",\"breadcrumb\":{\"@id\":\"https:\/\/jag.se\/opinion\/pressreleases\/nyhet-sponsra-ett-jobb\/#breadcrumb\"},\"inLanguage\":\"sv-SE\",\"potentialAction\":[{\"@type\":\"ReadAction\",\"target\":[\"https:\/\/jag.se\/opinion\/pressreleases\/nyhet-sponsra-ett-jobb\/\"]}]},{\"@type\":\"BreadcrumbList\",\"@id\":\"https:\/\/jag.se\/opinion\/pressreleases\/nyhet-sponsra-ett-jobb\/#breadcrumb\",\"itemListElement\":[{\"@type\":\"ListItem\",\"position\":1,\"name\":\"JAG start\",\"item\":\"https:\/\/jag.se\"},{\"@type\":\"ListItem\",\"position\":2,\"name\":\"Riksf\u00f6reningen JAG\",\"item\":\"https:\/\/jag.se\/opinion\/\"},{\"@type\":\"ListItem\",\"position\":3,\"name\":\"Pressmeddelanden\",\"item\":\"https:\/\/jag.se\/opinion\/pressreleases\/\"},{\"@type\":\"ListItem\",\"position\":4,\"name\":\"Nyhet! Sponsra ett jobb.\"}]},{\"@type\":\"WebSite\",\"@id\":\"https:\/\/jag.se\/opinion\/#website\",\"url\":\"https:\/\/jag.se\/opinion\/\",\"name\":\"JAG Opinion\",\"description\":\"\",\"potentialAction\":[{\"@type\":\"SearchAction\",\"target\":{\"@type\":\"EntryPoint\",\"urlTemplate\":\"https:\/\/jag.se\/opinion\/?s={search_term_string}\"},\"query-input\":\"required name=search_term_string\"}],\"inLanguage\":\"sv-SE\"}]}<\/script>\n<!-- \/ Yoast SEO plugin. -->","yoast_head_json":{"title":"Nyhet! Sponsra ett jobb. - JAG Opinion","robots":{"index":"index","follow":"follow","max-snippet":"max-snippet:-1","max-image-preview":"max-image-preview:large","max-video-preview":"max-video-preview:-1"},"canonical":"https:\/\/jag.se\/opinion\/pressreleases\/nyhet-sponsra-ett-jobb\/","og_locale":"sv_SE","og_type":"article","og_title":"Nyhet! Sponsra ett jobb. - JAG Opinion","og_description":"Vi vill bidra i Partnerskap \u2013 projekt i samverkan med n\u00e4ringslivet Vi vill bidras id\u00e9 \u00e4r att verka f\u00f6r att personer med omfattande och intellektuell funktionsneds\u00e4ttning inkluderas i det traditionella arbetslivet med st\u00f6d av personlig assistans. V\u00e5r \u00f6vertygelse \u00e4r att med personlig assistans \u00e4r allt m\u00f6jligt. Genom att f\u00f6rs\u00f6ka f\u00e5 till partnerskap med f\u00f6retag och","og_url":"https:\/\/jag.se\/opinion\/pressreleases\/nyhet-sponsra-ett-jobb\/","og_site_name":"JAG Opinion","og_image":[{"width":800,"height":534,"url":"https:\/\/jag.se\/opinion\/wp-content\/uploads\/sites\/3\/2024\/06\/99b243c9a9639ba0_org-9.jpg","type":"image\/jpeg"}],"twitter_card":"summary_large_image","twitter_misc":{"Ber\u00e4knad l\u00e4stid":"2 minuter"},"schema":{"@context":"https:\/\/schema.org","@graph":[{"@type":"WebPage","@id":"https:\/\/jag.se\/opinion\/pressreleases\/nyhet-sponsra-ett-jobb\/","url":"https:\/\/jag.se\/opinion\/pressreleases\/nyhet-sponsra-ett-jobb\/","name":"Nyhet! Sponsra ett jobb. - JAG Opinion","isPartOf":{"@id":"https:\/\/jag.se\/opinion\/#website"},"datePublished":"2024-06-24T03:10:00+00:00","dateModified":"2024-06-24T03:10:00+00:00","breadcrumb":{"@id":"https:\/\/jag.se\/opinion\/pressreleases\/nyhet-sponsra-ett-jobb\/#breadcrumb"},"inLanguage":"sv-SE","potentialAction":[{"@type":"ReadAction","target":["https:\/\/jag.se\/opinion\/pressreleases\/nyhet-sponsra-ett-jobb\/"]}]},{"@type":"BreadcrumbList","@id":"https:\/\/jag.se\/opinion\/pressreleases\/nyhet-sponsra-ett-jobb\/#breadcrumb","itemListElement":[{"@type":"ListItem","position":1,"name":"JAG start","item":"https:\/\/jag.se"},{"@type":"ListItem","position":2,"name":"Riksf\u00f6reningen JAG","item":"https:\/\/jag.se\/opinion\/"},{"@type":"ListItem","position":3,"name":"Pressmeddelanden","item":"https:\/\/jag.se\/opinion\/pressreleases\/"},{"@type":"ListItem","position":4,"name":"Nyhet! Sponsra ett jobb."}]},{"@type":"WebSite","@id":"https:\/\/jag.se\/opinion\/#website","url":"https:\/\/jag.se\/opinion\/","name":"JAG Opinion","description":"","potentialAction":[{"@type":"SearchAction","target":{"@type":"EntryPoint","urlTemplate":"https:\/\/jag.se\/opinion\/?s={search_term_string}"},"query-input":"required name=search_term_string"}],"inLanguage":"sv-SE"}]}},"_links":{"self":[{"href":"https:\/\/jag.se\/opinion\/wp-json\/wp\/v2\/pressreleases\/27902","targetHints":{"allow":["GET"]}}],"collection":[{"href":"https:\/\/jag.se\/opinion\/wp-json\/wp\/v2\/pressreleases"}],"about":[{"href":"https:\/\/jag.se\/opinion\/wp-json\/wp\/v2\/types\/pressreleases"}],"wp:featuredmedia":[{"embeddable":true,"href":"https:\/\/jag.se\/opinion\/wp-json\/wp\/v2\/media\/27903"}],"wp:attachment":[{"href":"https:\/\/jag.se\/opinion\/wp-json\/wp\/v2\/media?parent=27902"}],"curies":[{"name":"wp","href":"https:\/\/api.w.org\/{rel}","templated":true}]}}