{"id":27904,"date":"2024-03-05T06:10:00","date_gmt":"2024-03-05T05:10:00","guid":{"rendered":"https:\/\/jag.se\/opinion\/pressreleases\/arvsfondsmedel-for-mangfald-och-inkludering-i-naringslivet\/"},"modified":"2024-03-05T06:10:00","modified_gmt":"2024-03-05T05:10:00","slug":"arvsfondsmedel-for-mangfald-och-inkludering-i-naringslivet","status":"publish","type":"pressreleases","link":"https:\/\/jag.se\/opinion\/pressreleases\/arvsfondsmedel-for-mangfald-och-inkludering-i-naringslivet\/","title":{"rendered":"Arvsfondsmedel f\u00f6r m\u00e5ngfald och inkludering i n\u00e4ringslivet"},"content":{"rendered":"<p>Medlen ska verka f\u00f6r att l\u00e5ngsiktigt ge fler personer med stora funktionsneds\u00e4ttningar m\u00f6jlighet att med personlig assistans inkluderas i arbetslivets gemenskap och inte, som ofta nu, h\u00e4nvisas till insatsen daglig verksamhet som bedrivs i s\u00e4rskilda lokaler med s\u00e4rskild personal, avskilt fr\u00e5n n\u00e4ringslivet. Samtidigt st\u00e4rks f\u00f6retagens m\u00f6jligheter att arbeta praktiskt med flera av h\u00e5llbarhetsm\u00e5len enligt Agenda 2030\u00a0(https:\/\/www.globalamalen.se\/).<\/p>\n<p>Arbetet startar under 2024 och str\u00e4cker sig \u00f6ver tre \u00e5r med m\u00e5let att bli en etablerad sj\u00e4lvb\u00e4rande verksamhet. Allm\u00e4nna arvsfonden motiverar beslutet med medel till verksamheten eftersom det ses utvecklande f\u00f6r minst en av arvsfondens m\u00e5lgrupper och modellen bed\u00f6ms kunna leva vidare \u00e4ven efter att finansieringen fr\u00e5n fonden upph\u00f6rt.<\/p>\n<p>\u2013 Min uppfattning \u00e4r att ambitionerna i projektet \u00e4r h\u00f6ga och att det finns goda f\u00f6ruts\u00e4ttningar f\u00f6r att vi ska lyckas ta fram olika nya modeller f\u00f6r samverkan och arbetss\u00e4tt s\u00e4ger Elisabeth Kalkh\u00e4ll, professionell styrelsearbetare.<\/p>\n<p>Kraven p\u00e5 f\u00f6retagens h\u00e5llbarhetsredovisning \u00f6kar. Vi vill bidras modell kan hj\u00e4lpa till att uppfylla flera h\u00e5llbarhetsm\u00e5l enligt CSRD, Corporate Sustainability Reporting Directive. Attraktivt f\u00f6r f\u00f6retag och organisationer som vill \u00f6ka sitt arbete f\u00f6r h\u00e5llbarhet.<\/p>\n<p>Ett flertal f\u00f6retag och organisationer har redan visat stort intresse f\u00f6r att delta i projektet och kommer implementera Vi vill bidras modell. N\u00e5gra av dem \u00e4r Schindlers Hiss, OK Norrbotten, OK V\u00e4sterbotten, Naturum Karlstad samt konsultf\u00f6retag.<\/p>\n<p>\u2013 Jag tror att projektet kan leda till att vi f\u00e5r fler f\u00f6retag att se f\u00f6rdelarna med att arbeta med m\u00e5ngfald och inkludering. Jag \u00e4r \u00f6vertygad om att projektet \u00e4ven skapar erbjudande som \u00e4r v\u00e4rdeskapande f\u00f6r bolag, s\u00e4ger Wendela Kallstenius HR manager, Schindler Sverige och utvecklingsansvarig f\u00f6r m\u00e5ngfald och j\u00e4mlikhet i Schindler Norden.<\/p>\n<p>F\u00f6retagen f\u00e5r en unik m\u00f6jlighet att visa och kommunicera ut\u00e5t om sitt arbete med h\u00e5llbarhetsfr\u00e5gor samt kunskap och underlag till h\u00e5llbarhetsrapporteringar om inkludering och m\u00e4nskliga r\u00e4ttigheter.<\/p>\n<p>\u2013 Vi tror att m\u00e5ngfald \u00e4r betydelsefullt f\u00f6r s\u00e5v\u00e4l l\u00f6nsamhet som arbetsmilj\u00f6. Baserat p\u00e5 v\u00e5rt bolags v\u00e4rderingar anser vi att det \u00e4r v\u00e4ldigt viktigt. Vi arbetar mycket med socialt ansvar och det \u00e4r n\u00e5got vi \u00e4r stolta \u00f6ver, forts\u00e4tter Wendela Kallstenius.<\/p>\n<p>Vi vill bidra \u00e4r en modell som startade 2015 i Riksf\u00f6reningen JAG, \u00e4ven d\u00e5 finansierat av Allm\u00e4nna arvsfonden, d\u00e4r personer med omfattande och intellektuell funktionsneds\u00e4ttning inkluderas i det traditionella arbetslivet med st\u00f6d av personlig assistans. Deltagaren i Vi vill bidra f\u00e5r, utifr\u00e5n intresse och f\u00f6rm\u00e5ga, bidra p\u00e5 olika arbetsplatser. Sedan 2018 \u00e4r det en etablerad verksamhet genom kommunsamverkan via IOP, Id\u00e9buret Offentligt Partnerskap, i Karlstad, Storfors och Mora. Ett 40 tal personer har inkluderats i arbetslivet via Vi vill bidra, med st\u00f6d av assistans, p\u00e5 olika arbetsplatser som butiker, caf\u00e9, bad, bibliotek, kulturhus, stall och biltv\u00e4tt.<\/p>\n<p>\u2013 Vi \u00e4r j\u00e4tteglada och stolta \u00f6ver m\u00f6jligheten att f\u00e5 utveckla den h\u00e4r viktiga verksamheten, s\u00e4ger Anna Karlsson, verksamhetsledare och mentor f\u00f6r Vi vill bidra.<\/p>\n<p>I Vi vill bidra kan varje deltagare g\u00f6ra en insats i st\u00e4llet f\u00f6r att f\u00e5 en insats!<\/p>\n","protected":false},"featured_media":27905,"template":"","class_list":["post-27904","pressreleases","type-pressreleases","status-publish","has-post-thumbnail","hentry"],"acf":[],"yoast_head":"<!-- This site is optimized with the Yoast SEO plugin v21.3 - https:\/\/yoast.com\/wordpress\/plugins\/seo\/ -->\n<title>Arvsfondsmedel f\u00f6r m\u00e5ngfald och inkludering i n\u00e4ringslivet - JAG Opinion<\/title>\n<meta name=\"robots\" content=\"index, follow, max-snippet:-1, max-image-preview:large, max-video-preview:-1\" \/>\n<link rel=\"canonical\" href=\"https:\/\/jag.se\/opinion\/pressreleases\/arvsfondsmedel-for-mangfald-och-inkludering-i-naringslivet\/\" \/>\n<meta property=\"og:locale\" content=\"sv_SE\" \/>\n<meta property=\"og:type\" content=\"article\" \/>\n<meta property=\"og:title\" content=\"Arvsfondsmedel f\u00f6r m\u00e5ngfald och inkludering i n\u00e4ringslivet - JAG Opinion\" \/>\n<meta property=\"og:description\" content=\"Medlen ska verka f\u00f6r att l\u00e5ngsiktigt ge fler personer med stora funktionsneds\u00e4ttningar m\u00f6jlighet att med personlig assistans inkluderas i arbetslivets gemenskap och inte, som ofta nu, h\u00e4nvisas till insatsen daglig verksamhet som bedrivs i s\u00e4rskilda lokaler med s\u00e4rskild personal, avskilt fr\u00e5n n\u00e4ringslivet. Samtidigt st\u00e4rks f\u00f6retagens m\u00f6jligheter att arbeta praktiskt med flera av h\u00e5llbarhetsm\u00e5len enligt Agenda\" \/>\n<meta property=\"og:url\" content=\"https:\/\/jag.se\/opinion\/pressreleases\/arvsfondsmedel-for-mangfald-och-inkludering-i-naringslivet\/\" \/>\n<meta property=\"og:site_name\" content=\"JAG Opinion\" \/>\n<meta property=\"og:image\" content=\"https:\/\/jag.se\/opinion\/wp-content\/uploads\/sites\/3\/2024\/03\/8f8ef355bd822db8_org-9.jpg\" \/>\n\t<meta property=\"og:image:width\" content=\"2368\" \/>\n\t<meta property=\"og:image:height\" content=\"1039\" \/>\n\t<meta property=\"og:image:type\" content=\"image\/jpeg\" \/>\n<meta name=\"twitter:card\" content=\"summary_large_image\" \/>\n<meta name=\"twitter:label1\" content=\"Ber\u00e4knad l\u00e4stid\" \/>\n\t<meta name=\"twitter:data1\" content=\"3 minuter\" \/>\n<script type=\"application\/ld+json\" class=\"yoast-schema-graph\">{\"@context\":\"https:\/\/schema.org\",\"@graph\":[{\"@type\":\"WebPage\",\"@id\":\"https:\/\/jag.se\/opinion\/pressreleases\/arvsfondsmedel-for-mangfald-och-inkludering-i-naringslivet\/\",\"url\":\"https:\/\/jag.se\/opinion\/pressreleases\/arvsfondsmedel-for-mangfald-och-inkludering-i-naringslivet\/\",\"name\":\"Arvsfondsmedel f\u00f6r m\u00e5ngfald och inkludering i n\u00e4ringslivet - JAG Opinion\",\"isPartOf\":{\"@id\":\"https:\/\/jag.se\/opinion\/#website\"},\"datePublished\":\"2024-03-05T05:10:00+00:00\",\"dateModified\":\"2024-03-05T05:10:00+00:00\",\"breadcrumb\":{\"@id\":\"https:\/\/jag.se\/opinion\/pressreleases\/arvsfondsmedel-for-mangfald-och-inkludering-i-naringslivet\/#breadcrumb\"},\"inLanguage\":\"sv-SE\",\"potentialAction\":[{\"@type\":\"ReadAction\",\"target\":[\"https:\/\/jag.se\/opinion\/pressreleases\/arvsfondsmedel-for-mangfald-och-inkludering-i-naringslivet\/\"]}]},{\"@type\":\"BreadcrumbList\",\"@id\":\"https:\/\/jag.se\/opinion\/pressreleases\/arvsfondsmedel-for-mangfald-och-inkludering-i-naringslivet\/#breadcrumb\",\"itemListElement\":[{\"@type\":\"ListItem\",\"position\":1,\"name\":\"JAG start\",\"item\":\"https:\/\/jag.se\"},{\"@type\":\"ListItem\",\"position\":2,\"name\":\"Riksf\u00f6reningen JAG\",\"item\":\"https:\/\/jag.se\/opinion\/\"},{\"@type\":\"ListItem\",\"position\":3,\"name\":\"Pressmeddelanden\",\"item\":\"https:\/\/jag.se\/opinion\/pressreleases\/\"},{\"@type\":\"ListItem\",\"position\":4,\"name\":\"Arvsfondsmedel f\u00f6r m\u00e5ngfald och inkludering i n\u00e4ringslivet\"}]},{\"@type\":\"WebSite\",\"@id\":\"https:\/\/jag.se\/opinion\/#website\",\"url\":\"https:\/\/jag.se\/opinion\/\",\"name\":\"JAG Opinion\",\"description\":\"\",\"potentialAction\":[{\"@type\":\"SearchAction\",\"target\":{\"@type\":\"EntryPoint\",\"urlTemplate\":\"https:\/\/jag.se\/opinion\/?s={search_term_string}\"},\"query-input\":\"required name=search_term_string\"}],\"inLanguage\":\"sv-SE\"}]}<\/script>\n<!-- \/ Yoast SEO plugin. -->","yoast_head_json":{"title":"Arvsfondsmedel f\u00f6r m\u00e5ngfald och inkludering i n\u00e4ringslivet - JAG Opinion","robots":{"index":"index","follow":"follow","max-snippet":"max-snippet:-1","max-image-preview":"max-image-preview:large","max-video-preview":"max-video-preview:-1"},"canonical":"https:\/\/jag.se\/opinion\/pressreleases\/arvsfondsmedel-for-mangfald-och-inkludering-i-naringslivet\/","og_locale":"sv_SE","og_type":"article","og_title":"Arvsfondsmedel f\u00f6r m\u00e5ngfald och inkludering i n\u00e4ringslivet - JAG Opinion","og_description":"Medlen ska verka f\u00f6r att l\u00e5ngsiktigt ge fler personer med stora funktionsneds\u00e4ttningar m\u00f6jlighet att med personlig assistans inkluderas i arbetslivets gemenskap och inte, som ofta nu, h\u00e4nvisas till insatsen daglig verksamhet som bedrivs i s\u00e4rskilda lokaler med s\u00e4rskild personal, avskilt fr\u00e5n n\u00e4ringslivet. Samtidigt st\u00e4rks f\u00f6retagens m\u00f6jligheter att arbeta praktiskt med flera av h\u00e5llbarhetsm\u00e5len enligt Agenda","og_url":"https:\/\/jag.se\/opinion\/pressreleases\/arvsfondsmedel-for-mangfald-och-inkludering-i-naringslivet\/","og_site_name":"JAG Opinion","og_image":[{"width":2368,"height":1039,"url":"https:\/\/jag.se\/opinion\/wp-content\/uploads\/sites\/3\/2024\/03\/8f8ef355bd822db8_org-9.jpg","type":"image\/jpeg"}],"twitter_card":"summary_large_image","twitter_misc":{"Ber\u00e4knad l\u00e4stid":"3 minuter"},"schema":{"@context":"https:\/\/schema.org","@graph":[{"@type":"WebPage","@id":"https:\/\/jag.se\/opinion\/pressreleases\/arvsfondsmedel-for-mangfald-och-inkludering-i-naringslivet\/","url":"https:\/\/jag.se\/opinion\/pressreleases\/arvsfondsmedel-for-mangfald-och-inkludering-i-naringslivet\/","name":"Arvsfondsmedel f\u00f6r m\u00e5ngfald och inkludering i n\u00e4ringslivet - JAG Opinion","isPartOf":{"@id":"https:\/\/jag.se\/opinion\/#website"},"datePublished":"2024-03-05T05:10:00+00:00","dateModified":"2024-03-05T05:10:00+00:00","breadcrumb":{"@id":"https:\/\/jag.se\/opinion\/pressreleases\/arvsfondsmedel-for-mangfald-och-inkludering-i-naringslivet\/#breadcrumb"},"inLanguage":"sv-SE","potentialAction":[{"@type":"ReadAction","target":["https:\/\/jag.se\/opinion\/pressreleases\/arvsfondsmedel-for-mangfald-och-inkludering-i-naringslivet\/"]}]},{"@type":"BreadcrumbList","@id":"https:\/\/jag.se\/opinion\/pressreleases\/arvsfondsmedel-for-mangfald-och-inkludering-i-naringslivet\/#breadcrumb","itemListElement":[{"@type":"ListItem","position":1,"name":"JAG start","item":"https:\/\/jag.se"},{"@type":"ListItem","position":2,"name":"Riksf\u00f6reningen JAG","item":"https:\/\/jag.se\/opinion\/"},{"@type":"ListItem","position":3,"name":"Pressmeddelanden","item":"https:\/\/jag.se\/opinion\/pressreleases\/"},{"@type":"ListItem","position":4,"name":"Arvsfondsmedel f\u00f6r m\u00e5ngfald och inkludering i n\u00e4ringslivet"}]},{"@type":"WebSite","@id":"https:\/\/jag.se\/opinion\/#website","url":"https:\/\/jag.se\/opinion\/","name":"JAG Opinion","description":"","potentialAction":[{"@type":"SearchAction","target":{"@type":"EntryPoint","urlTemplate":"https:\/\/jag.se\/opinion\/?s={search_term_string}"},"query-input":"required name=search_term_string"}],"inLanguage":"sv-SE"}]}},"_links":{"self":[{"href":"https:\/\/jag.se\/opinion\/wp-json\/wp\/v2\/pressreleases\/27904","targetHints":{"allow":["GET"]}}],"collection":[{"href":"https:\/\/jag.se\/opinion\/wp-json\/wp\/v2\/pressreleases"}],"about":[{"href":"https:\/\/jag.se\/opinion\/wp-json\/wp\/v2\/types\/pressreleases"}],"wp:featuredmedia":[{"embeddable":true,"href":"https:\/\/jag.se\/opinion\/wp-json\/wp\/v2\/media\/27905"}],"wp:attachment":[{"href":"https:\/\/jag.se\/opinion\/wp-json\/wp\/v2\/media?parent=27904"}],"curies":[{"name":"wp","href":"https:\/\/api.w.org\/{rel}","templated":true}]}}