{"id":27906,"date":"2023-12-15T09:54:20","date_gmt":"2023-12-15T08:54:20","guid":{"rendered":"https:\/\/jag.se\/opinion\/pressreleases\/forslag-till-forsakringskassan-for-okad-trygghet-och-integritet-i-personlig-assistans\/"},"modified":"2023-12-15T09:54:20","modified_gmt":"2023-12-15T08:54:20","slug":"forslag-till-forsakringskassan-for-okad-trygghet-och-integritet-i-personlig-assistans","status":"publish","type":"pressreleases","link":"https:\/\/jag.se\/opinion\/pressreleases\/forslag-till-forsakringskassan-for-okad-trygghet-och-integritet-i-personlig-assistans\/","title":{"rendered":"F\u00f6rslag till F\u00f6rs\u00e4kringskassan f\u00f6r \u00f6kad trygghet och integritet i personlig assistans"},"content":{"rendered":"<p>Bakgrunden \u00e4r att assistansanordnare idag f\u00f6ruts\u00e4tts ha tillg\u00e5ng till assistansanv\u00e4ndarens hela assistansbeslut och allt underlag, trots att det inte delges anordnaren av F\u00f6rs\u00e4kringskassan. M\u00e5nga anordnare kr\u00e4ver d\u00e4rf\u00f6r att deras kunder l\u00e4mnar en fullmakt f\u00f6r anordnaren att f\u00f6retr\u00e4da hen i kontakterna med F\u00f6rs\u00e4kringskassan.<\/p>\n<p>  \u00b7 Problemen med det \u00e4r flera, f\u00f6rklarar Cecilia Blanck. Dels inneh\u00e5ller beslutet och underlaget ofta m\u00e5nga integritetsk\u00e4nsliga uppgifter som anordnaren faktiskt inte beh\u00f6ver, som l\u00e4karintyg och detaljerade beskrivningar av behov och rutiner i det dagliga livet. Och dels kan fullmakten \u00e5terkallas n\u00e4r som helst, utan att anordnaren f\u00e5r information om det och allts\u00e5 kan st\u00e5 med ett inaktuellt beslut utan att veta om det.<\/p>\n<p>Riksf\u00f6reningen JAG, STIL, IfA och Fremia har i en skrivelse till F\u00f6rs\u00e4kringskassan f\u00f6reslagit en f\u00f6r\u00e4ndring som st\u00e4rker assistansanv\u00e4ndarens integritet samtidigt som assistansanordnaren f\u00e5r den information som \u00e4r n\u00f6dv\u00e4ndig f\u00f6r att kunna utf\u00f6ra en trygg, s\u00e4ker och korrekt personlig assistans.<\/p>\n<p>F\u00f6rslaget g\u00e5r ut p\u00e5 att F\u00f6rs\u00e4kringskassan vid nya beslut, eller vid f\u00f6r\u00e4ndringar i beslut, skickar ett meddelande till anordnaren tillsammans med en sammanfattning av beslutet, dvs den n\u00f6dv\u00e4ndiga informationen f\u00f6r att anordna assistansen, som antal beviljade timmar, avr\u00e4kningsperiod, om det ing\u00e5r jour eller beredskap i ber\u00e4kningen av antalet timmar, om personen har r\u00e4tt till assistans vid sjukhusvistelse eller i verksamheter, eventuella begr\u00e4nsningar etc.<\/p>\n<p>\u2013 Ett av huvudsyftena med personlig assistans \u00e4r just bibeh\u00e5llen personlig integritet. Med v\u00e5r l\u00f6sning kan detta uppfyllas i h\u00f6gre grad \u00e4n idag samtidigt som det inneb\u00e4r en trygghet f\u00f6r alla parter, den assistansber\u00e4ttigade, assistansanordnaren och F\u00f6rs\u00e4kringskassan, att den senaste informationen om ett assistansbeslut garanteras. Det minskar ju ocks\u00e5 risken f\u00f6r felaktiga utbetalningar av assistansers\u00e4ttning, s\u00e4ger Cecilia Blanck.<\/p>\n","protected":false},"featured_media":27907,"template":"","class_list":["post-27906","pressreleases","type-pressreleases","status-publish","has-post-thumbnail","hentry"],"acf":[],"yoast_head":"<!-- This site is optimized with the Yoast SEO plugin v21.3 - https:\/\/yoast.com\/wordpress\/plugins\/seo\/ -->\n<title>F\u00f6rslag till F\u00f6rs\u00e4kringskassan f\u00f6r \u00f6kad trygghet och integritet i personlig assistans - JAG Opinion<\/title>\n<meta name=\"robots\" content=\"index, follow, max-snippet:-1, max-image-preview:large, max-video-preview:-1\" \/>\n<link rel=\"canonical\" href=\"https:\/\/jag.se\/opinion\/pressreleases\/forslag-till-forsakringskassan-for-okad-trygghet-och-integritet-i-personlig-assistans\/\" \/>\n<meta property=\"og:locale\" content=\"sv_SE\" \/>\n<meta property=\"og:type\" content=\"article\" \/>\n<meta property=\"og:title\" content=\"F\u00f6rslag till F\u00f6rs\u00e4kringskassan f\u00f6r \u00f6kad trygghet och integritet i personlig assistans - JAG Opinion\" \/>\n<meta property=\"og:description\" content=\"Bakgrunden \u00e4r att assistansanordnare idag f\u00f6ruts\u00e4tts ha tillg\u00e5ng till assistansanv\u00e4ndarens hela assistansbeslut och allt underlag, trots att det inte delges anordnaren av F\u00f6rs\u00e4kringskassan. M\u00e5nga anordnare kr\u00e4ver d\u00e4rf\u00f6r att deras kunder l\u00e4mnar en fullmakt f\u00f6r anordnaren att f\u00f6retr\u00e4da hen i kontakterna med F\u00f6rs\u00e4kringskassan. \u00b7 Problemen med det \u00e4r flera, f\u00f6rklarar Cecilia Blanck. Dels inneh\u00e5ller beslutet och\" \/>\n<meta property=\"og:url\" content=\"https:\/\/jag.se\/opinion\/pressreleases\/forslag-till-forsakringskassan-for-okad-trygghet-och-integritet-i-personlig-assistans\/\" \/>\n<meta property=\"og:site_name\" content=\"JAG Opinion\" \/>\n<meta property=\"og:image\" content=\"https:\/\/jag.se\/opinion\/wp-content\/uploads\/sites\/3\/2023\/12\/a60b433725afc5d2_org-9-scaled.jpg\" \/>\n\t<meta property=\"og:image:width\" content=\"2560\" \/>\n\t<meta property=\"og:image:height\" content=\"1709\" \/>\n\t<meta property=\"og:image:type\" content=\"image\/jpeg\" \/>\n<meta name=\"twitter:card\" content=\"summary_large_image\" \/>\n<meta name=\"twitter:label1\" content=\"Ber\u00e4knad l\u00e4stid\" \/>\n\t<meta name=\"twitter:data1\" content=\"2 minuter\" \/>\n<script type=\"application\/ld+json\" class=\"yoast-schema-graph\">{\"@context\":\"https:\/\/schema.org\",\"@graph\":[{\"@type\":\"WebPage\",\"@id\":\"https:\/\/jag.se\/opinion\/pressreleases\/forslag-till-forsakringskassan-for-okad-trygghet-och-integritet-i-personlig-assistans\/\",\"url\":\"https:\/\/jag.se\/opinion\/pressreleases\/forslag-till-forsakringskassan-for-okad-trygghet-och-integritet-i-personlig-assistans\/\",\"name\":\"F\u00f6rslag till F\u00f6rs\u00e4kringskassan f\u00f6r \u00f6kad trygghet och integritet i personlig assistans - JAG Opinion\",\"isPartOf\":{\"@id\":\"https:\/\/jag.se\/opinion\/#website\"},\"datePublished\":\"2023-12-15T08:54:20+00:00\",\"dateModified\":\"2023-12-15T08:54:20+00:00\",\"breadcrumb\":{\"@id\":\"https:\/\/jag.se\/opinion\/pressreleases\/forslag-till-forsakringskassan-for-okad-trygghet-och-integritet-i-personlig-assistans\/#breadcrumb\"},\"inLanguage\":\"sv-SE\",\"potentialAction\":[{\"@type\":\"ReadAction\",\"target\":[\"https:\/\/jag.se\/opinion\/pressreleases\/forslag-till-forsakringskassan-for-okad-trygghet-och-integritet-i-personlig-assistans\/\"]}]},{\"@type\":\"BreadcrumbList\",\"@id\":\"https:\/\/jag.se\/opinion\/pressreleases\/forslag-till-forsakringskassan-for-okad-trygghet-och-integritet-i-personlig-assistans\/#breadcrumb\",\"itemListElement\":[{\"@type\":\"ListItem\",\"position\":1,\"name\":\"JAG start\",\"item\":\"https:\/\/jag.se\"},{\"@type\":\"ListItem\",\"position\":2,\"name\":\"Riksf\u00f6reningen JAG\",\"item\":\"https:\/\/jag.se\/opinion\/\"},{\"@type\":\"ListItem\",\"position\":3,\"name\":\"Pressmeddelanden\",\"item\":\"https:\/\/jag.se\/opinion\/pressreleases\/\"},{\"@type\":\"ListItem\",\"position\":4,\"name\":\"F\u00f6rslag till F\u00f6rs\u00e4kringskassan f\u00f6r \u00f6kad trygghet och integritet i personlig assistans\"}]},{\"@type\":\"WebSite\",\"@id\":\"https:\/\/jag.se\/opinion\/#website\",\"url\":\"https:\/\/jag.se\/opinion\/\",\"name\":\"JAG Opinion\",\"description\":\"\",\"potentialAction\":[{\"@type\":\"SearchAction\",\"target\":{\"@type\":\"EntryPoint\",\"urlTemplate\":\"https:\/\/jag.se\/opinion\/?s={search_term_string}\"},\"query-input\":\"required name=search_term_string\"}],\"inLanguage\":\"sv-SE\"}]}<\/script>\n<!-- \/ Yoast SEO plugin. -->","yoast_head_json":{"title":"F\u00f6rslag till F\u00f6rs\u00e4kringskassan f\u00f6r \u00f6kad trygghet och integritet i personlig assistans - JAG Opinion","robots":{"index":"index","follow":"follow","max-snippet":"max-snippet:-1","max-image-preview":"max-image-preview:large","max-video-preview":"max-video-preview:-1"},"canonical":"https:\/\/jag.se\/opinion\/pressreleases\/forslag-till-forsakringskassan-for-okad-trygghet-och-integritet-i-personlig-assistans\/","og_locale":"sv_SE","og_type":"article","og_title":"F\u00f6rslag till F\u00f6rs\u00e4kringskassan f\u00f6r \u00f6kad trygghet och integritet i personlig assistans - JAG Opinion","og_description":"Bakgrunden \u00e4r att assistansanordnare idag f\u00f6ruts\u00e4tts ha tillg\u00e5ng till assistansanv\u00e4ndarens hela assistansbeslut och allt underlag, trots att det inte delges anordnaren av F\u00f6rs\u00e4kringskassan. M\u00e5nga anordnare kr\u00e4ver d\u00e4rf\u00f6r att deras kunder l\u00e4mnar en fullmakt f\u00f6r anordnaren att f\u00f6retr\u00e4da hen i kontakterna med F\u00f6rs\u00e4kringskassan. \u00b7 Problemen med det \u00e4r flera, f\u00f6rklarar Cecilia Blanck. Dels inneh\u00e5ller beslutet och","og_url":"https:\/\/jag.se\/opinion\/pressreleases\/forslag-till-forsakringskassan-for-okad-trygghet-och-integritet-i-personlig-assistans\/","og_site_name":"JAG Opinion","og_image":[{"width":2560,"height":1709,"url":"https:\/\/jag.se\/opinion\/wp-content\/uploads\/sites\/3\/2023\/12\/a60b433725afc5d2_org-9-scaled.jpg","type":"image\/jpeg"}],"twitter_card":"summary_large_image","twitter_misc":{"Ber\u00e4knad l\u00e4stid":"2 minuter"},"schema":{"@context":"https:\/\/schema.org","@graph":[{"@type":"WebPage","@id":"https:\/\/jag.se\/opinion\/pressreleases\/forslag-till-forsakringskassan-for-okad-trygghet-och-integritet-i-personlig-assistans\/","url":"https:\/\/jag.se\/opinion\/pressreleases\/forslag-till-forsakringskassan-for-okad-trygghet-och-integritet-i-personlig-assistans\/","name":"F\u00f6rslag till F\u00f6rs\u00e4kringskassan f\u00f6r \u00f6kad trygghet och integritet i personlig assistans - JAG Opinion","isPartOf":{"@id":"https:\/\/jag.se\/opinion\/#website"},"datePublished":"2023-12-15T08:54:20+00:00","dateModified":"2023-12-15T08:54:20+00:00","breadcrumb":{"@id":"https:\/\/jag.se\/opinion\/pressreleases\/forslag-till-forsakringskassan-for-okad-trygghet-och-integritet-i-personlig-assistans\/#breadcrumb"},"inLanguage":"sv-SE","potentialAction":[{"@type":"ReadAction","target":["https:\/\/jag.se\/opinion\/pressreleases\/forslag-till-forsakringskassan-for-okad-trygghet-och-integritet-i-personlig-assistans\/"]}]},{"@type":"BreadcrumbList","@id":"https:\/\/jag.se\/opinion\/pressreleases\/forslag-till-forsakringskassan-for-okad-trygghet-och-integritet-i-personlig-assistans\/#breadcrumb","itemListElement":[{"@type":"ListItem","position":1,"name":"JAG start","item":"https:\/\/jag.se"},{"@type":"ListItem","position":2,"name":"Riksf\u00f6reningen JAG","item":"https:\/\/jag.se\/opinion\/"},{"@type":"ListItem","position":3,"name":"Pressmeddelanden","item":"https:\/\/jag.se\/opinion\/pressreleases\/"},{"@type":"ListItem","position":4,"name":"F\u00f6rslag till F\u00f6rs\u00e4kringskassan f\u00f6r \u00f6kad trygghet och integritet i personlig assistans"}]},{"@type":"WebSite","@id":"https:\/\/jag.se\/opinion\/#website","url":"https:\/\/jag.se\/opinion\/","name":"JAG Opinion","description":"","potentialAction":[{"@type":"SearchAction","target":{"@type":"EntryPoint","urlTemplate":"https:\/\/jag.se\/opinion\/?s={search_term_string}"},"query-input":"required name=search_term_string"}],"inLanguage":"sv-SE"}]}},"_links":{"self":[{"href":"https:\/\/jag.se\/opinion\/wp-json\/wp\/v2\/pressreleases\/27906","targetHints":{"allow":["GET"]}}],"collection":[{"href":"https:\/\/jag.se\/opinion\/wp-json\/wp\/v2\/pressreleases"}],"about":[{"href":"https:\/\/jag.se\/opinion\/wp-json\/wp\/v2\/types\/pressreleases"}],"wp:featuredmedia":[{"embeddable":true,"href":"https:\/\/jag.se\/opinion\/wp-json\/wp\/v2\/media\/27907"}],"wp:attachment":[{"href":"https:\/\/jag.se\/opinion\/wp-json\/wp\/v2\/media?parent=27906"}],"curies":[{"name":"wp","href":"https:\/\/api.w.org\/{rel}","templated":true}]}}