{"id":27908,"date":"2023-09-20T06:46:00","date_gmt":"2023-09-20T04:46:00","guid":{"rendered":"https:\/\/jag.se\/opinion\/pressreleases\/regeringen-fortsatter-urholka-frihetsreform\/"},"modified":"2023-09-20T06:46:00","modified_gmt":"2023-09-20T04:46:00","slug":"regeringen-fortsatter-urholka-frihetsreform","status":"publish","type":"pressreleases","link":"https:\/\/jag.se\/opinion\/pressreleases\/regeringen-fortsatter-urholka-frihetsreform\/","title":{"rendered":"Regeringen forts\u00e4tter urholka frihetsreform"},"content":{"rendered":"<p>Sveriges regeringar har under det senaste decenniet, med allt f\u00f6r l\u00e5ga \u00e5rliga uppr\u00e4kningar, bidragit till en djup ekonomisk urholkning av assistansers\u00e4ttningen. Schablonbeloppet har halkat l\u00e5ngt efter l\u00f6ne\u00f6kningar och inflation.<\/p>\n<p>M\u00e4rket f\u00f6r l\u00f6ne\u00f6kningarna f\u00f6r de kommande tv\u00e5 \u00e5ren ligger p\u00e5 7,4 procent. Med en h\u00f6jning av ers\u00e4ttningen p\u00e5 endast 2,5 procent g\u00e5r kalkylen inte ihop. Hur ska vi assistansanv\u00e4ndare kunna f\u00e5 en assistans med kvalitet fram\u00f6ver?<\/p>\n<p>Av assistansers\u00e4ttningen, idag 324:50 kr per beviljad assistanstimme, g\u00e5r drygt 90 procent till l\u00f6nerelaterade kostnader. Men pengen ska ocks\u00e5 r\u00e4cka till kostnader f\u00f6r bland annat rekrytering, introduktion av nyanst\u00e4llda, handledning, utbildning, f\u00f6rs\u00e4kringar, personalomkostnader och administration mm.<\/p>\n<p>Urholkningen har gjort att pengen inte l\u00e4ngre r\u00e4cker. Vi beh\u00f6ver kunna hitta nya assistenter, och redan idag \u00e4r det extremt sv\u00e5rt att rekrytera. N\u00e4r det sen inte finns pengar till handledning och fortbildning av assistenter och arbetsledare blir det ocks\u00e5 v\u00e4ldigt sv\u00e5rt att beh\u00e5lla v\u00e5ra duktiga assistenter. Och kan vi inte utbilda assistenter s\u00e5 f\u00e5r vi inte den h\u00f6ga s\u00e4kerhet i assistansen som kr\u00e4vs f\u00f6r att leva upp till reformens intention. Vi med st\u00f6rst och mest kvalificerade behov i v\u00e5r assistans drabbas f\u00f6rst\u00e5s h\u00e5rdast.<\/p>\n<p>Finns inte pengar till dessa grundl\u00e4ggande faktorer s\u00e5 \u00e5terst\u00e5r till slut bara ett alternativ. Vi m\u00e5ste v\u00e4nda oss till kommunerna och l\u00e5ta dem anordna v\u00e5r assistans. Allts\u00e5 en tv\u00e5ngskommunalisering ist\u00e4llet f\u00f6r den valfrihet och det sj\u00e4lvbest\u00e4mmande som var reformens honn\u00f6rsord. \u00c4r det regeringens plan? Ska vi tvingas l\u00e4gga ner v\u00e5rt eget brukarkooperativ som snart firar 30 \u00e5r?<\/p>\n<p>Vi ser ocks\u00e5 en skr\u00e4mmande risk att n\u00e4r seri\u00f6sa privata anordnare som vi sl\u00e5s ut \u00f6ppnas d\u00f6rren f\u00f6r fler oseri\u00f6sa. M\u00f6rka krafter riskerar att ta \u00f6ver.<\/p>\n<p>Assistansreformen, har givit flera tusen m\u00e4nniskor med stora funktionsneds\u00e4ttningar m\u00f6jlighet till ett liv som andra, i frihet och delaktighet i samh\u00e4llet. Regeringen har tagit ett litet steg p\u00e5 r\u00e4tt v\u00e4g. Men assistansers\u00e4ttningen beh\u00f6ver fortfarande h\u00f6jas upp ordentligt till dagens l\u00f6ne- och inflationsniv\u00e5. Och d\u00e4refter beh\u00f6vs en indexering av assistansers\u00e4ttningen med en automatisk uppr\u00e4kning. Det \u00e4r inte rimligt att vi och v\u00e5ra assistenter varje \u00e5r ska beh\u00f6va st\u00e5 med m\u00f6ssan i hand och b\u00f6na och be om rimliga villkor. Regeringen m\u00e5ste visa att de tar ansvar f\u00f6r en livsviktig frihetsreform.<\/p>\n<p>\u2013 R\u00e4tten till statlig personlig assistans \u00e4r ingenting v\u00e4rd om finansieringen inte finns, s\u00e4ger Magnus And\u00e9n, ordf\u00f6rande i Riksf\u00f6reningen JAG, med st\u00f6d av god man Cecilia Blanck.<\/p>\n","protected":false},"featured_media":27909,"template":"","class_list":["post-27908","pressreleases","type-pressreleases","status-publish","has-post-thumbnail","hentry"],"acf":[],"yoast_head":"<!-- This site is optimized with the Yoast SEO plugin v21.3 - https:\/\/yoast.com\/wordpress\/plugins\/seo\/ -->\n<title>Regeringen forts\u00e4tter urholka frihetsreform - JAG Opinion<\/title>\n<meta name=\"robots\" content=\"index, follow, max-snippet:-1, max-image-preview:large, max-video-preview:-1\" \/>\n<link rel=\"canonical\" href=\"https:\/\/jag.se\/opinion\/pressreleases\/regeringen-fortsatter-urholka-frihetsreform\/\" \/>\n<meta property=\"og:locale\" content=\"sv_SE\" \/>\n<meta property=\"og:type\" content=\"article\" \/>\n<meta property=\"og:title\" content=\"Regeringen forts\u00e4tter urholka frihetsreform - JAG Opinion\" \/>\n<meta property=\"og:description\" content=\"Sveriges regeringar har under det senaste decenniet, med allt f\u00f6r l\u00e5ga \u00e5rliga uppr\u00e4kningar, bidragit till en djup ekonomisk urholkning av assistansers\u00e4ttningen. Schablonbeloppet har halkat l\u00e5ngt efter l\u00f6ne\u00f6kningar och inflation. M\u00e4rket f\u00f6r l\u00f6ne\u00f6kningarna f\u00f6r de kommande tv\u00e5 \u00e5ren ligger p\u00e5 7,4 procent. Med en h\u00f6jning av ers\u00e4ttningen p\u00e5 endast 2,5 procent g\u00e5r kalkylen inte ihop. Hur\" \/>\n<meta property=\"og:url\" content=\"https:\/\/jag.se\/opinion\/pressreleases\/regeringen-fortsatter-urholka-frihetsreform\/\" \/>\n<meta property=\"og:site_name\" content=\"JAG Opinion\" \/>\n<meta property=\"og:image\" content=\"https:\/\/jag.se\/opinion\/wp-content\/uploads\/sites\/3\/2023\/09\/8ef38527d1f8bbd2_org-10.jpg\" \/>\n\t<meta property=\"og:image:width\" content=\"425\" \/>\n\t<meta property=\"og:image:height\" content=\"393\" \/>\n\t<meta property=\"og:image:type\" content=\"image\/jpeg\" \/>\n<meta name=\"twitter:card\" content=\"summary_large_image\" \/>\n<meta name=\"twitter:label1\" content=\"Ber\u00e4knad l\u00e4stid\" \/>\n\t<meta name=\"twitter:data1\" content=\"2 minuter\" \/>\n<script type=\"application\/ld+json\" class=\"yoast-schema-graph\">{\"@context\":\"https:\/\/schema.org\",\"@graph\":[{\"@type\":\"WebPage\",\"@id\":\"https:\/\/jag.se\/opinion\/pressreleases\/regeringen-fortsatter-urholka-frihetsreform\/\",\"url\":\"https:\/\/jag.se\/opinion\/pressreleases\/regeringen-fortsatter-urholka-frihetsreform\/\",\"name\":\"Regeringen forts\u00e4tter urholka frihetsreform - JAG Opinion\",\"isPartOf\":{\"@id\":\"https:\/\/jag.se\/opinion\/#website\"},\"datePublished\":\"2023-09-20T04:46:00+00:00\",\"dateModified\":\"2023-09-20T04:46:00+00:00\",\"breadcrumb\":{\"@id\":\"https:\/\/jag.se\/opinion\/pressreleases\/regeringen-fortsatter-urholka-frihetsreform\/#breadcrumb\"},\"inLanguage\":\"sv-SE\",\"potentialAction\":[{\"@type\":\"ReadAction\",\"target\":[\"https:\/\/jag.se\/opinion\/pressreleases\/regeringen-fortsatter-urholka-frihetsreform\/\"]}]},{\"@type\":\"BreadcrumbList\",\"@id\":\"https:\/\/jag.se\/opinion\/pressreleases\/regeringen-fortsatter-urholka-frihetsreform\/#breadcrumb\",\"itemListElement\":[{\"@type\":\"ListItem\",\"position\":1,\"name\":\"JAG start\",\"item\":\"https:\/\/jag.se\"},{\"@type\":\"ListItem\",\"position\":2,\"name\":\"Riksf\u00f6reningen JAG\",\"item\":\"https:\/\/jag.se\/opinion\/\"},{\"@type\":\"ListItem\",\"position\":3,\"name\":\"Pressmeddelanden\",\"item\":\"https:\/\/jag.se\/opinion\/pressreleases\/\"},{\"@type\":\"ListItem\",\"position\":4,\"name\":\"Regeringen forts\u00e4tter urholka frihetsreform\"}]},{\"@type\":\"WebSite\",\"@id\":\"https:\/\/jag.se\/opinion\/#website\",\"url\":\"https:\/\/jag.se\/opinion\/\",\"name\":\"JAG Opinion\",\"description\":\"\",\"potentialAction\":[{\"@type\":\"SearchAction\",\"target\":{\"@type\":\"EntryPoint\",\"urlTemplate\":\"https:\/\/jag.se\/opinion\/?s={search_term_string}\"},\"query-input\":\"required name=search_term_string\"}],\"inLanguage\":\"sv-SE\"}]}<\/script>\n<!-- \/ Yoast SEO plugin. -->","yoast_head_json":{"title":"Regeringen forts\u00e4tter urholka frihetsreform - JAG Opinion","robots":{"index":"index","follow":"follow","max-snippet":"max-snippet:-1","max-image-preview":"max-image-preview:large","max-video-preview":"max-video-preview:-1"},"canonical":"https:\/\/jag.se\/opinion\/pressreleases\/regeringen-fortsatter-urholka-frihetsreform\/","og_locale":"sv_SE","og_type":"article","og_title":"Regeringen forts\u00e4tter urholka frihetsreform - JAG Opinion","og_description":"Sveriges regeringar har under det senaste decenniet, med allt f\u00f6r l\u00e5ga \u00e5rliga uppr\u00e4kningar, bidragit till en djup ekonomisk urholkning av assistansers\u00e4ttningen. Schablonbeloppet har halkat l\u00e5ngt efter l\u00f6ne\u00f6kningar och inflation. M\u00e4rket f\u00f6r l\u00f6ne\u00f6kningarna f\u00f6r de kommande tv\u00e5 \u00e5ren ligger p\u00e5 7,4 procent. Med en h\u00f6jning av ers\u00e4ttningen p\u00e5 endast 2,5 procent g\u00e5r kalkylen inte ihop. Hur","og_url":"https:\/\/jag.se\/opinion\/pressreleases\/regeringen-fortsatter-urholka-frihetsreform\/","og_site_name":"JAG Opinion","og_image":[{"width":425,"height":393,"url":"https:\/\/jag.se\/opinion\/wp-content\/uploads\/sites\/3\/2023\/09\/8ef38527d1f8bbd2_org-10.jpg","type":"image\/jpeg"}],"twitter_card":"summary_large_image","twitter_misc":{"Ber\u00e4knad l\u00e4stid":"2 minuter"},"schema":{"@context":"https:\/\/schema.org","@graph":[{"@type":"WebPage","@id":"https:\/\/jag.se\/opinion\/pressreleases\/regeringen-fortsatter-urholka-frihetsreform\/","url":"https:\/\/jag.se\/opinion\/pressreleases\/regeringen-fortsatter-urholka-frihetsreform\/","name":"Regeringen forts\u00e4tter urholka frihetsreform - JAG Opinion","isPartOf":{"@id":"https:\/\/jag.se\/opinion\/#website"},"datePublished":"2023-09-20T04:46:00+00:00","dateModified":"2023-09-20T04:46:00+00:00","breadcrumb":{"@id":"https:\/\/jag.se\/opinion\/pressreleases\/regeringen-fortsatter-urholka-frihetsreform\/#breadcrumb"},"inLanguage":"sv-SE","potentialAction":[{"@type":"ReadAction","target":["https:\/\/jag.se\/opinion\/pressreleases\/regeringen-fortsatter-urholka-frihetsreform\/"]}]},{"@type":"BreadcrumbList","@id":"https:\/\/jag.se\/opinion\/pressreleases\/regeringen-fortsatter-urholka-frihetsreform\/#breadcrumb","itemListElement":[{"@type":"ListItem","position":1,"name":"JAG start","item":"https:\/\/jag.se"},{"@type":"ListItem","position":2,"name":"Riksf\u00f6reningen JAG","item":"https:\/\/jag.se\/opinion\/"},{"@type":"ListItem","position":3,"name":"Pressmeddelanden","item":"https:\/\/jag.se\/opinion\/pressreleases\/"},{"@type":"ListItem","position":4,"name":"Regeringen forts\u00e4tter urholka frihetsreform"}]},{"@type":"WebSite","@id":"https:\/\/jag.se\/opinion\/#website","url":"https:\/\/jag.se\/opinion\/","name":"JAG Opinion","description":"","potentialAction":[{"@type":"SearchAction","target":{"@type":"EntryPoint","urlTemplate":"https:\/\/jag.se\/opinion\/?s={search_term_string}"},"query-input":"required name=search_term_string"}],"inLanguage":"sv-SE"}]}},"_links":{"self":[{"href":"https:\/\/jag.se\/opinion\/wp-json\/wp\/v2\/pressreleases\/27908","targetHints":{"allow":["GET"]}}],"collection":[{"href":"https:\/\/jag.se\/opinion\/wp-json\/wp\/v2\/pressreleases"}],"about":[{"href":"https:\/\/jag.se\/opinion\/wp-json\/wp\/v2\/types\/pressreleases"}],"wp:featuredmedia":[{"embeddable":true,"href":"https:\/\/jag.se\/opinion\/wp-json\/wp\/v2\/media\/27909"}],"wp:attachment":[{"href":"https:\/\/jag.se\/opinion\/wp-json\/wp\/v2\/media?parent=27908"}],"curies":[{"name":"wp","href":"https:\/\/api.w.org\/{rel}","templated":true}]}}