{"id":27910,"date":"2023-08-29T05:10:00","date_gmt":"2023-08-29T03:10:00","guid":{"rendered":"https:\/\/jag.se\/opinion\/pressreleases\/karnevalsparad-genom-stockholm-for-hotad-frihetsreform\/"},"modified":"2023-08-29T05:10:00","modified_gmt":"2023-08-29T03:10:00","slug":"karnevalsparad-genom-stockholm-for-hotad-frihetsreform","status":"publish","type":"pressreleases","link":"https:\/\/jag.se\/opinion\/pressreleases\/karnevalsparad-genom-stockholm-for-hotad-frihetsreform\/","title":{"rendered":"Karnevalsparad genom Stockholm f\u00f6r hotad frihetsreform"},"content":{"rendered":"<p>Sveriges regeringar har under snart ett decennium l\u00e5tit assistansers\u00e4ttningen halka efter b\u00e5de l\u00f6neutveckling och inflation.<\/p>\n<p>M\u00e4rket f\u00f6r l\u00f6ne\u00f6kningar ligger p\u00e5 4 procent f\u00f6r 2024. Assistansers\u00e4ttningen har det senaste decenniet haft en \u00e5rlig uppr\u00e4kning p\u00e5 1,5 procent, med marginella undantag. Denna om\u00f6jliga ekvation leder till att den personliga assistansen\u00a0urholkas och inom en snar framtid blir det n\u00e4st intill om\u00f6jligt att erh\u00e5lla en kvalitativ och s\u00e4ker assistans. Det blir sv\u00e5rare och sv\u00e5rare att rekrytera personliga assistenter och pengen r\u00e4cker knappt till f\u00f6r bland annat handledning, introduktion och fortbildning. L\u00e4get \u00e4r akut nu.<\/p>\n<p>\u2013 I tider n\u00e4r v\u00e5r livsviktiga assistans hotas av en allt f\u00f6r l\u00e5g uppr\u00e4kning av ers\u00e4ttningen \u00e4r det extra viktigt att synas och g\u00f6ra sin r\u00f6st h\u00f6rd f\u00f6r allas r\u00e4tt till ett liv i frihet och delaktighet i samh\u00e4llet, s\u00e4ger Magnus And\u00e9n, ordf\u00f6rande i Riksf\u00f6reningen JAG genom god man Cecilia Blanck.<\/p>\n<p>Magnus And\u00e9n och riksdagspolitikerna Anna Starbrink (L) och Samuel Gonzalez Westling (V) h\u00e5ller tal p\u00e5 Raoul Wallenbergs torg. Balkanbandet S\u00fcperstar Orkestar st\u00e5r f\u00f6r musiken under paraden.<\/p>\n<p>Paraden b\u00f6rjar utanf\u00f6r JAGs kansli och g\u00e5r till Raoul Wallenbergs torg vid Nybroplan.<\/p>\n<p>14.30: Samling vid JAGs kansli, Klara S\u00f6dra kyrkogata 1 i Stockholm<br \/>\n15.00: Karnevalsparaden g\u00e5r till Raoul Wallenbergs torg.<br \/>\n15.30:\u00a0Musik och tal p\u00e5 Raoul Wallenbergs torg fram till ca kl 16:15<\/p>\n<p>Varmt v\u00e4lkommen att delta!<\/p>\n","protected":false},"featured_media":27911,"template":"","class_list":["post-27910","pressreleases","type-pressreleases","status-publish","has-post-thumbnail","hentry"],"acf":[],"yoast_head":"<!-- This site is optimized with the Yoast SEO plugin v21.3 - https:\/\/yoast.com\/wordpress\/plugins\/seo\/ -->\n<title>Karnevalsparad genom Stockholm f\u00f6r hotad frihetsreform - JAG Opinion<\/title>\n<meta name=\"robots\" content=\"index, follow, max-snippet:-1, max-image-preview:large, max-video-preview:-1\" \/>\n<link rel=\"canonical\" href=\"https:\/\/jag.se\/opinion\/pressreleases\/karnevalsparad-genom-stockholm-for-hotad-frihetsreform\/\" \/>\n<meta property=\"og:locale\" content=\"sv_SE\" \/>\n<meta property=\"og:type\" content=\"article\" \/>\n<meta property=\"og:title\" content=\"Karnevalsparad genom Stockholm f\u00f6r hotad frihetsreform - JAG Opinion\" \/>\n<meta property=\"og:description\" content=\"Sveriges regeringar har under snart ett decennium l\u00e5tit assistansers\u00e4ttningen halka efter b\u00e5de l\u00f6neutveckling och inflation. M\u00e4rket f\u00f6r l\u00f6ne\u00f6kningar ligger p\u00e5 4 procent f\u00f6r 2024. Assistansers\u00e4ttningen har det senaste decenniet haft en \u00e5rlig uppr\u00e4kning p\u00e5 1,5 procent, med marginella undantag. Denna om\u00f6jliga ekvation leder till att den personliga assistansen\u00a0urholkas och inom en snar framtid blir det\" \/>\n<meta property=\"og:url\" content=\"https:\/\/jag.se\/opinion\/pressreleases\/karnevalsparad-genom-stockholm-for-hotad-frihetsreform\/\" \/>\n<meta property=\"og:site_name\" content=\"JAG Opinion\" \/>\n<meta property=\"og:image\" content=\"https:\/\/jag.se\/opinion\/wp-content\/uploads\/sites\/3\/2023\/08\/bf1762a1c66b5345_org-10-scaled.jpg\" \/>\n\t<meta property=\"og:image:width\" content=\"2560\" \/>\n\t<meta property=\"og:image:height\" content=\"1920\" \/>\n\t<meta property=\"og:image:type\" content=\"image\/jpeg\" \/>\n<meta name=\"twitter:card\" content=\"summary_large_image\" \/>\n<meta name=\"twitter:label1\" content=\"Ber\u00e4knad l\u00e4stid\" \/>\n\t<meta name=\"twitter:data1\" content=\"1 minut\" \/>\n<script type=\"application\/ld+json\" class=\"yoast-schema-graph\">{\"@context\":\"https:\/\/schema.org\",\"@graph\":[{\"@type\":\"WebPage\",\"@id\":\"https:\/\/jag.se\/opinion\/pressreleases\/karnevalsparad-genom-stockholm-for-hotad-frihetsreform\/\",\"url\":\"https:\/\/jag.se\/opinion\/pressreleases\/karnevalsparad-genom-stockholm-for-hotad-frihetsreform\/\",\"name\":\"Karnevalsparad genom Stockholm f\u00f6r hotad frihetsreform - JAG Opinion\",\"isPartOf\":{\"@id\":\"https:\/\/jag.se\/opinion\/#website\"},\"datePublished\":\"2023-08-29T03:10:00+00:00\",\"dateModified\":\"2023-08-29T03:10:00+00:00\",\"breadcrumb\":{\"@id\":\"https:\/\/jag.se\/opinion\/pressreleases\/karnevalsparad-genom-stockholm-for-hotad-frihetsreform\/#breadcrumb\"},\"inLanguage\":\"sv-SE\",\"potentialAction\":[{\"@type\":\"ReadAction\",\"target\":[\"https:\/\/jag.se\/opinion\/pressreleases\/karnevalsparad-genom-stockholm-for-hotad-frihetsreform\/\"]}]},{\"@type\":\"BreadcrumbList\",\"@id\":\"https:\/\/jag.se\/opinion\/pressreleases\/karnevalsparad-genom-stockholm-for-hotad-frihetsreform\/#breadcrumb\",\"itemListElement\":[{\"@type\":\"ListItem\",\"position\":1,\"name\":\"JAG start\",\"item\":\"https:\/\/jag.se\"},{\"@type\":\"ListItem\",\"position\":2,\"name\":\"Riksf\u00f6reningen JAG\",\"item\":\"https:\/\/jag.se\/opinion\/\"},{\"@type\":\"ListItem\",\"position\":3,\"name\":\"Pressmeddelanden\",\"item\":\"https:\/\/jag.se\/opinion\/pressreleases\/\"},{\"@type\":\"ListItem\",\"position\":4,\"name\":\"Karnevalsparad genom Stockholm f\u00f6r hotad frihetsreform\"}]},{\"@type\":\"WebSite\",\"@id\":\"https:\/\/jag.se\/opinion\/#website\",\"url\":\"https:\/\/jag.se\/opinion\/\",\"name\":\"JAG Opinion\",\"description\":\"\",\"potentialAction\":[{\"@type\":\"SearchAction\",\"target\":{\"@type\":\"EntryPoint\",\"urlTemplate\":\"https:\/\/jag.se\/opinion\/?s={search_term_string}\"},\"query-input\":\"required name=search_term_string\"}],\"inLanguage\":\"sv-SE\"}]}<\/script>\n<!-- \/ Yoast SEO plugin. -->","yoast_head_json":{"title":"Karnevalsparad genom Stockholm f\u00f6r hotad frihetsreform - JAG Opinion","robots":{"index":"index","follow":"follow","max-snippet":"max-snippet:-1","max-image-preview":"max-image-preview:large","max-video-preview":"max-video-preview:-1"},"canonical":"https:\/\/jag.se\/opinion\/pressreleases\/karnevalsparad-genom-stockholm-for-hotad-frihetsreform\/","og_locale":"sv_SE","og_type":"article","og_title":"Karnevalsparad genom Stockholm f\u00f6r hotad frihetsreform - JAG Opinion","og_description":"Sveriges regeringar har under snart ett decennium l\u00e5tit assistansers\u00e4ttningen halka efter b\u00e5de l\u00f6neutveckling och inflation. M\u00e4rket f\u00f6r l\u00f6ne\u00f6kningar ligger p\u00e5 4 procent f\u00f6r 2024. Assistansers\u00e4ttningen har det senaste decenniet haft en \u00e5rlig uppr\u00e4kning p\u00e5 1,5 procent, med marginella undantag. Denna om\u00f6jliga ekvation leder till att den personliga assistansen\u00a0urholkas och inom en snar framtid blir det","og_url":"https:\/\/jag.se\/opinion\/pressreleases\/karnevalsparad-genom-stockholm-for-hotad-frihetsreform\/","og_site_name":"JAG Opinion","og_image":[{"width":2560,"height":1920,"url":"https:\/\/jag.se\/opinion\/wp-content\/uploads\/sites\/3\/2023\/08\/bf1762a1c66b5345_org-10-scaled.jpg","type":"image\/jpeg"}],"twitter_card":"summary_large_image","twitter_misc":{"Ber\u00e4knad l\u00e4stid":"1 minut"},"schema":{"@context":"https:\/\/schema.org","@graph":[{"@type":"WebPage","@id":"https:\/\/jag.se\/opinion\/pressreleases\/karnevalsparad-genom-stockholm-for-hotad-frihetsreform\/","url":"https:\/\/jag.se\/opinion\/pressreleases\/karnevalsparad-genom-stockholm-for-hotad-frihetsreform\/","name":"Karnevalsparad genom Stockholm f\u00f6r hotad frihetsreform - JAG Opinion","isPartOf":{"@id":"https:\/\/jag.se\/opinion\/#website"},"datePublished":"2023-08-29T03:10:00+00:00","dateModified":"2023-08-29T03:10:00+00:00","breadcrumb":{"@id":"https:\/\/jag.se\/opinion\/pressreleases\/karnevalsparad-genom-stockholm-for-hotad-frihetsreform\/#breadcrumb"},"inLanguage":"sv-SE","potentialAction":[{"@type":"ReadAction","target":["https:\/\/jag.se\/opinion\/pressreleases\/karnevalsparad-genom-stockholm-for-hotad-frihetsreform\/"]}]},{"@type":"BreadcrumbList","@id":"https:\/\/jag.se\/opinion\/pressreleases\/karnevalsparad-genom-stockholm-for-hotad-frihetsreform\/#breadcrumb","itemListElement":[{"@type":"ListItem","position":1,"name":"JAG start","item":"https:\/\/jag.se"},{"@type":"ListItem","position":2,"name":"Riksf\u00f6reningen JAG","item":"https:\/\/jag.se\/opinion\/"},{"@type":"ListItem","position":3,"name":"Pressmeddelanden","item":"https:\/\/jag.se\/opinion\/pressreleases\/"},{"@type":"ListItem","position":4,"name":"Karnevalsparad genom Stockholm f\u00f6r hotad frihetsreform"}]},{"@type":"WebSite","@id":"https:\/\/jag.se\/opinion\/#website","url":"https:\/\/jag.se\/opinion\/","name":"JAG Opinion","description":"","potentialAction":[{"@type":"SearchAction","target":{"@type":"EntryPoint","urlTemplate":"https:\/\/jag.se\/opinion\/?s={search_term_string}"},"query-input":"required name=search_term_string"}],"inLanguage":"sv-SE"}]}},"_links":{"self":[{"href":"https:\/\/jag.se\/opinion\/wp-json\/wp\/v2\/pressreleases\/27910","targetHints":{"allow":["GET"]}}],"collection":[{"href":"https:\/\/jag.se\/opinion\/wp-json\/wp\/v2\/pressreleases"}],"about":[{"href":"https:\/\/jag.se\/opinion\/wp-json\/wp\/v2\/types\/pressreleases"}],"wp:featuredmedia":[{"embeddable":true,"href":"https:\/\/jag.se\/opinion\/wp-json\/wp\/v2\/media\/27911"}],"wp:attachment":[{"href":"https:\/\/jag.se\/opinion\/wp-json\/wp\/v2\/media?parent=27910"}],"curies":[{"name":"wp","href":"https:\/\/api.w.org\/{rel}","templated":true}]}}