{"id":27912,"date":"2023-07-10T05:05:00","date_gmt":"2023-07-10T03:05:00","guid":{"rendered":"https:\/\/jag.se\/opinion\/pressreleases\/ska-11-ariga-ella-forsstrom-vaga-lita-pa-lss-reformen-starkt-ratt-till-assistans\/"},"modified":"2023-07-10T05:05:00","modified_gmt":"2023-07-10T03:05:00","slug":"ska-11-ariga-ella-forsstrom-vaga-lita-pa-lss-reformen-starkt-ratt-till-assistans","status":"publish","type":"pressreleases","link":"https:\/\/jag.se\/opinion\/pressreleases\/ska-11-ariga-ella-forsstrom-vaga-lita-pa-lss-reformen-starkt-ratt-till-assistans\/","title":{"rendered":"Ska 11-\u00e5riga Ella Forsstr\u00f6m v\u00e5ga lita p\u00e5 LSS-reformen St\u00e4rkt r\u00e4tt till assistans?"},"content":{"rendered":"<p>Ella Forsstr\u00f6m \u00e4r ett av kanske tusentals barn som i dag s\u00e4tter sitt hopp till den reformerade LSS-lagstiftningen \u201dSt\u00e4rkt r\u00e4tt till personlig assistans\u201d som b\u00f6rjade g\u00e4lla fr\u00e5n \u00e5rsskiftet. Lag\u00e4ndringen f\u00f6rv\u00e4ntades leda till att ca 900 fler barn f\u00e5r r\u00e4tt till personlig assistans.<\/p>\n<p>Ella har en intellektuell funktionsneds\u00e4ttning och autism sedan f\u00f6dseln och beh\u00f6ver st\u00f6d med s\u00e5 v\u00e4l grundl\u00e4ggande behov som att kommunicera, \u00e4ta, kl\u00e4 sig, sk\u00f6ta sin hygien som f\u00f6rebyggande, v\u00e4gledande och motiverande insatser.<\/p>\n<p>I tidigare ans\u00f6kningar om assistans till kommun och F\u00f6rs\u00e4kringskassa har hon f\u00e5tt avslag. Dessutom har besluten sett helt olika ut trots att de grundats p\u00e5 samma lagstiftning.<\/p>\n<p>I reportaget beskriver Ellas mamma, Tanja Forsstr\u00f6m, deras livssituation, turerna i ans\u00f6kan om assistans och hur hon ser p\u00e5 framtiden. Framf\u00f6r allt om tilltron till det nya schabloniserade f\u00f6r\u00e4ldraavdraget som ing\u00e5r i lag\u00e4ndringen.<\/p>\n<p>Det finns dock en stark oro. Riksf\u00f6reningen JAG ser en tendens att F\u00f6rs\u00e4kringskassan g\u00f6r det nya f\u00f6r\u00e4ldraavdraget efter att normalt f\u00f6r\u00e4ldraansvar redan dragits bort. Det inneb\u00e4r att avdrag f\u00f6r f\u00f6r\u00e4ldraansvaret g\u00f6rs tv\u00e5 g\u00e5nger och d\u00e4rmed blir det \u00e4nnu sv\u00e5rare f\u00f6r barn att f\u00e5 personlig assistans \u00e4n f\u00f6re lag\u00e4ndringen. Det nya f\u00f6r\u00e4ldraavdraget var enligt lagens intention ett schablonavdrag som skulle st\u00e4rka r\u00e4tten till assistans f\u00f6r barn med stora behov och minska r\u00e4ttsos\u00e4kerheten p\u00e5 grund av olika handl\u00e4ggares individuella bed\u00f6mningar. I st\u00e4llet visar utvecklingen p\u00e5 motsatsen. Tv\u00e4rt emot lagstiftarens intention.<\/p>\n<p>Ella och Tanja Forsstr\u00f6m v\u00e4ntar p\u00e5 beslut efter att den nya ans\u00f6kan skickats in under v\u00e5ren.<\/p>\n<p>\u2013 Jag hoppas, men som sagt det har varit m\u00e5nga \u00e5r av k\u00e4mpande att jag v\u00e5gar inte lita p\u00e5 n\u00e5gonting \u00e4n, s\u00e4ger Tanja.<\/p>\n<p>Se Bo \u00d6hl\u00e9ns reportage h\u00e4r.\u00a0(https:\/\/youtu.be\/lTixMBStPQU)<\/p>\n","protected":false},"featured_media":27913,"template":"","class_list":["post-27912","pressreleases","type-pressreleases","status-publish","has-post-thumbnail","hentry"],"acf":[],"yoast_head":"<!-- This site is optimized with the Yoast SEO plugin v21.3 - https:\/\/yoast.com\/wordpress\/plugins\/seo\/ -->\n<title>Ska 11-\u00e5riga Ella Forsstr\u00f6m v\u00e5ga lita p\u00e5 LSS-reformen St\u00e4rkt r\u00e4tt till assistans? - JAG Opinion<\/title>\n<meta name=\"robots\" content=\"index, follow, max-snippet:-1, max-image-preview:large, max-video-preview:-1\" \/>\n<link rel=\"canonical\" href=\"https:\/\/jag.se\/opinion\/pressreleases\/ska-11-ariga-ella-forsstrom-vaga-lita-pa-lss-reformen-starkt-ratt-till-assistans\/\" \/>\n<meta property=\"og:locale\" content=\"sv_SE\" \/>\n<meta property=\"og:type\" content=\"article\" \/>\n<meta property=\"og:title\" content=\"Ska 11-\u00e5riga Ella Forsstr\u00f6m v\u00e5ga lita p\u00e5 LSS-reformen St\u00e4rkt r\u00e4tt till assistans? - JAG Opinion\" \/>\n<meta property=\"og:description\" content=\"Ella Forsstr\u00f6m \u00e4r ett av kanske tusentals barn som i dag s\u00e4tter sitt hopp till den reformerade LSS-lagstiftningen \u201dSt\u00e4rkt r\u00e4tt till personlig assistans\u201d som b\u00f6rjade g\u00e4lla fr\u00e5n \u00e5rsskiftet. Lag\u00e4ndringen f\u00f6rv\u00e4ntades leda till att ca 900 fler barn f\u00e5r r\u00e4tt till personlig assistans. Ella har en intellektuell funktionsneds\u00e4ttning och autism sedan f\u00f6dseln och beh\u00f6ver st\u00f6d med\" \/>\n<meta property=\"og:url\" content=\"https:\/\/jag.se\/opinion\/pressreleases\/ska-11-ariga-ella-forsstrom-vaga-lita-pa-lss-reformen-starkt-ratt-till-assistans\/\" \/>\n<meta property=\"og:site_name\" content=\"JAG Opinion\" \/>\n<meta property=\"og:image\" content=\"https:\/\/jag.se\/opinion\/wp-content\/uploads\/sites\/3\/2023\/07\/b232bb881b018ec2_org-9.jpg\" \/>\n\t<meta property=\"og:image:width\" content=\"1567\" \/>\n\t<meta property=\"og:image:height\" content=\"931\" \/>\n\t<meta property=\"og:image:type\" content=\"image\/jpeg\" \/>\n<meta name=\"twitter:card\" content=\"summary_large_image\" \/>\n<meta name=\"twitter:label1\" content=\"Ber\u00e4knad l\u00e4stid\" \/>\n\t<meta name=\"twitter:data1\" content=\"2 minuter\" \/>\n<script type=\"application\/ld+json\" class=\"yoast-schema-graph\">{\"@context\":\"https:\/\/schema.org\",\"@graph\":[{\"@type\":\"WebPage\",\"@id\":\"https:\/\/jag.se\/opinion\/pressreleases\/ska-11-ariga-ella-forsstrom-vaga-lita-pa-lss-reformen-starkt-ratt-till-assistans\/\",\"url\":\"https:\/\/jag.se\/opinion\/pressreleases\/ska-11-ariga-ella-forsstrom-vaga-lita-pa-lss-reformen-starkt-ratt-till-assistans\/\",\"name\":\"Ska 11-\u00e5riga Ella Forsstr\u00f6m v\u00e5ga lita p\u00e5 LSS-reformen St\u00e4rkt r\u00e4tt till assistans? - JAG Opinion\",\"isPartOf\":{\"@id\":\"https:\/\/jag.se\/opinion\/#website\"},\"datePublished\":\"2023-07-10T03:05:00+00:00\",\"dateModified\":\"2023-07-10T03:05:00+00:00\",\"breadcrumb\":{\"@id\":\"https:\/\/jag.se\/opinion\/pressreleases\/ska-11-ariga-ella-forsstrom-vaga-lita-pa-lss-reformen-starkt-ratt-till-assistans\/#breadcrumb\"},\"inLanguage\":\"sv-SE\",\"potentialAction\":[{\"@type\":\"ReadAction\",\"target\":[\"https:\/\/jag.se\/opinion\/pressreleases\/ska-11-ariga-ella-forsstrom-vaga-lita-pa-lss-reformen-starkt-ratt-till-assistans\/\"]}]},{\"@type\":\"BreadcrumbList\",\"@id\":\"https:\/\/jag.se\/opinion\/pressreleases\/ska-11-ariga-ella-forsstrom-vaga-lita-pa-lss-reformen-starkt-ratt-till-assistans\/#breadcrumb\",\"itemListElement\":[{\"@type\":\"ListItem\",\"position\":1,\"name\":\"JAG start\",\"item\":\"https:\/\/jag.se\"},{\"@type\":\"ListItem\",\"position\":2,\"name\":\"Riksf\u00f6reningen JAG\",\"item\":\"https:\/\/jag.se\/opinion\/\"},{\"@type\":\"ListItem\",\"position\":3,\"name\":\"Pressmeddelanden\",\"item\":\"https:\/\/jag.se\/opinion\/pressreleases\/\"},{\"@type\":\"ListItem\",\"position\":4,\"name\":\"Ska 11-\u00e5riga Ella Forsstr\u00f6m v\u00e5ga lita p\u00e5 LSS-reformen St\u00e4rkt r\u00e4tt till assistans?\"}]},{\"@type\":\"WebSite\",\"@id\":\"https:\/\/jag.se\/opinion\/#website\",\"url\":\"https:\/\/jag.se\/opinion\/\",\"name\":\"JAG Opinion\",\"description\":\"\",\"potentialAction\":[{\"@type\":\"SearchAction\",\"target\":{\"@type\":\"EntryPoint\",\"urlTemplate\":\"https:\/\/jag.se\/opinion\/?s={search_term_string}\"},\"query-input\":\"required name=search_term_string\"}],\"inLanguage\":\"sv-SE\"}]}<\/script>\n<!-- \/ Yoast SEO plugin. -->","yoast_head_json":{"title":"Ska 11-\u00e5riga Ella Forsstr\u00f6m v\u00e5ga lita p\u00e5 LSS-reformen St\u00e4rkt r\u00e4tt till assistans? - JAG Opinion","robots":{"index":"index","follow":"follow","max-snippet":"max-snippet:-1","max-image-preview":"max-image-preview:large","max-video-preview":"max-video-preview:-1"},"canonical":"https:\/\/jag.se\/opinion\/pressreleases\/ska-11-ariga-ella-forsstrom-vaga-lita-pa-lss-reformen-starkt-ratt-till-assistans\/","og_locale":"sv_SE","og_type":"article","og_title":"Ska 11-\u00e5riga Ella Forsstr\u00f6m v\u00e5ga lita p\u00e5 LSS-reformen St\u00e4rkt r\u00e4tt till assistans? - JAG Opinion","og_description":"Ella Forsstr\u00f6m \u00e4r ett av kanske tusentals barn som i dag s\u00e4tter sitt hopp till den reformerade LSS-lagstiftningen \u201dSt\u00e4rkt r\u00e4tt till personlig assistans\u201d som b\u00f6rjade g\u00e4lla fr\u00e5n \u00e5rsskiftet. Lag\u00e4ndringen f\u00f6rv\u00e4ntades leda till att ca 900 fler barn f\u00e5r r\u00e4tt till personlig assistans. Ella har en intellektuell funktionsneds\u00e4ttning och autism sedan f\u00f6dseln och beh\u00f6ver st\u00f6d med","og_url":"https:\/\/jag.se\/opinion\/pressreleases\/ska-11-ariga-ella-forsstrom-vaga-lita-pa-lss-reformen-starkt-ratt-till-assistans\/","og_site_name":"JAG Opinion","og_image":[{"width":1567,"height":931,"url":"https:\/\/jag.se\/opinion\/wp-content\/uploads\/sites\/3\/2023\/07\/b232bb881b018ec2_org-9.jpg","type":"image\/jpeg"}],"twitter_card":"summary_large_image","twitter_misc":{"Ber\u00e4knad l\u00e4stid":"2 minuter"},"schema":{"@context":"https:\/\/schema.org","@graph":[{"@type":"WebPage","@id":"https:\/\/jag.se\/opinion\/pressreleases\/ska-11-ariga-ella-forsstrom-vaga-lita-pa-lss-reformen-starkt-ratt-till-assistans\/","url":"https:\/\/jag.se\/opinion\/pressreleases\/ska-11-ariga-ella-forsstrom-vaga-lita-pa-lss-reformen-starkt-ratt-till-assistans\/","name":"Ska 11-\u00e5riga Ella Forsstr\u00f6m v\u00e5ga lita p\u00e5 LSS-reformen St\u00e4rkt r\u00e4tt till assistans? - JAG Opinion","isPartOf":{"@id":"https:\/\/jag.se\/opinion\/#website"},"datePublished":"2023-07-10T03:05:00+00:00","dateModified":"2023-07-10T03:05:00+00:00","breadcrumb":{"@id":"https:\/\/jag.se\/opinion\/pressreleases\/ska-11-ariga-ella-forsstrom-vaga-lita-pa-lss-reformen-starkt-ratt-till-assistans\/#breadcrumb"},"inLanguage":"sv-SE","potentialAction":[{"@type":"ReadAction","target":["https:\/\/jag.se\/opinion\/pressreleases\/ska-11-ariga-ella-forsstrom-vaga-lita-pa-lss-reformen-starkt-ratt-till-assistans\/"]}]},{"@type":"BreadcrumbList","@id":"https:\/\/jag.se\/opinion\/pressreleases\/ska-11-ariga-ella-forsstrom-vaga-lita-pa-lss-reformen-starkt-ratt-till-assistans\/#breadcrumb","itemListElement":[{"@type":"ListItem","position":1,"name":"JAG start","item":"https:\/\/jag.se"},{"@type":"ListItem","position":2,"name":"Riksf\u00f6reningen JAG","item":"https:\/\/jag.se\/opinion\/"},{"@type":"ListItem","position":3,"name":"Pressmeddelanden","item":"https:\/\/jag.se\/opinion\/pressreleases\/"},{"@type":"ListItem","position":4,"name":"Ska 11-\u00e5riga Ella Forsstr\u00f6m v\u00e5ga lita p\u00e5 LSS-reformen St\u00e4rkt r\u00e4tt till assistans?"}]},{"@type":"WebSite","@id":"https:\/\/jag.se\/opinion\/#website","url":"https:\/\/jag.se\/opinion\/","name":"JAG Opinion","description":"","potentialAction":[{"@type":"SearchAction","target":{"@type":"EntryPoint","urlTemplate":"https:\/\/jag.se\/opinion\/?s={search_term_string}"},"query-input":"required name=search_term_string"}],"inLanguage":"sv-SE"}]}},"_links":{"self":[{"href":"https:\/\/jag.se\/opinion\/wp-json\/wp\/v2\/pressreleases\/27912","targetHints":{"allow":["GET"]}}],"collection":[{"href":"https:\/\/jag.se\/opinion\/wp-json\/wp\/v2\/pressreleases"}],"about":[{"href":"https:\/\/jag.se\/opinion\/wp-json\/wp\/v2\/types\/pressreleases"}],"wp:featuredmedia":[{"embeddable":true,"href":"https:\/\/jag.se\/opinion\/wp-json\/wp\/v2\/media\/27913"}],"wp:attachment":[{"href":"https:\/\/jag.se\/opinion\/wp-json\/wp\/v2\/media?parent=27912"}],"curies":[{"name":"wp","href":"https:\/\/api.w.org\/{rel}","templated":true}]}}