{"id":27914,"date":"2023-07-06T05:05:00","date_gmt":"2023-07-06T03:05:00","guid":{"rendered":"https:\/\/jag.se\/opinion\/pressreleases\/flera-eftertraktade-yh-utbildningar-inom-assistans-startar-till-hosten\/"},"modified":"2023-07-06T05:05:00","modified_gmt":"2023-07-06T03:05:00","slug":"flera-eftertraktade-yh-utbildningar-inom-assistans-startar-till-hosten","status":"publish","type":"pressreleases","link":"https:\/\/jag.se\/opinion\/pressreleases\/flera-eftertraktade-yh-utbildningar-inom-assistans-startar-till-hosten\/","title":{"rendered":"Flera eftertraktade YH-utbildningar inom assistans startar till h\u00f6sten"},"content":{"rendered":"<p>Trycket har varit stort p\u00e5 Assistansakademin sedan YH-utbildningen\u00a0f\u00f6r arbetsledare inom personlig assistans sj\u00f6sattes 2021. Med start i augusti 2023 ges en ny omg\u00e5ng av den popul\u00e4ra utbildningen samtidigt som tre helt nya utbildningar lanseras.<\/p>\n<p>  \u00b7 Arbetsledning inom personlig assistans (60 p)<br \/>\n  \u00b7 F\u00f6rebyggande st\u00f6d inom personlig assistans (20 p) NY!<br \/>\n  \u00b7 Kvalificerad omv\u00e5rdnad inom personlig assistans (20 p) NY!<br \/>\n  \u00b7 Personlig assistans till personer med nedsatt autonomi (20 p) NY!<\/p>\n<p>\u2013 Det har inte funnits n\u00e5gra liknande utbildningar inom den h\u00e4r branschen tidigare. Det finns ett stort behov av kompetensutveckling, och efterfr\u00e5gan \u00e4r enorm, s\u00e4ger Beth Bisaillon, som \u00e4r utbildningsledare.<\/p>\n<p>Assistansakademins yrkesh\u00f6gskoleutbildningar riktar sig till personer som idag arbetar som personlig assistent och vill f\u00f6rdjupa och bredda sin kompetens. Grunden f\u00f6r utbildningarna \u00e4r assistansanv\u00e4ndarens sj\u00e4lvbest\u00e4mmande och de olika utbildningarna ger kunskaper i bland annat ledarskap, etik och arbetsr\u00e4tt samt f\u00f6rebyggande pedagogiskt st\u00f6d, kommunikation och samspel. Utbildningarna genomf\u00f6rs i t\u00e4tt samarbete med arbetslivet, p\u00e5 distans och p\u00e5 deltid f\u00f6r att s\u00e5 l\u00e5ngt det g\u00e5r anpassas b\u00e5de till de studerandes och till arbetsgivarnas f\u00f6ruts\u00e4ttningar.\u00a0<\/p>\n<p>YH-utbildningarna \u00e4r ett resultat av ett samarbete mellan en rad olika assistansanordnare och kravet f\u00f6r s\u00f6kande \u00e4r minst sex m\u00e5nader sammanh\u00e5llen yrkeserfarenhet som personlig assistent och ett \u00e5rs yrkeserfarenhet som assistent f\u00f6r de som s\u00f6ker Arbetsledning inom personlig assistans.\u00a0Assistansakademien \u00e4r unika i detta sammanhang som utbildningsanordnare och utbildningarna f\u00f6rv\u00e4ntas h\u00f6ja kvaliteten p\u00e5 den personliga assistansen och st\u00e4rka studenternas roll p\u00e5 arbetsmarknaden.\u00a0<\/p>\n<p>Assistansakademins\u00a0samarbetspartners inom personlig assistans finns p\u00e5 flera platser i landet och\u00a0drivs av JAG Utbildning som \u00e4r ett hel\u00e4gt dotterbolag till den ideella f\u00f6reningen Brukarkooperativet JAG.<\/p>\n<p>Bambi Personlig assistans\u00a0(https:\/\/bambi.se\/verksamheter\/personlig-assistans\/)\u00a0\u2013 Stockholm<\/p>\n<p>Sydassistans AB\u00a0(https:\/\/www.sydassistans.se\/)\u00a0\u2013 Malm\u00f6<\/p>\n<p>N\u00e4ra AB\u00a0(https:\/\/nara.nu\/)\u00a0\u2013 Stockholm<\/p>\n<p>Tindra personlig assistans AB\u00a0(https:\/\/www.tindraassistans.se\/)\u00a0\u2013 Klippan<\/p>\n<p>A-Assistans Leimir AB\u00a0(https:\/\/a-assistans.se\/)\u00a0\u2013 Hudiksvall<\/p>\n<p>JAG Personlig assistans\u00a0(https:\/\/jag.se\/assistans\/)\u00a0\u2013 Stockholm<\/p>\n<p>SkaraborgsAssistans ek f\u00f6r\u00a0(https:\/\/www.skaraborgsassistans.com\/)\u00a0\u2013 Mariestad<\/p>\n<p>Konsensus Personlig assistans\u00a0(https:\/\/konsensus-assistans.se\/)\u00a0\u2013 G\u00f6teborg<\/p>\n<p>Assistans i Balans\u00a0(https:\/\/www.assistansibalans.se\/)\u00a0\u2013 Solna<\/p>\n<p>Din personliga assistans\u00a0(https:\/\/dinpa.se\/)\u00a0\u2013 Falk\u00f6ping<\/p>\n","protected":false},"featured_media":27915,"template":"","class_list":["post-27914","pressreleases","type-pressreleases","status-publish","has-post-thumbnail","hentry"],"acf":[],"yoast_head":"<!-- This site is optimized with the Yoast SEO plugin v21.3 - https:\/\/yoast.com\/wordpress\/plugins\/seo\/ -->\n<title>Flera eftertraktade YH-utbildningar inom assistans startar till h\u00f6sten - JAG Opinion<\/title>\n<meta name=\"robots\" content=\"index, follow, max-snippet:-1, max-image-preview:large, max-video-preview:-1\" \/>\n<link rel=\"canonical\" href=\"https:\/\/jag.se\/opinion\/pressreleases\/flera-eftertraktade-yh-utbildningar-inom-assistans-startar-till-hosten\/\" \/>\n<meta property=\"og:locale\" content=\"sv_SE\" \/>\n<meta property=\"og:type\" content=\"article\" \/>\n<meta property=\"og:title\" content=\"Flera eftertraktade YH-utbildningar inom assistans startar till h\u00f6sten - JAG Opinion\" \/>\n<meta property=\"og:description\" content=\"Trycket har varit stort p\u00e5 Assistansakademin sedan YH-utbildningen\u00a0f\u00f6r arbetsledare inom personlig assistans sj\u00f6sattes 2021. Med start i augusti 2023 ges en ny omg\u00e5ng av den popul\u00e4ra utbildningen samtidigt som tre helt nya utbildningar lanseras. \u00b7 Arbetsledning inom personlig assistans (60 p) \u00b7 F\u00f6rebyggande st\u00f6d inom personlig assistans (20 p) NY! \u00b7 Kvalificerad omv\u00e5rdnad inom personlig\" \/>\n<meta property=\"og:url\" content=\"https:\/\/jag.se\/opinion\/pressreleases\/flera-eftertraktade-yh-utbildningar-inom-assistans-startar-till-hosten\/\" \/>\n<meta property=\"og:site_name\" content=\"JAG Opinion\" \/>\n<meta property=\"og:image\" content=\"https:\/\/jag.se\/opinion\/wp-content\/uploads\/sites\/3\/2023\/07\/8d96c9e8f698a5a0_org-9.jpg\" \/>\n\t<meta property=\"og:image:width\" content=\"1443\" \/>\n\t<meta property=\"og:image:height\" content=\"825\" \/>\n\t<meta property=\"og:image:type\" content=\"image\/jpeg\" \/>\n<meta name=\"twitter:card\" content=\"summary_large_image\" \/>\n<meta name=\"twitter:label1\" content=\"Ber\u00e4knad l\u00e4stid\" \/>\n\t<meta name=\"twitter:data1\" content=\"2 minuter\" \/>\n<script type=\"application\/ld+json\" class=\"yoast-schema-graph\">{\"@context\":\"https:\/\/schema.org\",\"@graph\":[{\"@type\":\"WebPage\",\"@id\":\"https:\/\/jag.se\/opinion\/pressreleases\/flera-eftertraktade-yh-utbildningar-inom-assistans-startar-till-hosten\/\",\"url\":\"https:\/\/jag.se\/opinion\/pressreleases\/flera-eftertraktade-yh-utbildningar-inom-assistans-startar-till-hosten\/\",\"name\":\"Flera eftertraktade YH-utbildningar inom assistans startar till h\u00f6sten - JAG Opinion\",\"isPartOf\":{\"@id\":\"https:\/\/jag.se\/opinion\/#website\"},\"datePublished\":\"2023-07-06T03:05:00+00:00\",\"dateModified\":\"2023-07-06T03:05:00+00:00\",\"breadcrumb\":{\"@id\":\"https:\/\/jag.se\/opinion\/pressreleases\/flera-eftertraktade-yh-utbildningar-inom-assistans-startar-till-hosten\/#breadcrumb\"},\"inLanguage\":\"sv-SE\",\"potentialAction\":[{\"@type\":\"ReadAction\",\"target\":[\"https:\/\/jag.se\/opinion\/pressreleases\/flera-eftertraktade-yh-utbildningar-inom-assistans-startar-till-hosten\/\"]}]},{\"@type\":\"BreadcrumbList\",\"@id\":\"https:\/\/jag.se\/opinion\/pressreleases\/flera-eftertraktade-yh-utbildningar-inom-assistans-startar-till-hosten\/#breadcrumb\",\"itemListElement\":[{\"@type\":\"ListItem\",\"position\":1,\"name\":\"JAG start\",\"item\":\"https:\/\/jag.se\"},{\"@type\":\"ListItem\",\"position\":2,\"name\":\"Riksf\u00f6reningen JAG\",\"item\":\"https:\/\/jag.se\/opinion\/\"},{\"@type\":\"ListItem\",\"position\":3,\"name\":\"Pressmeddelanden\",\"item\":\"https:\/\/jag.se\/opinion\/pressreleases\/\"},{\"@type\":\"ListItem\",\"position\":4,\"name\":\"Flera eftertraktade YH-utbildningar inom assistans startar till h\u00f6sten\"}]},{\"@type\":\"WebSite\",\"@id\":\"https:\/\/jag.se\/opinion\/#website\",\"url\":\"https:\/\/jag.se\/opinion\/\",\"name\":\"JAG Opinion\",\"description\":\"\",\"potentialAction\":[{\"@type\":\"SearchAction\",\"target\":{\"@type\":\"EntryPoint\",\"urlTemplate\":\"https:\/\/jag.se\/opinion\/?s={search_term_string}\"},\"query-input\":\"required name=search_term_string\"}],\"inLanguage\":\"sv-SE\"}]}<\/script>\n<!-- \/ Yoast SEO plugin. -->","yoast_head_json":{"title":"Flera eftertraktade YH-utbildningar inom assistans startar till h\u00f6sten - JAG Opinion","robots":{"index":"index","follow":"follow","max-snippet":"max-snippet:-1","max-image-preview":"max-image-preview:large","max-video-preview":"max-video-preview:-1"},"canonical":"https:\/\/jag.se\/opinion\/pressreleases\/flera-eftertraktade-yh-utbildningar-inom-assistans-startar-till-hosten\/","og_locale":"sv_SE","og_type":"article","og_title":"Flera eftertraktade YH-utbildningar inom assistans startar till h\u00f6sten - JAG Opinion","og_description":"Trycket har varit stort p\u00e5 Assistansakademin sedan YH-utbildningen\u00a0f\u00f6r arbetsledare inom personlig assistans sj\u00f6sattes 2021. Med start i augusti 2023 ges en ny omg\u00e5ng av den popul\u00e4ra utbildningen samtidigt som tre helt nya utbildningar lanseras. \u00b7 Arbetsledning inom personlig assistans (60 p) \u00b7 F\u00f6rebyggande st\u00f6d inom personlig assistans (20 p) NY! \u00b7 Kvalificerad omv\u00e5rdnad inom personlig","og_url":"https:\/\/jag.se\/opinion\/pressreleases\/flera-eftertraktade-yh-utbildningar-inom-assistans-startar-till-hosten\/","og_site_name":"JAG Opinion","og_image":[{"width":1443,"height":825,"url":"https:\/\/jag.se\/opinion\/wp-content\/uploads\/sites\/3\/2023\/07\/8d96c9e8f698a5a0_org-9.jpg","type":"image\/jpeg"}],"twitter_card":"summary_large_image","twitter_misc":{"Ber\u00e4knad l\u00e4stid":"2 minuter"},"schema":{"@context":"https:\/\/schema.org","@graph":[{"@type":"WebPage","@id":"https:\/\/jag.se\/opinion\/pressreleases\/flera-eftertraktade-yh-utbildningar-inom-assistans-startar-till-hosten\/","url":"https:\/\/jag.se\/opinion\/pressreleases\/flera-eftertraktade-yh-utbildningar-inom-assistans-startar-till-hosten\/","name":"Flera eftertraktade YH-utbildningar inom assistans startar till h\u00f6sten - JAG Opinion","isPartOf":{"@id":"https:\/\/jag.se\/opinion\/#website"},"datePublished":"2023-07-06T03:05:00+00:00","dateModified":"2023-07-06T03:05:00+00:00","breadcrumb":{"@id":"https:\/\/jag.se\/opinion\/pressreleases\/flera-eftertraktade-yh-utbildningar-inom-assistans-startar-till-hosten\/#breadcrumb"},"inLanguage":"sv-SE","potentialAction":[{"@type":"ReadAction","target":["https:\/\/jag.se\/opinion\/pressreleases\/flera-eftertraktade-yh-utbildningar-inom-assistans-startar-till-hosten\/"]}]},{"@type":"BreadcrumbList","@id":"https:\/\/jag.se\/opinion\/pressreleases\/flera-eftertraktade-yh-utbildningar-inom-assistans-startar-till-hosten\/#breadcrumb","itemListElement":[{"@type":"ListItem","position":1,"name":"JAG start","item":"https:\/\/jag.se"},{"@type":"ListItem","position":2,"name":"Riksf\u00f6reningen JAG","item":"https:\/\/jag.se\/opinion\/"},{"@type":"ListItem","position":3,"name":"Pressmeddelanden","item":"https:\/\/jag.se\/opinion\/pressreleases\/"},{"@type":"ListItem","position":4,"name":"Flera eftertraktade YH-utbildningar inom assistans startar till h\u00f6sten"}]},{"@type":"WebSite","@id":"https:\/\/jag.se\/opinion\/#website","url":"https:\/\/jag.se\/opinion\/","name":"JAG Opinion","description":"","potentialAction":[{"@type":"SearchAction","target":{"@type":"EntryPoint","urlTemplate":"https:\/\/jag.se\/opinion\/?s={search_term_string}"},"query-input":"required name=search_term_string"}],"inLanguage":"sv-SE"}]}},"_links":{"self":[{"href":"https:\/\/jag.se\/opinion\/wp-json\/wp\/v2\/pressreleases\/27914","targetHints":{"allow":["GET"]}}],"collection":[{"href":"https:\/\/jag.se\/opinion\/wp-json\/wp\/v2\/pressreleases"}],"about":[{"href":"https:\/\/jag.se\/opinion\/wp-json\/wp\/v2\/types\/pressreleases"}],"wp:featuredmedia":[{"embeddable":true,"href":"https:\/\/jag.se\/opinion\/wp-json\/wp\/v2\/media\/27915"}],"wp:attachment":[{"href":"https:\/\/jag.se\/opinion\/wp-json\/wp\/v2\/media?parent=27914"}],"curies":[{"name":"wp","href":"https:\/\/api.w.org\/{rel}","templated":true}]}}