{"id":27916,"date":"2023-06-19T04:55:00","date_gmt":"2023-06-19T02:55:00","guid":{"rendered":"https:\/\/jag.se\/opinion\/pressreleases\/gatuteater-och-heta-stolen-samtal-med-riksforeningen-jag-under-almedalsveckan-2023\/"},"modified":"2023-06-19T04:55:00","modified_gmt":"2023-06-19T02:55:00","slug":"gatuteater-och-heta-stolen-samtal-med-riksforeningen-jag-under-almedalsveckan-2023","status":"publish","type":"pressreleases","link":"https:\/\/jag.se\/opinion\/pressreleases\/gatuteater-och-heta-stolen-samtal-med-riksforeningen-jag-under-almedalsveckan-2023\/","title":{"rendered":"Gatuteater och Heta stolen-samtal med Riksf\u00f6reningen JAG under Almedalsveckan 2023"},"content":{"rendered":"<p>P\u00e5 programmet st\u00e5r ocks\u00e5 en gatuteater som JAG-medlemmar med st\u00f6d av sina personliga assistenter framf\u00f6r p\u00e5 Donners plats och p\u00e5 stora scenen i Almedalen.\u00a0F\u00f6rest\u00e4llningen som \u00e4r ca 20 minuter l\u00e5ng skildrar kampen f\u00f6r personer med intellektuell funktionsneds\u00e4ttning om att f\u00e5 leva ett liv i frihet som en fullv\u00e4rdig medborgare i samh\u00e4llet. En historisk tillbakablick till 1960-talet, ett nedslag i nutiden och en vision om ett liv i frihet i framtiden.<\/p>\n<p>F\u00f6rest\u00e4llningen spelas varje dag, 27 \u2013 29 juni &amp; 1 juli, kl 11:30 \u2013 12:00 p\u00e5 Donners plats.<\/p>\n<p>OBS! Fredag den 30 juni kl 13:45 \u2013 14:15 spelar vi f\u00f6rest\u00e4llningen p\u00e5 stora scenen i Almedalsparken.<\/p>\n<p>Program 27 juni \u2013 1 juli<\/p>\n<p>Tisdag 27 juni<\/p>\n<p>kl 14:00 \u2013 14:25 Karin Sundin (S) fr\u00e5gas ut i Heta stolen \u2013 Kommer vi ha en kvalitativ och s\u00e4ker assistans \u00e4ven i framtiden?<\/p>\n<p>kl 15:00 \u2013 15:25 Malin Danielsson (L) fr\u00e5gas ut i Heta stolen \u2013 n\u00e4r ska livskvalitet och m\u00e4nniskov\u00e4rde sluta m\u00e4tas i intellektuell kapacitet?<\/p>\n<p>Onsdag 28 juni<\/p>\n<p>kl 14:00 \u2013 14:25 Christofer Bergenblock (C) fr\u00e5gas ut i Heta stolen \u2013 Kan alla medborgare f\u00e5 r\u00e4tt till en meningsfull syssels\u00e4ttning p\u00e5 en riktig arbetsplats?<\/p>\n<p>kl 15:30 \u2013 15:55 Ulrika Westerlund (MP) fr\u00e5gas ut i Heta stolen \u2013 Hur ska jag kunna fatta viktiga beslut i mitt liv utan st\u00f6d av en god man som k\u00e4nner mig v\u00e4l?<\/p>\n<p>Torsdag 29 juni<\/p>\n<p>kl 16:00 \u2013 16:25 Dan Hovsk\u00e4r (KD) fr\u00e5gas ut i Heta stolen \u2013 Hur kommer det sig att 900 barn i Sverige idag v\u00e4xer upp p\u00e5 barnboende?<\/p>\n<p>Fredag 30 juni<\/p>\n<p>kl 15:00 \u2013 15:25 Malin H\u00f6glund (M) fr\u00e5gas ut i Heta Stolen \u2013 Hur ska jag kunna utvecklas p\u00e5 jobbet och i skolan n\u00e4r jag nekas mitt viktigaste hj\u00e4lpmedel?<\/p>\n<p>kl 16:00 \u2013 16:25 Samuel Gonzalez Westling (V) fr\u00e5gas ut i Heta Stolen \u2013 Varf\u00f6r \u00e4r inte samh\u00e4llet tillg\u00e4ngligt f\u00f6r alla, trots sk\u00e4rpt lagstiftning?<\/p>\n<p>V\u00e4lkommen att bes\u00f6ka Riksf\u00f6reningne JAG i v\u00e5rt t\u00e4lt p\u00e5 Cram\u00e9rgatan, plats 315, vid bibliotekts entr\u00e9.<\/p>\n","protected":false},"featured_media":27917,"template":"","class_list":["post-27916","pressreleases","type-pressreleases","status-publish","has-post-thumbnail","hentry"],"acf":[],"yoast_head":"<!-- This site is optimized with the Yoast SEO plugin v21.3 - https:\/\/yoast.com\/wordpress\/plugins\/seo\/ -->\n<title>Gatuteater och Heta stolen-samtal med Riksf\u00f6reningen JAG under Almedalsveckan 2023 - JAG Opinion<\/title>\n<meta name=\"robots\" content=\"index, follow, max-snippet:-1, max-image-preview:large, max-video-preview:-1\" \/>\n<link rel=\"canonical\" href=\"https:\/\/jag.se\/opinion\/pressreleases\/gatuteater-och-heta-stolen-samtal-med-riksforeningen-jag-under-almedalsveckan-2023\/\" \/>\n<meta property=\"og:locale\" content=\"sv_SE\" \/>\n<meta property=\"og:type\" content=\"article\" \/>\n<meta property=\"og:title\" content=\"Gatuteater och Heta stolen-samtal med Riksf\u00f6reningen JAG under Almedalsveckan 2023 - JAG Opinion\" \/>\n<meta property=\"og:description\" content=\"P\u00e5 programmet st\u00e5r ocks\u00e5 en gatuteater som JAG-medlemmar med st\u00f6d av sina personliga assistenter framf\u00f6r p\u00e5 Donners plats och p\u00e5 stora scenen i Almedalen.\u00a0F\u00f6rest\u00e4llningen som \u00e4r ca 20 minuter l\u00e5ng skildrar kampen f\u00f6r personer med intellektuell funktionsneds\u00e4ttning om att f\u00e5 leva ett liv i frihet som en fullv\u00e4rdig medborgare i samh\u00e4llet. En historisk tillbakablick till\" \/>\n<meta property=\"og:url\" content=\"https:\/\/jag.se\/opinion\/pressreleases\/gatuteater-och-heta-stolen-samtal-med-riksforeningen-jag-under-almedalsveckan-2023\/\" \/>\n<meta property=\"og:site_name\" content=\"JAG Opinion\" \/>\n<meta property=\"og:image\" content=\"https:\/\/jag.se\/opinion\/wp-content\/uploads\/sites\/3\/2023\/06\/9e5cbe1bfcec7e7c_org-10.png\" \/>\n\t<meta property=\"og:image:width\" content=\"2048\" \/>\n\t<meta property=\"og:image:height\" content=\"598\" \/>\n\t<meta property=\"og:image:type\" content=\"image\/png\" \/>\n<meta name=\"twitter:card\" content=\"summary_large_image\" \/>\n<meta name=\"twitter:label1\" content=\"Ber\u00e4knad l\u00e4stid\" \/>\n\t<meta name=\"twitter:data1\" content=\"2 minuter\" \/>\n<script type=\"application\/ld+json\" class=\"yoast-schema-graph\">{\"@context\":\"https:\/\/schema.org\",\"@graph\":[{\"@type\":\"WebPage\",\"@id\":\"https:\/\/jag.se\/opinion\/pressreleases\/gatuteater-och-heta-stolen-samtal-med-riksforeningen-jag-under-almedalsveckan-2023\/\",\"url\":\"https:\/\/jag.se\/opinion\/pressreleases\/gatuteater-och-heta-stolen-samtal-med-riksforeningen-jag-under-almedalsveckan-2023\/\",\"name\":\"Gatuteater och Heta stolen-samtal med Riksf\u00f6reningen JAG under Almedalsveckan 2023 - JAG Opinion\",\"isPartOf\":{\"@id\":\"https:\/\/jag.se\/opinion\/#website\"},\"datePublished\":\"2023-06-19T02:55:00+00:00\",\"dateModified\":\"2023-06-19T02:55:00+00:00\",\"breadcrumb\":{\"@id\":\"https:\/\/jag.se\/opinion\/pressreleases\/gatuteater-och-heta-stolen-samtal-med-riksforeningen-jag-under-almedalsveckan-2023\/#breadcrumb\"},\"inLanguage\":\"sv-SE\",\"potentialAction\":[{\"@type\":\"ReadAction\",\"target\":[\"https:\/\/jag.se\/opinion\/pressreleases\/gatuteater-och-heta-stolen-samtal-med-riksforeningen-jag-under-almedalsveckan-2023\/\"]}]},{\"@type\":\"BreadcrumbList\",\"@id\":\"https:\/\/jag.se\/opinion\/pressreleases\/gatuteater-och-heta-stolen-samtal-med-riksforeningen-jag-under-almedalsveckan-2023\/#breadcrumb\",\"itemListElement\":[{\"@type\":\"ListItem\",\"position\":1,\"name\":\"JAG start\",\"item\":\"https:\/\/jag.se\"},{\"@type\":\"ListItem\",\"position\":2,\"name\":\"Riksf\u00f6reningen JAG\",\"item\":\"https:\/\/jag.se\/opinion\/\"},{\"@type\":\"ListItem\",\"position\":3,\"name\":\"Pressmeddelanden\",\"item\":\"https:\/\/jag.se\/opinion\/pressreleases\/\"},{\"@type\":\"ListItem\",\"position\":4,\"name\":\"Gatuteater och Heta stolen-samtal med Riksf\u00f6reningen JAG under Almedalsveckan 2023\"}]},{\"@type\":\"WebSite\",\"@id\":\"https:\/\/jag.se\/opinion\/#website\",\"url\":\"https:\/\/jag.se\/opinion\/\",\"name\":\"JAG Opinion\",\"description\":\"\",\"potentialAction\":[{\"@type\":\"SearchAction\",\"target\":{\"@type\":\"EntryPoint\",\"urlTemplate\":\"https:\/\/jag.se\/opinion\/?s={search_term_string}\"},\"query-input\":\"required name=search_term_string\"}],\"inLanguage\":\"sv-SE\"}]}<\/script>\n<!-- \/ Yoast SEO plugin. -->","yoast_head_json":{"title":"Gatuteater och Heta stolen-samtal med Riksf\u00f6reningen JAG under Almedalsveckan 2023 - JAG Opinion","robots":{"index":"index","follow":"follow","max-snippet":"max-snippet:-1","max-image-preview":"max-image-preview:large","max-video-preview":"max-video-preview:-1"},"canonical":"https:\/\/jag.se\/opinion\/pressreleases\/gatuteater-och-heta-stolen-samtal-med-riksforeningen-jag-under-almedalsveckan-2023\/","og_locale":"sv_SE","og_type":"article","og_title":"Gatuteater och Heta stolen-samtal med Riksf\u00f6reningen JAG under Almedalsveckan 2023 - JAG Opinion","og_description":"P\u00e5 programmet st\u00e5r ocks\u00e5 en gatuteater som JAG-medlemmar med st\u00f6d av sina personliga assistenter framf\u00f6r p\u00e5 Donners plats och p\u00e5 stora scenen i Almedalen.\u00a0F\u00f6rest\u00e4llningen som \u00e4r ca 20 minuter l\u00e5ng skildrar kampen f\u00f6r personer med intellektuell funktionsneds\u00e4ttning om att f\u00e5 leva ett liv i frihet som en fullv\u00e4rdig medborgare i samh\u00e4llet. En historisk tillbakablick till","og_url":"https:\/\/jag.se\/opinion\/pressreleases\/gatuteater-och-heta-stolen-samtal-med-riksforeningen-jag-under-almedalsveckan-2023\/","og_site_name":"JAG Opinion","og_image":[{"width":2048,"height":598,"url":"https:\/\/jag.se\/opinion\/wp-content\/uploads\/sites\/3\/2023\/06\/9e5cbe1bfcec7e7c_org-10.png","type":"image\/png"}],"twitter_card":"summary_large_image","twitter_misc":{"Ber\u00e4knad l\u00e4stid":"2 minuter"},"schema":{"@context":"https:\/\/schema.org","@graph":[{"@type":"WebPage","@id":"https:\/\/jag.se\/opinion\/pressreleases\/gatuteater-och-heta-stolen-samtal-med-riksforeningen-jag-under-almedalsveckan-2023\/","url":"https:\/\/jag.se\/opinion\/pressreleases\/gatuteater-och-heta-stolen-samtal-med-riksforeningen-jag-under-almedalsveckan-2023\/","name":"Gatuteater och Heta stolen-samtal med Riksf\u00f6reningen JAG under Almedalsveckan 2023 - JAG Opinion","isPartOf":{"@id":"https:\/\/jag.se\/opinion\/#website"},"datePublished":"2023-06-19T02:55:00+00:00","dateModified":"2023-06-19T02:55:00+00:00","breadcrumb":{"@id":"https:\/\/jag.se\/opinion\/pressreleases\/gatuteater-och-heta-stolen-samtal-med-riksforeningen-jag-under-almedalsveckan-2023\/#breadcrumb"},"inLanguage":"sv-SE","potentialAction":[{"@type":"ReadAction","target":["https:\/\/jag.se\/opinion\/pressreleases\/gatuteater-och-heta-stolen-samtal-med-riksforeningen-jag-under-almedalsveckan-2023\/"]}]},{"@type":"BreadcrumbList","@id":"https:\/\/jag.se\/opinion\/pressreleases\/gatuteater-och-heta-stolen-samtal-med-riksforeningen-jag-under-almedalsveckan-2023\/#breadcrumb","itemListElement":[{"@type":"ListItem","position":1,"name":"JAG start","item":"https:\/\/jag.se"},{"@type":"ListItem","position":2,"name":"Riksf\u00f6reningen JAG","item":"https:\/\/jag.se\/opinion\/"},{"@type":"ListItem","position":3,"name":"Pressmeddelanden","item":"https:\/\/jag.se\/opinion\/pressreleases\/"},{"@type":"ListItem","position":4,"name":"Gatuteater och Heta stolen-samtal med Riksf\u00f6reningen JAG under Almedalsveckan 2023"}]},{"@type":"WebSite","@id":"https:\/\/jag.se\/opinion\/#website","url":"https:\/\/jag.se\/opinion\/","name":"JAG Opinion","description":"","potentialAction":[{"@type":"SearchAction","target":{"@type":"EntryPoint","urlTemplate":"https:\/\/jag.se\/opinion\/?s={search_term_string}"},"query-input":"required name=search_term_string"}],"inLanguage":"sv-SE"}]}},"_links":{"self":[{"href":"https:\/\/jag.se\/opinion\/wp-json\/wp\/v2\/pressreleases\/27916","targetHints":{"allow":["GET"]}}],"collection":[{"href":"https:\/\/jag.se\/opinion\/wp-json\/wp\/v2\/pressreleases"}],"about":[{"href":"https:\/\/jag.se\/opinion\/wp-json\/wp\/v2\/types\/pressreleases"}],"wp:featuredmedia":[{"embeddable":true,"href":"https:\/\/jag.se\/opinion\/wp-json\/wp\/v2\/media\/27917"}],"wp:attachment":[{"href":"https:\/\/jag.se\/opinion\/wp-json\/wp\/v2\/media?parent=27916"}],"curies":[{"name":"wp","href":"https:\/\/api.w.org\/{rel}","templated":true}]}}