{"id":27920,"date":"2023-05-14T04:55:00","date_gmt":"2023-05-14T02:55:00","guid":{"rendered":"https:\/\/jag.se\/opinion\/pressreleases\/iq-diskriminering-och-manskliga-rattigheter-i-fokus-i-samtal-med-mp\/"},"modified":"2023-05-14T04:55:00","modified_gmt":"2023-05-14T02:55:00","slug":"iq-diskriminering-och-manskliga-rattigheter-i-fokus-i-samtal-med-mp","status":"publish","type":"pressreleases","link":"https:\/\/jag.se\/opinion\/pressreleases\/iq-diskriminering-och-manskliga-rattigheter-i-fokus-i-samtal-med-mp\/","title":{"rendered":"IQ-diskriminering och m\u00e4nskliga r\u00e4ttigheter i fokus i samtal med (MP)"},"content":{"rendered":"<p>Magnus And\u00e9n, ordf\u00f6rande i Riksf\u00f6reningen JAG, med st\u00f6d av god man Cecilia Blanck, Anna S\u00f6derberg, ledamot i styrelsen, med god man \u00c5sa Emtelin och Linda Forzelius, f\u00f6retr\u00e4dare f\u00f6r Richard Kostenius, vice ordf\u00f6rande f\u00f6r Riksf\u00f6reningen JAG, medverkade vid bes\u00f6ket.<\/p>\n<p>Samtalet tog avstamp i n\u00e5gra av JAGs viktiga k\u00e4rnfr\u00e5gor som att<\/p>\n<p>  \u00b7 inte begr\u00e4nsa m\u00f6jligheten f\u00f6r n\u00e4rst\u00e5ende och\/eller assistenter att vara gode m\u00e4n,<br \/>\n  \u00b7 alla barn har r\u00e4tt att v\u00e4xa upp i en familj,<br \/>\n  \u00b7 en h\u00f6jning av schablonen \u00e4r akut f\u00f6r en fortsatt kvalitativ och s\u00e4ker assistans.<\/p>\n<p>Magnus And\u00e9n ber\u00e4ttade inledningsvis, med st\u00f6d av Cecilia Blanck, hur han tillsammans med sina v\u00e4nner i b\u00f6rjan av 1990-talet var med och k\u00e4mpade f\u00f6r assistansreformen. Att det skulle vara personer som inte kan arbetsleda sin assistans sj\u00e4lva som skulle f\u00e5 r\u00e4tt till servicen. Att det inte skulle vara n\u00e5gra begr\u00e4nsningar utifr\u00e5n intellektuell f\u00f6rm\u00e5ga f\u00f6r vilka som skulle f\u00e5 personlig assistans. Och det var ocks\u00e5 s\u00e5 LSS utformades.<\/p>\n<p>\u2013 Det \u00e4r vi med de allra st\u00f6rsta behoven som har st\u00f6rst nytta av ett personligt utformat st\u00f6d, f\u00f6r oss \u00e4r assistansen livsviktig, sa Magnus.<\/p>\n<p>Cecilia Blanck fyllde i att en f\u00f6ruts\u00e4ttning f\u00f6r ett liv i frihet med personlig assistans n\u00e4r en inte har f\u00f6rm\u00e5ga att sj\u00e4lv uttrycka sin vilja och sina behov \u00e4r st\u00f6det av en god man som k\u00e4nner en v\u00e4l.<\/p>\n<p>\u2013 Du m\u00e5ste f\u00e5 v\u00e4lja en god man sj\u00e4lv, som du k\u00e4nner v\u00e4l, som du kan kommunicera med, f\u00f6r att f\u00e5 det st\u00f6d du beh\u00f6ver f\u00f6r ett gott liv, sa Cecilia, och en god man m\u00e5ste kunna f\u00e5 ha flera roller som till exempel assistent och anh\u00f6rig, d\u00e5 \u00e4r det m\u00f6jligt att f\u00e5nga upp detaljer i assistansanv\u00e4ndarens vardag som \u00e4r avg\u00f6rande f\u00f6r livskvaliteten.<\/p>\n<p>\u2013 Jag skulle aldrig kunna f\u00e5 det st\u00f6d jag har idag om jag inte hade en god man som k\u00e4nner mig och f\u00f6rst\u00e5r mig, sa Anna S\u00f6derberg.<\/p>\n<p>Linda Forzelius lyfte att m\u00e4nskliga r\u00e4ttigheter \u00e4r basen i JAGs arbete. Att arbetet med att identifiera och synligg\u00f6ra IQ-diskriminering \u00e4r st\u00e4ndigt p\u00e5g\u00e5ende.<\/p>\n<p>\u2013 Personer med intellektuell funktionsneds\u00e4ttning nekas idag intr\u00e4de till vissa offentliga milj\u00f6er f\u00f6r att en inte skulle ha beh\u00e5llning av sammanhanget. Vari ligger livsv\u00e4rdet? Att kunna f\u00f6ra sin egen talan? sa Linda, och att personer med f\u00f6retr\u00e4dare nekas BankID och d\u00e4r med blir utest\u00e4ngda fr\u00e5n m\u00e5nga av samh\u00e4llets digitala system \u00e4r ocks\u00e5 en helt oacceptabel IQ-diskriminering.<\/p>\n<p>I Sverige idag v\u00e4xer ca 1000 barn upp p\u00e5 institution. Och en \u00f6verv\u00e4gande del av de barnen har en intellektuell funktionsneds\u00e4ttning, m\u00f6jligheten att v\u00e4lja insatsen barnboende m\u00e5ste tas bort ur LSS.<\/p>\n<p>\u2013 Det h\u00e4nder att kommuner inte beviljar assistans och i st\u00e4llet h\u00e4nvisar till barnboenden som insats i LSS, sa Cecilia Blanck, h\u00e4r sker en lagkrock, en insats i LSS som helt strider mot FN:s barnkonvention, implementerad i svensk lagstiftning och s\u00e4ger att inget barn ska tvingas bo p\u00e5 institution.<\/p>\n<p>Cecilia Blanck uttryckte ocks\u00e5 det akuta behovet av en rej\u00e4l uppr\u00e4kning av assistansers\u00e4ttningen. Den \u00e5rliga uppr\u00e4kningen med 1,5% t\u00e4cker endast en tredjedel av l\u00f6ne\u00f6kningarna. Ers\u00e4ttningen r\u00e4cker inte l\u00e4ngre till f\u00f6r viktiga moment som handledning och fortbildning, det som g\u00f6r assistansen kvalitativ och s\u00e4ker p\u00e5 l\u00e5ng sikt.<\/p>\n<p>\u2013 N\u00e4r assistansers\u00e4ttningen inte r\u00e4cker g\u00e5r det inte att s\u00e4ga man har f\u00e5tt sin r\u00e4ttighet tillgodosedd och det g\u00e5r snart inte att f\u00e5 en trygg assistans, sa Cecilia.<\/p>\n<p>\u2013 Jag uppskattade v\u00e5rt samtal mycket, det gav mig ytterligare n\u00e5gra fler perspektiv p\u00e5 personlig assistans och hur behoven ser ut, avslutade Ulrika Westerlund.<\/p>\n","protected":false},"featured_media":27921,"template":"","class_list":["post-27920","pressreleases","type-pressreleases","status-publish","has-post-thumbnail","hentry"],"acf":[],"yoast_head":"<!-- This site is optimized with the Yoast SEO plugin v21.3 - https:\/\/yoast.com\/wordpress\/plugins\/seo\/ -->\n<title>IQ-diskriminering och m\u00e4nskliga r\u00e4ttigheter i fokus i samtal med (MP) - JAG Opinion<\/title>\n<meta name=\"robots\" content=\"index, follow, max-snippet:-1, max-image-preview:large, max-video-preview:-1\" \/>\n<link rel=\"canonical\" href=\"https:\/\/jag.se\/opinion\/pressreleases\/iq-diskriminering-och-manskliga-rattigheter-i-fokus-i-samtal-med-mp\/\" \/>\n<meta property=\"og:locale\" content=\"sv_SE\" \/>\n<meta property=\"og:type\" content=\"article\" \/>\n<meta property=\"og:title\" content=\"IQ-diskriminering och m\u00e4nskliga r\u00e4ttigheter i fokus i samtal med (MP) - JAG Opinion\" \/>\n<meta property=\"og:description\" content=\"Magnus And\u00e9n, ordf\u00f6rande i Riksf\u00f6reningen JAG, med st\u00f6d av god man Cecilia Blanck, Anna S\u00f6derberg, ledamot i styrelsen, med god man \u00c5sa Emtelin och Linda Forzelius, f\u00f6retr\u00e4dare f\u00f6r Richard Kostenius, vice ordf\u00f6rande f\u00f6r Riksf\u00f6reningen JAG, medverkade vid bes\u00f6ket. Samtalet tog avstamp i n\u00e5gra av JAGs viktiga k\u00e4rnfr\u00e5gor som att \u00b7 inte begr\u00e4nsa m\u00f6jligheten f\u00f6r n\u00e4rst\u00e5ende\" \/>\n<meta property=\"og:url\" content=\"https:\/\/jag.se\/opinion\/pressreleases\/iq-diskriminering-och-manskliga-rattigheter-i-fokus-i-samtal-med-mp\/\" \/>\n<meta property=\"og:site_name\" content=\"JAG Opinion\" \/>\n<meta property=\"og:image\" content=\"https:\/\/jag.se\/opinion\/wp-content\/uploads\/sites\/3\/2023\/05\/88e22d665cdfb483_org-9.jpg\" \/>\n\t<meta property=\"og:image:width\" content=\"867\" \/>\n\t<meta property=\"og:image:height\" content=\"756\" \/>\n\t<meta property=\"og:image:type\" content=\"image\/jpeg\" \/>\n<meta name=\"twitter:card\" content=\"summary_large_image\" \/>\n<meta name=\"twitter:label1\" content=\"Ber\u00e4knad l\u00e4stid\" \/>\n\t<meta name=\"twitter:data1\" content=\"3 minuter\" \/>\n<script type=\"application\/ld+json\" class=\"yoast-schema-graph\">{\"@context\":\"https:\/\/schema.org\",\"@graph\":[{\"@type\":\"WebPage\",\"@id\":\"https:\/\/jag.se\/opinion\/pressreleases\/iq-diskriminering-och-manskliga-rattigheter-i-fokus-i-samtal-med-mp\/\",\"url\":\"https:\/\/jag.se\/opinion\/pressreleases\/iq-diskriminering-och-manskliga-rattigheter-i-fokus-i-samtal-med-mp\/\",\"name\":\"IQ-diskriminering och m\u00e4nskliga r\u00e4ttigheter i fokus i samtal med (MP) - JAG Opinion\",\"isPartOf\":{\"@id\":\"https:\/\/jag.se\/opinion\/#website\"},\"datePublished\":\"2023-05-14T02:55:00+00:00\",\"dateModified\":\"2023-05-14T02:55:00+00:00\",\"breadcrumb\":{\"@id\":\"https:\/\/jag.se\/opinion\/pressreleases\/iq-diskriminering-och-manskliga-rattigheter-i-fokus-i-samtal-med-mp\/#breadcrumb\"},\"inLanguage\":\"sv-SE\",\"potentialAction\":[{\"@type\":\"ReadAction\",\"target\":[\"https:\/\/jag.se\/opinion\/pressreleases\/iq-diskriminering-och-manskliga-rattigheter-i-fokus-i-samtal-med-mp\/\"]}]},{\"@type\":\"BreadcrumbList\",\"@id\":\"https:\/\/jag.se\/opinion\/pressreleases\/iq-diskriminering-och-manskliga-rattigheter-i-fokus-i-samtal-med-mp\/#breadcrumb\",\"itemListElement\":[{\"@type\":\"ListItem\",\"position\":1,\"name\":\"JAG start\",\"item\":\"https:\/\/jag.se\"},{\"@type\":\"ListItem\",\"position\":2,\"name\":\"Riksf\u00f6reningen JAG\",\"item\":\"https:\/\/jag.se\/opinion\/\"},{\"@type\":\"ListItem\",\"position\":3,\"name\":\"Pressmeddelanden\",\"item\":\"https:\/\/jag.se\/opinion\/pressreleases\/\"},{\"@type\":\"ListItem\",\"position\":4,\"name\":\"IQ-diskriminering och m\u00e4nskliga r\u00e4ttigheter i fokus i samtal med (MP)\"}]},{\"@type\":\"WebSite\",\"@id\":\"https:\/\/jag.se\/opinion\/#website\",\"url\":\"https:\/\/jag.se\/opinion\/\",\"name\":\"JAG Opinion\",\"description\":\"\",\"potentialAction\":[{\"@type\":\"SearchAction\",\"target\":{\"@type\":\"EntryPoint\",\"urlTemplate\":\"https:\/\/jag.se\/opinion\/?s={search_term_string}\"},\"query-input\":\"required name=search_term_string\"}],\"inLanguage\":\"sv-SE\"}]}<\/script>\n<!-- \/ Yoast SEO plugin. -->","yoast_head_json":{"title":"IQ-diskriminering och m\u00e4nskliga r\u00e4ttigheter i fokus i samtal med (MP) - JAG Opinion","robots":{"index":"index","follow":"follow","max-snippet":"max-snippet:-1","max-image-preview":"max-image-preview:large","max-video-preview":"max-video-preview:-1"},"canonical":"https:\/\/jag.se\/opinion\/pressreleases\/iq-diskriminering-och-manskliga-rattigheter-i-fokus-i-samtal-med-mp\/","og_locale":"sv_SE","og_type":"article","og_title":"IQ-diskriminering och m\u00e4nskliga r\u00e4ttigheter i fokus i samtal med (MP) - JAG Opinion","og_description":"Magnus And\u00e9n, ordf\u00f6rande i Riksf\u00f6reningen JAG, med st\u00f6d av god man Cecilia Blanck, Anna S\u00f6derberg, ledamot i styrelsen, med god man \u00c5sa Emtelin och Linda Forzelius, f\u00f6retr\u00e4dare f\u00f6r Richard Kostenius, vice ordf\u00f6rande f\u00f6r Riksf\u00f6reningen JAG, medverkade vid bes\u00f6ket. Samtalet tog avstamp i n\u00e5gra av JAGs viktiga k\u00e4rnfr\u00e5gor som att \u00b7 inte begr\u00e4nsa m\u00f6jligheten f\u00f6r n\u00e4rst\u00e5ende","og_url":"https:\/\/jag.se\/opinion\/pressreleases\/iq-diskriminering-och-manskliga-rattigheter-i-fokus-i-samtal-med-mp\/","og_site_name":"JAG Opinion","og_image":[{"width":867,"height":756,"url":"https:\/\/jag.se\/opinion\/wp-content\/uploads\/sites\/3\/2023\/05\/88e22d665cdfb483_org-9.jpg","type":"image\/jpeg"}],"twitter_card":"summary_large_image","twitter_misc":{"Ber\u00e4knad l\u00e4stid":"3 minuter"},"schema":{"@context":"https:\/\/schema.org","@graph":[{"@type":"WebPage","@id":"https:\/\/jag.se\/opinion\/pressreleases\/iq-diskriminering-och-manskliga-rattigheter-i-fokus-i-samtal-med-mp\/","url":"https:\/\/jag.se\/opinion\/pressreleases\/iq-diskriminering-och-manskliga-rattigheter-i-fokus-i-samtal-med-mp\/","name":"IQ-diskriminering och m\u00e4nskliga r\u00e4ttigheter i fokus i samtal med (MP) - JAG Opinion","isPartOf":{"@id":"https:\/\/jag.se\/opinion\/#website"},"datePublished":"2023-05-14T02:55:00+00:00","dateModified":"2023-05-14T02:55:00+00:00","breadcrumb":{"@id":"https:\/\/jag.se\/opinion\/pressreleases\/iq-diskriminering-och-manskliga-rattigheter-i-fokus-i-samtal-med-mp\/#breadcrumb"},"inLanguage":"sv-SE","potentialAction":[{"@type":"ReadAction","target":["https:\/\/jag.se\/opinion\/pressreleases\/iq-diskriminering-och-manskliga-rattigheter-i-fokus-i-samtal-med-mp\/"]}]},{"@type":"BreadcrumbList","@id":"https:\/\/jag.se\/opinion\/pressreleases\/iq-diskriminering-och-manskliga-rattigheter-i-fokus-i-samtal-med-mp\/#breadcrumb","itemListElement":[{"@type":"ListItem","position":1,"name":"JAG start","item":"https:\/\/jag.se"},{"@type":"ListItem","position":2,"name":"Riksf\u00f6reningen JAG","item":"https:\/\/jag.se\/opinion\/"},{"@type":"ListItem","position":3,"name":"Pressmeddelanden","item":"https:\/\/jag.se\/opinion\/pressreleases\/"},{"@type":"ListItem","position":4,"name":"IQ-diskriminering och m\u00e4nskliga r\u00e4ttigheter i fokus i samtal med (MP)"}]},{"@type":"WebSite","@id":"https:\/\/jag.se\/opinion\/#website","url":"https:\/\/jag.se\/opinion\/","name":"JAG Opinion","description":"","potentialAction":[{"@type":"SearchAction","target":{"@type":"EntryPoint","urlTemplate":"https:\/\/jag.se\/opinion\/?s={search_term_string}"},"query-input":"required name=search_term_string"}],"inLanguage":"sv-SE"}]}},"_links":{"self":[{"href":"https:\/\/jag.se\/opinion\/wp-json\/wp\/v2\/pressreleases\/27920","targetHints":{"allow":["GET"]}}],"collection":[{"href":"https:\/\/jag.se\/opinion\/wp-json\/wp\/v2\/pressreleases"}],"about":[{"href":"https:\/\/jag.se\/opinion\/wp-json\/wp\/v2\/types\/pressreleases"}],"wp:featuredmedia":[{"embeddable":true,"href":"https:\/\/jag.se\/opinion\/wp-json\/wp\/v2\/media\/27921"}],"wp:attachment":[{"href":"https:\/\/jag.se\/opinion\/wp-json\/wp\/v2\/media?parent=27920"}],"curies":[{"name":"wp","href":"https:\/\/api.w.org\/{rel}","templated":true}]}}